{"id":19447,"date":"2025-04-08T13:21:15","date_gmt":"2025-04-08T11:21:15","guid":{"rendered":"https:\/\/cardonaturisme.cat\/la-fundacio-cardona-historica-impulsa-un-obrador-per-revalortizar-la-sal-com-a-producte-gourmet\/"},"modified":"2025-04-08T14:49:17","modified_gmt":"2025-04-08T12:49:17","slug":"la-fundacio-cardona-historica-impulsa-un-obrador-per-revalortizar-la-sal-com-a-producte-gourmet","status":"publish","type":"post","link":"https:\/\/cardonaturisme.cat\/fr\/la-fundacio-cardona-historica-impulsa-un-obrador-per-revalortizar-la-sal-com-a-producte-gourmet\/","title":{"rendered":"La Fundaci\u00f3 Cardona Hist\u00f2rica impulsa un obrador per revalortizar la sal com a producte gourmet"},"content":{"rendered":"\n<p><strong>Entrar\u00e0 en funcionament al juny gr\u00e0cies a un ajut LEADER<\/strong><\/p>\n\n\n\n<figure class=\"wp-block-image size-large\"><img fetchpriority=\"high\" decoding=\"async\" width=\"1024\" height=\"725\" src=\"https:\/\/cardonaturisme.cat\/wp-content\/uploads\/2025\/04\/obrador_sal-2-1024x725.jpeg\" alt=\"\" class=\"wp-image-19442\" srcset=\"https:\/\/cardonaturisme.cat\/wp-content\/uploads\/2025\/04\/obrador_sal-2-1024x725.jpeg 1024w, https:\/\/cardonaturisme.cat\/wp-content\/uploads\/2025\/04\/obrador_sal-2-300x212.jpeg 300w, https:\/\/cardonaturisme.cat\/wp-content\/uploads\/2025\/04\/obrador_sal-2-768x544.jpeg 768w, https:\/\/cardonaturisme.cat\/wp-content\/uploads\/2025\/04\/obrador_sal-2-1536x1087.jpeg 1536w, https:\/\/cardonaturisme.cat\/wp-content\/uploads\/2025\/04\/obrador_sal-2-2048x1450.jpeg 2048w\" sizes=\"(max-width: 1024px) 100vw, 1024px\" \/><\/figure>\n\n\n\n<p class=\"has-small-font-size\">D&rsquo;esquerra a dreta: Josep Llu\u00eds Alonso (AMISOL), Jordi Vilalta (Leader), Ferran Estruch (Ajuntament de Cardona), David Gaspar (Salinera de Cardona) i Francesc Ponsa (Fundaci\u00f3 Cardona Hist\u00f2rica).<\/p>\n\n\n\n<p>El Parc Cultural de la Muntanya de Sal (PCMS), gestionat per la Fundaci\u00f3 Cardona Hist\u00f2rica (FCH), acollir\u00e0 l\u2019Obrador de la Sal de Cardona, un espai destinat al tamisat, envasat i etiquetatge de la sal amb l\u2019objectiu de revaloritzar-la com a producte gourmet.<\/p>\n\n\n\n<p>L\u2019espai escollit per acollir l\u2019obrador de la sal \u00e9s l\u2019antic magatzem i farmaciola conegut pels miners com el \u201cbotiqu\u00edn\u201d, un edifici en des\u00fas que es rehabilitar\u00e0 i recuperar\u00e0.<\/p>\n\n\n\n<p>L\u2019Obrador formar\u00e0 part de l\u2019experi\u00e8ncia de visita de la Muntanya de Sal i permetr\u00e0 augmentar la producci\u00f3 de molinets de sal. \u201cEl nostre objectiu \u00e9s que el m\u00e0xim de visitants marxi amb un molinet de sal com a record d\u2019una experi\u00e8ncia \u00fanica i, sobretot, per la satisfacci\u00f3 d\u2019adquirir un producte gourmet, pur i amb molta hist\u00f2ria\u201d, explica <strong>Francesc Ponsa<\/strong>, director general de la FCH.<\/p>\n\n\n\n<p><strong>L\u2019or blanc<\/strong><\/p>\n\n\n\n<p>La comercialitzaci\u00f3 de la Sal de Cardona, coneguda hist\u00f2ricament com l\u2019or blanc, enlla\u00e7a amb els or\u00edgens de la poblaci\u00f3 i en l\u2019estrat\u00e8gia de branding tur\u00edstic.<\/p>\n\n\n\n<p>A l\u2019edici\u00f3 de la Festa de la Sal del 2022 la FCH&nbsp; va comen\u00e7ar a comercialitzar la Sal de Cardona, mitjan\u00e7ant la col\u00b7laboraci\u00f3 amb Salinera de Cardona. Des d\u2019aleshores, cada any s\u2019ha evolucionat en la comercialitzaci\u00f3 i la distribuci\u00f3: \u201cDes del Neol\u00edtic, la sal cardonina ha estat font de riquesa. Estirar aquest fil comercial suposa un rencontre amb les arrels hist\u00f2riques de la vila. En aquest sentit, l\u2019objectiu per aquest 2025 \u00e9s arribar a la xifra de 15.000 molinets venuts\u201d, afirma Ponsa.<\/p>\n\n\n\n<p>\u201cJunts, fomentem una col\u00b7laboraci\u00f3 basada en la confian\u00e7a i el respecte, per contribuir al creixement sostenible del nostre entorn\u00a0\u00bb, sost\u00e9 <strong>David Gaspar<\/strong>, director de Salinera de Cardona, empresa que subministra la sal provinent de la mateixa vall salina.<\/p>\n\n\n\n<p>L\u2019Obrador de la Sal de Cardona compta amb un ajut Leader del Departament d&rsquo;Agricultura, Ramaderia, Pesca i Alimentaci\u00f3 de la Generalitat de Catalunya que t\u00e9 per objectiu incentivar actuacions que fomentin el desenvolupament local i impulsin la diversificaci\u00f3 de les economies rurals.<\/p>\n\n\n\n<p>Tamb\u00e9 t\u00e9 un ajut de la Fundaci\u00f3 \u201cLa Caixa\u201d per contribuir al <a href=\"https:\/\/cardonaturisme.cat\/la-muntanya-de-sal-de-cardona-rep-el-suport-de-la-fundacio-la-caixa-a-traves-de-caixabank-per-adquirir-un-tamisador\/\">finan\u00e7ament d\u2019un tamisador vibratori<\/a> per obtenir diferents tipus de sal.<\/p>\n\n\n\n<figure class=\"wp-block-image size-large\"><img decoding=\"async\" width=\"1024\" height=\"751\" src=\"https:\/\/cardonaturisme.cat\/wp-content\/uploads\/2024\/10\/IMG_1217-1-1-1024x751.png\" alt=\"\" class=\"wp-image-17278\" srcset=\"https:\/\/cardonaturisme.cat\/wp-content\/uploads\/2024\/10\/IMG_1217-1-1-1024x751.png 1024w, https:\/\/cardonaturisme.cat\/wp-content\/uploads\/2024\/10\/IMG_1217-1-1-300x220.png 300w, https:\/\/cardonaturisme.cat\/wp-content\/uploads\/2024\/10\/IMG_1217-1-1-768x563.png 768w, https:\/\/cardonaturisme.cat\/wp-content\/uploads\/2024\/10\/IMG_1217-1-1-1536x1127.png 1536w, https:\/\/cardonaturisme.cat\/wp-content\/uploads\/2024\/10\/IMG_1217-1-1-2048x1502.png 2048w\" sizes=\"(max-width: 1024px) 100vw, 1024px\" \/><\/figure>\n\n\n\n<p><strong>Pura, cristal\u00b7lina i amb valor afegit<\/strong><\/p>\n\n\n\n<p>L\u2019origen de la sal de Cardona es deu a l\u2019evaporaci\u00f3 d\u2019un mar interior fa uns 36 milions d\u2019anys. Des de temps immemorials, la sal de Cardona ha gaudit de fama i renom. Ha estat considerada una de les millors sals del m\u00f3n degut a la seva major capacitat saladora i les virtuts medicinals atribu\u00efdes per la saviesa popular.<\/p>\n\n\n\n<p>La sal extreta del jaciment de Cardona est\u00e0 considerada&nbsp; de m\u00e0xima puresa (amb el 99\u201997% de clorur s\u00f2dic). S\u2019obt\u00e9 d\u2019esmicolar la roca extreta del cor del diapir de la vall salina de Cardona. La seva estructura cristal\u00b7lina compacta explica la seva puresa i alta concentraci\u00f3.<\/p>\n\n\n\n<p>A m\u00e9s,&nbsp; t\u00e9 el valor afegit de contribuir al manteniment, conservaci\u00f3 i divulgaci\u00f3 del patrimoni natural, hist\u00f2ric, monumental i industrial de Cardona. La FCH reinverteix els beneficis de la venda de la sal en la conservaci\u00f3 del seu patrimoni i, a m\u00e9s, contribueix a l\u2019adquisici\u00f3 d\u2019h\u00e0bits d\u2019autonomia personal i social de les persones usu\u00e0ries del Servei de Ter\u00e0pia Ocupacional de l\u2019AMISOL, que s\u00f3n els <a href=\"https:\/\/cardonaturisme.cat\/acord-amb-lamisol-per-elaborar-molinets-de-sal-de-cardona\/\">encarregats d&rsquo;etiquetar i envasar la sal<\/a>. <\/p>\n\n\n\n<p><\/p>\n","protected":false},"excerpt":{"rendered":"<p>Entrar\u00e0 en funcionament al juny gr\u00e0cies a un ajut LEADER D&rsquo;esquerra a dreta: Josep Llu\u00eds Alonso (AMISOL), Jordi Vilalta (Leader), Ferran Estruch (Ajuntament de Cardona), David Gaspar (Salinera de Cardona) i Francesc Ponsa (Fundaci\u00f3 Cardona Hist\u00f2rica). El Parc Cultural de la Muntanya de Sal (PCMS), gestionat per la Fundaci\u00f3 Cardona Hist\u00f2rica (FCH), acollir\u00e0 l\u2019Obrador de [&hellip;]<\/p>\n","protected":false},"author":1,"featured_media":19444,"comment_status":"closed","ping_status":"closed","sticky":false,"template":"","format":"standard","meta":{"_acf_changed":false,"footnotes":""},"categories":[235],"tags":[236,237,238],"class_list":["post-19447","post","type-post","status-publish","format-standard","has-post-thumbnail","hentry","category-noticies-fr","tag-obrador-de-la-sal-fr","tag-sal-de-cardona-fr","tag-salinera-de-cardona-fr"],"acf":[],"yoast_head":"<!-- This site is optimized with the Yoast SEO plugin v27.4 - https:\/\/yoast.com\/product\/yoast-seo-wordpress\/ -->\n<title>La Fundaci\u00f3 Cardona Hist\u00f2rica impulsa un obrador per revalortizar la sal com a producte gourmet - Cardona Turisme<\/title>\n<meta name=\"robots\" content=\"index, follow, max-snippet:-1, max-image-preview:large, max-video-preview:-1\" \/>\n<link rel=\"canonical\" href=\"https:\/\/cardonaturisme.cat\/fr\/la-fundacio-cardona-historica-impulsa-un-obrador-per-revalortizar-la-sal-com-a-producte-gourmet\/\" \/>\n<meta property=\"og:locale\" content=\"fr_FR\" \/>\n<meta property=\"og:type\" content=\"article\" \/>\n<meta property=\"og:title\" content=\"La Fundaci\u00f3 Cardona Hist\u00f2rica impulsa un obrador per revalortizar la sal com a producte gourmet - Cardona Turisme\" \/>\n<meta property=\"og:description\" content=\"Entrar\u00e0 en funcionament al juny gr\u00e0cies a un ajut LEADER D&rsquo;esquerra a dreta: Josep Llu\u00eds Alonso (AMISOL), Jordi Vilalta (Leader), Ferran Estruch (Ajuntament de Cardona), David Gaspar (Salinera de Cardona) i Francesc Ponsa (Fundaci\u00f3 Cardona Hist\u00f2rica). El Parc Cultural de la Muntanya de Sal (PCMS), gestionat per la Fundaci\u00f3 Cardona Hist\u00f2rica (FCH), acollir\u00e0 l\u2019Obrador de [&hellip;]\" \/>\n<meta property=\"og:url\" content=\"https:\/\/cardonaturisme.cat\/fr\/la-fundacio-cardona-historica-impulsa-un-obrador-per-revalortizar-la-sal-com-a-producte-gourmet\/\" \/>\n<meta property=\"og:site_name\" content=\"Cardona Turisme\" \/>\n<meta property=\"article:publisher\" content=\"https:\/\/www.facebook.com\/p\/Fundaci-Cardona-Histrica-100063704192069\/\" \/>\n<meta property=\"article:published_time\" content=\"2025-04-08T11:21:15+00:00\" \/>\n<meta property=\"article:modified_time\" content=\"2025-04-08T12:49:17+00:00\" \/>\n<meta property=\"og:image\" content=\"https:\/\/cardonaturisme.cat\/wp-content\/uploads\/2025\/04\/obrador_sal-2-scaled.jpeg\" \/>\n\t<meta property=\"og:image:width\" content=\"2560\" \/>\n\t<meta property=\"og:image:height\" content=\"1812\" \/>\n\t<meta property=\"og:image:type\" content=\"image\/jpeg\" \/>\n<meta name=\"author\" content=\"66b29c1e90\" \/>\n<meta name=\"twitter:card\" content=\"summary_large_image\" \/>\n<meta name=\"twitter:creator\" content=\"@cardonaturisme\" \/>\n<meta name=\"twitter:site\" content=\"@cardonaturisme\" \/>\n<meta name=\"twitter:label1\" content=\"\u00c9crit par\" \/>\n\t<meta name=\"twitter:data1\" content=\"66b29c1e90\" \/>\n\t<meta name=\"twitter:label2\" content=\"Dur\u00e9e de lecture estim\u00e9e\" \/>\n\t<meta name=\"twitter:data2\" content=\"4 minutes\" \/>\n<script type=\"application\/ld+json\" class=\"yoast-schema-graph\">{\"@context\":\"https:\\\/\\\/schema.org\",\"@graph\":[{\"@type\":\"Article\",\"@id\":\"https:\\\/\\\/cardonaturisme.cat\\\/fr\\\/la-fundacio-cardona-historica-impulsa-un-obrador-per-revalortizar-la-sal-com-a-producte-gourmet\\\/#article\",\"isPartOf\":{\"@id\":\"https:\\\/\\\/cardonaturisme.cat\\\/fr\\\/la-fundacio-cardona-historica-impulsa-un-obrador-per-revalortizar-la-sal-com-a-producte-gourmet\\\/\"},\"author\":{\"name\":\"66b29c1e90\",\"@id\":\"https:\\\/\\\/cardonaturisme.cat\\\/fr\\\/#\\\/schema\\\/person\\\/cccbdde5ead58d9c50af1a3e0c8634b3\"},\"headline\":\"La Fundaci\u00f3 Cardona Hist\u00f2rica impulsa un obrador per revalortizar la sal com a producte gourmet\",\"datePublished\":\"2025-04-08T11:21:15+00:00\",\"dateModified\":\"2025-04-08T12:49:17+00:00\",\"mainEntityOfPage\":{\"@id\":\"https:\\\/\\\/cardonaturisme.cat\\\/fr\\\/la-fundacio-cardona-historica-impulsa-un-obrador-per-revalortizar-la-sal-com-a-producte-gourmet\\\/\"},\"wordCount\":641,\"publisher\":{\"@id\":\"https:\\\/\\\/cardonaturisme.cat\\\/fr\\\/#organization\"},\"image\":{\"@id\":\"https:\\\/\\\/cardonaturisme.cat\\\/fr\\\/la-fundacio-cardona-historica-impulsa-un-obrador-per-revalortizar-la-sal-com-a-producte-gourmet\\\/#primaryimage\"},\"thumbnailUrl\":\"https:\\\/\\\/cardonaturisme.cat\\\/wp-content\\\/uploads\\\/2025\\\/04\\\/obrador_sal-2-scaled.jpeg\",\"keywords\":[\"Obrador de la Sal\",\"Sal de Cardona\",\"Salinera de Cardona\"],\"articleSection\":[\"not\u00edcies\"],\"inLanguage\":\"fr-FR\"},{\"@type\":\"WebPage\",\"@id\":\"https:\\\/\\\/cardonaturisme.cat\\\/fr\\\/la-fundacio-cardona-historica-impulsa-un-obrador-per-revalortizar-la-sal-com-a-producte-gourmet\\\/\",\"url\":\"https:\\\/\\\/cardonaturisme.cat\\\/fr\\\/la-fundacio-cardona-historica-impulsa-un-obrador-per-revalortizar-la-sal-com-a-producte-gourmet\\\/\",\"name\":\"La Fundaci\u00f3 Cardona Hist\u00f2rica impulsa un obrador per revalortizar la sal com a producte gourmet - Cardona Turisme\",\"isPartOf\":{\"@id\":\"https:\\\/\\\/cardonaturisme.cat\\\/fr\\\/#website\"},\"primaryImageOfPage\":{\"@id\":\"https:\\\/\\\/cardonaturisme.cat\\\/fr\\\/la-fundacio-cardona-historica-impulsa-un-obrador-per-revalortizar-la-sal-com-a-producte-gourmet\\\/#primaryimage\"},\"image\":{\"@id\":\"https:\\\/\\\/cardonaturisme.cat\\\/fr\\\/la-fundacio-cardona-historica-impulsa-un-obrador-per-revalortizar-la-sal-com-a-producte-gourmet\\\/#primaryimage\"},\"thumbnailUrl\":\"https:\\\/\\\/cardonaturisme.cat\\\/wp-content\\\/uploads\\\/2025\\\/04\\\/obrador_sal-2-scaled.jpeg\",\"datePublished\":\"2025-04-08T11:21:15+00:00\",\"dateModified\":\"2025-04-08T12:49:17+00:00\",\"breadcrumb\":{\"@id\":\"https:\\\/\\\/cardonaturisme.cat\\\/fr\\\/la-fundacio-cardona-historica-impulsa-un-obrador-per-revalortizar-la-sal-com-a-producte-gourmet\\\/#breadcrumb\"},\"inLanguage\":\"fr-FR\",\"potentialAction\":[{\"@type\":\"ReadAction\",\"target\":[\"https:\\\/\\\/cardonaturisme.cat\\\/fr\\\/la-fundacio-cardona-historica-impulsa-un-obrador-per-revalortizar-la-sal-com-a-producte-gourmet\\\/\"]}]},{\"@type\":\"ImageObject\",\"inLanguage\":\"fr-FR\",\"@id\":\"https:\\\/\\\/cardonaturisme.cat\\\/fr\\\/la-fundacio-cardona-historica-impulsa-un-obrador-per-revalortizar-la-sal-com-a-producte-gourmet\\\/#primaryimage\",\"url\":\"https:\\\/\\\/cardonaturisme.cat\\\/wp-content\\\/uploads\\\/2025\\\/04\\\/obrador_sal-2-scaled.jpeg\",\"contentUrl\":\"https:\\\/\\\/cardonaturisme.cat\\\/wp-content\\\/uploads\\\/2025\\\/04\\\/obrador_sal-2-scaled.jpeg\",\"width\":2560,\"height\":1812},{\"@type\":\"BreadcrumbList\",\"@id\":\"https:\\\/\\\/cardonaturisme.cat\\\/fr\\\/la-fundacio-cardona-historica-impulsa-un-obrador-per-revalortizar-la-sal-com-a-producte-gourmet\\\/#breadcrumb\",\"itemListElement\":[{\"@type\":\"ListItem\",\"position\":1,\"name\":\"Inici\",\"item\":\"https:\\\/\\\/cardonaturisme.cat\\\/fr\\\/\"},{\"@type\":\"ListItem\",\"position\":2,\"name\":\"La Fundaci\u00f3 Cardona Hist\u00f2rica impulsa un obrador per revalortizar la sal com a producte gourmet\"}]},{\"@type\":\"WebSite\",\"@id\":\"https:\\\/\\\/cardonaturisme.cat\\\/fr\\\/#website\",\"url\":\"https:\\\/\\\/cardonaturisme.cat\\\/fr\\\/\",\"name\":\"Cardona Turisme\",\"description\":\"La teva hist\u00f2ria\",\"publisher\":{\"@id\":\"https:\\\/\\\/cardonaturisme.cat\\\/fr\\\/#organization\"},\"potentialAction\":[{\"@type\":\"SearchAction\",\"target\":{\"@type\":\"EntryPoint\",\"urlTemplate\":\"https:\\\/\\\/cardonaturisme.cat\\\/fr\\\/?s={search_term_string}\"},\"query-input\":{\"@type\":\"PropertyValueSpecification\",\"valueRequired\":true,\"valueName\":\"search_term_string\"}}],\"inLanguage\":\"fr-FR\"},{\"@type\":\"Organization\",\"@id\":\"https:\\\/\\\/cardonaturisme.cat\\\/fr\\\/#organization\",\"name\":\"Cardona Turisme\",\"url\":\"https:\\\/\\\/cardonaturisme.cat\\\/fr\\\/\",\"logo\":{\"@type\":\"ImageObject\",\"inLanguage\":\"fr-FR\",\"@id\":\"https:\\\/\\\/cardonaturisme.cat\\\/fr\\\/#\\\/schema\\\/logo\\\/image\\\/\",\"url\":\"https:\\\/\\\/cardonaturisme.cat\\\/wp-content\\\/uploads\\\/2023\\\/10\\\/logo-vermell-cardonaturisme.svg\",\"contentUrl\":\"https:\\\/\\\/cardonaturisme.cat\\\/wp-content\\\/uploads\\\/2023\\\/10\\\/logo-vermell-cardonaturisme.svg\",\"caption\":\"Cardona Turisme\"},\"image\":{\"@id\":\"https:\\\/\\\/cardonaturisme.cat\\\/fr\\\/#\\\/schema\\\/logo\\\/image\\\/\"},\"sameAs\":[\"https:\\\/\\\/www.facebook.com\\\/p\\\/Fundaci-Cardona-Histrica-100063704192069\\\/\",\"https:\\\/\\\/x.com\\\/cardonaturisme\"]},{\"@type\":\"Person\",\"@id\":\"https:\\\/\\\/cardonaturisme.cat\\\/fr\\\/#\\\/schema\\\/person\\\/cccbdde5ead58d9c50af1a3e0c8634b3\",\"name\":\"66b29c1e90\",\"image\":{\"@type\":\"ImageObject\",\"inLanguage\":\"fr-FR\",\"@id\":\"https:\\\/\\\/secure.gravatar.com\\\/avatar\\\/490c3f62b8705f2f6aa5373dae5c4613410536eb1a5fde4117b67d013cd4db49?s=96&d=mm&r=g\",\"url\":\"https:\\\/\\\/secure.gravatar.com\\\/avatar\\\/490c3f62b8705f2f6aa5373dae5c4613410536eb1a5fde4117b67d013cd4db49?s=96&d=mm&r=g\",\"contentUrl\":\"https:\\\/\\\/secure.gravatar.com\\\/avatar\\\/490c3f62b8705f2f6aa5373dae5c4613410536eb1a5fde4117b67d013cd4db49?s=96&d=mm&r=g\",\"caption\":\"66b29c1e90\"},\"sameAs\":[\"https:\\\/\\\/cardonaturisme.cat\"],\"url\":\"https:\\\/\\\/cardonaturisme.cat\\\/fr\\\/author\\\/66b29c1e90\\\/\"}]}<\/script>\n<!-- \/ Yoast SEO plugin. -->","yoast_head_json":{"title":"La Fundaci\u00f3 Cardona Hist\u00f2rica impulsa un obrador per revalortizar la sal com a producte gourmet - Cardona Turisme","robots":{"index":"index","follow":"follow","max-snippet":"max-snippet:-1","max-image-preview":"max-image-preview:large","max-video-preview":"max-video-preview:-1"},"canonical":"https:\/\/cardonaturisme.cat\/fr\/la-fundacio-cardona-historica-impulsa-un-obrador-per-revalortizar-la-sal-com-a-producte-gourmet\/","og_locale":"fr_FR","og_type":"article","og_title":"La Fundaci\u00f3 Cardona Hist\u00f2rica impulsa un obrador per revalortizar la sal com a producte gourmet - Cardona Turisme","og_description":"Entrar\u00e0 en funcionament al juny gr\u00e0cies a un ajut LEADER D&rsquo;esquerra a dreta: Josep Llu\u00eds Alonso (AMISOL), Jordi Vilalta (Leader), Ferran Estruch (Ajuntament de Cardona), David Gaspar (Salinera de Cardona) i Francesc Ponsa (Fundaci\u00f3 Cardona Hist\u00f2rica). El Parc Cultural de la Muntanya de Sal (PCMS), gestionat per la Fundaci\u00f3 Cardona Hist\u00f2rica (FCH), acollir\u00e0 l\u2019Obrador de [&hellip;]","og_url":"https:\/\/cardonaturisme.cat\/fr\/la-fundacio-cardona-historica-impulsa-un-obrador-per-revalortizar-la-sal-com-a-producte-gourmet\/","og_site_name":"Cardona Turisme","article_publisher":"https:\/\/www.facebook.com\/p\/Fundaci-Cardona-Histrica-100063704192069\/","article_published_time":"2025-04-08T11:21:15+00:00","article_modified_time":"2025-04-08T12:49:17+00:00","og_image":[{"width":2560,"height":1812,"url":"https:\/\/cardonaturisme.cat\/wp-content\/uploads\/2025\/04\/obrador_sal-2-scaled.jpeg","type":"image\/jpeg"}],"author":"66b29c1e90","twitter_card":"summary_large_image","twitter_creator":"@cardonaturisme","twitter_site":"@cardonaturisme","twitter_misc":{"\u00c9crit par":"66b29c1e90","Dur\u00e9e de lecture estim\u00e9e":"4 minutes"},"schema":{"@context":"https:\/\/schema.org","@graph":[{"@type":"Article","@id":"https:\/\/cardonaturisme.cat\/fr\/la-fundacio-cardona-historica-impulsa-un-obrador-per-revalortizar-la-sal-com-a-producte-gourmet\/#article","isPartOf":{"@id":"https:\/\/cardonaturisme.cat\/fr\/la-fundacio-cardona-historica-impulsa-un-obrador-per-revalortizar-la-sal-com-a-producte-gourmet\/"},"author":{"name":"66b29c1e90","@id":"https:\/\/cardonaturisme.cat\/fr\/#\/schema\/person\/cccbdde5ead58d9c50af1a3e0c8634b3"},"headline":"La Fundaci\u00f3 Cardona Hist\u00f2rica impulsa un obrador per revalortizar la sal com a producte gourmet","datePublished":"2025-04-08T11:21:15+00:00","dateModified":"2025-04-08T12:49:17+00:00","mainEntityOfPage":{"@id":"https:\/\/cardonaturisme.cat\/fr\/la-fundacio-cardona-historica-impulsa-un-obrador-per-revalortizar-la-sal-com-a-producte-gourmet\/"},"wordCount":641,"publisher":{"@id":"https:\/\/cardonaturisme.cat\/fr\/#organization"},"image":{"@id":"https:\/\/cardonaturisme.cat\/fr\/la-fundacio-cardona-historica-impulsa-un-obrador-per-revalortizar-la-sal-com-a-producte-gourmet\/#primaryimage"},"thumbnailUrl":"https:\/\/cardonaturisme.cat\/wp-content\/uploads\/2025\/04\/obrador_sal-2-scaled.jpeg","keywords":["Obrador de la Sal","Sal de Cardona","Salinera de Cardona"],"articleSection":["not\u00edcies"],"inLanguage":"fr-FR"},{"@type":"WebPage","@id":"https:\/\/cardonaturisme.cat\/fr\/la-fundacio-cardona-historica-impulsa-un-obrador-per-revalortizar-la-sal-com-a-producte-gourmet\/","url":"https:\/\/cardonaturisme.cat\/fr\/la-fundacio-cardona-historica-impulsa-un-obrador-per-revalortizar-la-sal-com-a-producte-gourmet\/","name":"La Fundaci\u00f3 Cardona Hist\u00f2rica impulsa un obrador per revalortizar la sal com a producte gourmet - Cardona Turisme","isPartOf":{"@id":"https:\/\/cardonaturisme.cat\/fr\/#website"},"primaryImageOfPage":{"@id":"https:\/\/cardonaturisme.cat\/fr\/la-fundacio-cardona-historica-impulsa-un-obrador-per-revalortizar-la-sal-com-a-producte-gourmet\/#primaryimage"},"image":{"@id":"https:\/\/cardonaturisme.cat\/fr\/la-fundacio-cardona-historica-impulsa-un-obrador-per-revalortizar-la-sal-com-a-producte-gourmet\/#primaryimage"},"thumbnailUrl":"https:\/\/cardonaturisme.cat\/wp-content\/uploads\/2025\/04\/obrador_sal-2-scaled.jpeg","datePublished":"2025-04-08T11:21:15+00:00","dateModified":"2025-04-08T12:49:17+00:00","breadcrumb":{"@id":"https:\/\/cardonaturisme.cat\/fr\/la-fundacio-cardona-historica-impulsa-un-obrador-per-revalortizar-la-sal-com-a-producte-gourmet\/#breadcrumb"},"inLanguage":"fr-FR","potentialAction":[{"@type":"ReadAction","target":["https:\/\/cardonaturisme.cat\/fr\/la-fundacio-cardona-historica-impulsa-un-obrador-per-revalortizar-la-sal-com-a-producte-gourmet\/"]}]},{"@type":"ImageObject","inLanguage":"fr-FR","@id":"https:\/\/cardonaturisme.cat\/fr\/la-fundacio-cardona-historica-impulsa-un-obrador-per-revalortizar-la-sal-com-a-producte-gourmet\/#primaryimage","url":"https:\/\/cardonaturisme.cat\/wp-content\/uploads\/2025\/04\/obrador_sal-2-scaled.jpeg","contentUrl":"https:\/\/cardonaturisme.cat\/wp-content\/uploads\/2025\/04\/obrador_sal-2-scaled.jpeg","width":2560,"height":1812},{"@type":"BreadcrumbList","@id":"https:\/\/cardonaturisme.cat\/fr\/la-fundacio-cardona-historica-impulsa-un-obrador-per-revalortizar-la-sal-com-a-producte-gourmet\/#breadcrumb","itemListElement":[{"@type":"ListItem","position":1,"name":"Inici","item":"https:\/\/cardonaturisme.cat\/fr\/"},{"@type":"ListItem","position":2,"name":"La Fundaci\u00f3 Cardona Hist\u00f2rica impulsa un obrador per revalortizar la sal com a producte gourmet"}]},{"@type":"WebSite","@id":"https:\/\/cardonaturisme.cat\/fr\/#website","url":"https:\/\/cardonaturisme.cat\/fr\/","name":"Cardona Turisme","description":"La teva hist\u00f2ria","publisher":{"@id":"https:\/\/cardonaturisme.cat\/fr\/#organization"},"potentialAction":[{"@type":"SearchAction","target":{"@type":"EntryPoint","urlTemplate":"https:\/\/cardonaturisme.cat\/fr\/?s={search_term_string}"},"query-input":{"@type":"PropertyValueSpecification","valueRequired":true,"valueName":"search_term_string"}}],"inLanguage":"fr-FR"},{"@type":"Organization","@id":"https:\/\/cardonaturisme.cat\/fr\/#organization","name":"Cardona Turisme","url":"https:\/\/cardonaturisme.cat\/fr\/","logo":{"@type":"ImageObject","inLanguage":"fr-FR","@id":"https:\/\/cardonaturisme.cat\/fr\/#\/schema\/logo\/image\/","url":"https:\/\/cardonaturisme.cat\/wp-content\/uploads\/2023\/10\/logo-vermell-cardonaturisme.svg","contentUrl":"https:\/\/cardonaturisme.cat\/wp-content\/uploads\/2023\/10\/logo-vermell-cardonaturisme.svg","caption":"Cardona Turisme"},"image":{"@id":"https:\/\/cardonaturisme.cat\/fr\/#\/schema\/logo\/image\/"},"sameAs":["https:\/\/www.facebook.com\/p\/Fundaci-Cardona-Histrica-100063704192069\/","https:\/\/x.com\/cardonaturisme"]},{"@type":"Person","@id":"https:\/\/cardonaturisme.cat\/fr\/#\/schema\/person\/cccbdde5ead58d9c50af1a3e0c8634b3","name":"66b29c1e90","image":{"@type":"ImageObject","inLanguage":"fr-FR","@id":"https:\/\/secure.gravatar.com\/avatar\/490c3f62b8705f2f6aa5373dae5c4613410536eb1a5fde4117b67d013cd4db49?s=96&d=mm&r=g","url":"https:\/\/secure.gravatar.com\/avatar\/490c3f62b8705f2f6aa5373dae5c4613410536eb1a5fde4117b67d013cd4db49?s=96&d=mm&r=g","contentUrl":"https:\/\/secure.gravatar.com\/avatar\/490c3f62b8705f2f6aa5373dae5c4613410536eb1a5fde4117b67d013cd4db49?s=96&d=mm&r=g","caption":"66b29c1e90"},"sameAs":["https:\/\/cardonaturisme.cat"],"url":"https:\/\/cardonaturisme.cat\/fr\/author\/66b29c1e90\/"}]}},"_links":{"self":[{"href":"https:\/\/cardonaturisme.cat\/fr\/wp-json\/wp\/v2\/posts\/19447","targetHints":{"allow":["GET"]}}],"collection":[{"href":"https:\/\/cardonaturisme.cat\/fr\/wp-json\/wp\/v2\/posts"}],"about":[{"href":"https:\/\/cardonaturisme.cat\/fr\/wp-json\/wp\/v2\/types\/post"}],"author":[{"embeddable":true,"href":"https:\/\/cardonaturisme.cat\/fr\/wp-json\/wp\/v2\/users\/1"}],"replies":[{"embeddable":true,"href":"https:\/\/cardonaturisme.cat\/fr\/wp-json\/wp\/v2\/comments?post=19447"}],"version-history":[{"count":1,"href":"https:\/\/cardonaturisme.cat\/fr\/wp-json\/wp\/v2\/posts\/19447\/revisions"}],"predecessor-version":[{"id":19451,"href":"https:\/\/cardonaturisme.cat\/fr\/wp-json\/wp\/v2\/posts\/19447\/revisions\/19451"}],"wp:featuredmedia":[{"embeddable":true,"href":"https:\/\/cardonaturisme.cat\/fr\/wp-json\/wp\/v2\/media\/19444"}],"wp:attachment":[{"href":"https:\/\/cardonaturisme.cat\/fr\/wp-json\/wp\/v2\/media?parent=19447"}],"wp:term":[{"taxonomy":"category","embeddable":true,"href":"https:\/\/cardonaturisme.cat\/fr\/wp-json\/wp\/v2\/categories?post=19447"},{"taxonomy":"post_tag","embeddable":true,"href":"https:\/\/cardonaturisme.cat\/fr\/wp-json\/wp\/v2\/tags?post=19447"}],"curies":[{"name":"wp","href":"https:\/\/api.w.org\/{rel}","templated":true}]}}