{"id":22141,"date":"2026-04-14T11:13:36","date_gmt":"2026-04-14T09:13:36","guid":{"rendered":"https:\/\/cardonaturisme.cat\/?p=22141"},"modified":"2026-04-14T11:16:28","modified_gmt":"2026-04-14T09:16:28","slug":"expertos-analizan-el-potencial-turistico-de-los-caminos-de-la-sal","status":"publish","type":"post","link":"https:\/\/cardonaturisme.cat\/es\/expertos-analizan-el-potencial-turistico-de-los-caminos-de-la-sal\/","title":{"rendered":"Expertos analizan el potencial tur\u00edstico de los caminos de la sal"},"content":{"rendered":"\n<p class=\"has-medium-font-size\"><strong>Pin\u00f3s acoger\u00e1 el pr\u00f3ximo 8 de mayo una jornada t\u00e9cnica centrada en los caminos de la sal y el turismo sostenible, con el objetivo de explorar nuevas oportunidades de desarrollo territorial a partir del patrimonio natural, geol\u00f3gico y cultural.<\/strong><\/p>\n\n\n\n<p>El encuentro reunir\u00e1 a especialistas y profesionales del sector que compartir\u00e1n experiencias y proyectos vinculados a la recuperaci\u00f3n de paisajes salinos y a la promoci\u00f3n tur\u00edstica responsable. La sesi\u00f3n arrancar\u00e1 con una ponencia de la arquitecta y doctora en Urbanismo, Andri Tsiouti, que abordar\u00e1 iniciativas de valorizaci\u00f3n de estos entornos m\u00e1s all\u00e1 de su uso tradicional.<\/p>\n\n\n\n<p>El programa incluye dos mesas redondas referentes a sectores tur\u00edsticos emergentes. Por un lado, el cicloturismo, con casos pr\u00e1cticos y estrategias de promoci\u00f3n del territorio con la participaci\u00f3n de S\u00edlvia Rovira Planas, de Rutes S\u00edlvia Rovira; Esther Santaul\u00e0ria Capdevila, t\u00e9cnica de turismo del Consell Comarcal del Solson\u00e8s; y Quim Vizca\u00edno Font, t\u00e9cnico de la Oficina de Marketing Tur\u00edstico de la Diputaci\u00f3n de Barcelona.<\/p>\n\n\n\n<p>Por otro lado, la jornada abordar\u00e1 el turismo cient\u00edfico, con propuestas vinculadas a la geolog\u00eda, la astronom\u00eda y la educaci\u00f3n ambiental como herramientas para atraer nuevos p\u00fablicos de la mano de Ferran Climent Costa, director cient\u00edfico del Geoparque de la Catalu\u00f1a Central; Jordi Fraxanet Nadal, de AstroSolson\u00e8s; y Montse Rodr\u00edguez Vil\u00e0, de Mont, Conservaci\u00f3n y Educaci\u00f3n Ambiental.<\/p>\n\n\n\n<figure class=\"wp-block-image size-large\"><img fetchpriority=\"high\" decoding=\"async\" width=\"1024\" height=\"681\" src=\"https:\/\/cardonaturisme.cat\/wp-content\/uploads\/2026\/04\/ruta-de-la-sal-btt-fortuny-013-1024x681.jpg\" alt=\"\" class=\"wp-image-22134\" srcset=\"https:\/\/cardonaturisme.cat\/wp-content\/uploads\/2026\/04\/ruta-de-la-sal-btt-fortuny-013-1024x681.jpg 1024w, https:\/\/cardonaturisme.cat\/wp-content\/uploads\/2026\/04\/ruta-de-la-sal-btt-fortuny-013-300x200.jpg 300w, https:\/\/cardonaturisme.cat\/wp-content\/uploads\/2026\/04\/ruta-de-la-sal-btt-fortuny-013-768x511.jpg 768w, https:\/\/cardonaturisme.cat\/wp-content\/uploads\/2026\/04\/ruta-de-la-sal-btt-fortuny-013-1536x1022.jpg 1536w, https:\/\/cardonaturisme.cat\/wp-content\/uploads\/2026\/04\/ruta-de-la-sal-btt-fortuny-013-2048x1363.jpg 2048w\" sizes=\"(max-width: 1024px) 100vw, 1024px\" \/><\/figure>\n\n\n\n<p><strong>La dinamizaci\u00f3n de caminos<\/strong><\/p>\n\n\n\n<p>La jornada tambi\u00e9n servir\u00e1 para conocer la experiencia de la Mesa de Caminos del Alt Pirineu y Aran, considerada un modelo de referencia en la gesti\u00f3n y dinamizaci\u00f3n de caminos.<\/p>\n\n\n\n<p>La directora del Instituto para el Desarrollo y la Promoci\u00f3n del Alt Pirineu y Aran (IDAPA), Am\u00e0lia Sanz Bonet, y Agust\u00ed Andr\u00e9s Teixid\u00f3, t\u00e9cnico de la Direcci\u00f3n General de Pol\u00edticas de Monta\u00f1a, explicar\u00e1n la iniciativa de \u00e9xito de la Mesa de Caminos del Alt Pirineu y Aran, que agrupa agentes p\u00fablicos y privados para promover la conservaci\u00f3n, gesti\u00f3n y promoci\u00f3n de la red de caminos como infraestructura clave, identitaria y de turismo activo.<\/p>\n\n\n\n<p>Jordi Vilalta Mora, gerente del Consorcio Leader de la Catalu\u00f1a Central; y Raquel S\u00e1nchez Varela, directora de los Servicios Territoriales del Departamento de Agricultura, Ganader\u00eda, Pesca y Alimentaci\u00f3n en la Catalu\u00f1a Central; ser\u00e1n los encargados de clausurar la jornada.<\/p>\n\n\n\n<figure class=\"wp-block-image size-large\"><img decoding=\"async\" width=\"1024\" height=\"683\" src=\"https:\/\/cardonaturisme.cat\/wp-content\/uploads\/2026\/04\/DSC7670_BA-1-1024x683.jpg\" alt=\"\" class=\"wp-image-21963\" srcset=\"https:\/\/cardonaturisme.cat\/wp-content\/uploads\/2026\/04\/DSC7670_BA-1-1024x683.jpg 1024w, https:\/\/cardonaturisme.cat\/wp-content\/uploads\/2026\/04\/DSC7670_BA-1-300x200.jpg 300w, https:\/\/cardonaturisme.cat\/wp-content\/uploads\/2026\/04\/DSC7670_BA-1-768x512.jpg 768w, https:\/\/cardonaturisme.cat\/wp-content\/uploads\/2026\/04\/DSC7670_BA-1-1536x1025.jpg 1536w, https:\/\/cardonaturisme.cat\/wp-content\/uploads\/2026\/04\/DSC7670_BA-1-2048x1366.jpg 2048w\" sizes=\"(max-width: 1024px) 100vw, 1024px\" \/><\/figure>\n\n\n\n<p><strong>\u201cEl oro blanco\u201d<\/strong><\/p>\n\n\n\n<p>Esta jornada se enmarca en el proyecto \u201cEl oro blanco: dinamizaci\u00f3n econ\u00f3mica en torno a la producci\u00f3n de la sal y sus rutas de comercializaci\u00f3n\u201d en el marco del Plan Estrat\u00e9gico Nacional de la Pol\u00edtica Agraria Com\u00fan (PEPAC), impulsado por el Consorcio para el Desarrollo de la Catalu\u00f1a Central y la Fundaci\u00f3n Cardona Hist\u00f3rica.<\/p>\n\n\n\n<p>El objetivo es dinamizar el territorio a partir de las antiguas rutas de comercializaci\u00f3n de la sal de Cardona, conocidas como los caminos de la sal o cardoners, una potente red comercial que abastec\u00eda a todos los condados catalanes.<\/p>\n\n\n\n<p>Estos ten\u00edan cinco ramales principales: el de Barcelona (pasando por S\u00faria, Manresa y Sabadell), el de Cervera (pasando por Calaf), el de Guardiola del Bergued\u00e0 (pasando por Serrateix, Gargall\u00e0, Avi\u00e0 y Berga), el de Solsona (pasando por Riner) y el de La Cerdanya (que pasaba por Sant Lloren\u00e7 de Morunys).<\/p>\n\n\n\n<p><strong>La jornada es gratuita, pero requiere inscripci\u00f3n previa <a href=\"https:\/\/forms.gle\/4Hixdg313o6Q7QeX8\">aqu\u00ed<\/a>.<\/strong><\/p>\n\n\n\n<p><strong>Consulta la programaci\u00f3n:<\/strong><\/p>\n\n\n\n<div data-wp-interactive=\"core\/file\" class=\"wp-block-file\"><object data-wp-bind--hidden=\"!state.hasPdfPreview\" hidden class=\"wp-block-file__embed\" data=\"https:\/\/cardonaturisme.cat\/wp-content\/uploads\/2026\/04\/Camins-de-la-sal-i-turisme-sostenible-a-Pinos-08-05-2026.pdf\" type=\"application\/pdf\" style=\"width:100%;height:200px\" aria-label=\"Incrustado de Camins de la sal i turisme sostenible a Pin\u00f3s.\"><\/object><a id=\"wp-block-file--media-024d926f-fdfb-4437-b796-9392a2704f38\" href=\"https:\/\/cardonaturisme.cat\/wp-content\/uploads\/2026\/04\/Camins-de-la-sal-i-turisme-sostenible-a-Pinos-08-05-2026.pdf\">Camins de la sal i turisme sostenible a Pin\u00f3s<\/a><\/div>\n\n\n\n<p><\/p>\n","protected":false},"excerpt":{"rendered":"<p>Pin\u00f3s acoger\u00e1 el pr\u00f3ximo 8 de mayo una jornada t\u00e9cnica centrada en los caminos de la sal y el turismo sostenible, con el objetivo de explorar nuevas oportunidades de desarrollo territorial a partir del patrimonio natural, geol\u00f3gico y cultural. El encuentro reunir\u00e1 a especialistas y profesionales del sector que compartir\u00e1n experiencias y proyectos vinculados a [&hellip;]<\/p>\n","protected":false},"author":100002,"featured_media":22134,"comment_status":"closed","ping_status":"closed","sticky":false,"template":"","format":"standard","meta":{"_acf_changed":false,"footnotes":""},"categories":[143],"tags":[267],"class_list":["post-22141","post","type-post","status-publish","format-standard","has-post-thumbnail","hentry","category-noticias","tag-sal-de-cardona"],"acf":[],"yoast_head":"<!-- This site is optimized with the Yoast SEO plugin v27.4 - https:\/\/yoast.com\/product\/yoast-seo-wordpress\/ -->\n<title>Expertos analizan el potencial tur\u00edstico de los caminos de la sal - Cardona Turisme<\/title>\n<meta name=\"description\" content=\"Pin\u00f3s acoger\u00e1 el pr\u00f3ximo 8 de mayo una jornada t\u00e9cnica centrada en los caminos de la sal y el turismo sostenible, con el objetivo de explorar nuevas oportunidades de desarrollo territorial a partir del patrimonio natural, geol\u00f3gico y cultural.\" \/>\n<meta name=\"robots\" content=\"index, follow, max-snippet:-1, max-image-preview:large, max-video-preview:-1\" \/>\n<link rel=\"canonical\" href=\"https:\/\/cardonaturisme.cat\/es\/expertos-analizan-el-potencial-turistico-de-los-caminos-de-la-sal\/\" \/>\n<meta property=\"og:locale\" content=\"es_ES\" \/>\n<meta property=\"og:type\" content=\"article\" \/>\n<meta property=\"og:title\" content=\"Expertos analizan el potencial tur\u00edstico de los caminos de la sal - Cardona Turisme\" \/>\n<meta property=\"og:description\" content=\"Pin\u00f3s acoger\u00e1 el pr\u00f3ximo 8 de mayo una jornada t\u00e9cnica centrada en los caminos de la sal y el turismo sostenible, con el objetivo de explorar nuevas oportunidades de desarrollo territorial a partir del patrimonio natural, geol\u00f3gico y cultural.\" \/>\n<meta property=\"og:url\" content=\"https:\/\/cardonaturisme.cat\/es\/expertos-analizan-el-potencial-turistico-de-los-caminos-de-la-sal\/\" \/>\n<meta property=\"og:site_name\" content=\"Cardona Turisme\" \/>\n<meta property=\"article:publisher\" content=\"https:\/\/www.facebook.com\/p\/Fundaci-Cardona-Histrica-100063704192069\/\" \/>\n<meta property=\"article:published_time\" content=\"2026-04-14T09:13:36+00:00\" \/>\n<meta property=\"article:modified_time\" content=\"2026-04-14T09:16:28+00:00\" \/>\n<meta property=\"og:image\" content=\"https:\/\/cardonaturisme.cat\/wp-content\/uploads\/2026\/04\/ruta-de-la-sal-btt-fortuny-013-scaled.jpg\" \/>\n\t<meta property=\"og:image:width\" content=\"2560\" \/>\n\t<meta property=\"og:image:height\" content=\"1703\" \/>\n\t<meta property=\"og:image:type\" content=\"image\/jpeg\" \/>\n<meta name=\"author\" content=\"Oficina de Turisme\" \/>\n<meta name=\"twitter:card\" content=\"summary_large_image\" \/>\n<meta name=\"twitter:creator\" content=\"@cardonaturisme\" \/>\n<meta name=\"twitter:site\" content=\"@cardonaturisme\" \/>\n<meta name=\"twitter:label1\" content=\"Escrito por\" \/>\n\t<meta name=\"twitter:data1\" content=\"Oficina de Turisme\" \/>\n\t<meta name=\"twitter:label2\" content=\"Tiempo de lectura\" \/>\n\t<meta name=\"twitter:data2\" content=\"4 minutos\" \/>\n<script type=\"application\/ld+json\" class=\"yoast-schema-graph\">{\"@context\":\"https:\\\/\\\/schema.org\",\"@graph\":[{\"@type\":\"Article\",\"@id\":\"https:\\\/\\\/cardonaturisme.cat\\\/es\\\/expertos-analizan-el-potencial-turistico-de-los-caminos-de-la-sal\\\/#article\",\"isPartOf\":{\"@id\":\"https:\\\/\\\/cardonaturisme.cat\\\/es\\\/expertos-analizan-el-potencial-turistico-de-los-caminos-de-la-sal\\\/\"},\"author\":{\"name\":\"Oficina de Turisme\",\"@id\":\"https:\\\/\\\/cardonaturisme.cat\\\/es\\\/#\\\/schema\\\/person\\\/a4ad9240e9eb6be86bca75b9b22d5dbe\"},\"headline\":\"Expertos analizan el potencial tur\u00edstico de los caminos de la sal\",\"datePublished\":\"2026-04-14T09:13:36+00:00\",\"dateModified\":\"2026-04-14T09:16:28+00:00\",\"mainEntityOfPage\":{\"@id\":\"https:\\\/\\\/cardonaturisme.cat\\\/es\\\/expertos-analizan-el-potencial-turistico-de-los-caminos-de-la-sal\\\/\"},\"wordCount\":613,\"publisher\":{\"@id\":\"https:\\\/\\\/cardonaturisme.cat\\\/es\\\/#organization\"},\"image\":{\"@id\":\"https:\\\/\\\/cardonaturisme.cat\\\/es\\\/expertos-analizan-el-potencial-turistico-de-los-caminos-de-la-sal\\\/#primaryimage\"},\"thumbnailUrl\":\"https:\\\/\\\/cardonaturisme.cat\\\/wp-content\\\/uploads\\\/2026\\\/04\\\/ruta-de-la-sal-btt-fortuny-013-scaled.jpg\",\"keywords\":[\"Sal de Cardona\"],\"articleSection\":[\"noticias\"],\"inLanguage\":\"es\"},{\"@type\":\"WebPage\",\"@id\":\"https:\\\/\\\/cardonaturisme.cat\\\/es\\\/expertos-analizan-el-potencial-turistico-de-los-caminos-de-la-sal\\\/\",\"url\":\"https:\\\/\\\/cardonaturisme.cat\\\/es\\\/expertos-analizan-el-potencial-turistico-de-los-caminos-de-la-sal\\\/\",\"name\":\"Expertos analizan el potencial tur\u00edstico de los caminos de la sal - Cardona Turisme\",\"isPartOf\":{\"@id\":\"https:\\\/\\\/cardonaturisme.cat\\\/es\\\/#website\"},\"primaryImageOfPage\":{\"@id\":\"https:\\\/\\\/cardonaturisme.cat\\\/es\\\/expertos-analizan-el-potencial-turistico-de-los-caminos-de-la-sal\\\/#primaryimage\"},\"image\":{\"@id\":\"https:\\\/\\\/cardonaturisme.cat\\\/es\\\/expertos-analizan-el-potencial-turistico-de-los-caminos-de-la-sal\\\/#primaryimage\"},\"thumbnailUrl\":\"https:\\\/\\\/cardonaturisme.cat\\\/wp-content\\\/uploads\\\/2026\\\/04\\\/ruta-de-la-sal-btt-fortuny-013-scaled.jpg\",\"datePublished\":\"2026-04-14T09:13:36+00:00\",\"dateModified\":\"2026-04-14T09:16:28+00:00\",\"description\":\"Pin\u00f3s acoger\u00e1 el pr\u00f3ximo 8 de mayo una jornada t\u00e9cnica centrada en los caminos de la sal y el turismo sostenible, con el objetivo de explorar nuevas oportunidades de desarrollo territorial a partir del patrimonio natural, geol\u00f3gico y cultural.\",\"breadcrumb\":{\"@id\":\"https:\\\/\\\/cardonaturisme.cat\\\/es\\\/expertos-analizan-el-potencial-turistico-de-los-caminos-de-la-sal\\\/#breadcrumb\"},\"inLanguage\":\"es\",\"potentialAction\":[{\"@type\":\"ReadAction\",\"target\":[\"https:\\\/\\\/cardonaturisme.cat\\\/es\\\/expertos-analizan-el-potencial-turistico-de-los-caminos-de-la-sal\\\/\"]}]},{\"@type\":\"ImageObject\",\"inLanguage\":\"es\",\"@id\":\"https:\\\/\\\/cardonaturisme.cat\\\/es\\\/expertos-analizan-el-potencial-turistico-de-los-caminos-de-la-sal\\\/#primaryimage\",\"url\":\"https:\\\/\\\/cardonaturisme.cat\\\/wp-content\\\/uploads\\\/2026\\\/04\\\/ruta-de-la-sal-btt-fortuny-013-scaled.jpg\",\"contentUrl\":\"https:\\\/\\\/cardonaturisme.cat\\\/wp-content\\\/uploads\\\/2026\\\/04\\\/ruta-de-la-sal-btt-fortuny-013-scaled.jpg\",\"width\":2560,\"height\":1703},{\"@type\":\"BreadcrumbList\",\"@id\":\"https:\\\/\\\/cardonaturisme.cat\\\/es\\\/expertos-analizan-el-potencial-turistico-de-los-caminos-de-la-sal\\\/#breadcrumb\",\"itemListElement\":[{\"@type\":\"ListItem\",\"position\":1,\"name\":\"Inici\",\"item\":\"https:\\\/\\\/cardonaturisme.cat\\\/es\\\/\"},{\"@type\":\"ListItem\",\"position\":2,\"name\":\"Expertos analizan el potencial tur\u00edstico de los caminos de la sal\"}]},{\"@type\":\"WebSite\",\"@id\":\"https:\\\/\\\/cardonaturisme.cat\\\/es\\\/#website\",\"url\":\"https:\\\/\\\/cardonaturisme.cat\\\/es\\\/\",\"name\":\"Cardona Turisme\",\"description\":\"La teva hist\u00f2ria\",\"publisher\":{\"@id\":\"https:\\\/\\\/cardonaturisme.cat\\\/es\\\/#organization\"},\"potentialAction\":[{\"@type\":\"SearchAction\",\"target\":{\"@type\":\"EntryPoint\",\"urlTemplate\":\"https:\\\/\\\/cardonaturisme.cat\\\/es\\\/?s={search_term_string}\"},\"query-input\":{\"@type\":\"PropertyValueSpecification\",\"valueRequired\":true,\"valueName\":\"search_term_string\"}}],\"inLanguage\":\"es\"},{\"@type\":\"Organization\",\"@id\":\"https:\\\/\\\/cardonaturisme.cat\\\/es\\\/#organization\",\"name\":\"Cardona Turisme\",\"url\":\"https:\\\/\\\/cardonaturisme.cat\\\/es\\\/\",\"logo\":{\"@type\":\"ImageObject\",\"inLanguage\":\"es\",\"@id\":\"https:\\\/\\\/cardonaturisme.cat\\\/es\\\/#\\\/schema\\\/logo\\\/image\\\/\",\"url\":\"https:\\\/\\\/cardonaturisme.cat\\\/wp-content\\\/uploads\\\/2023\\\/10\\\/logo-vermell-cardonaturisme.svg\",\"contentUrl\":\"https:\\\/\\\/cardonaturisme.cat\\\/wp-content\\\/uploads\\\/2023\\\/10\\\/logo-vermell-cardonaturisme.svg\",\"caption\":\"Cardona Turisme\"},\"image\":{\"@id\":\"https:\\\/\\\/cardonaturisme.cat\\\/es\\\/#\\\/schema\\\/logo\\\/image\\\/\"},\"sameAs\":[\"https:\\\/\\\/www.facebook.com\\\/p\\\/Fundaci-Cardona-Histrica-100063704192069\\\/\",\"https:\\\/\\\/x.com\\\/cardonaturisme\"]},{\"@type\":\"Person\",\"@id\":\"https:\\\/\\\/cardonaturisme.cat\\\/es\\\/#\\\/schema\\\/person\\\/a4ad9240e9eb6be86bca75b9b22d5dbe\",\"name\":\"Oficina de Turisme\",\"image\":{\"@type\":\"ImageObject\",\"inLanguage\":\"es\",\"@id\":\"https:\\\/\\\/secure.gravatar.com\\\/avatar\\\/44f4b38da71b7993f226c2e17c804b05b1a571c9a4a027ad8abbe755ff8eba78?s=96&d=mm&r=g\",\"url\":\"https:\\\/\\\/secure.gravatar.com\\\/avatar\\\/44f4b38da71b7993f226c2e17c804b05b1a571c9a4a027ad8abbe755ff8eba78?s=96&d=mm&r=g\",\"contentUrl\":\"https:\\\/\\\/secure.gravatar.com\\\/avatar\\\/44f4b38da71b7993f226c2e17c804b05b1a571c9a4a027ad8abbe755ff8eba78?s=96&d=mm&r=g\",\"caption\":\"Oficina de Turisme\"},\"url\":\"https:\\\/\\\/cardonaturisme.cat\\\/es\\\/author\\\/admin-ot\\\/\"}]}<\/script>\n<!-- \/ Yoast SEO plugin. -->","yoast_head_json":{"title":"Expertos analizan el potencial tur\u00edstico de los caminos de la sal - Cardona Turisme","description":"Pin\u00f3s acoger\u00e1 el pr\u00f3ximo 8 de mayo una jornada t\u00e9cnica centrada en los caminos de la sal y el turismo sostenible, con el objetivo de explorar nuevas oportunidades de desarrollo territorial a partir del patrimonio natural, geol\u00f3gico y cultural.","robots":{"index":"index","follow":"follow","max-snippet":"max-snippet:-1","max-image-preview":"max-image-preview:large","max-video-preview":"max-video-preview:-1"},"canonical":"https:\/\/cardonaturisme.cat\/es\/expertos-analizan-el-potencial-turistico-de-los-caminos-de-la-sal\/","og_locale":"es_ES","og_type":"article","og_title":"Expertos analizan el potencial tur\u00edstico de los caminos de la sal - Cardona Turisme","og_description":"Pin\u00f3s acoger\u00e1 el pr\u00f3ximo 8 de mayo una jornada t\u00e9cnica centrada en los caminos de la sal y el turismo sostenible, con el objetivo de explorar nuevas oportunidades de desarrollo territorial a partir del patrimonio natural, geol\u00f3gico y cultural.","og_url":"https:\/\/cardonaturisme.cat\/es\/expertos-analizan-el-potencial-turistico-de-los-caminos-de-la-sal\/","og_site_name":"Cardona Turisme","article_publisher":"https:\/\/www.facebook.com\/p\/Fundaci-Cardona-Histrica-100063704192069\/","article_published_time":"2026-04-14T09:13:36+00:00","article_modified_time":"2026-04-14T09:16:28+00:00","og_image":[{"width":2560,"height":1703,"url":"https:\/\/cardonaturisme.cat\/wp-content\/uploads\/2026\/04\/ruta-de-la-sal-btt-fortuny-013-scaled.jpg","type":"image\/jpeg"}],"author":"Oficina de Turisme","twitter_card":"summary_large_image","twitter_creator":"@cardonaturisme","twitter_site":"@cardonaturisme","twitter_misc":{"Escrito por":"Oficina de Turisme","Tiempo de lectura":"4 minutos"},"schema":{"@context":"https:\/\/schema.org","@graph":[{"@type":"Article","@id":"https:\/\/cardonaturisme.cat\/es\/expertos-analizan-el-potencial-turistico-de-los-caminos-de-la-sal\/#article","isPartOf":{"@id":"https:\/\/cardonaturisme.cat\/es\/expertos-analizan-el-potencial-turistico-de-los-caminos-de-la-sal\/"},"author":{"name":"Oficina de Turisme","@id":"https:\/\/cardonaturisme.cat\/es\/#\/schema\/person\/a4ad9240e9eb6be86bca75b9b22d5dbe"},"headline":"Expertos analizan el potencial tur\u00edstico de los caminos de la sal","datePublished":"2026-04-14T09:13:36+00:00","dateModified":"2026-04-14T09:16:28+00:00","mainEntityOfPage":{"@id":"https:\/\/cardonaturisme.cat\/es\/expertos-analizan-el-potencial-turistico-de-los-caminos-de-la-sal\/"},"wordCount":613,"publisher":{"@id":"https:\/\/cardonaturisme.cat\/es\/#organization"},"image":{"@id":"https:\/\/cardonaturisme.cat\/es\/expertos-analizan-el-potencial-turistico-de-los-caminos-de-la-sal\/#primaryimage"},"thumbnailUrl":"https:\/\/cardonaturisme.cat\/wp-content\/uploads\/2026\/04\/ruta-de-la-sal-btt-fortuny-013-scaled.jpg","keywords":["Sal de Cardona"],"articleSection":["noticias"],"inLanguage":"es"},{"@type":"WebPage","@id":"https:\/\/cardonaturisme.cat\/es\/expertos-analizan-el-potencial-turistico-de-los-caminos-de-la-sal\/","url":"https:\/\/cardonaturisme.cat\/es\/expertos-analizan-el-potencial-turistico-de-los-caminos-de-la-sal\/","name":"Expertos analizan el potencial tur\u00edstico de los caminos de la sal - Cardona Turisme","isPartOf":{"@id":"https:\/\/cardonaturisme.cat\/es\/#website"},"primaryImageOfPage":{"@id":"https:\/\/cardonaturisme.cat\/es\/expertos-analizan-el-potencial-turistico-de-los-caminos-de-la-sal\/#primaryimage"},"image":{"@id":"https:\/\/cardonaturisme.cat\/es\/expertos-analizan-el-potencial-turistico-de-los-caminos-de-la-sal\/#primaryimage"},"thumbnailUrl":"https:\/\/cardonaturisme.cat\/wp-content\/uploads\/2026\/04\/ruta-de-la-sal-btt-fortuny-013-scaled.jpg","datePublished":"2026-04-14T09:13:36+00:00","dateModified":"2026-04-14T09:16:28+00:00","description":"Pin\u00f3s acoger\u00e1 el pr\u00f3ximo 8 de mayo una jornada t\u00e9cnica centrada en los caminos de la sal y el turismo sostenible, con el objetivo de explorar nuevas oportunidades de desarrollo territorial a partir del patrimonio natural, geol\u00f3gico y cultural.","breadcrumb":{"@id":"https:\/\/cardonaturisme.cat\/es\/expertos-analizan-el-potencial-turistico-de-los-caminos-de-la-sal\/#breadcrumb"},"inLanguage":"es","potentialAction":[{"@type":"ReadAction","target":["https:\/\/cardonaturisme.cat\/es\/expertos-analizan-el-potencial-turistico-de-los-caminos-de-la-sal\/"]}]},{"@type":"ImageObject","inLanguage":"es","@id":"https:\/\/cardonaturisme.cat\/es\/expertos-analizan-el-potencial-turistico-de-los-caminos-de-la-sal\/#primaryimage","url":"https:\/\/cardonaturisme.cat\/wp-content\/uploads\/2026\/04\/ruta-de-la-sal-btt-fortuny-013-scaled.jpg","contentUrl":"https:\/\/cardonaturisme.cat\/wp-content\/uploads\/2026\/04\/ruta-de-la-sal-btt-fortuny-013-scaled.jpg","width":2560,"height":1703},{"@type":"BreadcrumbList","@id":"https:\/\/cardonaturisme.cat\/es\/expertos-analizan-el-potencial-turistico-de-los-caminos-de-la-sal\/#breadcrumb","itemListElement":[{"@type":"ListItem","position":1,"name":"Inici","item":"https:\/\/cardonaturisme.cat\/es\/"},{"@type":"ListItem","position":2,"name":"Expertos analizan el potencial tur\u00edstico de los caminos de la sal"}]},{"@type":"WebSite","@id":"https:\/\/cardonaturisme.cat\/es\/#website","url":"https:\/\/cardonaturisme.cat\/es\/","name":"Cardona Turisme","description":"La teva hist\u00f2ria","publisher":{"@id":"https:\/\/cardonaturisme.cat\/es\/#organization"},"potentialAction":[{"@type":"SearchAction","target":{"@type":"EntryPoint","urlTemplate":"https:\/\/cardonaturisme.cat\/es\/?s={search_term_string}"},"query-input":{"@type":"PropertyValueSpecification","valueRequired":true,"valueName":"search_term_string"}}],"inLanguage":"es"},{"@type":"Organization","@id":"https:\/\/cardonaturisme.cat\/es\/#organization","name":"Cardona Turisme","url":"https:\/\/cardonaturisme.cat\/es\/","logo":{"@type":"ImageObject","inLanguage":"es","@id":"https:\/\/cardonaturisme.cat\/es\/#\/schema\/logo\/image\/","url":"https:\/\/cardonaturisme.cat\/wp-content\/uploads\/2023\/10\/logo-vermell-cardonaturisme.svg","contentUrl":"https:\/\/cardonaturisme.cat\/wp-content\/uploads\/2023\/10\/logo-vermell-cardonaturisme.svg","caption":"Cardona Turisme"},"image":{"@id":"https:\/\/cardonaturisme.cat\/es\/#\/schema\/logo\/image\/"},"sameAs":["https:\/\/www.facebook.com\/p\/Fundaci-Cardona-Histrica-100063704192069\/","https:\/\/x.com\/cardonaturisme"]},{"@type":"Person","@id":"https:\/\/cardonaturisme.cat\/es\/#\/schema\/person\/a4ad9240e9eb6be86bca75b9b22d5dbe","name":"Oficina de Turisme","image":{"@type":"ImageObject","inLanguage":"es","@id":"https:\/\/secure.gravatar.com\/avatar\/44f4b38da71b7993f226c2e17c804b05b1a571c9a4a027ad8abbe755ff8eba78?s=96&d=mm&r=g","url":"https:\/\/secure.gravatar.com\/avatar\/44f4b38da71b7993f226c2e17c804b05b1a571c9a4a027ad8abbe755ff8eba78?s=96&d=mm&r=g","contentUrl":"https:\/\/secure.gravatar.com\/avatar\/44f4b38da71b7993f226c2e17c804b05b1a571c9a4a027ad8abbe755ff8eba78?s=96&d=mm&r=g","caption":"Oficina de Turisme"},"url":"https:\/\/cardonaturisme.cat\/es\/author\/admin-ot\/"}]}},"_links":{"self":[{"href":"https:\/\/cardonaturisme.cat\/es\/wp-json\/wp\/v2\/posts\/22141","targetHints":{"allow":["GET"]}}],"collection":[{"href":"https:\/\/cardonaturisme.cat\/es\/wp-json\/wp\/v2\/posts"}],"about":[{"href":"https:\/\/cardonaturisme.cat\/es\/wp-json\/wp\/v2\/types\/post"}],"author":[{"embeddable":true,"href":"https:\/\/cardonaturisme.cat\/es\/wp-json\/wp\/v2\/users\/100002"}],"replies":[{"embeddable":true,"href":"https:\/\/cardonaturisme.cat\/es\/wp-json\/wp\/v2\/comments?post=22141"}],"version-history":[{"count":1,"href":"https:\/\/cardonaturisme.cat\/es\/wp-json\/wp\/v2\/posts\/22141\/revisions"}],"predecessor-version":[{"id":22142,"href":"https:\/\/cardonaturisme.cat\/es\/wp-json\/wp\/v2\/posts\/22141\/revisions\/22142"}],"wp:featuredmedia":[{"embeddable":true,"href":"https:\/\/cardonaturisme.cat\/es\/wp-json\/wp\/v2\/media\/22134"}],"wp:attachment":[{"href":"https:\/\/cardonaturisme.cat\/es\/wp-json\/wp\/v2\/media?parent=22141"}],"wp:term":[{"taxonomy":"category","embeddable":true,"href":"https:\/\/cardonaturisme.cat\/es\/wp-json\/wp\/v2\/categories?post=22141"},{"taxonomy":"post_tag","embeddable":true,"href":"https:\/\/cardonaturisme.cat\/es\/wp-json\/wp\/v2\/tags?post=22141"}],"curies":[{"name":"wp","href":"https:\/\/api.w.org\/{rel}","templated":true}]}}