{"id":21795,"date":"2026-04-07T12:12:29","date_gmt":"2026-04-07T10:12:29","guid":{"rendered":"https:\/\/cardonaturisme.cat\/?p=21795"},"modified":"2026-04-07T12:15:24","modified_gmt":"2026-04-07T10:15:24","slug":"cardona-cierra-la-semana-santa-con-un-incremento-del-155-de-los-visitantes","status":"publish","type":"post","link":"https:\/\/cardonaturisme.cat\/es\/cardona-cierra-la-semana-santa-con-un-incremento-del-155-de-los-visitantes\/","title":{"rendered":"Cardona cierra la Semana Santa con un incremento del 15,5% de los visitantes"},"content":{"rendered":"\n<ul class=\"wp-block-list\">\n<li class=\"has-medium-font-size\"><strong>Se han vendido m\u00e1s de 1.100 tiques respecto el a\u00f1o pasado<\/strong><\/li>\n\n\n\n<li class=\"has-medium-font-size\"><strong>El viernes santo fue el pico m\u00e1s alto de visitantes con m\u00e1s de 1.500 tickets vendidos<\/strong><\/li>\n<\/ul>\n\n\n\n<div style=\"height:10px\" aria-hidden=\"true\" class=\"wp-block-spacer\"><\/div>\n\n\n\n<figure class=\"wp-block-image size-large\"><img fetchpriority=\"high\" decoding=\"async\" width=\"1024\" height=\"681\" src=\"https:\/\/cardonaturisme.cat\/wp-content\/uploads\/2026\/04\/DSC6136-1024x681.jpg\" alt=\"\" class=\"wp-image-21784\" srcset=\"https:\/\/cardonaturisme.cat\/wp-content\/uploads\/2026\/04\/DSC6136-1024x681.jpg 1024w, https:\/\/cardonaturisme.cat\/wp-content\/uploads\/2026\/04\/DSC6136-300x200.jpg 300w, https:\/\/cardonaturisme.cat\/wp-content\/uploads\/2026\/04\/DSC6136-768x511.jpg 768w, https:\/\/cardonaturisme.cat\/wp-content\/uploads\/2026\/04\/DSC6136-1536x1022.jpg 1536w, https:\/\/cardonaturisme.cat\/wp-content\/uploads\/2026\/04\/DSC6136-2048x1363.jpg 2048w\" sizes=\"(max-width: 1024px) 100vw, 1024px\" \/><\/figure>\n\n\n\n<p>Cardona ha cerrado una Semana Santa muy positiva con 8.229 tiques tur\u00edsticos vendidos durante los d\u00edas comprendidos entre el fin de semana de Ramos y el lunes de Pascua, un 15,5% m\u00e1s respecto al a\u00f1o pasado. Los mejores resultados desde 2019.<\/p>\n\n\n\n<p>El Parque Cultural de la Monta\u00f1a de Sal ha sido el espacio m\u00e1s visitado, con 5.090 tiques vendidos (casi un 10% m\u00e1s respecto a la Semana Santa de 2025); seguido por el Castillo de Cardona con 3.115 tiques (un 37,2% m\u00e1s respecto al a\u00f1o pasado). En este segundo monumento se contabilizan tambi\u00e9n las visitas a la Colegiata de Sant Vicen\u00e7, gestionadas por la Agencia Catalana de Patrimonio Cultural.<\/p>\n\n\n\n<p>Tal como ocurri\u00f3 el a\u00f1o pasado, el Viernes Santo fue el d\u00eda con el pico m\u00e1s alto de visitantes, con 1.577 tiques vendidos.<\/p>\n\n\n\n<p>Las visitas teatralizadas de la Monta\u00f1a de Sal y del Castillo de Cardona, dirigidas al p\u00fablico familiar, volvieron a agotarse en la mayor\u00eda de las sesiones, confirmando el \u00e9xito de Cardona como destino familiar.<\/p>\n\n\n\n<p>Para complementar la oferta, la Fundaci\u00f3n Cardona Hist\u00f3rica (FCH) program\u00f3 tres visitas tem\u00e1ticas en el Centro Hist\u00f3rico: Las Se\u00f1oras de Cardona, la Casa Combelles y el Portal y el Casal de Graells.<\/p>\n\n\n\n<p>Finalmente, la Oficina de Turismo atendi\u00f3 a m\u00e1s de 730 personas y la Casa dels Gegants recibi\u00f3 a m\u00e1s de 360 visitantes.<\/p>\n\n\n\n<p>\u201cLos resultados han cumplido las expectativas del dispositivo organizado, con m\u00e1s de 250 visitas guiadas programadas. Queremos agradecer a todas las personas que nos han visitado que hayan elegido Cardona como destino durante la Semana Santa\u201d, afirma Francesc Ponsa, director general de la Fundaci\u00f3n Cardona Hist\u00f3rica (FCH).<\/p>\n\n\n\n<p><strong>Puente del 1 de mayo<br><\/strong>Cardona tambi\u00e9n ofrecer\u00e1 horarios especiales en la Monta\u00f1a de Sal, el Castillo de Cardona y el Centro Hist\u00f3rico con motivo del puente del 1 de mayo.<\/p>\n\n\n\n<figure class=\"wp-block-image size-large\"><img decoding=\"async\" width=\"1024\" height=\"681\" src=\"https:\/\/cardonaturisme.cat\/wp-content\/uploads\/2026\/04\/cardona-agost-fortuny-8333-1024x681.jpg\" alt=\"\" class=\"wp-image-21792\" srcset=\"https:\/\/cardonaturisme.cat\/wp-content\/uploads\/2026\/04\/cardona-agost-fortuny-8333-1024x681.jpg 1024w, https:\/\/cardonaturisme.cat\/wp-content\/uploads\/2026\/04\/cardona-agost-fortuny-8333-300x200.jpg 300w, https:\/\/cardonaturisme.cat\/wp-content\/uploads\/2026\/04\/cardona-agost-fortuny-8333-768x511.jpg 768w, https:\/\/cardonaturisme.cat\/wp-content\/uploads\/2026\/04\/cardona-agost-fortuny-8333-1536x1022.jpg 1536w, https:\/\/cardonaturisme.cat\/wp-content\/uploads\/2026\/04\/cardona-agost-fortuny-8333-2048x1363.jpg 2048w\" sizes=\"(max-width: 1024px) 100vw, 1024px\" \/><\/figure>\n","protected":false},"excerpt":{"rendered":"<p>Cardona ha cerrado una Semana Santa muy positiva con 8.229 tiques tur\u00edsticos vendidos durante los d\u00edas comprendidos entre el fin de semana de Ramos y el lunes de Pascua, un 15,5% m\u00e1s respecto al a\u00f1o pasado. Los mejores resultados desde 2019. El Parque Cultural de la Monta\u00f1a de Sal ha sido el espacio m\u00e1s visitado, [&hellip;]<\/p>\n","protected":false},"author":100002,"featured_media":21788,"comment_status":"closed","ping_status":"closed","sticky":false,"template":"","format":"standard","meta":{"_acf_changed":false,"footnotes":""},"categories":[143],"tags":[144,255],"class_list":["post-21795","post","type-post","status-publish","format-standard","has-post-thumbnail","hentry","category-noticias","tag-cardona-es","tag-montana-de-sal"],"acf":[],"yoast_head":"<!-- This site is optimized with the Yoast SEO plugin v27.4 - https:\/\/yoast.com\/product\/yoast-seo-wordpress\/ -->\n<title>Cardona cierra la Semana Santa con un incremento del 15,5% de los visitantes - Cardona Turisme<\/title>\n<meta name=\"robots\" content=\"index, follow, max-snippet:-1, max-image-preview:large, max-video-preview:-1\" \/>\n<link rel=\"canonical\" href=\"https:\/\/cardonaturisme.cat\/es\/cardona-cierra-la-semana-santa-con-un-incremento-del-155-de-los-visitantes\/\" \/>\n<meta property=\"og:locale\" content=\"es_ES\" \/>\n<meta property=\"og:type\" content=\"article\" \/>\n<meta property=\"og:title\" content=\"Cardona cierra la Semana Santa con un incremento del 15,5% de los visitantes - Cardona Turisme\" \/>\n<meta property=\"og:description\" content=\"Cardona ha cerrado una Semana Santa muy positiva con 8.229 tiques tur\u00edsticos vendidos durante los d\u00edas comprendidos entre el fin de semana de Ramos y el lunes de Pascua, un 15,5% m\u00e1s respecto al a\u00f1o pasado. Los mejores resultados desde 2019. El Parque Cultural de la Monta\u00f1a de Sal ha sido el espacio m\u00e1s visitado, [&hellip;]\" \/>\n<meta property=\"og:url\" content=\"https:\/\/cardonaturisme.cat\/es\/cardona-cierra-la-semana-santa-con-un-incremento-del-155-de-los-visitantes\/\" \/>\n<meta property=\"og:site_name\" content=\"Cardona Turisme\" \/>\n<meta property=\"article:publisher\" content=\"https:\/\/www.facebook.com\/p\/Fundaci-Cardona-Histrica-100063704192069\/\" \/>\n<meta property=\"article:published_time\" content=\"2026-04-07T10:12:29+00:00\" \/>\n<meta property=\"article:modified_time\" content=\"2026-04-07T10:15:24+00:00\" \/>\n<meta property=\"og:image\" content=\"https:\/\/cardonaturisme.cat\/wp-content\/uploads\/2026\/04\/DSC3726-scaled.jpg\" \/>\n\t<meta property=\"og:image:width\" content=\"2560\" \/>\n\t<meta property=\"og:image:height\" content=\"1665\" \/>\n\t<meta property=\"og:image:type\" content=\"image\/jpeg\" \/>\n<meta name=\"author\" content=\"Oficina de Turisme\" \/>\n<meta name=\"twitter:card\" content=\"summary_large_image\" \/>\n<meta name=\"twitter:creator\" content=\"@cardonaturisme\" \/>\n<meta name=\"twitter:site\" content=\"@cardonaturisme\" \/>\n<meta name=\"twitter:label1\" content=\"Escrito por\" \/>\n\t<meta name=\"twitter:data1\" content=\"Oficina de Turisme\" \/>\n\t<meta name=\"twitter:label2\" content=\"Tiempo de lectura\" \/>\n\t<meta name=\"twitter:data2\" content=\"3 minutos\" \/>\n<script type=\"application\/ld+json\" class=\"yoast-schema-graph\">{\"@context\":\"https:\\\/\\\/schema.org\",\"@graph\":[{\"@type\":\"Article\",\"@id\":\"https:\\\/\\\/cardonaturisme.cat\\\/es\\\/cardona-cierra-la-semana-santa-con-un-incremento-del-155-de-los-visitantes\\\/#article\",\"isPartOf\":{\"@id\":\"https:\\\/\\\/cardonaturisme.cat\\\/es\\\/cardona-cierra-la-semana-santa-con-un-incremento-del-155-de-los-visitantes\\\/\"},\"author\":{\"name\":\"Oficina de Turisme\",\"@id\":\"https:\\\/\\\/cardonaturisme.cat\\\/es\\\/#\\\/schema\\\/person\\\/a4ad9240e9eb6be86bca75b9b22d5dbe\"},\"headline\":\"Cardona cierra la Semana Santa con un incremento del 15,5% de los visitantes\",\"datePublished\":\"2026-04-07T10:12:29+00:00\",\"dateModified\":\"2026-04-07T10:15:24+00:00\",\"mainEntityOfPage\":{\"@id\":\"https:\\\/\\\/cardonaturisme.cat\\\/es\\\/cardona-cierra-la-semana-santa-con-un-incremento-del-155-de-los-visitantes\\\/\"},\"wordCount\":354,\"publisher\":{\"@id\":\"https:\\\/\\\/cardonaturisme.cat\\\/es\\\/#organization\"},\"image\":{\"@id\":\"https:\\\/\\\/cardonaturisme.cat\\\/es\\\/cardona-cierra-la-semana-santa-con-un-incremento-del-155-de-los-visitantes\\\/#primaryimage\"},\"thumbnailUrl\":\"https:\\\/\\\/cardonaturisme.cat\\\/wp-content\\\/uploads\\\/2026\\\/04\\\/DSC3726-scaled.jpg\",\"keywords\":[\"Cardona\",\"Monta\u00f1a de Sal\"],\"articleSection\":[\"noticias\"],\"inLanguage\":\"es\"},{\"@type\":\"WebPage\",\"@id\":\"https:\\\/\\\/cardonaturisme.cat\\\/es\\\/cardona-cierra-la-semana-santa-con-un-incremento-del-155-de-los-visitantes\\\/\",\"url\":\"https:\\\/\\\/cardonaturisme.cat\\\/es\\\/cardona-cierra-la-semana-santa-con-un-incremento-del-155-de-los-visitantes\\\/\",\"name\":\"Cardona cierra la Semana Santa con un incremento del 15,5% de los visitantes - Cardona Turisme\",\"isPartOf\":{\"@id\":\"https:\\\/\\\/cardonaturisme.cat\\\/es\\\/#website\"},\"primaryImageOfPage\":{\"@id\":\"https:\\\/\\\/cardonaturisme.cat\\\/es\\\/cardona-cierra-la-semana-santa-con-un-incremento-del-155-de-los-visitantes\\\/#primaryimage\"},\"image\":{\"@id\":\"https:\\\/\\\/cardonaturisme.cat\\\/es\\\/cardona-cierra-la-semana-santa-con-un-incremento-del-155-de-los-visitantes\\\/#primaryimage\"},\"thumbnailUrl\":\"https:\\\/\\\/cardonaturisme.cat\\\/wp-content\\\/uploads\\\/2026\\\/04\\\/DSC3726-scaled.jpg\",\"datePublished\":\"2026-04-07T10:12:29+00:00\",\"dateModified\":\"2026-04-07T10:15:24+00:00\",\"breadcrumb\":{\"@id\":\"https:\\\/\\\/cardonaturisme.cat\\\/es\\\/cardona-cierra-la-semana-santa-con-un-incremento-del-155-de-los-visitantes\\\/#breadcrumb\"},\"inLanguage\":\"es\",\"potentialAction\":[{\"@type\":\"ReadAction\",\"target\":[\"https:\\\/\\\/cardonaturisme.cat\\\/es\\\/cardona-cierra-la-semana-santa-con-un-incremento-del-155-de-los-visitantes\\\/\"]}]},{\"@type\":\"ImageObject\",\"inLanguage\":\"es\",\"@id\":\"https:\\\/\\\/cardonaturisme.cat\\\/es\\\/cardona-cierra-la-semana-santa-con-un-incremento-del-155-de-los-visitantes\\\/#primaryimage\",\"url\":\"https:\\\/\\\/cardonaturisme.cat\\\/wp-content\\\/uploads\\\/2026\\\/04\\\/DSC3726-scaled.jpg\",\"contentUrl\":\"https:\\\/\\\/cardonaturisme.cat\\\/wp-content\\\/uploads\\\/2026\\\/04\\\/DSC3726-scaled.jpg\",\"width\":2560,\"height\":1665},{\"@type\":\"BreadcrumbList\",\"@id\":\"https:\\\/\\\/cardonaturisme.cat\\\/es\\\/cardona-cierra-la-semana-santa-con-un-incremento-del-155-de-los-visitantes\\\/#breadcrumb\",\"itemListElement\":[{\"@type\":\"ListItem\",\"position\":1,\"name\":\"Inici\",\"item\":\"https:\\\/\\\/cardonaturisme.cat\\\/es\\\/\"},{\"@type\":\"ListItem\",\"position\":2,\"name\":\"Cardona cierra la Semana Santa con un incremento del 15,5% de los visitantes\"}]},{\"@type\":\"WebSite\",\"@id\":\"https:\\\/\\\/cardonaturisme.cat\\\/es\\\/#website\",\"url\":\"https:\\\/\\\/cardonaturisme.cat\\\/es\\\/\",\"name\":\"Cardona Turisme\",\"description\":\"La teva hist\u00f2ria\",\"publisher\":{\"@id\":\"https:\\\/\\\/cardonaturisme.cat\\\/es\\\/#organization\"},\"potentialAction\":[{\"@type\":\"SearchAction\",\"target\":{\"@type\":\"EntryPoint\",\"urlTemplate\":\"https:\\\/\\\/cardonaturisme.cat\\\/es\\\/?s={search_term_string}\"},\"query-input\":{\"@type\":\"PropertyValueSpecification\",\"valueRequired\":true,\"valueName\":\"search_term_string\"}}],\"inLanguage\":\"es\"},{\"@type\":\"Organization\",\"@id\":\"https:\\\/\\\/cardonaturisme.cat\\\/es\\\/#organization\",\"name\":\"Cardona Turisme\",\"url\":\"https:\\\/\\\/cardonaturisme.cat\\\/es\\\/\",\"logo\":{\"@type\":\"ImageObject\",\"inLanguage\":\"es\",\"@id\":\"https:\\\/\\\/cardonaturisme.cat\\\/es\\\/#\\\/schema\\\/logo\\\/image\\\/\",\"url\":\"https:\\\/\\\/cardonaturisme.cat\\\/wp-content\\\/uploads\\\/2023\\\/10\\\/logo-vermell-cardonaturisme.svg\",\"contentUrl\":\"https:\\\/\\\/cardonaturisme.cat\\\/wp-content\\\/uploads\\\/2023\\\/10\\\/logo-vermell-cardonaturisme.svg\",\"caption\":\"Cardona Turisme\"},\"image\":{\"@id\":\"https:\\\/\\\/cardonaturisme.cat\\\/es\\\/#\\\/schema\\\/logo\\\/image\\\/\"},\"sameAs\":[\"https:\\\/\\\/www.facebook.com\\\/p\\\/Fundaci-Cardona-Histrica-100063704192069\\\/\",\"https:\\\/\\\/x.com\\\/cardonaturisme\"]},{\"@type\":\"Person\",\"@id\":\"https:\\\/\\\/cardonaturisme.cat\\\/es\\\/#\\\/schema\\\/person\\\/a4ad9240e9eb6be86bca75b9b22d5dbe\",\"name\":\"Oficina de Turisme\",\"image\":{\"@type\":\"ImageObject\",\"inLanguage\":\"es\",\"@id\":\"https:\\\/\\\/secure.gravatar.com\\\/avatar\\\/44f4b38da71b7993f226c2e17c804b05b1a571c9a4a027ad8abbe755ff8eba78?s=96&d=mm&r=g\",\"url\":\"https:\\\/\\\/secure.gravatar.com\\\/avatar\\\/44f4b38da71b7993f226c2e17c804b05b1a571c9a4a027ad8abbe755ff8eba78?s=96&d=mm&r=g\",\"contentUrl\":\"https:\\\/\\\/secure.gravatar.com\\\/avatar\\\/44f4b38da71b7993f226c2e17c804b05b1a571c9a4a027ad8abbe755ff8eba78?s=96&d=mm&r=g\",\"caption\":\"Oficina de Turisme\"},\"url\":\"https:\\\/\\\/cardonaturisme.cat\\\/es\\\/author\\\/admin-ot\\\/\"}]}<\/script>\n<!-- \/ Yoast SEO plugin. -->","yoast_head_json":{"title":"Cardona cierra la Semana Santa con un incremento del 15,5% de los visitantes - Cardona Turisme","robots":{"index":"index","follow":"follow","max-snippet":"max-snippet:-1","max-image-preview":"max-image-preview:large","max-video-preview":"max-video-preview:-1"},"canonical":"https:\/\/cardonaturisme.cat\/es\/cardona-cierra-la-semana-santa-con-un-incremento-del-155-de-los-visitantes\/","og_locale":"es_ES","og_type":"article","og_title":"Cardona cierra la Semana Santa con un incremento del 15,5% de los visitantes - Cardona Turisme","og_description":"Cardona ha cerrado una Semana Santa muy positiva con 8.229 tiques tur\u00edsticos vendidos durante los d\u00edas comprendidos entre el fin de semana de Ramos y el lunes de Pascua, un 15,5% m\u00e1s respecto al a\u00f1o pasado. Los mejores resultados desde 2019. El Parque Cultural de la Monta\u00f1a de Sal ha sido el espacio m\u00e1s visitado, [&hellip;]","og_url":"https:\/\/cardonaturisme.cat\/es\/cardona-cierra-la-semana-santa-con-un-incremento-del-155-de-los-visitantes\/","og_site_name":"Cardona Turisme","article_publisher":"https:\/\/www.facebook.com\/p\/Fundaci-Cardona-Histrica-100063704192069\/","article_published_time":"2026-04-07T10:12:29+00:00","article_modified_time":"2026-04-07T10:15:24+00:00","og_image":[{"width":2560,"height":1665,"url":"https:\/\/cardonaturisme.cat\/wp-content\/uploads\/2026\/04\/DSC3726-scaled.jpg","type":"image\/jpeg"}],"author":"Oficina de Turisme","twitter_card":"summary_large_image","twitter_creator":"@cardonaturisme","twitter_site":"@cardonaturisme","twitter_misc":{"Escrito por":"Oficina de Turisme","Tiempo de lectura":"3 minutos"},"schema":{"@context":"https:\/\/schema.org","@graph":[{"@type":"Article","@id":"https:\/\/cardonaturisme.cat\/es\/cardona-cierra-la-semana-santa-con-un-incremento-del-155-de-los-visitantes\/#article","isPartOf":{"@id":"https:\/\/cardonaturisme.cat\/es\/cardona-cierra-la-semana-santa-con-un-incremento-del-155-de-los-visitantes\/"},"author":{"name":"Oficina de Turisme","@id":"https:\/\/cardonaturisme.cat\/es\/#\/schema\/person\/a4ad9240e9eb6be86bca75b9b22d5dbe"},"headline":"Cardona cierra la Semana Santa con un incremento del 15,5% de los visitantes","datePublished":"2026-04-07T10:12:29+00:00","dateModified":"2026-04-07T10:15:24+00:00","mainEntityOfPage":{"@id":"https:\/\/cardonaturisme.cat\/es\/cardona-cierra-la-semana-santa-con-un-incremento-del-155-de-los-visitantes\/"},"wordCount":354,"publisher":{"@id":"https:\/\/cardonaturisme.cat\/es\/#organization"},"image":{"@id":"https:\/\/cardonaturisme.cat\/es\/cardona-cierra-la-semana-santa-con-un-incremento-del-155-de-los-visitantes\/#primaryimage"},"thumbnailUrl":"https:\/\/cardonaturisme.cat\/wp-content\/uploads\/2026\/04\/DSC3726-scaled.jpg","keywords":["Cardona","Monta\u00f1a de Sal"],"articleSection":["noticias"],"inLanguage":"es"},{"@type":"WebPage","@id":"https:\/\/cardonaturisme.cat\/es\/cardona-cierra-la-semana-santa-con-un-incremento-del-155-de-los-visitantes\/","url":"https:\/\/cardonaturisme.cat\/es\/cardona-cierra-la-semana-santa-con-un-incremento-del-155-de-los-visitantes\/","name":"Cardona cierra la Semana Santa con un incremento del 15,5% de los visitantes - Cardona Turisme","isPartOf":{"@id":"https:\/\/cardonaturisme.cat\/es\/#website"},"primaryImageOfPage":{"@id":"https:\/\/cardonaturisme.cat\/es\/cardona-cierra-la-semana-santa-con-un-incremento-del-155-de-los-visitantes\/#primaryimage"},"image":{"@id":"https:\/\/cardonaturisme.cat\/es\/cardona-cierra-la-semana-santa-con-un-incremento-del-155-de-los-visitantes\/#primaryimage"},"thumbnailUrl":"https:\/\/cardonaturisme.cat\/wp-content\/uploads\/2026\/04\/DSC3726-scaled.jpg","datePublished":"2026-04-07T10:12:29+00:00","dateModified":"2026-04-07T10:15:24+00:00","breadcrumb":{"@id":"https:\/\/cardonaturisme.cat\/es\/cardona-cierra-la-semana-santa-con-un-incremento-del-155-de-los-visitantes\/#breadcrumb"},"inLanguage":"es","potentialAction":[{"@type":"ReadAction","target":["https:\/\/cardonaturisme.cat\/es\/cardona-cierra-la-semana-santa-con-un-incremento-del-155-de-los-visitantes\/"]}]},{"@type":"ImageObject","inLanguage":"es","@id":"https:\/\/cardonaturisme.cat\/es\/cardona-cierra-la-semana-santa-con-un-incremento-del-155-de-los-visitantes\/#primaryimage","url":"https:\/\/cardonaturisme.cat\/wp-content\/uploads\/2026\/04\/DSC3726-scaled.jpg","contentUrl":"https:\/\/cardonaturisme.cat\/wp-content\/uploads\/2026\/04\/DSC3726-scaled.jpg","width":2560,"height":1665},{"@type":"BreadcrumbList","@id":"https:\/\/cardonaturisme.cat\/es\/cardona-cierra-la-semana-santa-con-un-incremento-del-155-de-los-visitantes\/#breadcrumb","itemListElement":[{"@type":"ListItem","position":1,"name":"Inici","item":"https:\/\/cardonaturisme.cat\/es\/"},{"@type":"ListItem","position":2,"name":"Cardona cierra la Semana Santa con un incremento del 15,5% de los visitantes"}]},{"@type":"WebSite","@id":"https:\/\/cardonaturisme.cat\/es\/#website","url":"https:\/\/cardonaturisme.cat\/es\/","name":"Cardona Turisme","description":"La teva hist\u00f2ria","publisher":{"@id":"https:\/\/cardonaturisme.cat\/es\/#organization"},"potentialAction":[{"@type":"SearchAction","target":{"@type":"EntryPoint","urlTemplate":"https:\/\/cardonaturisme.cat\/es\/?s={search_term_string}"},"query-input":{"@type":"PropertyValueSpecification","valueRequired":true,"valueName":"search_term_string"}}],"inLanguage":"es"},{"@type":"Organization","@id":"https:\/\/cardonaturisme.cat\/es\/#organization","name":"Cardona Turisme","url":"https:\/\/cardonaturisme.cat\/es\/","logo":{"@type":"ImageObject","inLanguage":"es","@id":"https:\/\/cardonaturisme.cat\/es\/#\/schema\/logo\/image\/","url":"https:\/\/cardonaturisme.cat\/wp-content\/uploads\/2023\/10\/logo-vermell-cardonaturisme.svg","contentUrl":"https:\/\/cardonaturisme.cat\/wp-content\/uploads\/2023\/10\/logo-vermell-cardonaturisme.svg","caption":"Cardona Turisme"},"image":{"@id":"https:\/\/cardonaturisme.cat\/es\/#\/schema\/logo\/image\/"},"sameAs":["https:\/\/www.facebook.com\/p\/Fundaci-Cardona-Histrica-100063704192069\/","https:\/\/x.com\/cardonaturisme"]},{"@type":"Person","@id":"https:\/\/cardonaturisme.cat\/es\/#\/schema\/person\/a4ad9240e9eb6be86bca75b9b22d5dbe","name":"Oficina de Turisme","image":{"@type":"ImageObject","inLanguage":"es","@id":"https:\/\/secure.gravatar.com\/avatar\/44f4b38da71b7993f226c2e17c804b05b1a571c9a4a027ad8abbe755ff8eba78?s=96&d=mm&r=g","url":"https:\/\/secure.gravatar.com\/avatar\/44f4b38da71b7993f226c2e17c804b05b1a571c9a4a027ad8abbe755ff8eba78?s=96&d=mm&r=g","contentUrl":"https:\/\/secure.gravatar.com\/avatar\/44f4b38da71b7993f226c2e17c804b05b1a571c9a4a027ad8abbe755ff8eba78?s=96&d=mm&r=g","caption":"Oficina de Turisme"},"url":"https:\/\/cardonaturisme.cat\/es\/author\/admin-ot\/"}]}},"_links":{"self":[{"href":"https:\/\/cardonaturisme.cat\/es\/wp-json\/wp\/v2\/posts\/21795","targetHints":{"allow":["GET"]}}],"collection":[{"href":"https:\/\/cardonaturisme.cat\/es\/wp-json\/wp\/v2\/posts"}],"about":[{"href":"https:\/\/cardonaturisme.cat\/es\/wp-json\/wp\/v2\/types\/post"}],"author":[{"embeddable":true,"href":"https:\/\/cardonaturisme.cat\/es\/wp-json\/wp\/v2\/users\/100002"}],"replies":[{"embeddable":true,"href":"https:\/\/cardonaturisme.cat\/es\/wp-json\/wp\/v2\/comments?post=21795"}],"version-history":[{"count":2,"href":"https:\/\/cardonaturisme.cat\/es\/wp-json\/wp\/v2\/posts\/21795\/revisions"}],"predecessor-version":[{"id":21797,"href":"https:\/\/cardonaturisme.cat\/es\/wp-json\/wp\/v2\/posts\/21795\/revisions\/21797"}],"wp:featuredmedia":[{"embeddable":true,"href":"https:\/\/cardonaturisme.cat\/es\/wp-json\/wp\/v2\/media\/21788"}],"wp:attachment":[{"href":"https:\/\/cardonaturisme.cat\/es\/wp-json\/wp\/v2\/media?parent=21795"}],"wp:term":[{"taxonomy":"category","embeddable":true,"href":"https:\/\/cardonaturisme.cat\/es\/wp-json\/wp\/v2\/categories?post=21795"},{"taxonomy":"post_tag","embeddable":true,"href":"https:\/\/cardonaturisme.cat\/es\/wp-json\/wp\/v2\/tags?post=21795"}],"curies":[{"name":"wp","href":"https:\/\/api.w.org\/{rel}","templated":true}]}}