{"id":21545,"date":"2026-03-26T10:01:12","date_gmt":"2026-03-26T09:01:12","guid":{"rendered":"https:\/\/cardonaturisme.cat\/?p=21545"},"modified":"2026-02-06T10:08:30","modified_gmt":"2026-02-06T09:08:30","slug":"cardona-acogera-el-v-congreso-internacional-sobre-la-sal","status":"publish","type":"post","link":"https:\/\/cardonaturisme.cat\/es\/cardona-acogera-el-v-congreso-internacional-sobre-la-sal\/","title":{"rendered":"Cardona acoger\u00e1 el V Congreso internacional sobre la sal"},"content":{"rendered":"\n<div style=\"height:12px\" aria-hidden=\"true\" class=\"wp-block-spacer\"><\/div>\n\n\n\n<ul class=\"wp-block-list\">\n<li class=\"has-medium-font-size\"><strong>Organizado per las sociedades cient\u00edficas SEDPGYM y SIGMADOT y la Fundaci\u00f3n Cardona Hist\u00f3rica, diferentes expertos reflexionaran sobre la explotaci\u00f3n de la sal<\/strong><\/li>\n\n\n\n<li class=\"has-medium-font-size\"><strong>Se celebrar\u00e1 del 4 al 7 de junio, coincidiendo con la Fiesta de la Sal y con la conmemoraci\u00f3n de los 100 a\u00f1os de la apertura de los pozos de la mina de Cardona<\/strong><\/li>\n<\/ul>\n\n\n\n<div style=\"height:11px\" aria-hidden=\"true\" class=\"wp-block-spacer\"><\/div>\n\n\n\n<p>Del 4 al 7 de junio de este a\u00f1o, Cardona acoger\u00e1 el V Congreso Internacional sobre la Sal organizado por las sociedades cient\u00edficas SEDPGYM (Sociedad en Defensa del Patrimonio Geol\u00f3gico y Minero) y SIGMADOT (Sociedad Internacional de Geolog\u00eda y Miner\u00eda para el Desarrollo y Manejo del Territorio), y la Fundaci\u00f3n Hist\u00f3rica Cardona.<\/p>\n\n\n\n<p>Este encuentro se realiza en el marco de dos eventos locales muy importantes y estrat\u00e9gicos: la celebraci\u00f3n de la Fiesta de la Sal y la conmemoraci\u00f3n de los 100 a\u00f1os de inicio de la miner\u00eda de las sales pot\u00e1sicas en Cardona.<\/p>\n\n\n\n<p>Los dos primeros congresos se celebraron en Ciempozuelos (Madrid) en 2006 y 2018. Las ediciones Peralta de la Salt (Huesca) siguieron en 2019; y Rio Maior (Portugal) en 2024. La de Cardona ser\u00e1 la quinta edici\u00f3n y tratar\u00e1 sobre el pasado, presente y futuro de la explotaci\u00f3n de la sal.<\/p>\n\n\n\n<p>\u00abQueremos cubrir el valor cultural de la sal en el pasado a trav\u00e9s de las \u00e1reas de investigaci\u00f3n geol\u00f3gica, hist\u00f3rica y arqueol\u00f3gica, sin perder de vista la situaci\u00f3n actual de las salinas que a\u00fan persisten y su valorizaci\u00f3n social con elementos que incluyen su musealizaci\u00f3n. Tambi\u00e9n miraremos hacia el futuro a trav\u00e9s de la innovaci\u00f3n y las tecnolog\u00edas emergentes. Todo esto obedece al deseo de profundizar y difundir los conocimientos en torno a la sal y su prominencia en nuestra sociedad en el marco excepcional de la salina de Cardona y su Monta\u00f1a de Sal\u00bb, explica Andreu Galera, director del Archivo Hist\u00f3rico de Cardona y presidente del Comit\u00e9 Cient\u00edfico del congreso.<\/p>\n\n\n\n<p>Se espera que el congreso re\u00fana a unos ochenta expertos del patrimonio de la sal procedentes de campos tan diversos como la geolog\u00eda, la ingenier\u00eda, la arqueolog\u00eda, la historia, la biolog\u00eda y la difusi\u00f3n cultural, entre otros.<\/p>\n\n\n\n<p>Adem\u00e1s del programa cient\u00edfico, el Congreso ofrecer\u00e1 una propuesta tur\u00edstica con visitas guiadas a la Monta\u00f1a de Sal, al Castillo de Cardona, al Museo de la Sal Josep Arnau y al Salino de Cambrils. \u00abLa combinaci\u00f3n de intercambio de conocimientos y trabajo en red con el turismo y las actividades de ocio y culturales de la Fiesta de la Sal conforman una oferta de alta calidad que nos permite valorar nuestro patrimonio desde diferentes puntos de vista\u00bb, afirma Francesc Ponsa, director general de la Fundaci\u00f3n Hist\u00f3rica Cardona.<\/p>\n\n\n\n<p><strong>Puede encontrar toda la informaci\u00f3n sobre el Congreso y la llamada a comunicaciones aqu\u00ed: <a href=\"https:\/\/cardonaturisme.cat\/es\/activitats\/congreso\/\">https:\/\/cardonaturisme.cat\/es\/activitats\/congreso\/<\/a><\/strong><\/p>\n\n\n\n<figure class=\"wp-block-image size-large\"><img fetchpriority=\"high\" decoding=\"async\" width=\"1024\" height=\"682\" src=\"https:\/\/cardonaturisme.cat\/wp-content\/uploads\/2026\/02\/GCC04_muntanya_de_sal_cardona_CF-0784-1024x682.jpg\" alt=\"\" class=\"wp-image-21540\" srcset=\"https:\/\/cardonaturisme.cat\/wp-content\/uploads\/2026\/02\/GCC04_muntanya_de_sal_cardona_CF-0784-1024x682.jpg 1024w, https:\/\/cardonaturisme.cat\/wp-content\/uploads\/2026\/02\/GCC04_muntanya_de_sal_cardona_CF-0784-300x200.jpg 300w, https:\/\/cardonaturisme.cat\/wp-content\/uploads\/2026\/02\/GCC04_muntanya_de_sal_cardona_CF-0784-768x512.jpg 768w, https:\/\/cardonaturisme.cat\/wp-content\/uploads\/2026\/02\/GCC04_muntanya_de_sal_cardona_CF-0784-1536x1023.jpg 1536w, https:\/\/cardonaturisme.cat\/wp-content\/uploads\/2026\/02\/GCC04_muntanya_de_sal_cardona_CF-0784-2048x1364.jpg 2048w\" sizes=\"(max-width: 1024px) 100vw, 1024px\" \/><\/figure>\n\n\n\n<p><strong>100 a\u00f1os desde el inicio de la explotaci\u00f3n pot\u00e1sica<\/strong><\/p>\n\n\n\n<p>En 2026 Cardona inici\u00f3 la celebraci\u00f3n de una serie de efem\u00e9rides conmemorativas relacionadas con el centenario del proyecto de la extinta Uni\u00f3n Espa\u00f1ola de Explosivos para llevar a cabo la extracci\u00f3n de sales pot\u00e1sicas mediante miner\u00eda subterr\u00e1nea. El objetivo es recordar la importancia de la inversi\u00f3n realizada en ese momento (que se tradujo en instalaciones industriales de alto nivel) y el impacto que tuvo en el plano econ\u00f3mico, pol\u00edtico y social del municipio y c\u00f3mo lo marc\u00f3 para siempre.<\/p>\n\n\n\n<p>Este ciclo conmemorativo se inicia en junio de 2026 coincidiendo con el centenario de la obra de apertura y profundizaci\u00f3n de los dos pozos maestros de la explotaci\u00f3n minera (actual Parque Cultural Monta\u00f1a Salina).<\/p>\n\n\n\n<p>La celebraci\u00f3n del congreso sobre la sal en Cardona permite reivindicar el pasado industrial y minero de la ciudad ducal y recordar la importancia de la actividad minera para el territorio.<\/p>\n\n\n\n<figure class=\"wp-block-image size-large\"><img decoding=\"async\" width=\"1024\" height=\"671\" src=\"https:\/\/cardonaturisme.cat\/wp-content\/uploads\/2026\/01\/conjunt-Nieves-llevant-III-AHC-UEE-Badia-Merli-1930-32-1024x671.jpg\" alt=\"\" class=\"wp-image-21440\" srcset=\"https:\/\/cardonaturisme.cat\/wp-content\/uploads\/2026\/01\/conjunt-Nieves-llevant-III-AHC-UEE-Badia-Merli-1930-32-1024x671.jpg 1024w, https:\/\/cardonaturisme.cat\/wp-content\/uploads\/2026\/01\/conjunt-Nieves-llevant-III-AHC-UEE-Badia-Merli-1930-32-300x197.jpg 300w, https:\/\/cardonaturisme.cat\/wp-content\/uploads\/2026\/01\/conjunt-Nieves-llevant-III-AHC-UEE-Badia-Merli-1930-32-768x503.jpg 768w, https:\/\/cardonaturisme.cat\/wp-content\/uploads\/2026\/01\/conjunt-Nieves-llevant-III-AHC-UEE-Badia-Merli-1930-32.jpg 1402w\" sizes=\"(max-width: 1024px) 100vw, 1024px\" \/><\/figure>\n","protected":false},"excerpt":{"rendered":"<p>Del 4 al 7 de junio de este a\u00f1o, Cardona acoger\u00e1 el V Congreso Internacional sobre la Sal organizado por las sociedades cient\u00edficas SEDPGYM (Sociedad en Defensa del Patrimonio Geol\u00f3gico y Minero) y SIGMADOT (Sociedad Internacional de Geolog\u00eda y Miner\u00eda para el Desarrollo y Manejo del Territorio), y la Fundaci\u00f3n Hist\u00f3rica Cardona. Este encuentro se [&hellip;]<\/p>\n","protected":false},"author":100002,"featured_media":21448,"comment_status":"closed","ping_status":"closed","sticky":false,"template":"","format":"standard","meta":{"_acf_changed":false,"footnotes":""},"categories":[143],"tags":[144,255,267],"class_list":["post-21545","post","type-post","status-publish","format-standard","has-post-thumbnail","hentry","category-noticias","tag-cardona-es","tag-montana-de-sal","tag-sal-de-cardona"],"acf":[],"yoast_head":"<!-- This site is optimized with the Yoast SEO plugin v27.4 - https:\/\/yoast.com\/product\/yoast-seo-wordpress\/ -->\n<title>Cardona acoger\u00e1 el V Congreso internacional sobre la sal - Cardona Turisme<\/title>\n<meta name=\"description\" content=\"Organizado per las sociedades cient\u00edficas SEDPGYM y SIGMADOT y la Fundaci\u00f3n Cardona Hist\u00f3rica, diferentes expertos reflexionaran sobre la explotaci\u00f3n de la sal. Se celebrar\u00e1 del 4 al 7 de junio, coincidiendo con la Fiesta de la Sal y con la conmemoraci\u00f3n de los 100 a\u00f1os de la apertura de los pozos de la mina de Cardona\" \/>\n<meta name=\"robots\" content=\"index, follow, max-snippet:-1, max-image-preview:large, max-video-preview:-1\" \/>\n<link rel=\"canonical\" href=\"https:\/\/cardonaturisme.cat\/es\/cardona-acogera-el-v-congreso-internacional-sobre-la-sal\/\" \/>\n<meta property=\"og:locale\" content=\"es_ES\" \/>\n<meta property=\"og:type\" content=\"article\" \/>\n<meta property=\"og:title\" content=\"Cardona acoger\u00e1 el V Congreso internacional sobre la sal - Cardona Turisme\" \/>\n<meta property=\"og:description\" content=\"Organizado per las sociedades cient\u00edficas SEDPGYM y SIGMADOT y la Fundaci\u00f3n Cardona Hist\u00f3rica, diferentes expertos reflexionaran sobre la explotaci\u00f3n de la sal. Se celebrar\u00e1 del 4 al 7 de junio, coincidiendo con la Fiesta de la Sal y con la conmemoraci\u00f3n de los 100 a\u00f1os de la apertura de los pozos de la mina de Cardona\" \/>\n<meta property=\"og:url\" content=\"https:\/\/cardonaturisme.cat\/es\/cardona-acogera-el-v-congreso-internacional-sobre-la-sal\/\" \/>\n<meta property=\"og:site_name\" content=\"Cardona Turisme\" \/>\n<meta property=\"article:publisher\" content=\"https:\/\/www.facebook.com\/p\/Fundaci-Cardona-Histrica-100063704192069\/\" \/>\n<meta property=\"article:published_time\" content=\"2026-03-26T09:01:12+00:00\" \/>\n<meta property=\"og:image\" content=\"https:\/\/cardonaturisme.cat\/wp-content\/uploads\/2026\/01\/cong-1024x726.png\" \/>\n\t<meta property=\"og:image:width\" content=\"1024\" \/>\n\t<meta property=\"og:image:height\" content=\"726\" \/>\n\t<meta property=\"og:image:type\" content=\"image\/png\" \/>\n<meta name=\"author\" content=\"Oficina de Turisme\" \/>\n<meta name=\"twitter:card\" content=\"summary_large_image\" \/>\n<meta name=\"twitter:creator\" content=\"@cardonaturisme\" \/>\n<meta name=\"twitter:site\" content=\"@cardonaturisme\" \/>\n<meta name=\"twitter:label1\" content=\"Escrito por\" \/>\n\t<meta name=\"twitter:data1\" content=\"Oficina de Turisme\" \/>\n\t<meta name=\"twitter:label2\" content=\"Tiempo de lectura\" \/>\n\t<meta name=\"twitter:data2\" content=\"4 minutos\" \/>\n<script type=\"application\/ld+json\" class=\"yoast-schema-graph\">{\"@context\":\"https:\\\/\\\/schema.org\",\"@graph\":[{\"@type\":\"Article\",\"@id\":\"https:\\\/\\\/cardonaturisme.cat\\\/es\\\/cardona-acogera-el-v-congreso-internacional-sobre-la-sal\\\/#article\",\"isPartOf\":{\"@id\":\"https:\\\/\\\/cardonaturisme.cat\\\/es\\\/cardona-acogera-el-v-congreso-internacional-sobre-la-sal\\\/\"},\"author\":{\"name\":\"Oficina de Turisme\",\"@id\":\"https:\\\/\\\/cardonaturisme.cat\\\/es\\\/#\\\/schema\\\/person\\\/a4ad9240e9eb6be86bca75b9b22d5dbe\"},\"headline\":\"Cardona acoger\u00e1 el V Congreso internacional sobre la sal\",\"datePublished\":\"2026-03-26T09:01:12+00:00\",\"mainEntityOfPage\":{\"@id\":\"https:\\\/\\\/cardonaturisme.cat\\\/es\\\/cardona-acogera-el-v-congreso-internacional-sobre-la-sal\\\/\"},\"wordCount\":673,\"publisher\":{\"@id\":\"https:\\\/\\\/cardonaturisme.cat\\\/es\\\/#organization\"},\"image\":{\"@id\":\"https:\\\/\\\/cardonaturisme.cat\\\/es\\\/cardona-acogera-el-v-congreso-internacional-sobre-la-sal\\\/#primaryimage\"},\"thumbnailUrl\":\"https:\\\/\\\/cardonaturisme.cat\\\/wp-content\\\/uploads\\\/2026\\\/01\\\/cong.png\",\"keywords\":[\"Cardona\",\"Monta\u00f1a de Sal\",\"Sal de Cardona\"],\"articleSection\":[\"noticias\"],\"inLanguage\":\"es\"},{\"@type\":\"WebPage\",\"@id\":\"https:\\\/\\\/cardonaturisme.cat\\\/es\\\/cardona-acogera-el-v-congreso-internacional-sobre-la-sal\\\/\",\"url\":\"https:\\\/\\\/cardonaturisme.cat\\\/es\\\/cardona-acogera-el-v-congreso-internacional-sobre-la-sal\\\/\",\"name\":\"Cardona acoger\u00e1 el V Congreso internacional sobre la sal - Cardona Turisme\",\"isPartOf\":{\"@id\":\"https:\\\/\\\/cardonaturisme.cat\\\/es\\\/#website\"},\"primaryImageOfPage\":{\"@id\":\"https:\\\/\\\/cardonaturisme.cat\\\/es\\\/cardona-acogera-el-v-congreso-internacional-sobre-la-sal\\\/#primaryimage\"},\"image\":{\"@id\":\"https:\\\/\\\/cardonaturisme.cat\\\/es\\\/cardona-acogera-el-v-congreso-internacional-sobre-la-sal\\\/#primaryimage\"},\"thumbnailUrl\":\"https:\\\/\\\/cardonaturisme.cat\\\/wp-content\\\/uploads\\\/2026\\\/01\\\/cong.png\",\"datePublished\":\"2026-03-26T09:01:12+00:00\",\"description\":\"Organizado per las sociedades cient\u00edficas SEDPGYM y SIGMADOT y la Fundaci\u00f3n Cardona Hist\u00f3rica, diferentes expertos reflexionaran sobre la explotaci\u00f3n de la sal. Se celebrar\u00e1 del 4 al 7 de junio, coincidiendo con la Fiesta de la Sal y con la conmemoraci\u00f3n de los 100 a\u00f1os de la apertura de los pozos de la mina de Cardona\",\"breadcrumb\":{\"@id\":\"https:\\\/\\\/cardonaturisme.cat\\\/es\\\/cardona-acogera-el-v-congreso-internacional-sobre-la-sal\\\/#breadcrumb\"},\"inLanguage\":\"es\",\"potentialAction\":[{\"@type\":\"ReadAction\",\"target\":[\"https:\\\/\\\/cardonaturisme.cat\\\/es\\\/cardona-acogera-el-v-congreso-internacional-sobre-la-sal\\\/\"]}]},{\"@type\":\"ImageObject\",\"inLanguage\":\"es\",\"@id\":\"https:\\\/\\\/cardonaturisme.cat\\\/es\\\/cardona-acogera-el-v-congreso-internacional-sobre-la-sal\\\/#primaryimage\",\"url\":\"https:\\\/\\\/cardonaturisme.cat\\\/wp-content\\\/uploads\\\/2026\\\/01\\\/cong.png\",\"contentUrl\":\"https:\\\/\\\/cardonaturisme.cat\\\/wp-content\\\/uploads\\\/2026\\\/01\\\/cong.png\",\"width\":1748,\"height\":1240},{\"@type\":\"BreadcrumbList\",\"@id\":\"https:\\\/\\\/cardonaturisme.cat\\\/es\\\/cardona-acogera-el-v-congreso-internacional-sobre-la-sal\\\/#breadcrumb\",\"itemListElement\":[{\"@type\":\"ListItem\",\"position\":1,\"name\":\"Inici\",\"item\":\"https:\\\/\\\/cardonaturisme.cat\\\/es\\\/\"},{\"@type\":\"ListItem\",\"position\":2,\"name\":\"Cardona acoger\u00e1 el V Congreso internacional sobre la sal\"}]},{\"@type\":\"WebSite\",\"@id\":\"https:\\\/\\\/cardonaturisme.cat\\\/es\\\/#website\",\"url\":\"https:\\\/\\\/cardonaturisme.cat\\\/es\\\/\",\"name\":\"Cardona Turisme\",\"description\":\"La teva hist\u00f2ria\",\"publisher\":{\"@id\":\"https:\\\/\\\/cardonaturisme.cat\\\/es\\\/#organization\"},\"potentialAction\":[{\"@type\":\"SearchAction\",\"target\":{\"@type\":\"EntryPoint\",\"urlTemplate\":\"https:\\\/\\\/cardonaturisme.cat\\\/es\\\/?s={search_term_string}\"},\"query-input\":{\"@type\":\"PropertyValueSpecification\",\"valueRequired\":true,\"valueName\":\"search_term_string\"}}],\"inLanguage\":\"es\"},{\"@type\":\"Organization\",\"@id\":\"https:\\\/\\\/cardonaturisme.cat\\\/es\\\/#organization\",\"name\":\"Cardona Turisme\",\"url\":\"https:\\\/\\\/cardonaturisme.cat\\\/es\\\/\",\"logo\":{\"@type\":\"ImageObject\",\"inLanguage\":\"es\",\"@id\":\"https:\\\/\\\/cardonaturisme.cat\\\/es\\\/#\\\/schema\\\/logo\\\/image\\\/\",\"url\":\"https:\\\/\\\/cardonaturisme.cat\\\/wp-content\\\/uploads\\\/2023\\\/10\\\/logo-vermell-cardonaturisme.svg\",\"contentUrl\":\"https:\\\/\\\/cardonaturisme.cat\\\/wp-content\\\/uploads\\\/2023\\\/10\\\/logo-vermell-cardonaturisme.svg\",\"caption\":\"Cardona Turisme\"},\"image\":{\"@id\":\"https:\\\/\\\/cardonaturisme.cat\\\/es\\\/#\\\/schema\\\/logo\\\/image\\\/\"},\"sameAs\":[\"https:\\\/\\\/www.facebook.com\\\/p\\\/Fundaci-Cardona-Histrica-100063704192069\\\/\",\"https:\\\/\\\/x.com\\\/cardonaturisme\"]},{\"@type\":\"Person\",\"@id\":\"https:\\\/\\\/cardonaturisme.cat\\\/es\\\/#\\\/schema\\\/person\\\/a4ad9240e9eb6be86bca75b9b22d5dbe\",\"name\":\"Oficina de Turisme\",\"image\":{\"@type\":\"ImageObject\",\"inLanguage\":\"es\",\"@id\":\"https:\\\/\\\/secure.gravatar.com\\\/avatar\\\/44f4b38da71b7993f226c2e17c804b05b1a571c9a4a027ad8abbe755ff8eba78?s=96&d=mm&r=g\",\"url\":\"https:\\\/\\\/secure.gravatar.com\\\/avatar\\\/44f4b38da71b7993f226c2e17c804b05b1a571c9a4a027ad8abbe755ff8eba78?s=96&d=mm&r=g\",\"contentUrl\":\"https:\\\/\\\/secure.gravatar.com\\\/avatar\\\/44f4b38da71b7993f226c2e17c804b05b1a571c9a4a027ad8abbe755ff8eba78?s=96&d=mm&r=g\",\"caption\":\"Oficina de Turisme\"},\"url\":\"https:\\\/\\\/cardonaturisme.cat\\\/es\\\/author\\\/admin-ot\\\/\"}]}<\/script>\n<!-- \/ Yoast SEO plugin. -->","yoast_head_json":{"title":"Cardona acoger\u00e1 el V Congreso internacional sobre la sal - Cardona Turisme","description":"Organizado per las sociedades cient\u00edficas SEDPGYM y SIGMADOT y la Fundaci\u00f3n Cardona Hist\u00f3rica, diferentes expertos reflexionaran sobre la explotaci\u00f3n de la sal. Se celebrar\u00e1 del 4 al 7 de junio, coincidiendo con la Fiesta de la Sal y con la conmemoraci\u00f3n de los 100 a\u00f1os de la apertura de los pozos de la mina de Cardona","robots":{"index":"index","follow":"follow","max-snippet":"max-snippet:-1","max-image-preview":"max-image-preview:large","max-video-preview":"max-video-preview:-1"},"canonical":"https:\/\/cardonaturisme.cat\/es\/cardona-acogera-el-v-congreso-internacional-sobre-la-sal\/","og_locale":"es_ES","og_type":"article","og_title":"Cardona acoger\u00e1 el V Congreso internacional sobre la sal - Cardona Turisme","og_description":"Organizado per las sociedades cient\u00edficas SEDPGYM y SIGMADOT y la Fundaci\u00f3n Cardona Hist\u00f3rica, diferentes expertos reflexionaran sobre la explotaci\u00f3n de la sal. Se celebrar\u00e1 del 4 al 7 de junio, coincidiendo con la Fiesta de la Sal y con la conmemoraci\u00f3n de los 100 a\u00f1os de la apertura de los pozos de la mina de Cardona","og_url":"https:\/\/cardonaturisme.cat\/es\/cardona-acogera-el-v-congreso-internacional-sobre-la-sal\/","og_site_name":"Cardona Turisme","article_publisher":"https:\/\/www.facebook.com\/p\/Fundaci-Cardona-Histrica-100063704192069\/","article_published_time":"2026-03-26T09:01:12+00:00","og_image":[{"width":1024,"height":726,"url":"https:\/\/cardonaturisme.cat\/wp-content\/uploads\/2026\/01\/cong-1024x726.png","type":"image\/png"}],"author":"Oficina de Turisme","twitter_card":"summary_large_image","twitter_creator":"@cardonaturisme","twitter_site":"@cardonaturisme","twitter_misc":{"Escrito por":"Oficina de Turisme","Tiempo de lectura":"4 minutos"},"schema":{"@context":"https:\/\/schema.org","@graph":[{"@type":"Article","@id":"https:\/\/cardonaturisme.cat\/es\/cardona-acogera-el-v-congreso-internacional-sobre-la-sal\/#article","isPartOf":{"@id":"https:\/\/cardonaturisme.cat\/es\/cardona-acogera-el-v-congreso-internacional-sobre-la-sal\/"},"author":{"name":"Oficina de Turisme","@id":"https:\/\/cardonaturisme.cat\/es\/#\/schema\/person\/a4ad9240e9eb6be86bca75b9b22d5dbe"},"headline":"Cardona acoger\u00e1 el V Congreso internacional sobre la sal","datePublished":"2026-03-26T09:01:12+00:00","mainEntityOfPage":{"@id":"https:\/\/cardonaturisme.cat\/es\/cardona-acogera-el-v-congreso-internacional-sobre-la-sal\/"},"wordCount":673,"publisher":{"@id":"https:\/\/cardonaturisme.cat\/es\/#organization"},"image":{"@id":"https:\/\/cardonaturisme.cat\/es\/cardona-acogera-el-v-congreso-internacional-sobre-la-sal\/#primaryimage"},"thumbnailUrl":"https:\/\/cardonaturisme.cat\/wp-content\/uploads\/2026\/01\/cong.png","keywords":["Cardona","Monta\u00f1a de Sal","Sal de Cardona"],"articleSection":["noticias"],"inLanguage":"es"},{"@type":"WebPage","@id":"https:\/\/cardonaturisme.cat\/es\/cardona-acogera-el-v-congreso-internacional-sobre-la-sal\/","url":"https:\/\/cardonaturisme.cat\/es\/cardona-acogera-el-v-congreso-internacional-sobre-la-sal\/","name":"Cardona acoger\u00e1 el V Congreso internacional sobre la sal - Cardona Turisme","isPartOf":{"@id":"https:\/\/cardonaturisme.cat\/es\/#website"},"primaryImageOfPage":{"@id":"https:\/\/cardonaturisme.cat\/es\/cardona-acogera-el-v-congreso-internacional-sobre-la-sal\/#primaryimage"},"image":{"@id":"https:\/\/cardonaturisme.cat\/es\/cardona-acogera-el-v-congreso-internacional-sobre-la-sal\/#primaryimage"},"thumbnailUrl":"https:\/\/cardonaturisme.cat\/wp-content\/uploads\/2026\/01\/cong.png","datePublished":"2026-03-26T09:01:12+00:00","description":"Organizado per las sociedades cient\u00edficas SEDPGYM y SIGMADOT y la Fundaci\u00f3n Cardona Hist\u00f3rica, diferentes expertos reflexionaran sobre la explotaci\u00f3n de la sal. Se celebrar\u00e1 del 4 al 7 de junio, coincidiendo con la Fiesta de la Sal y con la conmemoraci\u00f3n de los 100 a\u00f1os de la apertura de los pozos de la mina de Cardona","breadcrumb":{"@id":"https:\/\/cardonaturisme.cat\/es\/cardona-acogera-el-v-congreso-internacional-sobre-la-sal\/#breadcrumb"},"inLanguage":"es","potentialAction":[{"@type":"ReadAction","target":["https:\/\/cardonaturisme.cat\/es\/cardona-acogera-el-v-congreso-internacional-sobre-la-sal\/"]}]},{"@type":"ImageObject","inLanguage":"es","@id":"https:\/\/cardonaturisme.cat\/es\/cardona-acogera-el-v-congreso-internacional-sobre-la-sal\/#primaryimage","url":"https:\/\/cardonaturisme.cat\/wp-content\/uploads\/2026\/01\/cong.png","contentUrl":"https:\/\/cardonaturisme.cat\/wp-content\/uploads\/2026\/01\/cong.png","width":1748,"height":1240},{"@type":"BreadcrumbList","@id":"https:\/\/cardonaturisme.cat\/es\/cardona-acogera-el-v-congreso-internacional-sobre-la-sal\/#breadcrumb","itemListElement":[{"@type":"ListItem","position":1,"name":"Inici","item":"https:\/\/cardonaturisme.cat\/es\/"},{"@type":"ListItem","position":2,"name":"Cardona acoger\u00e1 el V Congreso internacional sobre la sal"}]},{"@type":"WebSite","@id":"https:\/\/cardonaturisme.cat\/es\/#website","url":"https:\/\/cardonaturisme.cat\/es\/","name":"Cardona Turisme","description":"La teva hist\u00f2ria","publisher":{"@id":"https:\/\/cardonaturisme.cat\/es\/#organization"},"potentialAction":[{"@type":"SearchAction","target":{"@type":"EntryPoint","urlTemplate":"https:\/\/cardonaturisme.cat\/es\/?s={search_term_string}"},"query-input":{"@type":"PropertyValueSpecification","valueRequired":true,"valueName":"search_term_string"}}],"inLanguage":"es"},{"@type":"Organization","@id":"https:\/\/cardonaturisme.cat\/es\/#organization","name":"Cardona Turisme","url":"https:\/\/cardonaturisme.cat\/es\/","logo":{"@type":"ImageObject","inLanguage":"es","@id":"https:\/\/cardonaturisme.cat\/es\/#\/schema\/logo\/image\/","url":"https:\/\/cardonaturisme.cat\/wp-content\/uploads\/2023\/10\/logo-vermell-cardonaturisme.svg","contentUrl":"https:\/\/cardonaturisme.cat\/wp-content\/uploads\/2023\/10\/logo-vermell-cardonaturisme.svg","caption":"Cardona Turisme"},"image":{"@id":"https:\/\/cardonaturisme.cat\/es\/#\/schema\/logo\/image\/"},"sameAs":["https:\/\/www.facebook.com\/p\/Fundaci-Cardona-Histrica-100063704192069\/","https:\/\/x.com\/cardonaturisme"]},{"@type":"Person","@id":"https:\/\/cardonaturisme.cat\/es\/#\/schema\/person\/a4ad9240e9eb6be86bca75b9b22d5dbe","name":"Oficina de Turisme","image":{"@type":"ImageObject","inLanguage":"es","@id":"https:\/\/secure.gravatar.com\/avatar\/44f4b38da71b7993f226c2e17c804b05b1a571c9a4a027ad8abbe755ff8eba78?s=96&d=mm&r=g","url":"https:\/\/secure.gravatar.com\/avatar\/44f4b38da71b7993f226c2e17c804b05b1a571c9a4a027ad8abbe755ff8eba78?s=96&d=mm&r=g","contentUrl":"https:\/\/secure.gravatar.com\/avatar\/44f4b38da71b7993f226c2e17c804b05b1a571c9a4a027ad8abbe755ff8eba78?s=96&d=mm&r=g","caption":"Oficina de Turisme"},"url":"https:\/\/cardonaturisme.cat\/es\/author\/admin-ot\/"}]}},"_links":{"self":[{"href":"https:\/\/cardonaturisme.cat\/es\/wp-json\/wp\/v2\/posts\/21545","targetHints":{"allow":["GET"]}}],"collection":[{"href":"https:\/\/cardonaturisme.cat\/es\/wp-json\/wp\/v2\/posts"}],"about":[{"href":"https:\/\/cardonaturisme.cat\/es\/wp-json\/wp\/v2\/types\/post"}],"author":[{"embeddable":true,"href":"https:\/\/cardonaturisme.cat\/es\/wp-json\/wp\/v2\/users\/100002"}],"replies":[{"embeddable":true,"href":"https:\/\/cardonaturisme.cat\/es\/wp-json\/wp\/v2\/comments?post=21545"}],"version-history":[{"count":1,"href":"https:\/\/cardonaturisme.cat\/es\/wp-json\/wp\/v2\/posts\/21545\/revisions"}],"predecessor-version":[{"id":21546,"href":"https:\/\/cardonaturisme.cat\/es\/wp-json\/wp\/v2\/posts\/21545\/revisions\/21546"}],"wp:featuredmedia":[{"embeddable":true,"href":"https:\/\/cardonaturisme.cat\/es\/wp-json\/wp\/v2\/media\/21448"}],"wp:attachment":[{"href":"https:\/\/cardonaturisme.cat\/es\/wp-json\/wp\/v2\/media?parent=21545"}],"wp:term":[{"taxonomy":"category","embeddable":true,"href":"https:\/\/cardonaturisme.cat\/es\/wp-json\/wp\/v2\/categories?post=21545"},{"taxonomy":"post_tag","embeddable":true,"href":"https:\/\/cardonaturisme.cat\/es\/wp-json\/wp\/v2\/tags?post=21545"}],"curies":[{"name":"wp","href":"https:\/\/api.w.org\/{rel}","templated":true}]}}