{"id":21332,"date":"2026-01-07T13:09:32","date_gmt":"2026-01-07T12:09:32","guid":{"rendered":"https:\/\/cardonaturisme.cat\/?p=21332"},"modified":"2026-01-07T13:33:58","modified_gmt":"2026-01-07T12:33:58","slug":"cardona-incrementa-en-un-136-los-tiques-turisticos-vendidos-obteniendo-los-mejores-resultados-de-los-ultimos-anos","status":"publish","type":"post","link":"https:\/\/cardonaturisme.cat\/es\/cardona-incrementa-en-un-136-los-tiques-turisticos-vendidos-obteniendo-los-mejores-resultados-de-los-ultimos-anos\/","title":{"rendered":"Cardona incrementa en un 13,6% los tiques tur\u00edsticos vendidos, los mejores resultados de los \u00faltimos a\u00f1os"},"content":{"rendered":"\n<figure class=\"wp-block-image size-large\"><img fetchpriority=\"high\" decoding=\"async\" width=\"1024\" height=\"681\" src=\"https:\/\/cardonaturisme.cat\/wp-content\/uploads\/2025\/10\/DSC7127-1024x681.jpg\" alt=\"\" class=\"wp-image-21243\" srcset=\"https:\/\/cardonaturisme.cat\/wp-content\/uploads\/2025\/10\/DSC7127-1024x681.jpg 1024w, https:\/\/cardonaturisme.cat\/wp-content\/uploads\/2025\/10\/DSC7127-300x200.jpg 300w, https:\/\/cardonaturisme.cat\/wp-content\/uploads\/2025\/10\/DSC7127-768x511.jpg 768w, https:\/\/cardonaturisme.cat\/wp-content\/uploads\/2025\/10\/DSC7127-1536x1022.jpg 1536w, https:\/\/cardonaturisme.cat\/wp-content\/uploads\/2025\/10\/DSC7127-2048x1363.jpg 2048w\" sizes=\"(max-width: 1024px) 100vw, 1024px\" \/><\/figure>\n\n\n\n<p><strong>\u2022 En total, la Fundaci\u00f3n Cardona Hist\u00f3rica ha realizado 114.000 servicios tur\u00edsticos en 2025<\/strong><\/p>\n\n\n\n<p><strong>\u2022 El Parque Cultural de la Monta\u00f1a de Sal es el espacio m\u00e1s visitado con 71.000 tiques<\/strong><\/p>\n\n\n\n<p><strong>\u2022 El Castillo ha alcanzado un incremento de visitantes del 19,5% respecto al 2024<\/strong><\/p>\n\n\n\n<p>La Fundaci\u00f3n Cardona Hist\u00f3rica (FCH), entidad que gestiona el turismo en la villa ducal, ha cerrado el 2025 con un total de 114.000 servicios tur\u00edsticos realizados, lo que representa un incremento del 16,75% respecto al 2024.<\/p>\n\n\n\n<p>En cuanto a los tiques tur\u00edsticos, se han vendido 103.412, un 13,6% m\u00e1s que en 2024. Estos resultados son los mejores del \u00faltimo lustro.<\/p>\n\n\n\n<p>El Parque Cultural de la Monta\u00f1a de Sal (PCMS) sigue siendo el espacio m\u00e1s visitado con casi 71.000 tiques vendidos, cifra que representa un incremento del 10,8% respecto al 2024.<\/p>\n\n\n\n<p>Sin embargo, el Castillo de Cardona ha sido el atractivo tur\u00edstico que m\u00e1s ha crecido en t\u00e9rminos relativos, con un incremento del 19,5%.<\/p>\n\n\n\n<p>Por su parte, casi 3.000 personas han realizado la visita guiada del centro hist\u00f3rico de Cardona, cifra que tambi\u00e9n ha aumentado respecto a 2024.<\/p>\n\n\n\n<figure class=\"wp-block-image size-large\"><img decoding=\"async\" width=\"1024\" height=\"683\" src=\"https:\/\/cardonaturisme.cat\/wp-content\/uploads\/2025\/08\/festa-sal-2025-22-1024x683.jpg\" alt=\"\" class=\"wp-image-19905\" srcset=\"https:\/\/cardonaturisme.cat\/wp-content\/uploads\/2025\/08\/festa-sal-2025-22-1024x683.jpg 1024w, https:\/\/cardonaturisme.cat\/wp-content\/uploads\/2025\/08\/festa-sal-2025-22-300x200.jpg 300w, https:\/\/cardonaturisme.cat\/wp-content\/uploads\/2025\/08\/festa-sal-2025-22-768x512.jpg 768w, https:\/\/cardonaturisme.cat\/wp-content\/uploads\/2025\/08\/festa-sal-2025-22-1536x1024.jpg 1536w, https:\/\/cardonaturisme.cat\/wp-content\/uploads\/2025\/08\/festa-sal-2025-22-2048x1366.jpg 2048w\" sizes=\"(max-width: 1024px) 100vw, 1024px\" \/><\/figure>\n\n\n\n<p><strong>Nuevas visitas<\/strong><\/p>\n\n\n\n<p>En 2025 ha contado con la realizaci\u00f3n de nuevas visitas guiadas que ampl\u00edan la oferta tur\u00edstica de Cardona como, por ejemplo, Las se\u00f1oras de Cardona, una visita al centro hist\u00f3rico, en clave femenina; o la de la Casa Combelles, una joya arquitect\u00f3nica del s-XVII abierta al p\u00fablico gracias a un acuerdo entre la FCH y la propiedad.<\/p>\n\n\n\n<p>Adem\u00e1s, se han vuelto a programar visitas tem\u00e1ticas como la de Orson Welles, los atardeceres y la Navidad Medieval, todas ellas en el Castillo de Cardona; o los secretos de la Cardona Medieval, en el centro hist\u00f3rico.<\/p>\n\n\n\n<p>\u201cTodo ello pone de relieve la gran oferta tur\u00edstica que ofrece Cardona y que permite atraer a miles de visitantes cada a\u00f1o\u201d, asegura Francesc Ponsa, director general de la FCH.<\/p>\n\n\n\n<p>La Semana Santa de 2025 tambi\u00e9n fue muy positiva. La FCH ofreci\u00f3 m\u00e1s de 260 visitas guiadas y se vendieron m\u00e1s de 7.000 tiques tur\u00edsticos. Concretamente, el viernes santo signific\u00f3 el pico m\u00e1s alto de visitantes de los \u00faltimos 14 a\u00f1os con m\u00e1s de 1.500 tiques vendidos en un solo d\u00eda.<\/p>\n\n\n\n<figure class=\"wp-block-image size-large\"><img decoding=\"async\" width=\"1024\" height=\"687\" src=\"https:\/\/cardonaturisme.cat\/wp-content\/uploads\/2025\/10\/Xarxa_Productes-Sal_Cardona_2G7A0609-1024x687.jpg\" alt=\"\" class=\"wp-image-20161\" srcset=\"https:\/\/cardonaturisme.cat\/wp-content\/uploads\/2025\/10\/Xarxa_Productes-Sal_Cardona_2G7A0609-1024x687.jpg 1024w, https:\/\/cardonaturisme.cat\/wp-content\/uploads\/2025\/10\/Xarxa_Productes-Sal_Cardona_2G7A0609-300x201.jpg 300w, https:\/\/cardonaturisme.cat\/wp-content\/uploads\/2025\/10\/Xarxa_Productes-Sal_Cardona_2G7A0609-768x516.jpg 768w, https:\/\/cardonaturisme.cat\/wp-content\/uploads\/2025\/10\/Xarxa_Productes-Sal_Cardona_2G7A0609-1536x1031.jpg 1536w, https:\/\/cardonaturisme.cat\/wp-content\/uploads\/2025\/10\/Xarxa_Productes-Sal_Cardona_2G7A0609-2048x1375.jpg 2048w\" sizes=\"(max-width: 1024px) 100vw, 1024px\" \/><\/figure>\n\n\n\n<p><strong>Impulso a la sal<\/strong><\/p>\n\n\n\n<p>La sal de Cardona ha sido una de las grandes protagonistas del a\u00f1o. Por un lado, la sal cardonina se incorpor\u00f3 a la lista de productos singulares de las comarcas de Barcelona de la Red de Productos de la Tierra que impulsa la Diputaci\u00f3n de Barcelona. Este tipo de productos tienen unas caracter\u00edsticas propias y excepcionales y est\u00e1n enraizados en un territorio concreto.<\/p>\n\n\n\n<p>Por otra parte, la FCH inaugur\u00f3 el Obrador de la Sal de Cardona en el recinto del Parque Cultural de la Monta\u00f1a de Sal. Este espacio ha permitido un impulso a la comercializaci\u00f3n de la sal como producto gourmet, pasando de una producci\u00f3n inicial de 1.500 molinillos en 2022 a cerrar 2025 con 14.000.<\/p>\n\n\n\n<p>Tambi\u00e9n se ha publicado la Gu\u00eda de la Sal de Cardona, una nueva publicaci\u00f3n impulsada por el Consejo Comarcal del Bages en el marco de los proyectos del Despensa del Bages y del Geoparque Mundial UNESCO de la Catalu\u00f1a Central.<\/p>\n\n\n\n<p>\u00abA pesar de ser del sector de la sal, nos encontramos en un momento muy dulce en cuanto a la potenciaci\u00f3n del relato hist\u00f3rico de la sal de Cardona como para la comercializaci\u00f3n de la sal como producto gourmet\u00bb, apunta Francesc Ponsa.<\/p>\n\n\n\n<p><strong>Nuevos retos<\/strong><\/p>\n\n\n\n<p>De cara a 2026, la FCH quiere potenciar el turismo de reuniones y el de pantalla para atraer visitantes en \u00e9poca de baja estacionalidad.<\/p>\n\n\n\n<p>De la misma forma, se potenciar\u00e1 el \u00e1rea de autocaravanas de la Coromina para dar respuesta al crecimiento de este tipo de turismo.<\/p>\n\n\n\n<p>Tambi\u00e9n se seguir\u00e1 diversificando la oferta de visitas para que Cardona sea siendo un destino din\u00e1mico y atractivo. \u00abEstamos satisfechos con el crecimiento de visitantes y del impacto econ\u00f3mico sobre el territorio, pero todav\u00eda nos queda margen de mejora para alcanzar las cifras prepandemia de 2019, el a\u00f1o de m\u00e1s visitantes en Cardona. Seguiremos trabajando en esta l\u00ednea\u00bb, afirma Francesc Ponsa.<\/p>\n","protected":false},"excerpt":{"rendered":"<p>\u2022 En total, la Fundaci\u00f3n Cardona Hist\u00f3rica ha realizado 114.000 servicios tur\u00edsticos en 2025 \u2022 El Parque Cultural de la Monta\u00f1a de Sal es el espacio m\u00e1s visitado con 71.000 tiques \u2022 El Castillo ha alcanzado un incremento de visitantes del 19,5% respecto al 2024 La Fundaci\u00f3n Cardona Hist\u00f3rica (FCH), entidad que gestiona el turismo [&hellip;]<\/p>\n","protected":false},"author":100001,"featured_media":21215,"comment_status":"closed","ping_status":"closed","sticky":false,"template":"","format":"standard","meta":{"_acf_changed":false,"footnotes":""},"categories":[143],"tags":[144,255,267],"class_list":["post-21332","post","type-post","status-publish","format-standard","has-post-thumbnail","hentry","category-noticias","tag-cardona-es","tag-montana-de-sal","tag-sal-de-cardona"],"acf":[],"yoast_head":"<!-- This site is optimized with the Yoast SEO plugin v27.4 - https:\/\/yoast.com\/product\/yoast-seo-wordpress\/ -->\n<title>Cardona incrementa en un 13,6% los tiques tur\u00edsticos vendidos, los mejores resultados de los \u00faltimos a\u00f1os - Cardona Turisme<\/title>\n<meta name=\"robots\" content=\"index, follow, max-snippet:-1, max-image-preview:large, max-video-preview:-1\" \/>\n<link rel=\"canonical\" href=\"https:\/\/cardonaturisme.cat\/es\/cardona-incrementa-en-un-136-los-tiques-turisticos-vendidos-obteniendo-los-mejores-resultados-de-los-ultimos-anos\/\" \/>\n<meta property=\"og:locale\" content=\"es_ES\" \/>\n<meta property=\"og:type\" content=\"article\" \/>\n<meta property=\"og:title\" content=\"Cardona incrementa en un 13,6% los tiques tur\u00edsticos vendidos, los mejores resultados de los \u00faltimos a\u00f1os - Cardona Turisme\" \/>\n<meta property=\"og:description\" content=\"\u2022 En total, la Fundaci\u00f3n Cardona Hist\u00f3rica ha realizado 114.000 servicios tur\u00edsticos en 2025 \u2022 El Parque Cultural de la Monta\u00f1a de Sal es el espacio m\u00e1s visitado con 71.000 tiques \u2022 El Castillo ha alcanzado un incremento de visitantes del 19,5% respecto al 2024 La Fundaci\u00f3n Cardona Hist\u00f3rica (FCH), entidad que gestiona el turismo [&hellip;]\" \/>\n<meta property=\"og:url\" content=\"https:\/\/cardonaturisme.cat\/es\/cardona-incrementa-en-un-136-los-tiques-turisticos-vendidos-obteniendo-los-mejores-resultados-de-los-ultimos-anos\/\" \/>\n<meta property=\"og:site_name\" content=\"Cardona Turisme\" \/>\n<meta property=\"article:publisher\" content=\"https:\/\/www.facebook.com\/p\/Fundaci-Cardona-Histrica-100063704192069\/\" \/>\n<meta property=\"article:published_time\" content=\"2026-01-07T12:09:32+00:00\" \/>\n<meta property=\"article:modified_time\" content=\"2026-01-07T12:33:58+00:00\" \/>\n<meta property=\"og:image\" content=\"https:\/\/cardonaturisme.cat\/wp-content\/uploads\/2025\/10\/DSC6114-scaled.jpg\" \/>\n\t<meta property=\"og:image:width\" content=\"2560\" \/>\n\t<meta property=\"og:image:height\" content=\"1703\" \/>\n\t<meta property=\"og:image:type\" content=\"image\/jpeg\" \/>\n<meta name=\"author\" content=\"Direcci\u00f3 Cardona Turisme\" \/>\n<meta name=\"twitter:card\" content=\"summary_large_image\" \/>\n<meta name=\"twitter:creator\" content=\"@cardonaturisme\" \/>\n<meta name=\"twitter:site\" content=\"@cardonaturisme\" \/>\n<meta name=\"twitter:label1\" content=\"Escrito por\" \/>\n\t<meta name=\"twitter:data1\" content=\"Direcci\u00f3 Cardona Turisme\" \/>\n\t<meta name=\"twitter:label2\" content=\"Tiempo de lectura\" \/>\n\t<meta name=\"twitter:data2\" content=\"5 minutos\" \/>\n<script type=\"application\/ld+json\" class=\"yoast-schema-graph\">{\"@context\":\"https:\\\/\\\/schema.org\",\"@graph\":[{\"@type\":\"Article\",\"@id\":\"https:\\\/\\\/cardonaturisme.cat\\\/es\\\/cardona-incrementa-en-un-136-los-tiques-turisticos-vendidos-obteniendo-los-mejores-resultados-de-los-ultimos-anos\\\/#article\",\"isPartOf\":{\"@id\":\"https:\\\/\\\/cardonaturisme.cat\\\/es\\\/cardona-incrementa-en-un-136-los-tiques-turisticos-vendidos-obteniendo-los-mejores-resultados-de-los-ultimos-anos\\\/\"},\"author\":{\"name\":\"Direcci\u00f3 Cardona Turisme\",\"@id\":\"https:\\\/\\\/cardonaturisme.cat\\\/es\\\/#\\\/schema\\\/person\\\/acdd00306fa5609efc474d9400858493\"},\"headline\":\"Cardona incrementa en un 13,6% los tiques tur\u00edsticos vendidos, los mejores resultados de los \u00faltimos a\u00f1os\",\"datePublished\":\"2026-01-07T12:09:32+00:00\",\"dateModified\":\"2026-01-07T12:33:58+00:00\",\"mainEntityOfPage\":{\"@id\":\"https:\\\/\\\/cardonaturisme.cat\\\/es\\\/cardona-incrementa-en-un-136-los-tiques-turisticos-vendidos-obteniendo-los-mejores-resultados-de-los-ultimos-anos\\\/\"},\"wordCount\":714,\"publisher\":{\"@id\":\"https:\\\/\\\/cardonaturisme.cat\\\/es\\\/#organization\"},\"image\":{\"@id\":\"https:\\\/\\\/cardonaturisme.cat\\\/es\\\/cardona-incrementa-en-un-136-los-tiques-turisticos-vendidos-obteniendo-los-mejores-resultados-de-los-ultimos-anos\\\/#primaryimage\"},\"thumbnailUrl\":\"https:\\\/\\\/cardonaturisme.cat\\\/wp-content\\\/uploads\\\/2025\\\/10\\\/DSC6114-scaled.jpg\",\"keywords\":[\"Cardona\",\"Monta\u00f1a de Sal\",\"Sal de Cardona\"],\"articleSection\":[\"noticias\"],\"inLanguage\":\"es\"},{\"@type\":\"WebPage\",\"@id\":\"https:\\\/\\\/cardonaturisme.cat\\\/es\\\/cardona-incrementa-en-un-136-los-tiques-turisticos-vendidos-obteniendo-los-mejores-resultados-de-los-ultimos-anos\\\/\",\"url\":\"https:\\\/\\\/cardonaturisme.cat\\\/es\\\/cardona-incrementa-en-un-136-los-tiques-turisticos-vendidos-obteniendo-los-mejores-resultados-de-los-ultimos-anos\\\/\",\"name\":\"Cardona incrementa en un 13,6% los tiques tur\u00edsticos vendidos, los mejores resultados de los \u00faltimos a\u00f1os - Cardona Turisme\",\"isPartOf\":{\"@id\":\"https:\\\/\\\/cardonaturisme.cat\\\/es\\\/#website\"},\"primaryImageOfPage\":{\"@id\":\"https:\\\/\\\/cardonaturisme.cat\\\/es\\\/cardona-incrementa-en-un-136-los-tiques-turisticos-vendidos-obteniendo-los-mejores-resultados-de-los-ultimos-anos\\\/#primaryimage\"},\"image\":{\"@id\":\"https:\\\/\\\/cardonaturisme.cat\\\/es\\\/cardona-incrementa-en-un-136-los-tiques-turisticos-vendidos-obteniendo-los-mejores-resultados-de-los-ultimos-anos\\\/#primaryimage\"},\"thumbnailUrl\":\"https:\\\/\\\/cardonaturisme.cat\\\/wp-content\\\/uploads\\\/2025\\\/10\\\/DSC6114-scaled.jpg\",\"datePublished\":\"2026-01-07T12:09:32+00:00\",\"dateModified\":\"2026-01-07T12:33:58+00:00\",\"breadcrumb\":{\"@id\":\"https:\\\/\\\/cardonaturisme.cat\\\/es\\\/cardona-incrementa-en-un-136-los-tiques-turisticos-vendidos-obteniendo-los-mejores-resultados-de-los-ultimos-anos\\\/#breadcrumb\"},\"inLanguage\":\"es\",\"potentialAction\":[{\"@type\":\"ReadAction\",\"target\":[\"https:\\\/\\\/cardonaturisme.cat\\\/es\\\/cardona-incrementa-en-un-136-los-tiques-turisticos-vendidos-obteniendo-los-mejores-resultados-de-los-ultimos-anos\\\/\"]}]},{\"@type\":\"ImageObject\",\"inLanguage\":\"es\",\"@id\":\"https:\\\/\\\/cardonaturisme.cat\\\/es\\\/cardona-incrementa-en-un-136-los-tiques-turisticos-vendidos-obteniendo-los-mejores-resultados-de-los-ultimos-anos\\\/#primaryimage\",\"url\":\"https:\\\/\\\/cardonaturisme.cat\\\/wp-content\\\/uploads\\\/2025\\\/10\\\/DSC6114-scaled.jpg\",\"contentUrl\":\"https:\\\/\\\/cardonaturisme.cat\\\/wp-content\\\/uploads\\\/2025\\\/10\\\/DSC6114-scaled.jpg\",\"width\":2560,\"height\":1703},{\"@type\":\"BreadcrumbList\",\"@id\":\"https:\\\/\\\/cardonaturisme.cat\\\/es\\\/cardona-incrementa-en-un-136-los-tiques-turisticos-vendidos-obteniendo-los-mejores-resultados-de-los-ultimos-anos\\\/#breadcrumb\",\"itemListElement\":[{\"@type\":\"ListItem\",\"position\":1,\"name\":\"Inici\",\"item\":\"https:\\\/\\\/cardonaturisme.cat\\\/es\\\/\"},{\"@type\":\"ListItem\",\"position\":2,\"name\":\"Cardona incrementa en un 13,6% los tiques tur\u00edsticos vendidos, los mejores resultados de los \u00faltimos a\u00f1os\"}]},{\"@type\":\"WebSite\",\"@id\":\"https:\\\/\\\/cardonaturisme.cat\\\/es\\\/#website\",\"url\":\"https:\\\/\\\/cardonaturisme.cat\\\/es\\\/\",\"name\":\"Cardona Turisme\",\"description\":\"La teva hist\u00f2ria\",\"publisher\":{\"@id\":\"https:\\\/\\\/cardonaturisme.cat\\\/es\\\/#organization\"},\"potentialAction\":[{\"@type\":\"SearchAction\",\"target\":{\"@type\":\"EntryPoint\",\"urlTemplate\":\"https:\\\/\\\/cardonaturisme.cat\\\/es\\\/?s={search_term_string}\"},\"query-input\":{\"@type\":\"PropertyValueSpecification\",\"valueRequired\":true,\"valueName\":\"search_term_string\"}}],\"inLanguage\":\"es\"},{\"@type\":\"Organization\",\"@id\":\"https:\\\/\\\/cardonaturisme.cat\\\/es\\\/#organization\",\"name\":\"Cardona Turisme\",\"url\":\"https:\\\/\\\/cardonaturisme.cat\\\/es\\\/\",\"logo\":{\"@type\":\"ImageObject\",\"inLanguage\":\"es\",\"@id\":\"https:\\\/\\\/cardonaturisme.cat\\\/es\\\/#\\\/schema\\\/logo\\\/image\\\/\",\"url\":\"https:\\\/\\\/cardonaturisme.cat\\\/wp-content\\\/uploads\\\/2023\\\/10\\\/logo-vermell-cardonaturisme.svg\",\"contentUrl\":\"https:\\\/\\\/cardonaturisme.cat\\\/wp-content\\\/uploads\\\/2023\\\/10\\\/logo-vermell-cardonaturisme.svg\",\"caption\":\"Cardona Turisme\"},\"image\":{\"@id\":\"https:\\\/\\\/cardonaturisme.cat\\\/es\\\/#\\\/schema\\\/logo\\\/image\\\/\"},\"sameAs\":[\"https:\\\/\\\/www.facebook.com\\\/p\\\/Fundaci-Cardona-Histrica-100063704192069\\\/\",\"https:\\\/\\\/x.com\\\/cardonaturisme\"]},{\"@type\":\"Person\",\"@id\":\"https:\\\/\\\/cardonaturisme.cat\\\/es\\\/#\\\/schema\\\/person\\\/acdd00306fa5609efc474d9400858493\",\"name\":\"Direcci\u00f3 Cardona Turisme\",\"image\":{\"@type\":\"ImageObject\",\"inLanguage\":\"es\",\"@id\":\"https:\\\/\\\/secure.gravatar.com\\\/avatar\\\/e9227ef5e86275fae3b3ed801838dd4512af5c140897765dc0930a5993f9a971?s=96&d=mm&r=g\",\"url\":\"https:\\\/\\\/secure.gravatar.com\\\/avatar\\\/e9227ef5e86275fae3b3ed801838dd4512af5c140897765dc0930a5993f9a971?s=96&d=mm&r=g\",\"contentUrl\":\"https:\\\/\\\/secure.gravatar.com\\\/avatar\\\/e9227ef5e86275fae3b3ed801838dd4512af5c140897765dc0930a5993f9a971?s=96&d=mm&r=g\",\"caption\":\"Direcci\u00f3 Cardona Turisme\"},\"url\":\"https:\\\/\\\/cardonaturisme.cat\\\/es\\\/author\\\/admin-direccio\\\/\"}]}<\/script>\n<!-- \/ Yoast SEO plugin. -->","yoast_head_json":{"title":"Cardona incrementa en un 13,6% los tiques tur\u00edsticos vendidos, los mejores resultados de los \u00faltimos a\u00f1os - Cardona Turisme","robots":{"index":"index","follow":"follow","max-snippet":"max-snippet:-1","max-image-preview":"max-image-preview:large","max-video-preview":"max-video-preview:-1"},"canonical":"https:\/\/cardonaturisme.cat\/es\/cardona-incrementa-en-un-136-los-tiques-turisticos-vendidos-obteniendo-los-mejores-resultados-de-los-ultimos-anos\/","og_locale":"es_ES","og_type":"article","og_title":"Cardona incrementa en un 13,6% los tiques tur\u00edsticos vendidos, los mejores resultados de los \u00faltimos a\u00f1os - Cardona Turisme","og_description":"\u2022 En total, la Fundaci\u00f3n Cardona Hist\u00f3rica ha realizado 114.000 servicios tur\u00edsticos en 2025 \u2022 El Parque Cultural de la Monta\u00f1a de Sal es el espacio m\u00e1s visitado con 71.000 tiques \u2022 El Castillo ha alcanzado un incremento de visitantes del 19,5% respecto al 2024 La Fundaci\u00f3n Cardona Hist\u00f3rica (FCH), entidad que gestiona el turismo [&hellip;]","og_url":"https:\/\/cardonaturisme.cat\/es\/cardona-incrementa-en-un-136-los-tiques-turisticos-vendidos-obteniendo-los-mejores-resultados-de-los-ultimos-anos\/","og_site_name":"Cardona Turisme","article_publisher":"https:\/\/www.facebook.com\/p\/Fundaci-Cardona-Histrica-100063704192069\/","article_published_time":"2026-01-07T12:09:32+00:00","article_modified_time":"2026-01-07T12:33:58+00:00","og_image":[{"width":2560,"height":1703,"url":"https:\/\/cardonaturisme.cat\/wp-content\/uploads\/2025\/10\/DSC6114-scaled.jpg","type":"image\/jpeg"}],"author":"Direcci\u00f3 Cardona Turisme","twitter_card":"summary_large_image","twitter_creator":"@cardonaturisme","twitter_site":"@cardonaturisme","twitter_misc":{"Escrito por":"Direcci\u00f3 Cardona Turisme","Tiempo de lectura":"5 minutos"},"schema":{"@context":"https:\/\/schema.org","@graph":[{"@type":"Article","@id":"https:\/\/cardonaturisme.cat\/es\/cardona-incrementa-en-un-136-los-tiques-turisticos-vendidos-obteniendo-los-mejores-resultados-de-los-ultimos-anos\/#article","isPartOf":{"@id":"https:\/\/cardonaturisme.cat\/es\/cardona-incrementa-en-un-136-los-tiques-turisticos-vendidos-obteniendo-los-mejores-resultados-de-los-ultimos-anos\/"},"author":{"name":"Direcci\u00f3 Cardona Turisme","@id":"https:\/\/cardonaturisme.cat\/es\/#\/schema\/person\/acdd00306fa5609efc474d9400858493"},"headline":"Cardona incrementa en un 13,6% los tiques tur\u00edsticos vendidos, los mejores resultados de los \u00faltimos a\u00f1os","datePublished":"2026-01-07T12:09:32+00:00","dateModified":"2026-01-07T12:33:58+00:00","mainEntityOfPage":{"@id":"https:\/\/cardonaturisme.cat\/es\/cardona-incrementa-en-un-136-los-tiques-turisticos-vendidos-obteniendo-los-mejores-resultados-de-los-ultimos-anos\/"},"wordCount":714,"publisher":{"@id":"https:\/\/cardonaturisme.cat\/es\/#organization"},"image":{"@id":"https:\/\/cardonaturisme.cat\/es\/cardona-incrementa-en-un-136-los-tiques-turisticos-vendidos-obteniendo-los-mejores-resultados-de-los-ultimos-anos\/#primaryimage"},"thumbnailUrl":"https:\/\/cardonaturisme.cat\/wp-content\/uploads\/2025\/10\/DSC6114-scaled.jpg","keywords":["Cardona","Monta\u00f1a de Sal","Sal de Cardona"],"articleSection":["noticias"],"inLanguage":"es"},{"@type":"WebPage","@id":"https:\/\/cardonaturisme.cat\/es\/cardona-incrementa-en-un-136-los-tiques-turisticos-vendidos-obteniendo-los-mejores-resultados-de-los-ultimos-anos\/","url":"https:\/\/cardonaturisme.cat\/es\/cardona-incrementa-en-un-136-los-tiques-turisticos-vendidos-obteniendo-los-mejores-resultados-de-los-ultimos-anos\/","name":"Cardona incrementa en un 13,6% los tiques tur\u00edsticos vendidos, los mejores resultados de los \u00faltimos a\u00f1os - Cardona Turisme","isPartOf":{"@id":"https:\/\/cardonaturisme.cat\/es\/#website"},"primaryImageOfPage":{"@id":"https:\/\/cardonaturisme.cat\/es\/cardona-incrementa-en-un-136-los-tiques-turisticos-vendidos-obteniendo-los-mejores-resultados-de-los-ultimos-anos\/#primaryimage"},"image":{"@id":"https:\/\/cardonaturisme.cat\/es\/cardona-incrementa-en-un-136-los-tiques-turisticos-vendidos-obteniendo-los-mejores-resultados-de-los-ultimos-anos\/#primaryimage"},"thumbnailUrl":"https:\/\/cardonaturisme.cat\/wp-content\/uploads\/2025\/10\/DSC6114-scaled.jpg","datePublished":"2026-01-07T12:09:32+00:00","dateModified":"2026-01-07T12:33:58+00:00","breadcrumb":{"@id":"https:\/\/cardonaturisme.cat\/es\/cardona-incrementa-en-un-136-los-tiques-turisticos-vendidos-obteniendo-los-mejores-resultados-de-los-ultimos-anos\/#breadcrumb"},"inLanguage":"es","potentialAction":[{"@type":"ReadAction","target":["https:\/\/cardonaturisme.cat\/es\/cardona-incrementa-en-un-136-los-tiques-turisticos-vendidos-obteniendo-los-mejores-resultados-de-los-ultimos-anos\/"]}]},{"@type":"ImageObject","inLanguage":"es","@id":"https:\/\/cardonaturisme.cat\/es\/cardona-incrementa-en-un-136-los-tiques-turisticos-vendidos-obteniendo-los-mejores-resultados-de-los-ultimos-anos\/#primaryimage","url":"https:\/\/cardonaturisme.cat\/wp-content\/uploads\/2025\/10\/DSC6114-scaled.jpg","contentUrl":"https:\/\/cardonaturisme.cat\/wp-content\/uploads\/2025\/10\/DSC6114-scaled.jpg","width":2560,"height":1703},{"@type":"BreadcrumbList","@id":"https:\/\/cardonaturisme.cat\/es\/cardona-incrementa-en-un-136-los-tiques-turisticos-vendidos-obteniendo-los-mejores-resultados-de-los-ultimos-anos\/#breadcrumb","itemListElement":[{"@type":"ListItem","position":1,"name":"Inici","item":"https:\/\/cardonaturisme.cat\/es\/"},{"@type":"ListItem","position":2,"name":"Cardona incrementa en un 13,6% los tiques tur\u00edsticos vendidos, los mejores resultados de los \u00faltimos a\u00f1os"}]},{"@type":"WebSite","@id":"https:\/\/cardonaturisme.cat\/es\/#website","url":"https:\/\/cardonaturisme.cat\/es\/","name":"Cardona Turisme","description":"La teva hist\u00f2ria","publisher":{"@id":"https:\/\/cardonaturisme.cat\/es\/#organization"},"potentialAction":[{"@type":"SearchAction","target":{"@type":"EntryPoint","urlTemplate":"https:\/\/cardonaturisme.cat\/es\/?s={search_term_string}"},"query-input":{"@type":"PropertyValueSpecification","valueRequired":true,"valueName":"search_term_string"}}],"inLanguage":"es"},{"@type":"Organization","@id":"https:\/\/cardonaturisme.cat\/es\/#organization","name":"Cardona Turisme","url":"https:\/\/cardonaturisme.cat\/es\/","logo":{"@type":"ImageObject","inLanguage":"es","@id":"https:\/\/cardonaturisme.cat\/es\/#\/schema\/logo\/image\/","url":"https:\/\/cardonaturisme.cat\/wp-content\/uploads\/2023\/10\/logo-vermell-cardonaturisme.svg","contentUrl":"https:\/\/cardonaturisme.cat\/wp-content\/uploads\/2023\/10\/logo-vermell-cardonaturisme.svg","caption":"Cardona Turisme"},"image":{"@id":"https:\/\/cardonaturisme.cat\/es\/#\/schema\/logo\/image\/"},"sameAs":["https:\/\/www.facebook.com\/p\/Fundaci-Cardona-Histrica-100063704192069\/","https:\/\/x.com\/cardonaturisme"]},{"@type":"Person","@id":"https:\/\/cardonaturisme.cat\/es\/#\/schema\/person\/acdd00306fa5609efc474d9400858493","name":"Direcci\u00f3 Cardona Turisme","image":{"@type":"ImageObject","inLanguage":"es","@id":"https:\/\/secure.gravatar.com\/avatar\/e9227ef5e86275fae3b3ed801838dd4512af5c140897765dc0930a5993f9a971?s=96&d=mm&r=g","url":"https:\/\/secure.gravatar.com\/avatar\/e9227ef5e86275fae3b3ed801838dd4512af5c140897765dc0930a5993f9a971?s=96&d=mm&r=g","contentUrl":"https:\/\/secure.gravatar.com\/avatar\/e9227ef5e86275fae3b3ed801838dd4512af5c140897765dc0930a5993f9a971?s=96&d=mm&r=g","caption":"Direcci\u00f3 Cardona Turisme"},"url":"https:\/\/cardonaturisme.cat\/es\/author\/admin-direccio\/"}]}},"_links":{"self":[{"href":"https:\/\/cardonaturisme.cat\/es\/wp-json\/wp\/v2\/posts\/21332","targetHints":{"allow":["GET"]}}],"collection":[{"href":"https:\/\/cardonaturisme.cat\/es\/wp-json\/wp\/v2\/posts"}],"about":[{"href":"https:\/\/cardonaturisme.cat\/es\/wp-json\/wp\/v2\/types\/post"}],"author":[{"embeddable":true,"href":"https:\/\/cardonaturisme.cat\/es\/wp-json\/wp\/v2\/users\/100001"}],"replies":[{"embeddable":true,"href":"https:\/\/cardonaturisme.cat\/es\/wp-json\/wp\/v2\/comments?post=21332"}],"version-history":[{"count":2,"href":"https:\/\/cardonaturisme.cat\/es\/wp-json\/wp\/v2\/posts\/21332\/revisions"}],"predecessor-version":[{"id":21335,"href":"https:\/\/cardonaturisme.cat\/es\/wp-json\/wp\/v2\/posts\/21332\/revisions\/21335"}],"wp:featuredmedia":[{"embeddable":true,"href":"https:\/\/cardonaturisme.cat\/es\/wp-json\/wp\/v2\/media\/21215"}],"wp:attachment":[{"href":"https:\/\/cardonaturisme.cat\/es\/wp-json\/wp\/v2\/media?parent=21332"}],"wp:term":[{"taxonomy":"category","embeddable":true,"href":"https:\/\/cardonaturisme.cat\/es\/wp-json\/wp\/v2\/categories?post=21332"},{"taxonomy":"post_tag","embeddable":true,"href":"https:\/\/cardonaturisme.cat\/es\/wp-json\/wp\/v2\/tags?post=21332"}],"curies":[{"name":"wp","href":"https:\/\/api.w.org\/{rel}","templated":true}]}}