{"id":20968,"date":"2025-11-17T12:45:30","date_gmt":"2025-11-17T11:45:30","guid":{"rendered":"https:\/\/cardonaturisme.cat\/?p=20968"},"modified":"2025-11-17T13:10:28","modified_gmt":"2025-11-17T12:10:28","slug":"cardona-se-adhiere-a-la-nueva-red-pueblos-de-pelicula-para-impulsar-el-turismo-de-pantalla","status":"publish","type":"post","link":"https:\/\/cardonaturisme.cat\/es\/cardona-se-adhiere-a-la-nueva-red-pueblos-de-pelicula-para-impulsar-el-turismo-de-pantalla\/","title":{"rendered":"Cardona se adhiere a la nueva red \u201cPueblos de Pel\u00edcula\u201d para impulsar el turismo de pantalla"},"content":{"rendered":"\n<p><strong>\u2022 El proyecto quiere fomentar el atractivo tur\u00edstico de los municipios a trav\u00e9s del impacto de la industria audiovisual<\/strong><\/p>\n\n\n\n<p><strong>\u2022 La red cuenta con una docena de municipios colaboradores<\/strong><\/p>\n\n\n\n<p><strong>\u2022 Un 65% de los potenciales turistas de pantalla espa\u00f1oles han descubierto a alg\u00fan pueblo a trav\u00e9s de producciones audiovisuales<\/strong><\/p>\n\n\n\n<p>Cardona se ha adherido a la nueva red \u00ab<a href=\"https:\/\/www.pueblosdepelicula.com\/pueblos\/\">Pueblos de Pel\u00edcula<\/a>\u00bb con el objetivo de compartir experiencias con otros municipios que disponen de un llegado f\u00edlmico de gran valor y generar din\u00e1micas de optimizaci\u00f3n del impacto audiovisual en los territorios rurales.<\/p>\n\n\n\n<p>\u00abEl turismo de pantalla es una de las l\u00edneas que estamos potenciando en Cardona. Por un lado, a trav\u00e9s de una estrategia de captaci\u00f3n de rodajes y, por otro, con la creaci\u00f3n de productos tur\u00edsticos espec\u00edficos como la visita al Castillo de Cardona basada en el rodaje de \u201cCampanadas a medianoche\u201d de Orson Welles\u00bb, explica Francesc Ponsa, director general de la Fundaci\u00f3n Cardona Hist\u00f3rica (FCH).<\/p>\n\n\n\n<figure class=\"wp-block-image size-large\"><img fetchpriority=\"high\" decoding=\"async\" width=\"1024\" height=\"682\" src=\"https:\/\/cardonaturisme.cat\/wp-content\/uploads\/2023\/10\/Orson-Welles-2-1024x682.jpg\" alt=\"\" class=\"wp-image-18241\" srcset=\"https:\/\/cardonaturisme.cat\/wp-content\/uploads\/2023\/10\/Orson-Welles-2-1024x682.jpg 1024w, https:\/\/cardonaturisme.cat\/wp-content\/uploads\/2023\/10\/Orson-Welles-2-300x200.jpg 300w, https:\/\/cardonaturisme.cat\/wp-content\/uploads\/2023\/10\/Orson-Welles-2-768x512.jpg 768w, https:\/\/cardonaturisme.cat\/wp-content\/uploads\/2023\/10\/Orson-Welles-2-1536x1024.jpg 1536w, https:\/\/cardonaturisme.cat\/wp-content\/uploads\/2023\/10\/Orson-Welles-2.jpg 2000w\" sizes=\"(max-width: 1024px) 100vw, 1024px\" \/><\/figure>\n\n\n\n<p>\u201cPueblos de Pel\u00edcula\u201d se ha presentado p\u00fablicamente como el proyecto que agrupar\u00e1 a aquellos peque\u00f1os municipios de todo el pa\u00eds, cuyo patrimonio audiovisual es capaz de impulsar su desarrollo tur\u00edstico, cultural y econ\u00f3mico. La iniciativa se ha presentado en el marco de INTUR, Feria Internacional de Turismo de Interior, frente a profesionales del sector y autoridades.<\/p>\n\n\n\n<p>Seg\u00fan Ana Alonso, presidenta de \u201cPueblos de Pel\u00edcula\u201d, \u201cel objetivo en adelante es conseguir que todos los pueblos con este perfil puedan adquirir mayor protagonismo a trav\u00e9s de la red\u201d.<\/p>\n\n\n\n<p><strong>Doce municipios de pel\u00edcula<\/strong><\/p>\n\n\n\n<p>La Red se funda con una docena de pueblos que representen esta filosof\u00eda: desde Alfoz de Lloredo en Cantabria, cuyos acantilados son un escenario habitual de numerosas campa\u00f1as publicitarias; hasta Ayna (Albacete), el hogar de los fans de la pel\u00edcula de culto \u201cAmanece que no es poco\u201d; pasando por Covarrubias (Burgos), que no ha acogido ning\u00fan rodaje por el momento, pero acoge el Museo Carlo Simi, dedicado al escen\u00f3grafo de muchas pel\u00edculas de Sergio Leone.<\/p>\n\n\n\n<p>A la lista se suman Bielsa (Huesca), que fue escenario de \u201cPalmeras en la nieve\u201d, y Cardona (Barcelona), que acoge el castillo de las \u201cCampanadas a Medianoche\u201d de Orson Welles. En el caso de Comillas (Cantabria), es una villa marinera con un extenso llegado f\u00edlmico, que va desde la comedia \u201cPrimos\u201d hasta el rodaje la \u00faltima pel\u00edcula de los Javis. En Loarre (Huesca), su castillo ha sido escenario de pel\u00edculas como \u201cEl reino del cielo\u201d o \u201cIrati\u201d.<\/p>\n\n\n\n<p>Por su parte, Malpartida de C\u00e1ceres (C\u00e1ceres) vivi\u00f3 la llegada de una gran producci\u00f3n para rodar la mayor escena \u00e9pica de todos los tiempos, gracias a la serie \u201cJuego de Tronos\u201d. Si hablamos de San Domingo de Silos (Burgos) encontramos el ic\u00f3nico cementerio de \u201cSad Hill\u201d, donde se enfrentaron en su duelo final \u201cEl bueno, el feo y el mal\u201d.<\/p>\n\n\n\n<p>Asimismo, Tabernas (Almer\u00eda) tiene un v\u00ednculo con casi todos los westerns filmados en Espa\u00f1a, pero tambi\u00e9n con Indiana Jones o la m\u00e1s reciente \u201cThe Crown\u201d, entre otros.<\/p>\n\n\n\n<p>En el caso de Torrelaguna (Madrid), ha sido testigo del drama protagonizado por Pen\u00e9lope Cruz y Javier Bardem en \u00abTodos lo saben\u00bb. Y cierra el grupo Tossa de Mar, que homenajea con su m\u00edtica estatua de Ava Gadner el paso de la diva por esta bonita localidad costera para filmar \u201cPandora y el holand\u00e9s errante\u201d.<\/p>\n\n\n\n<p>A lo largo de 2026 la Red prev\u00e9 celebrar varios encuentros online y presenciales para impulsar las sinergias entre estos municipios, que ya apoyan la iniciativa, y todos los que se vayan incorporando.<\/p>\n\n\n\n<figure class=\"wp-block-image size-full\"><img decoding=\"async\" width=\"900\" height=\"599\" src=\"https:\/\/cardonaturisme.cat\/wp-content\/uploads\/2025\/10\/Malnazidos-5.jpg\" alt=\"\" class=\"wp-image-20205\" srcset=\"https:\/\/cardonaturisme.cat\/wp-content\/uploads\/2025\/10\/Malnazidos-5.jpg 900w, https:\/\/cardonaturisme.cat\/wp-content\/uploads\/2025\/10\/Malnazidos-5-300x200.jpg 300w, https:\/\/cardonaturisme.cat\/wp-content\/uploads\/2025\/10\/Malnazidos-5-768x511.jpg 768w\" sizes=\"(max-width: 900px) 100vw, 900px\" \/><\/figure>\n\n\n\n<p><strong>Cardona, municipio &#8216;film friendly&#8217;<\/strong><\/p>\n\n\n\n<p>Hace un par de a\u00f1os, la FCH cre\u00f3 la Cardona Film Office para atraer rodajes y fomentar el turismo de pantalla.<\/p>\n\n\n\n<p>Hist\u00f3ricamente, Cardona ha sido un destino muy utilizado en rodajes cinematogr\u00e1ficos y publicitarios. La producci\u00f3n m\u00e1s conocida ha sido \u201cCampanadas a medianoche\u201d que Orson Welles rod\u00f3 en el Castillo de Cardona en 1964.<\/p>\n\n\n\n<p>En el castillo y en la bas\u00edlica tambi\u00e9n se han rodado, entre otros, \u201cEl arquero de Sherwood\u201d (1971), \u201cLa catedral del mar\u201d (2016) o la serie de Netflix \u201cNero\u201d (2024). En la Monta\u00f1a de Sal, \u201cXP3D\u201d (2011), \u201cMalnazidos\u201d (2020) o \u201cTeresa\u201d (2023).<\/p>\n\n\n\n<figure class=\"wp-block-image size-large\"><img decoding=\"async\" width=\"1024\" height=\"768\" src=\"https:\/\/cardonaturisme.cat\/wp-content\/uploads\/2025\/04\/Killder-2-1024x768.jpg\" alt=\"\" class=\"wp-image-19481\" srcset=\"https:\/\/cardonaturisme.cat\/wp-content\/uploads\/2025\/04\/Killder-2-1024x768.jpg 1024w, https:\/\/cardonaturisme.cat\/wp-content\/uploads\/2025\/04\/Killder-2-300x225.jpg 300w, https:\/\/cardonaturisme.cat\/wp-content\/uploads\/2025\/04\/Killder-2-768x576.jpg 768w, https:\/\/cardonaturisme.cat\/wp-content\/uploads\/2025\/04\/Killder-2-1536x1152.jpg 1536w, https:\/\/cardonaturisme.cat\/wp-content\/uploads\/2025\/04\/Killder-2.jpg 1600w\" sizes=\"(max-width: 1024px) 100vw, 1024px\" \/><\/figure>\n\n\n\n<p><strong>De localizaci\u00f3n de rodaje a destino de viaje<\/strong><\/p>\n\n\n\n<p>El lanzamiento de la iniciativa en INTUR ha venido acompa\u00f1ado de la presentaci\u00f3n de varios datos in\u00e9ditos del Observatorio del Turismo de Pantalla que, precisamente, abordan la cuesti\u00f3n del impacto que el audiovisual tiene en el mundo rural.<\/p>\n\n\n\n<p>Entre los datos de mayor inter\u00e9s el estudio revela que, entre los encuestados espa\u00f1oles, el descubrimiento de pueblos gracias al audiovisual es se\u00f1alado por un 65% de los encuestados. Entre ellos, un 26% reconoce que tiene intenci\u00f3n de visitarlos y un 27% ya ha sido alguno.<\/p>\n\n\n\n<p>En el caso de los turistas potenciales de pantalla extranjeros, el estudio revela que entre un 22% y un 40% de los encuestados han descubierto alg\u00fan sitio de Espa\u00f1a gracias a pel\u00edculas, series, etc. Entre ellos, m\u00e1s de la mitad se\u00f1alan que alguno de estos descubrimientos ha sido espec\u00edficamente un pueblo.<\/p>\n\n\n\n<p>Por \u00faltimo, en t\u00e9rminos de consumo, el estudio refleja c\u00f3mo casi 3 de cada 10 encuestados estar\u00edan dispuestos a pagar m\u00e1s por una experiencia de turismo de pantalla especialmente dise\u00f1ada por un operador tur\u00edstico en todo el mundo. En el caso de los estadounidenses, la cifra asciende a casi la mitad de los encuestados (48%).<\/p>\n\n\n\n<p>M\u00e1s informaci\u00f3n: <a href=\"https:\/\/www.pueblosdepelicula.com\/project\/cardona\/\">https:\/\/www.pueblosdepelicula.com\/project\/cardona\/<\/a><\/p>\n","protected":false},"excerpt":{"rendered":"<p>\u2022 El proyecto quiere fomentar el atractivo tur\u00edstico de los municipios a trav\u00e9s del impacto de la industria audiovisual \u2022 La red cuenta con una docena de municipios colaboradores \u2022 Un 65% de los potenciales turistas de pantalla espa\u00f1oles han descubierto a alg\u00fan pueblo a trav\u00e9s de producciones audiovisuales Cardona se ha adherido a la [&hellip;]<\/p>\n","protected":false},"author":100001,"featured_media":19481,"comment_status":"closed","ping_status":"closed","sticky":false,"template":"","format":"standard","meta":{"_acf_changed":false,"footnotes":""},"categories":[143],"tags":[144,243,183],"class_list":["post-20968","post","type-post","status-publish","format-standard","has-post-thumbnail","hentry","category-noticias","tag-cardona-es","tag-cardona-film-office-es","tag-orson-welles-es"],"acf":[],"yoast_head":"<!-- This site is optimized with the Yoast SEO plugin v27.4 - https:\/\/yoast.com\/product\/yoast-seo-wordpress\/ -->\n<title>Cardona se adhiere a la nueva red \u201cPueblos de Pel\u00edcula\u201d para impulsar el turismo de pantalla - Cardona Turisme<\/title>\n<meta name=\"robots\" content=\"index, follow, max-snippet:-1, max-image-preview:large, max-video-preview:-1\" \/>\n<link rel=\"canonical\" href=\"https:\/\/cardonaturisme.cat\/es\/cardona-se-adhiere-a-la-nueva-red-pueblos-de-pelicula-para-impulsar-el-turismo-de-pantalla\/\" \/>\n<meta property=\"og:locale\" content=\"es_ES\" \/>\n<meta property=\"og:type\" content=\"article\" \/>\n<meta property=\"og:title\" content=\"Cardona se adhiere a la nueva red \u201cPueblos de Pel\u00edcula\u201d para impulsar el turismo de pantalla - Cardona Turisme\" \/>\n<meta property=\"og:description\" content=\"\u2022 El proyecto quiere fomentar el atractivo tur\u00edstico de los municipios a trav\u00e9s del impacto de la industria audiovisual \u2022 La red cuenta con una docena de municipios colaboradores \u2022 Un 65% de los potenciales turistas de pantalla espa\u00f1oles han descubierto a alg\u00fan pueblo a trav\u00e9s de producciones audiovisuales Cardona se ha adherido a la [&hellip;]\" \/>\n<meta property=\"og:url\" content=\"https:\/\/cardonaturisme.cat\/es\/cardona-se-adhiere-a-la-nueva-red-pueblos-de-pelicula-para-impulsar-el-turismo-de-pantalla\/\" \/>\n<meta property=\"og:site_name\" content=\"Cardona Turisme\" \/>\n<meta property=\"article:publisher\" content=\"https:\/\/www.facebook.com\/p\/Fundaci-Cardona-Histrica-100063704192069\/\" \/>\n<meta property=\"article:published_time\" content=\"2025-11-17T11:45:30+00:00\" \/>\n<meta property=\"article:modified_time\" content=\"2025-11-17T12:10:28+00:00\" \/>\n<meta property=\"og:image\" content=\"https:\/\/cardonaturisme.cat\/wp-content\/uploads\/2025\/04\/Killder-2.jpg\" \/>\n\t<meta property=\"og:image:width\" content=\"1600\" \/>\n\t<meta property=\"og:image:height\" content=\"1200\" \/>\n\t<meta property=\"og:image:type\" content=\"image\/jpeg\" \/>\n<meta name=\"author\" content=\"Direcci\u00f3 Cardona Turisme\" \/>\n<meta name=\"twitter:card\" content=\"summary_large_image\" \/>\n<meta name=\"twitter:creator\" content=\"@cardonaturisme\" \/>\n<meta name=\"twitter:site\" content=\"@cardonaturisme\" \/>\n<meta name=\"twitter:label1\" content=\"Escrito por\" \/>\n\t<meta name=\"twitter:data1\" content=\"Direcci\u00f3 Cardona Turisme\" \/>\n\t<meta name=\"twitter:label2\" content=\"Tiempo de lectura\" \/>\n\t<meta name=\"twitter:data2\" content=\"6 minutos\" \/>\n<script type=\"application\/ld+json\" class=\"yoast-schema-graph\">{\"@context\":\"https:\\\/\\\/schema.org\",\"@graph\":[{\"@type\":\"Article\",\"@id\":\"https:\\\/\\\/cardonaturisme.cat\\\/es\\\/cardona-se-adhiere-a-la-nueva-red-pueblos-de-pelicula-para-impulsar-el-turismo-de-pantalla\\\/#article\",\"isPartOf\":{\"@id\":\"https:\\\/\\\/cardonaturisme.cat\\\/es\\\/cardona-se-adhiere-a-la-nueva-red-pueblos-de-pelicula-para-impulsar-el-turismo-de-pantalla\\\/\"},\"author\":{\"name\":\"Direcci\u00f3 Cardona Turisme\",\"@id\":\"https:\\\/\\\/cardonaturisme.cat\\\/es\\\/#\\\/schema\\\/person\\\/acdd00306fa5609efc474d9400858493\"},\"headline\":\"Cardona se adhiere a la nueva red \u201cPueblos de Pel\u00edcula\u201d para impulsar el turismo de pantalla\",\"datePublished\":\"2025-11-17T11:45:30+00:00\",\"dateModified\":\"2025-11-17T12:10:28+00:00\",\"mainEntityOfPage\":{\"@id\":\"https:\\\/\\\/cardonaturisme.cat\\\/es\\\/cardona-se-adhiere-a-la-nueva-red-pueblos-de-pelicula-para-impulsar-el-turismo-de-pantalla\\\/\"},\"wordCount\":955,\"publisher\":{\"@id\":\"https:\\\/\\\/cardonaturisme.cat\\\/es\\\/#organization\"},\"image\":{\"@id\":\"https:\\\/\\\/cardonaturisme.cat\\\/es\\\/cardona-se-adhiere-a-la-nueva-red-pueblos-de-pelicula-para-impulsar-el-turismo-de-pantalla\\\/#primaryimage\"},\"thumbnailUrl\":\"https:\\\/\\\/cardonaturisme.cat\\\/wp-content\\\/uploads\\\/2025\\\/04\\\/Killder-2.jpg\",\"keywords\":[\"Cardona\",\"Cardona Film Office\",\"Orson Welles\"],\"articleSection\":[\"noticias\"],\"inLanguage\":\"es\"},{\"@type\":\"WebPage\",\"@id\":\"https:\\\/\\\/cardonaturisme.cat\\\/es\\\/cardona-se-adhiere-a-la-nueva-red-pueblos-de-pelicula-para-impulsar-el-turismo-de-pantalla\\\/\",\"url\":\"https:\\\/\\\/cardonaturisme.cat\\\/es\\\/cardona-se-adhiere-a-la-nueva-red-pueblos-de-pelicula-para-impulsar-el-turismo-de-pantalla\\\/\",\"name\":\"Cardona se adhiere a la nueva red \u201cPueblos de Pel\u00edcula\u201d para impulsar el turismo de pantalla - Cardona Turisme\",\"isPartOf\":{\"@id\":\"https:\\\/\\\/cardonaturisme.cat\\\/es\\\/#website\"},\"primaryImageOfPage\":{\"@id\":\"https:\\\/\\\/cardonaturisme.cat\\\/es\\\/cardona-se-adhiere-a-la-nueva-red-pueblos-de-pelicula-para-impulsar-el-turismo-de-pantalla\\\/#primaryimage\"},\"image\":{\"@id\":\"https:\\\/\\\/cardonaturisme.cat\\\/es\\\/cardona-se-adhiere-a-la-nueva-red-pueblos-de-pelicula-para-impulsar-el-turismo-de-pantalla\\\/#primaryimage\"},\"thumbnailUrl\":\"https:\\\/\\\/cardonaturisme.cat\\\/wp-content\\\/uploads\\\/2025\\\/04\\\/Killder-2.jpg\",\"datePublished\":\"2025-11-17T11:45:30+00:00\",\"dateModified\":\"2025-11-17T12:10:28+00:00\",\"breadcrumb\":{\"@id\":\"https:\\\/\\\/cardonaturisme.cat\\\/es\\\/cardona-se-adhiere-a-la-nueva-red-pueblos-de-pelicula-para-impulsar-el-turismo-de-pantalla\\\/#breadcrumb\"},\"inLanguage\":\"es\",\"potentialAction\":[{\"@type\":\"ReadAction\",\"target\":[\"https:\\\/\\\/cardonaturisme.cat\\\/es\\\/cardona-se-adhiere-a-la-nueva-red-pueblos-de-pelicula-para-impulsar-el-turismo-de-pantalla\\\/\"]}]},{\"@type\":\"ImageObject\",\"inLanguage\":\"es\",\"@id\":\"https:\\\/\\\/cardonaturisme.cat\\\/es\\\/cardona-se-adhiere-a-la-nueva-red-pueblos-de-pelicula-para-impulsar-el-turismo-de-pantalla\\\/#primaryimage\",\"url\":\"https:\\\/\\\/cardonaturisme.cat\\\/wp-content\\\/uploads\\\/2025\\\/04\\\/Killder-2.jpg\",\"contentUrl\":\"https:\\\/\\\/cardonaturisme.cat\\\/wp-content\\\/uploads\\\/2025\\\/04\\\/Killder-2.jpg\",\"width\":1600,\"height\":1200},{\"@type\":\"BreadcrumbList\",\"@id\":\"https:\\\/\\\/cardonaturisme.cat\\\/es\\\/cardona-se-adhiere-a-la-nueva-red-pueblos-de-pelicula-para-impulsar-el-turismo-de-pantalla\\\/#breadcrumb\",\"itemListElement\":[{\"@type\":\"ListItem\",\"position\":1,\"name\":\"Inici\",\"item\":\"https:\\\/\\\/cardonaturisme.cat\\\/es\\\/\"},{\"@type\":\"ListItem\",\"position\":2,\"name\":\"Cardona se adhiere a la nueva red \u201cPueblos de Pel\u00edcula\u201d para impulsar el turismo de pantalla\"}]},{\"@type\":\"WebSite\",\"@id\":\"https:\\\/\\\/cardonaturisme.cat\\\/es\\\/#website\",\"url\":\"https:\\\/\\\/cardonaturisme.cat\\\/es\\\/\",\"name\":\"Cardona Turisme\",\"description\":\"La teva hist\u00f2ria\",\"publisher\":{\"@id\":\"https:\\\/\\\/cardonaturisme.cat\\\/es\\\/#organization\"},\"potentialAction\":[{\"@type\":\"SearchAction\",\"target\":{\"@type\":\"EntryPoint\",\"urlTemplate\":\"https:\\\/\\\/cardonaturisme.cat\\\/es\\\/?s={search_term_string}\"},\"query-input\":{\"@type\":\"PropertyValueSpecification\",\"valueRequired\":true,\"valueName\":\"search_term_string\"}}],\"inLanguage\":\"es\"},{\"@type\":\"Organization\",\"@id\":\"https:\\\/\\\/cardonaturisme.cat\\\/es\\\/#organization\",\"name\":\"Cardona Turisme\",\"url\":\"https:\\\/\\\/cardonaturisme.cat\\\/es\\\/\",\"logo\":{\"@type\":\"ImageObject\",\"inLanguage\":\"es\",\"@id\":\"https:\\\/\\\/cardonaturisme.cat\\\/es\\\/#\\\/schema\\\/logo\\\/image\\\/\",\"url\":\"https:\\\/\\\/cardonaturisme.cat\\\/wp-content\\\/uploads\\\/2023\\\/10\\\/logo-vermell-cardonaturisme.svg\",\"contentUrl\":\"https:\\\/\\\/cardonaturisme.cat\\\/wp-content\\\/uploads\\\/2023\\\/10\\\/logo-vermell-cardonaturisme.svg\",\"caption\":\"Cardona Turisme\"},\"image\":{\"@id\":\"https:\\\/\\\/cardonaturisme.cat\\\/es\\\/#\\\/schema\\\/logo\\\/image\\\/\"},\"sameAs\":[\"https:\\\/\\\/www.facebook.com\\\/p\\\/Fundaci-Cardona-Histrica-100063704192069\\\/\",\"https:\\\/\\\/x.com\\\/cardonaturisme\"]},{\"@type\":\"Person\",\"@id\":\"https:\\\/\\\/cardonaturisme.cat\\\/es\\\/#\\\/schema\\\/person\\\/acdd00306fa5609efc474d9400858493\",\"name\":\"Direcci\u00f3 Cardona Turisme\",\"image\":{\"@type\":\"ImageObject\",\"inLanguage\":\"es\",\"@id\":\"https:\\\/\\\/secure.gravatar.com\\\/avatar\\\/e9227ef5e86275fae3b3ed801838dd4512af5c140897765dc0930a5993f9a971?s=96&d=mm&r=g\",\"url\":\"https:\\\/\\\/secure.gravatar.com\\\/avatar\\\/e9227ef5e86275fae3b3ed801838dd4512af5c140897765dc0930a5993f9a971?s=96&d=mm&r=g\",\"contentUrl\":\"https:\\\/\\\/secure.gravatar.com\\\/avatar\\\/e9227ef5e86275fae3b3ed801838dd4512af5c140897765dc0930a5993f9a971?s=96&d=mm&r=g\",\"caption\":\"Direcci\u00f3 Cardona Turisme\"},\"url\":\"https:\\\/\\\/cardonaturisme.cat\\\/es\\\/author\\\/admin-direccio\\\/\"}]}<\/script>\n<!-- \/ Yoast SEO plugin. -->","yoast_head_json":{"title":"Cardona se adhiere a la nueva red \u201cPueblos de Pel\u00edcula\u201d para impulsar el turismo de pantalla - Cardona Turisme","robots":{"index":"index","follow":"follow","max-snippet":"max-snippet:-1","max-image-preview":"max-image-preview:large","max-video-preview":"max-video-preview:-1"},"canonical":"https:\/\/cardonaturisme.cat\/es\/cardona-se-adhiere-a-la-nueva-red-pueblos-de-pelicula-para-impulsar-el-turismo-de-pantalla\/","og_locale":"es_ES","og_type":"article","og_title":"Cardona se adhiere a la nueva red \u201cPueblos de Pel\u00edcula\u201d para impulsar el turismo de pantalla - Cardona Turisme","og_description":"\u2022 El proyecto quiere fomentar el atractivo tur\u00edstico de los municipios a trav\u00e9s del impacto de la industria audiovisual \u2022 La red cuenta con una docena de municipios colaboradores \u2022 Un 65% de los potenciales turistas de pantalla espa\u00f1oles han descubierto a alg\u00fan pueblo a trav\u00e9s de producciones audiovisuales Cardona se ha adherido a la [&hellip;]","og_url":"https:\/\/cardonaturisme.cat\/es\/cardona-se-adhiere-a-la-nueva-red-pueblos-de-pelicula-para-impulsar-el-turismo-de-pantalla\/","og_site_name":"Cardona Turisme","article_publisher":"https:\/\/www.facebook.com\/p\/Fundaci-Cardona-Histrica-100063704192069\/","article_published_time":"2025-11-17T11:45:30+00:00","article_modified_time":"2025-11-17T12:10:28+00:00","og_image":[{"width":1600,"height":1200,"url":"https:\/\/cardonaturisme.cat\/wp-content\/uploads\/2025\/04\/Killder-2.jpg","type":"image\/jpeg"}],"author":"Direcci\u00f3 Cardona Turisme","twitter_card":"summary_large_image","twitter_creator":"@cardonaturisme","twitter_site":"@cardonaturisme","twitter_misc":{"Escrito por":"Direcci\u00f3 Cardona Turisme","Tiempo de lectura":"6 minutos"},"schema":{"@context":"https:\/\/schema.org","@graph":[{"@type":"Article","@id":"https:\/\/cardonaturisme.cat\/es\/cardona-se-adhiere-a-la-nueva-red-pueblos-de-pelicula-para-impulsar-el-turismo-de-pantalla\/#article","isPartOf":{"@id":"https:\/\/cardonaturisme.cat\/es\/cardona-se-adhiere-a-la-nueva-red-pueblos-de-pelicula-para-impulsar-el-turismo-de-pantalla\/"},"author":{"name":"Direcci\u00f3 Cardona Turisme","@id":"https:\/\/cardonaturisme.cat\/es\/#\/schema\/person\/acdd00306fa5609efc474d9400858493"},"headline":"Cardona se adhiere a la nueva red \u201cPueblos de Pel\u00edcula\u201d para impulsar el turismo de pantalla","datePublished":"2025-11-17T11:45:30+00:00","dateModified":"2025-11-17T12:10:28+00:00","mainEntityOfPage":{"@id":"https:\/\/cardonaturisme.cat\/es\/cardona-se-adhiere-a-la-nueva-red-pueblos-de-pelicula-para-impulsar-el-turismo-de-pantalla\/"},"wordCount":955,"publisher":{"@id":"https:\/\/cardonaturisme.cat\/es\/#organization"},"image":{"@id":"https:\/\/cardonaturisme.cat\/es\/cardona-se-adhiere-a-la-nueva-red-pueblos-de-pelicula-para-impulsar-el-turismo-de-pantalla\/#primaryimage"},"thumbnailUrl":"https:\/\/cardonaturisme.cat\/wp-content\/uploads\/2025\/04\/Killder-2.jpg","keywords":["Cardona","Cardona Film Office","Orson Welles"],"articleSection":["noticias"],"inLanguage":"es"},{"@type":"WebPage","@id":"https:\/\/cardonaturisme.cat\/es\/cardona-se-adhiere-a-la-nueva-red-pueblos-de-pelicula-para-impulsar-el-turismo-de-pantalla\/","url":"https:\/\/cardonaturisme.cat\/es\/cardona-se-adhiere-a-la-nueva-red-pueblos-de-pelicula-para-impulsar-el-turismo-de-pantalla\/","name":"Cardona se adhiere a la nueva red \u201cPueblos de Pel\u00edcula\u201d para impulsar el turismo de pantalla - Cardona Turisme","isPartOf":{"@id":"https:\/\/cardonaturisme.cat\/es\/#website"},"primaryImageOfPage":{"@id":"https:\/\/cardonaturisme.cat\/es\/cardona-se-adhiere-a-la-nueva-red-pueblos-de-pelicula-para-impulsar-el-turismo-de-pantalla\/#primaryimage"},"image":{"@id":"https:\/\/cardonaturisme.cat\/es\/cardona-se-adhiere-a-la-nueva-red-pueblos-de-pelicula-para-impulsar-el-turismo-de-pantalla\/#primaryimage"},"thumbnailUrl":"https:\/\/cardonaturisme.cat\/wp-content\/uploads\/2025\/04\/Killder-2.jpg","datePublished":"2025-11-17T11:45:30+00:00","dateModified":"2025-11-17T12:10:28+00:00","breadcrumb":{"@id":"https:\/\/cardonaturisme.cat\/es\/cardona-se-adhiere-a-la-nueva-red-pueblos-de-pelicula-para-impulsar-el-turismo-de-pantalla\/#breadcrumb"},"inLanguage":"es","potentialAction":[{"@type":"ReadAction","target":["https:\/\/cardonaturisme.cat\/es\/cardona-se-adhiere-a-la-nueva-red-pueblos-de-pelicula-para-impulsar-el-turismo-de-pantalla\/"]}]},{"@type":"ImageObject","inLanguage":"es","@id":"https:\/\/cardonaturisme.cat\/es\/cardona-se-adhiere-a-la-nueva-red-pueblos-de-pelicula-para-impulsar-el-turismo-de-pantalla\/#primaryimage","url":"https:\/\/cardonaturisme.cat\/wp-content\/uploads\/2025\/04\/Killder-2.jpg","contentUrl":"https:\/\/cardonaturisme.cat\/wp-content\/uploads\/2025\/04\/Killder-2.jpg","width":1600,"height":1200},{"@type":"BreadcrumbList","@id":"https:\/\/cardonaturisme.cat\/es\/cardona-se-adhiere-a-la-nueva-red-pueblos-de-pelicula-para-impulsar-el-turismo-de-pantalla\/#breadcrumb","itemListElement":[{"@type":"ListItem","position":1,"name":"Inici","item":"https:\/\/cardonaturisme.cat\/es\/"},{"@type":"ListItem","position":2,"name":"Cardona se adhiere a la nueva red \u201cPueblos de Pel\u00edcula\u201d para impulsar el turismo de pantalla"}]},{"@type":"WebSite","@id":"https:\/\/cardonaturisme.cat\/es\/#website","url":"https:\/\/cardonaturisme.cat\/es\/","name":"Cardona Turisme","description":"La teva hist\u00f2ria","publisher":{"@id":"https:\/\/cardonaturisme.cat\/es\/#organization"},"potentialAction":[{"@type":"SearchAction","target":{"@type":"EntryPoint","urlTemplate":"https:\/\/cardonaturisme.cat\/es\/?s={search_term_string}"},"query-input":{"@type":"PropertyValueSpecification","valueRequired":true,"valueName":"search_term_string"}}],"inLanguage":"es"},{"@type":"Organization","@id":"https:\/\/cardonaturisme.cat\/es\/#organization","name":"Cardona Turisme","url":"https:\/\/cardonaturisme.cat\/es\/","logo":{"@type":"ImageObject","inLanguage":"es","@id":"https:\/\/cardonaturisme.cat\/es\/#\/schema\/logo\/image\/","url":"https:\/\/cardonaturisme.cat\/wp-content\/uploads\/2023\/10\/logo-vermell-cardonaturisme.svg","contentUrl":"https:\/\/cardonaturisme.cat\/wp-content\/uploads\/2023\/10\/logo-vermell-cardonaturisme.svg","caption":"Cardona Turisme"},"image":{"@id":"https:\/\/cardonaturisme.cat\/es\/#\/schema\/logo\/image\/"},"sameAs":["https:\/\/www.facebook.com\/p\/Fundaci-Cardona-Histrica-100063704192069\/","https:\/\/x.com\/cardonaturisme"]},{"@type":"Person","@id":"https:\/\/cardonaturisme.cat\/es\/#\/schema\/person\/acdd00306fa5609efc474d9400858493","name":"Direcci\u00f3 Cardona Turisme","image":{"@type":"ImageObject","inLanguage":"es","@id":"https:\/\/secure.gravatar.com\/avatar\/e9227ef5e86275fae3b3ed801838dd4512af5c140897765dc0930a5993f9a971?s=96&d=mm&r=g","url":"https:\/\/secure.gravatar.com\/avatar\/e9227ef5e86275fae3b3ed801838dd4512af5c140897765dc0930a5993f9a971?s=96&d=mm&r=g","contentUrl":"https:\/\/secure.gravatar.com\/avatar\/e9227ef5e86275fae3b3ed801838dd4512af5c140897765dc0930a5993f9a971?s=96&d=mm&r=g","caption":"Direcci\u00f3 Cardona Turisme"},"url":"https:\/\/cardonaturisme.cat\/es\/author\/admin-direccio\/"}]}},"_links":{"self":[{"href":"https:\/\/cardonaturisme.cat\/es\/wp-json\/wp\/v2\/posts\/20968","targetHints":{"allow":["GET"]}}],"collection":[{"href":"https:\/\/cardonaturisme.cat\/es\/wp-json\/wp\/v2\/posts"}],"about":[{"href":"https:\/\/cardonaturisme.cat\/es\/wp-json\/wp\/v2\/types\/post"}],"author":[{"embeddable":true,"href":"https:\/\/cardonaturisme.cat\/es\/wp-json\/wp\/v2\/users\/100001"}],"replies":[{"embeddable":true,"href":"https:\/\/cardonaturisme.cat\/es\/wp-json\/wp\/v2\/comments?post=20968"}],"version-history":[{"count":1,"href":"https:\/\/cardonaturisme.cat\/es\/wp-json\/wp\/v2\/posts\/20968\/revisions"}],"predecessor-version":[{"id":20969,"href":"https:\/\/cardonaturisme.cat\/es\/wp-json\/wp\/v2\/posts\/20968\/revisions\/20969"}],"wp:featuredmedia":[{"embeddable":true,"href":"https:\/\/cardonaturisme.cat\/es\/wp-json\/wp\/v2\/media\/19481"}],"wp:attachment":[{"href":"https:\/\/cardonaturisme.cat\/es\/wp-json\/wp\/v2\/media?parent=20968"}],"wp:term":[{"taxonomy":"category","embeddable":true,"href":"https:\/\/cardonaturisme.cat\/es\/wp-json\/wp\/v2\/categories?post=20968"},{"taxonomy":"post_tag","embeddable":true,"href":"https:\/\/cardonaturisme.cat\/es\/wp-json\/wp\/v2\/tags?post=20968"}],"curies":[{"name":"wp","href":"https:\/\/api.w.org\/{rel}","templated":true}]}}