{"id":20917,"date":"2025-11-16T13:34:24","date_gmt":"2025-11-16T12:34:24","guid":{"rendered":"https:\/\/cardonaturisme.cat\/?p=20917"},"modified":"2025-11-02T11:10:15","modified_gmt":"2025-11-02T10:10:15","slug":"jornada-los-caminos-de-la-sal-de-cardona-a-los-pirineos","status":"publish","type":"post","link":"https:\/\/cardonaturisme.cat\/es\/jornada-los-caminos-de-la-sal-de-cardona-a-los-pirineos\/","title":{"rendered":"Jornada: \u00abLos Caminos de la Sal: de Cardona a los Pirineos\u00bb"},"content":{"rendered":"\n<p>En el marco de \u00abEl oro blanco: proyecto de dinamizaci\u00f3n econ\u00f3mica en torno a la producci\u00f3n de la sal y sus rutas de comercializaci\u00f3n\u00bb, la Fundaci\u00f3n Cardona Hist\u00f3rica y el Consorcio para el Desarrollo de la Catalu\u00f1a Central con la colaboraci\u00f3n de Salinera de Cardona organizan la jornada \u00abLos Caminos de la Sal: de Cardona a los Pirineos\u00bb.<\/p>\n\n\n\n<p>La importancia de la sal para la conservaci\u00f3n de alimentos hizo que Cardona se convirtiera en el centro de una potente red comercial (los llamados Caminos de la Sal o Cardoners) que abastec\u00eda a todos los condados catalanes. Recuperar esta red de caminos es una muy buena estrategia de dinamizaci\u00f3n territorial llena de posibilidades.<\/p>\n\n\n\n<p>Estos caminos ten\u00edan 5 ramales principales: el de Barcelona (pasando por S\u00faria, Manresa y Sabadell), el de Cervera (pasando por Calaf), el de Guardiola del Bergued\u00e0 (pasando por Serrateix, Gargall\u00e0, Avi\u00e0 y Berga), el de Solsona (pasando por Riner) y el de La Cerdanya (que pasaba por Sant Lloren\u00e7 de Morunys).<\/p>\n\n\n\n<p><strong>Consulta la programaci\u00f3n de la jornada:<\/strong><\/p>\n\n\n\n<div class=\"wp-block-file\"><a id=\"wp-block-file--media-80fbbdde-6e4b-47b4-9b30-6b77139b8812\" href=\"https:\/\/cardonaturisme.cat\/wp-content\/uploads\/2025\/10\/JORNADA-ELS-CAMINS-DE-LA-SAL-DE-CARDONA-ALS-PIRINEUS.pdf\">JORNADA ELS CAMINS DE LA SAL DE CARDONA ALS PIRINEUS<\/a><\/div>\n\n\n\n<p><a href=\"https:\/\/docs.google.com\/forms\/d\/e\/1FAIpQLSfh_xKxCcjd8qlsW4aLs4bAr5Wx49HTJXYAOebc6Et9GwW5Xg\/viewform?usp=publish-editor\">Inscr\u00edbete aqu\u00ed!<\/a><\/p>\n\n\n\n<figure class=\"wp-block-image size-large\"><img fetchpriority=\"high\" decoding=\"async\" width=\"1024\" height=\"1024\" src=\"https:\/\/cardonaturisme.cat\/wp-content\/uploads\/2025\/10\/jornada_nov-2-1024x1024.png\" alt=\"\" class=\"wp-image-20915\" srcset=\"https:\/\/cardonaturisme.cat\/wp-content\/uploads\/2025\/10\/jornada_nov-2-1024x1024.png 1024w, https:\/\/cardonaturisme.cat\/wp-content\/uploads\/2025\/10\/jornada_nov-2-300x300.png 300w, https:\/\/cardonaturisme.cat\/wp-content\/uploads\/2025\/10\/jornada_nov-2-150x150.png 150w, https:\/\/cardonaturisme.cat\/wp-content\/uploads\/2025\/10\/jornada_nov-2-768x768.png 768w, https:\/\/cardonaturisme.cat\/wp-content\/uploads\/2025\/10\/jornada_nov-2.png 1080w\" sizes=\"(max-width: 1024px) 100vw, 1024px\" \/><\/figure>\n","protected":false},"excerpt":{"rendered":"<p>En el marco de \u00abEl oro blanco: proyecto de dinamizaci\u00f3n econ\u00f3mica en torno a la producci\u00f3n de la sal y sus rutas de comercializaci\u00f3n\u00bb, la Fundaci\u00f3n Cardona Hist\u00f3rica y el Consorcio para el Desarrollo de la Catalu\u00f1a Central con la colaboraci\u00f3n de Salinera de Cardona organizan la jornada \u00abLos Caminos de la Sal: de Cardona [&hellip;]<\/p>\n","protected":false},"author":100002,"featured_media":20891,"comment_status":"closed","ping_status":"closed","sticky":false,"template":"","format":"standard","meta":{"_acf_changed":false,"footnotes":""},"categories":[143],"tags":[144],"class_list":["post-20917","post","type-post","status-publish","format-standard","has-post-thumbnail","hentry","category-noticias","tag-cardona-es"],"acf":[],"yoast_head":"<!-- This site is optimized with the Yoast SEO plugin v27.4 - https:\/\/yoast.com\/product\/yoast-seo-wordpress\/ -->\n<title>Jornada: &quot;Los Caminos de la Sal: de Cardona a los Pirineos&quot; - Cardona Turisme<\/title>\n<meta name=\"robots\" content=\"index, follow, max-snippet:-1, max-image-preview:large, max-video-preview:-1\" \/>\n<link rel=\"canonical\" href=\"https:\/\/cardonaturisme.cat\/es\/jornada-los-caminos-de-la-sal-de-cardona-a-los-pirineos\/\" \/>\n<meta property=\"og:locale\" content=\"es_ES\" \/>\n<meta property=\"og:type\" content=\"article\" \/>\n<meta property=\"og:title\" content=\"Jornada: &quot;Los Caminos de la Sal: de Cardona a los Pirineos&quot; - Cardona Turisme\" \/>\n<meta property=\"og:description\" content=\"En el marco de \u00abEl oro blanco: proyecto de dinamizaci\u00f3n econ\u00f3mica en torno a la producci\u00f3n de la sal y sus rutas de comercializaci\u00f3n\u00bb, la Fundaci\u00f3n Cardona Hist\u00f3rica y el Consorcio para el Desarrollo de la Catalu\u00f1a Central con la colaboraci\u00f3n de Salinera de Cardona organizan la jornada \u00abLos Caminos de la Sal: de Cardona [&hellip;]\" \/>\n<meta property=\"og:url\" content=\"https:\/\/cardonaturisme.cat\/es\/jornada-los-caminos-de-la-sal-de-cardona-a-los-pirineos\/\" \/>\n<meta property=\"og:site_name\" content=\"Cardona Turisme\" \/>\n<meta property=\"article:publisher\" content=\"https:\/\/www.facebook.com\/p\/Fundaci-Cardona-Histrica-100063704192069\/\" \/>\n<meta property=\"article:published_time\" content=\"2025-11-16T12:34:24+00:00\" \/>\n<meta property=\"og:image\" content=\"https:\/\/cardonaturisme.cat\/wp-content\/uploads\/2025\/10\/ruta-de-la-sal-btt-fortuny-020-1-scaled.jpg\" \/>\n\t<meta property=\"og:image:width\" content=\"2560\" \/>\n\t<meta property=\"og:image:height\" content=\"1703\" \/>\n\t<meta property=\"og:image:type\" content=\"image\/jpeg\" \/>\n<meta name=\"author\" content=\"Oficina de Turisme\" \/>\n<meta name=\"twitter:card\" content=\"summary_large_image\" \/>\n<meta name=\"twitter:creator\" content=\"@cardonaturisme\" \/>\n<meta name=\"twitter:site\" content=\"@cardonaturisme\" \/>\n<meta name=\"twitter:label1\" content=\"Escrito por\" \/>\n\t<meta name=\"twitter:data1\" content=\"Oficina de Turisme\" \/>\n\t<meta name=\"twitter:label2\" content=\"Tiempo de lectura\" \/>\n\t<meta name=\"twitter:data2\" content=\"2 minutos\" \/>\n<script type=\"application\/ld+json\" class=\"yoast-schema-graph\">{\"@context\":\"https:\\\/\\\/schema.org\",\"@graph\":[{\"@type\":\"Article\",\"@id\":\"https:\\\/\\\/cardonaturisme.cat\\\/es\\\/jornada-los-caminos-de-la-sal-de-cardona-a-los-pirineos\\\/#article\",\"isPartOf\":{\"@id\":\"https:\\\/\\\/cardonaturisme.cat\\\/es\\\/jornada-los-caminos-de-la-sal-de-cardona-a-los-pirineos\\\/\"},\"author\":{\"name\":\"Oficina de Turisme\",\"@id\":\"https:\\\/\\\/cardonaturisme.cat\\\/es\\\/#\\\/schema\\\/person\\\/a4ad9240e9eb6be86bca75b9b22d5dbe\"},\"headline\":\"Jornada: \u00abLos Caminos de la Sal: de Cardona a los Pirineos\u00bb\",\"datePublished\":\"2025-11-16T12:34:24+00:00\",\"mainEntityOfPage\":{\"@id\":\"https:\\\/\\\/cardonaturisme.cat\\\/es\\\/jornada-los-caminos-de-la-sal-de-cardona-a-los-pirineos\\\/\"},\"wordCount\":206,\"publisher\":{\"@id\":\"https:\\\/\\\/cardonaturisme.cat\\\/es\\\/#organization\"},\"image\":{\"@id\":\"https:\\\/\\\/cardonaturisme.cat\\\/es\\\/jornada-los-caminos-de-la-sal-de-cardona-a-los-pirineos\\\/#primaryimage\"},\"thumbnailUrl\":\"https:\\\/\\\/cardonaturisme.cat\\\/wp-content\\\/uploads\\\/2025\\\/10\\\/ruta-de-la-sal-btt-fortuny-020-1-scaled.jpg\",\"keywords\":[\"Cardona\"],\"articleSection\":[\"noticias\"],\"inLanguage\":\"es\"},{\"@type\":\"WebPage\",\"@id\":\"https:\\\/\\\/cardonaturisme.cat\\\/es\\\/jornada-los-caminos-de-la-sal-de-cardona-a-los-pirineos\\\/\",\"url\":\"https:\\\/\\\/cardonaturisme.cat\\\/es\\\/jornada-los-caminos-de-la-sal-de-cardona-a-los-pirineos\\\/\",\"name\":\"Jornada: \\\"Los Caminos de la Sal: de Cardona a los Pirineos\\\" - Cardona Turisme\",\"isPartOf\":{\"@id\":\"https:\\\/\\\/cardonaturisme.cat\\\/es\\\/#website\"},\"primaryImageOfPage\":{\"@id\":\"https:\\\/\\\/cardonaturisme.cat\\\/es\\\/jornada-los-caminos-de-la-sal-de-cardona-a-los-pirineos\\\/#primaryimage\"},\"image\":{\"@id\":\"https:\\\/\\\/cardonaturisme.cat\\\/es\\\/jornada-los-caminos-de-la-sal-de-cardona-a-los-pirineos\\\/#primaryimage\"},\"thumbnailUrl\":\"https:\\\/\\\/cardonaturisme.cat\\\/wp-content\\\/uploads\\\/2025\\\/10\\\/ruta-de-la-sal-btt-fortuny-020-1-scaled.jpg\",\"datePublished\":\"2025-11-16T12:34:24+00:00\",\"breadcrumb\":{\"@id\":\"https:\\\/\\\/cardonaturisme.cat\\\/es\\\/jornada-los-caminos-de-la-sal-de-cardona-a-los-pirineos\\\/#breadcrumb\"},\"inLanguage\":\"es\",\"potentialAction\":[{\"@type\":\"ReadAction\",\"target\":[\"https:\\\/\\\/cardonaturisme.cat\\\/es\\\/jornada-los-caminos-de-la-sal-de-cardona-a-los-pirineos\\\/\"]}]},{\"@type\":\"ImageObject\",\"inLanguage\":\"es\",\"@id\":\"https:\\\/\\\/cardonaturisme.cat\\\/es\\\/jornada-los-caminos-de-la-sal-de-cardona-a-los-pirineos\\\/#primaryimage\",\"url\":\"https:\\\/\\\/cardonaturisme.cat\\\/wp-content\\\/uploads\\\/2025\\\/10\\\/ruta-de-la-sal-btt-fortuny-020-1-scaled.jpg\",\"contentUrl\":\"https:\\\/\\\/cardonaturisme.cat\\\/wp-content\\\/uploads\\\/2025\\\/10\\\/ruta-de-la-sal-btt-fortuny-020-1-scaled.jpg\",\"width\":2560,\"height\":1703},{\"@type\":\"BreadcrumbList\",\"@id\":\"https:\\\/\\\/cardonaturisme.cat\\\/es\\\/jornada-los-caminos-de-la-sal-de-cardona-a-los-pirineos\\\/#breadcrumb\",\"itemListElement\":[{\"@type\":\"ListItem\",\"position\":1,\"name\":\"Inici\",\"item\":\"https:\\\/\\\/cardonaturisme.cat\\\/es\\\/\"},{\"@type\":\"ListItem\",\"position\":2,\"name\":\"Jornada: &#8220;Los Caminos de la Sal: de Cardona a los Pirineos&#8221;\"}]},{\"@type\":\"WebSite\",\"@id\":\"https:\\\/\\\/cardonaturisme.cat\\\/es\\\/#website\",\"url\":\"https:\\\/\\\/cardonaturisme.cat\\\/es\\\/\",\"name\":\"Cardona Turisme\",\"description\":\"La teva hist\u00f2ria\",\"publisher\":{\"@id\":\"https:\\\/\\\/cardonaturisme.cat\\\/es\\\/#organization\"},\"potentialAction\":[{\"@type\":\"SearchAction\",\"target\":{\"@type\":\"EntryPoint\",\"urlTemplate\":\"https:\\\/\\\/cardonaturisme.cat\\\/es\\\/?s={search_term_string}\"},\"query-input\":{\"@type\":\"PropertyValueSpecification\",\"valueRequired\":true,\"valueName\":\"search_term_string\"}}],\"inLanguage\":\"es\"},{\"@type\":\"Organization\",\"@id\":\"https:\\\/\\\/cardonaturisme.cat\\\/es\\\/#organization\",\"name\":\"Cardona Turisme\",\"url\":\"https:\\\/\\\/cardonaturisme.cat\\\/es\\\/\",\"logo\":{\"@type\":\"ImageObject\",\"inLanguage\":\"es\",\"@id\":\"https:\\\/\\\/cardonaturisme.cat\\\/es\\\/#\\\/schema\\\/logo\\\/image\\\/\",\"url\":\"https:\\\/\\\/cardonaturisme.cat\\\/wp-content\\\/uploads\\\/2023\\\/10\\\/logo-vermell-cardonaturisme.svg\",\"contentUrl\":\"https:\\\/\\\/cardonaturisme.cat\\\/wp-content\\\/uploads\\\/2023\\\/10\\\/logo-vermell-cardonaturisme.svg\",\"caption\":\"Cardona Turisme\"},\"image\":{\"@id\":\"https:\\\/\\\/cardonaturisme.cat\\\/es\\\/#\\\/schema\\\/logo\\\/image\\\/\"},\"sameAs\":[\"https:\\\/\\\/www.facebook.com\\\/p\\\/Fundaci-Cardona-Histrica-100063704192069\\\/\",\"https:\\\/\\\/x.com\\\/cardonaturisme\"]},{\"@type\":\"Person\",\"@id\":\"https:\\\/\\\/cardonaturisme.cat\\\/es\\\/#\\\/schema\\\/person\\\/a4ad9240e9eb6be86bca75b9b22d5dbe\",\"name\":\"Oficina de Turisme\",\"image\":{\"@type\":\"ImageObject\",\"inLanguage\":\"es\",\"@id\":\"https:\\\/\\\/secure.gravatar.com\\\/avatar\\\/44f4b38da71b7993f226c2e17c804b05b1a571c9a4a027ad8abbe755ff8eba78?s=96&d=mm&r=g\",\"url\":\"https:\\\/\\\/secure.gravatar.com\\\/avatar\\\/44f4b38da71b7993f226c2e17c804b05b1a571c9a4a027ad8abbe755ff8eba78?s=96&d=mm&r=g\",\"contentUrl\":\"https:\\\/\\\/secure.gravatar.com\\\/avatar\\\/44f4b38da71b7993f226c2e17c804b05b1a571c9a4a027ad8abbe755ff8eba78?s=96&d=mm&r=g\",\"caption\":\"Oficina de Turisme\"},\"url\":\"https:\\\/\\\/cardonaturisme.cat\\\/es\\\/author\\\/admin-ot\\\/\"}]}<\/script>\n<!-- \/ Yoast SEO plugin. -->","yoast_head_json":{"title":"Jornada: \"Los Caminos de la Sal: de Cardona a los Pirineos\" - Cardona Turisme","robots":{"index":"index","follow":"follow","max-snippet":"max-snippet:-1","max-image-preview":"max-image-preview:large","max-video-preview":"max-video-preview:-1"},"canonical":"https:\/\/cardonaturisme.cat\/es\/jornada-los-caminos-de-la-sal-de-cardona-a-los-pirineos\/","og_locale":"es_ES","og_type":"article","og_title":"Jornada: \"Los Caminos de la Sal: de Cardona a los Pirineos\" - Cardona Turisme","og_description":"En el marco de \u00abEl oro blanco: proyecto de dinamizaci\u00f3n econ\u00f3mica en torno a la producci\u00f3n de la sal y sus rutas de comercializaci\u00f3n\u00bb, la Fundaci\u00f3n Cardona Hist\u00f3rica y el Consorcio para el Desarrollo de la Catalu\u00f1a Central con la colaboraci\u00f3n de Salinera de Cardona organizan la jornada \u00abLos Caminos de la Sal: de Cardona [&hellip;]","og_url":"https:\/\/cardonaturisme.cat\/es\/jornada-los-caminos-de-la-sal-de-cardona-a-los-pirineos\/","og_site_name":"Cardona Turisme","article_publisher":"https:\/\/www.facebook.com\/p\/Fundaci-Cardona-Histrica-100063704192069\/","article_published_time":"2025-11-16T12:34:24+00:00","og_image":[{"width":2560,"height":1703,"url":"https:\/\/cardonaturisme.cat\/wp-content\/uploads\/2025\/10\/ruta-de-la-sal-btt-fortuny-020-1-scaled.jpg","type":"image\/jpeg"}],"author":"Oficina de Turisme","twitter_card":"summary_large_image","twitter_creator":"@cardonaturisme","twitter_site":"@cardonaturisme","twitter_misc":{"Escrito por":"Oficina de Turisme","Tiempo de lectura":"2 minutos"},"schema":{"@context":"https:\/\/schema.org","@graph":[{"@type":"Article","@id":"https:\/\/cardonaturisme.cat\/es\/jornada-los-caminos-de-la-sal-de-cardona-a-los-pirineos\/#article","isPartOf":{"@id":"https:\/\/cardonaturisme.cat\/es\/jornada-los-caminos-de-la-sal-de-cardona-a-los-pirineos\/"},"author":{"name":"Oficina de Turisme","@id":"https:\/\/cardonaturisme.cat\/es\/#\/schema\/person\/a4ad9240e9eb6be86bca75b9b22d5dbe"},"headline":"Jornada: \u00abLos Caminos de la Sal: de Cardona a los Pirineos\u00bb","datePublished":"2025-11-16T12:34:24+00:00","mainEntityOfPage":{"@id":"https:\/\/cardonaturisme.cat\/es\/jornada-los-caminos-de-la-sal-de-cardona-a-los-pirineos\/"},"wordCount":206,"publisher":{"@id":"https:\/\/cardonaturisme.cat\/es\/#organization"},"image":{"@id":"https:\/\/cardonaturisme.cat\/es\/jornada-los-caminos-de-la-sal-de-cardona-a-los-pirineos\/#primaryimage"},"thumbnailUrl":"https:\/\/cardonaturisme.cat\/wp-content\/uploads\/2025\/10\/ruta-de-la-sal-btt-fortuny-020-1-scaled.jpg","keywords":["Cardona"],"articleSection":["noticias"],"inLanguage":"es"},{"@type":"WebPage","@id":"https:\/\/cardonaturisme.cat\/es\/jornada-los-caminos-de-la-sal-de-cardona-a-los-pirineos\/","url":"https:\/\/cardonaturisme.cat\/es\/jornada-los-caminos-de-la-sal-de-cardona-a-los-pirineos\/","name":"Jornada: \"Los Caminos de la Sal: de Cardona a los Pirineos\" - Cardona Turisme","isPartOf":{"@id":"https:\/\/cardonaturisme.cat\/es\/#website"},"primaryImageOfPage":{"@id":"https:\/\/cardonaturisme.cat\/es\/jornada-los-caminos-de-la-sal-de-cardona-a-los-pirineos\/#primaryimage"},"image":{"@id":"https:\/\/cardonaturisme.cat\/es\/jornada-los-caminos-de-la-sal-de-cardona-a-los-pirineos\/#primaryimage"},"thumbnailUrl":"https:\/\/cardonaturisme.cat\/wp-content\/uploads\/2025\/10\/ruta-de-la-sal-btt-fortuny-020-1-scaled.jpg","datePublished":"2025-11-16T12:34:24+00:00","breadcrumb":{"@id":"https:\/\/cardonaturisme.cat\/es\/jornada-los-caminos-de-la-sal-de-cardona-a-los-pirineos\/#breadcrumb"},"inLanguage":"es","potentialAction":[{"@type":"ReadAction","target":["https:\/\/cardonaturisme.cat\/es\/jornada-los-caminos-de-la-sal-de-cardona-a-los-pirineos\/"]}]},{"@type":"ImageObject","inLanguage":"es","@id":"https:\/\/cardonaturisme.cat\/es\/jornada-los-caminos-de-la-sal-de-cardona-a-los-pirineos\/#primaryimage","url":"https:\/\/cardonaturisme.cat\/wp-content\/uploads\/2025\/10\/ruta-de-la-sal-btt-fortuny-020-1-scaled.jpg","contentUrl":"https:\/\/cardonaturisme.cat\/wp-content\/uploads\/2025\/10\/ruta-de-la-sal-btt-fortuny-020-1-scaled.jpg","width":2560,"height":1703},{"@type":"BreadcrumbList","@id":"https:\/\/cardonaturisme.cat\/es\/jornada-los-caminos-de-la-sal-de-cardona-a-los-pirineos\/#breadcrumb","itemListElement":[{"@type":"ListItem","position":1,"name":"Inici","item":"https:\/\/cardonaturisme.cat\/es\/"},{"@type":"ListItem","position":2,"name":"Jornada: &#8220;Los Caminos de la Sal: de Cardona a los Pirineos&#8221;"}]},{"@type":"WebSite","@id":"https:\/\/cardonaturisme.cat\/es\/#website","url":"https:\/\/cardonaturisme.cat\/es\/","name":"Cardona Turisme","description":"La teva hist\u00f2ria","publisher":{"@id":"https:\/\/cardonaturisme.cat\/es\/#organization"},"potentialAction":[{"@type":"SearchAction","target":{"@type":"EntryPoint","urlTemplate":"https:\/\/cardonaturisme.cat\/es\/?s={search_term_string}"},"query-input":{"@type":"PropertyValueSpecification","valueRequired":true,"valueName":"search_term_string"}}],"inLanguage":"es"},{"@type":"Organization","@id":"https:\/\/cardonaturisme.cat\/es\/#organization","name":"Cardona Turisme","url":"https:\/\/cardonaturisme.cat\/es\/","logo":{"@type":"ImageObject","inLanguage":"es","@id":"https:\/\/cardonaturisme.cat\/es\/#\/schema\/logo\/image\/","url":"https:\/\/cardonaturisme.cat\/wp-content\/uploads\/2023\/10\/logo-vermell-cardonaturisme.svg","contentUrl":"https:\/\/cardonaturisme.cat\/wp-content\/uploads\/2023\/10\/logo-vermell-cardonaturisme.svg","caption":"Cardona Turisme"},"image":{"@id":"https:\/\/cardonaturisme.cat\/es\/#\/schema\/logo\/image\/"},"sameAs":["https:\/\/www.facebook.com\/p\/Fundaci-Cardona-Histrica-100063704192069\/","https:\/\/x.com\/cardonaturisme"]},{"@type":"Person","@id":"https:\/\/cardonaturisme.cat\/es\/#\/schema\/person\/a4ad9240e9eb6be86bca75b9b22d5dbe","name":"Oficina de Turisme","image":{"@type":"ImageObject","inLanguage":"es","@id":"https:\/\/secure.gravatar.com\/avatar\/44f4b38da71b7993f226c2e17c804b05b1a571c9a4a027ad8abbe755ff8eba78?s=96&d=mm&r=g","url":"https:\/\/secure.gravatar.com\/avatar\/44f4b38da71b7993f226c2e17c804b05b1a571c9a4a027ad8abbe755ff8eba78?s=96&d=mm&r=g","contentUrl":"https:\/\/secure.gravatar.com\/avatar\/44f4b38da71b7993f226c2e17c804b05b1a571c9a4a027ad8abbe755ff8eba78?s=96&d=mm&r=g","caption":"Oficina de Turisme"},"url":"https:\/\/cardonaturisme.cat\/es\/author\/admin-ot\/"}]}},"_links":{"self":[{"href":"https:\/\/cardonaturisme.cat\/es\/wp-json\/wp\/v2\/posts\/20917","targetHints":{"allow":["GET"]}}],"collection":[{"href":"https:\/\/cardonaturisme.cat\/es\/wp-json\/wp\/v2\/posts"}],"about":[{"href":"https:\/\/cardonaturisme.cat\/es\/wp-json\/wp\/v2\/types\/post"}],"author":[{"embeddable":true,"href":"https:\/\/cardonaturisme.cat\/es\/wp-json\/wp\/v2\/users\/100002"}],"replies":[{"embeddable":true,"href":"https:\/\/cardonaturisme.cat\/es\/wp-json\/wp\/v2\/comments?post=20917"}],"version-history":[{"count":1,"href":"https:\/\/cardonaturisme.cat\/es\/wp-json\/wp\/v2\/posts\/20917\/revisions"}],"predecessor-version":[{"id":20918,"href":"https:\/\/cardonaturisme.cat\/es\/wp-json\/wp\/v2\/posts\/20917\/revisions\/20918"}],"wp:featuredmedia":[{"embeddable":true,"href":"https:\/\/cardonaturisme.cat\/es\/wp-json\/wp\/v2\/media\/20891"}],"wp:attachment":[{"href":"https:\/\/cardonaturisme.cat\/es\/wp-json\/wp\/v2\/media?parent=20917"}],"wp:term":[{"taxonomy":"category","embeddable":true,"href":"https:\/\/cardonaturisme.cat\/es\/wp-json\/wp\/v2\/categories?post=20917"},{"taxonomy":"post_tag","embeddable":true,"href":"https:\/\/cardonaturisme.cat\/es\/wp-json\/wp\/v2\/tags?post=20917"}],"curies":[{"name":"wp","href":"https:\/\/api.w.org\/{rel}","templated":true}]}}