{"id":20676,"date":"2025-10-29T10:15:03","date_gmt":"2025-10-29T09:15:03","guid":{"rendered":"https:\/\/cardonaturisme.cat\/?p=20676"},"modified":"2025-10-30T10:38:05","modified_gmt":"2025-10-30T09:38:05","slug":"el-proyecto-el-oro-blanco-quiere-recuperar-las-antiguas-rutas-de-comercializacion-de-sal-de-cardona-para-atraer-a-visitantes-y-estudiosos","status":"publish","type":"post","link":"https:\/\/cardonaturisme.cat\/es\/el-proyecto-el-oro-blanco-quiere-recuperar-las-antiguas-rutas-de-comercializacion-de-sal-de-cardona-para-atraer-a-visitantes-y-estudiosos\/","title":{"rendered":"El proyecto \u201cEl oro blanco\u201d quiere recuperar las antiguas rutas de comercializaci\u00f3n de sal de Cardona para atraer a visitantes y estudiosos"},"content":{"rendered":"\n<p><strong>\u2022 \u201cEl oro blanco\u201d es un proyecto de dinamizaci\u00f3n econ\u00f3mica en torno a la producci\u00f3n de la sal que promueve el Consorcio para el Desarrollo de la Catalu\u00f1a Central y la Fundaci\u00f3n Cardona Hist\u00f3rica<\/strong><\/p>\n\n\n\n<p><strong>\u2022 Cuenta con la participaci\u00f3n de diferentes agentes tur\u00edsticos y culturales del territorio con el objetivo de atraer visitantes y estudiosos<\/strong><\/p>\n\n\n\n<p>El Consorcio para el Desarrollo de la Catalu\u00f1a Central y la Fundaci\u00f3n Cardona Hist\u00f3rica han impulsado \u00abEl oro blanco: proyecto de dinamizaci\u00f3n econ\u00f3mica en torno a la producci\u00f3n de la sal y sus rutas de comercializaci\u00f3n\u00bb en el marco del Plan Estrat\u00e9gico nacionales de la Pol\u00edtica Agraria Comunitaria (PEPAC).<\/p>\n\n\n\n<p>Este proyecto quiere dinamizar el territorio a partir de las antiguas rutas de comercializaci\u00f3n de la sal de Cardona, conocidos como los caminos de la sal o cardoners, que albergan una gran cantidad de activos naturales, patrimoniales o paisaj\u00edsticos como la Monta\u00f1a de Sal de Cardona (Bages) o el Salino de Cambrils (Solson\u00e8s).<\/p>\n\n\n\n<p>El objetivo es poner en valor el patrimonio mediante la sal y su traza como reclamo y recurso dinamizador del territorio. Alrededor de los caminos se encuentra todo tipo de patrimonio como el martyrium de Sant Eudald de Sorba o patrimonio gastron\u00f3mico como la salaz\u00f3n, un m\u00e9todo de conservaci\u00f3n de los alimentos con sal.<\/p>\n\n\n\n<figure class=\"wp-block-image size-large\"><img fetchpriority=\"high\" decoding=\"async\" width=\"1024\" height=\"683\" src=\"https:\/\/cardonaturisme.cat\/wp-content\/uploads\/2025\/10\/Cami-Cardoner-grup-2-1024x683.jpg\" alt=\"\" class=\"wp-image-20520\" srcset=\"https:\/\/cardonaturisme.cat\/wp-content\/uploads\/2025\/10\/Cami-Cardoner-grup-2-1024x683.jpg 1024w, https:\/\/cardonaturisme.cat\/wp-content\/uploads\/2025\/10\/Cami-Cardoner-grup-2-300x200.jpg 300w, https:\/\/cardonaturisme.cat\/wp-content\/uploads\/2025\/10\/Cami-Cardoner-grup-2-768x512.jpg 768w, https:\/\/cardonaturisme.cat\/wp-content\/uploads\/2025\/10\/Cami-Cardoner-grup-2-1536x1024.jpg 1536w, https:\/\/cardonaturisme.cat\/wp-content\/uploads\/2025\/10\/Cami-Cardoner-grup-2-2048x1365.jpg 2048w\" sizes=\"(max-width: 1024px) 100vw, 1024px\" \/><\/figure>\n\n\n\n<p><strong>Patrimonio y cultura<\/strong><\/p>\n\n\n\n<p>\u00abEl oro blanco\u00bb contempla el dise\u00f1o de acciones combinadas para lograr una dinamizaci\u00f3n tur\u00edstica, econ\u00f3mica y cultural de los diferentes espacios geogr\u00e1ficos. \u00abLa combinaci\u00f3n de las potencialidades de la Monta\u00f1a de Sal de Cardona y el Salino de Cambrils puede convertirse en un gran polo de atracci\u00f3n de visitantes y estudiosos de los paisajes salinos que dinamice las econom\u00edas locales y favorezca nuevos filones de empleo\u00bb, afirma Ramon Aug\u00e9, presidente del Consorcio para el Desarrollo de la Catalu\u00f1a Central.<\/p>\n\n\n\n<p>El proyecto contempla la identificaci\u00f3n de la ruta y la creaci\u00f3n de un track para seguirla a pie o bien en bicicleta, la elaboraci\u00f3n de un inventario del patrimonio asociado, el dise\u00f1o de materiales pedag\u00f3gicos para los centros educativos, la participaci\u00f3n privada a trav\u00e9s de la Mesa de Sal y el desarrollo de acciones de comunicaci\u00f3n y promoci\u00f3n.<\/p>\n\n\n\n<p>En una segunda fase se promover\u00e1 una red de cooperaci\u00f3n catalana que vincule a diferentes actores relacionados con la sal como pueden ser los municipios de L&#8217;Escala, Gerri de la Sal o Vilanova de la Sal; o las Salinas de la Trinidad en el Delta del Ebro.<\/p>\n\n\n\n<figure class=\"wp-block-image size-large\"><img decoding=\"async\" width=\"1024\" height=\"681\" src=\"https:\/\/cardonaturisme.cat\/wp-content\/uploads\/2025\/10\/ruta-de-la-sal-btt-fortuny-020-1024x681.jpg\" alt=\"\" class=\"wp-image-20524\" srcset=\"https:\/\/cardonaturisme.cat\/wp-content\/uploads\/2025\/10\/ruta-de-la-sal-btt-fortuny-020-1024x681.jpg 1024w, https:\/\/cardonaturisme.cat\/wp-content\/uploads\/2025\/10\/ruta-de-la-sal-btt-fortuny-020-300x200.jpg 300w, https:\/\/cardonaturisme.cat\/wp-content\/uploads\/2025\/10\/ruta-de-la-sal-btt-fortuny-020-768x511.jpg 768w, https:\/\/cardonaturisme.cat\/wp-content\/uploads\/2025\/10\/ruta-de-la-sal-btt-fortuny-020-1536x1022.jpg 1536w, https:\/\/cardonaturisme.cat\/wp-content\/uploads\/2025\/10\/ruta-de-la-sal-btt-fortuny-020-2048x1363.jpg 2048w\" sizes=\"(max-width: 1024px) 100vw, 1024px\" \/><\/figure>\n\n\n\n<p><strong>De Cardona a los Pirineos<\/strong><\/p>\n\n\n\n<p>La importancia de la sal para la conservaci\u00f3n de alimentos hizo que Cardona se convirtiera en el centro de una potente red comercial que abastec\u00eda a todos los condados catalanes. Estos caminos se llamaban \u00abcaminos cardoners o de la sal\u00bb.<\/p>\n\n\n\n<p>Los or\u00edgenes de estos caminos se remontan al neol\u00edtico hace m\u00e1s de 6.000 a\u00f1os. \u00abLa sal fue el dinamizador y explica toda la evoluci\u00f3n geopol\u00edtica y administrativa de la zona\u00bb, afirma Andreu Galera, director del Archivo Hist\u00f3rico de Cardona.<\/p>\n\n\n\n<p>Estos caminos ten\u00edan 5 ramales principales: el de Barcelona (pasando por S\u00faria, Manresa y Sabadell), el de Cervera (pasando por Calaf), el de Guardiola del Bergued\u00e0 (pasando por Serrateix, Gargall\u00e0, Avi\u00e0 y Berga), el de Solsona (pasando por Riner) y el de La Cerdanya (que pasaba por Sant Lloren\u00e7).<\/p>\n\n\n\n<p>El camino cardoner de la Cerdanya remontaba el valle del Cardener hacia Sant Lloren\u00e7 de Morunys, atravesaba el valle de la Vansa y bordeaba la sierra del Cad\u00ed por la cara norte hasta llanear hacia la Cerdanya. Este trazado coincide tambi\u00e9n con las v\u00edas pecuarias o de trashumancia.<\/p>\n\n\n\n<p>El ramal que est\u00e1 se\u00f1alizado es el que va de Cardona a Manresa (conocido como el camino de la sal) con unos 40 km de recorrido. \u00abUnir los tramos del camino cardoner desde Manresa hasta los Pirineos supondr\u00eda la creaci\u00f3n de un itinerario natural, patrimonial y cultural de una potencia e inter\u00e9s excepcional\u00bb, asegura Francesc Ponsa, director general de la Fundaci\u00f3n Cardona Hist\u00f3rica.<\/p>\n","protected":false},"excerpt":{"rendered":"<p>\u2022 \u201cEl oro blanco\u201d es un proyecto de dinamizaci\u00f3n econ\u00f3mica en torno a la producci\u00f3n de la sal que promueve el Consorcio para el Desarrollo de la Catalu\u00f1a Central y la Fundaci\u00f3n Cardona Hist\u00f3rica \u2022 Cuenta con la participaci\u00f3n de diferentes agentes tur\u00edsticos y culturales del territorio con el objetivo de atraer visitantes y estudiosos [&hellip;]<\/p>\n","protected":false},"author":100002,"featured_media":20520,"comment_status":"closed","ping_status":"closed","sticky":false,"template":"","format":"standard","meta":{"_acf_changed":false,"footnotes":""},"categories":[143],"tags":[144],"class_list":["post-20676","post","type-post","status-publish","format-standard","has-post-thumbnail","hentry","category-noticias","tag-cardona-es"],"acf":[],"yoast_head":"<!-- This site is optimized with the Yoast SEO plugin v27.4 - https:\/\/yoast.com\/product\/yoast-seo-wordpress\/ -->\n<title>El proyecto \u201cEl oro blanco\u201d quiere recuperar las antiguas rutas de comercializaci\u00f3n de sal de Cardona para atraer a visitantes y estudiosos - Cardona Turisme<\/title>\n<meta name=\"description\" content=\"&quot;El oro blanco&quot; contempla el dise\u00f1o de acciones combinadas para lograr una dinamizaci\u00f3n tur\u00edstica, econ\u00f3mica y cultural de los diferentes espacios geogr\u00e1ficos.\" \/>\n<meta name=\"robots\" content=\"index, follow, max-snippet:-1, max-image-preview:large, max-video-preview:-1\" \/>\n<link rel=\"canonical\" href=\"https:\/\/cardonaturisme.cat\/es\/el-proyecto-el-oro-blanco-quiere-recuperar-las-antiguas-rutas-de-comercializacion-de-sal-de-cardona-para-atraer-a-visitantes-y-estudiosos\/\" \/>\n<meta property=\"og:locale\" content=\"es_ES\" \/>\n<meta property=\"og:type\" content=\"article\" \/>\n<meta property=\"og:title\" content=\"El proyecto \u201cEl oro blanco\u201d quiere recuperar las antiguas rutas de comercializaci\u00f3n de sal de Cardona para atraer a visitantes y estudiosos - Cardona Turisme\" \/>\n<meta property=\"og:description\" content=\"&quot;El oro blanco&quot; contempla el dise\u00f1o de acciones combinadas para lograr una dinamizaci\u00f3n tur\u00edstica, econ\u00f3mica y cultural de los diferentes espacios geogr\u00e1ficos.\" \/>\n<meta property=\"og:url\" content=\"https:\/\/cardonaturisme.cat\/es\/el-proyecto-el-oro-blanco-quiere-recuperar-las-antiguas-rutas-de-comercializacion-de-sal-de-cardona-para-atraer-a-visitantes-y-estudiosos\/\" \/>\n<meta property=\"og:site_name\" content=\"Cardona Turisme\" \/>\n<meta property=\"article:publisher\" content=\"https:\/\/www.facebook.com\/p\/Fundaci-Cardona-Histrica-100063704192069\/\" \/>\n<meta property=\"article:published_time\" content=\"2025-10-29T09:15:03+00:00\" \/>\n<meta property=\"article:modified_time\" content=\"2025-10-30T09:38:05+00:00\" \/>\n<meta property=\"og:image\" content=\"https:\/\/cardonaturisme.cat\/wp-content\/uploads\/2025\/10\/Cami-Cardoner-grup-2-scaled.jpg\" \/>\n\t<meta property=\"og:image:width\" content=\"2560\" \/>\n\t<meta property=\"og:image:height\" content=\"1707\" \/>\n\t<meta property=\"og:image:type\" content=\"image\/jpeg\" \/>\n<meta name=\"author\" content=\"Oficina de Turisme\" \/>\n<meta name=\"twitter:card\" content=\"summary_large_image\" \/>\n<meta name=\"twitter:creator\" content=\"@cardonaturisme\" \/>\n<meta name=\"twitter:site\" content=\"@cardonaturisme\" \/>\n<meta name=\"twitter:label1\" content=\"Escrito por\" \/>\n\t<meta name=\"twitter:data1\" content=\"Oficina de Turisme\" \/>\n\t<meta name=\"twitter:label2\" content=\"Tiempo de lectura\" \/>\n\t<meta name=\"twitter:data2\" content=\"5 minutos\" \/>\n<script type=\"application\/ld+json\" class=\"yoast-schema-graph\">{\"@context\":\"https:\\\/\\\/schema.org\",\"@graph\":[{\"@type\":\"Article\",\"@id\":\"https:\\\/\\\/cardonaturisme.cat\\\/es\\\/el-proyecto-el-oro-blanco-quiere-recuperar-las-antiguas-rutas-de-comercializacion-de-sal-de-cardona-para-atraer-a-visitantes-y-estudiosos\\\/#article\",\"isPartOf\":{\"@id\":\"https:\\\/\\\/cardonaturisme.cat\\\/es\\\/el-proyecto-el-oro-blanco-quiere-recuperar-las-antiguas-rutas-de-comercializacion-de-sal-de-cardona-para-atraer-a-visitantes-y-estudiosos\\\/\"},\"author\":{\"name\":\"Oficina de Turisme\",\"@id\":\"https:\\\/\\\/cardonaturisme.cat\\\/es\\\/#\\\/schema\\\/person\\\/a4ad9240e9eb6be86bca75b9b22d5dbe\"},\"headline\":\"El proyecto \u201cEl oro blanco\u201d quiere recuperar las antiguas rutas de comercializaci\u00f3n de sal de Cardona para atraer a visitantes y estudiosos\",\"datePublished\":\"2025-10-29T09:15:03+00:00\",\"dateModified\":\"2025-10-30T09:38:05+00:00\",\"mainEntityOfPage\":{\"@id\":\"https:\\\/\\\/cardonaturisme.cat\\\/es\\\/el-proyecto-el-oro-blanco-quiere-recuperar-las-antiguas-rutas-de-comercializacion-de-sal-de-cardona-para-atraer-a-visitantes-y-estudiosos\\\/\"},\"wordCount\":725,\"publisher\":{\"@id\":\"https:\\\/\\\/cardonaturisme.cat\\\/es\\\/#organization\"},\"image\":{\"@id\":\"https:\\\/\\\/cardonaturisme.cat\\\/es\\\/el-proyecto-el-oro-blanco-quiere-recuperar-las-antiguas-rutas-de-comercializacion-de-sal-de-cardona-para-atraer-a-visitantes-y-estudiosos\\\/#primaryimage\"},\"thumbnailUrl\":\"https:\\\/\\\/cardonaturisme.cat\\\/wp-content\\\/uploads\\\/2025\\\/10\\\/Cami-Cardoner-grup-2-scaled.jpg\",\"keywords\":[\"Cardona\"],\"articleSection\":[\"noticias\"],\"inLanguage\":\"es\"},{\"@type\":\"WebPage\",\"@id\":\"https:\\\/\\\/cardonaturisme.cat\\\/es\\\/el-proyecto-el-oro-blanco-quiere-recuperar-las-antiguas-rutas-de-comercializacion-de-sal-de-cardona-para-atraer-a-visitantes-y-estudiosos\\\/\",\"url\":\"https:\\\/\\\/cardonaturisme.cat\\\/es\\\/el-proyecto-el-oro-blanco-quiere-recuperar-las-antiguas-rutas-de-comercializacion-de-sal-de-cardona-para-atraer-a-visitantes-y-estudiosos\\\/\",\"name\":\"El proyecto \u201cEl oro blanco\u201d quiere recuperar las antiguas rutas de comercializaci\u00f3n de sal de Cardona para atraer a visitantes y estudiosos - Cardona Turisme\",\"isPartOf\":{\"@id\":\"https:\\\/\\\/cardonaturisme.cat\\\/es\\\/#website\"},\"primaryImageOfPage\":{\"@id\":\"https:\\\/\\\/cardonaturisme.cat\\\/es\\\/el-proyecto-el-oro-blanco-quiere-recuperar-las-antiguas-rutas-de-comercializacion-de-sal-de-cardona-para-atraer-a-visitantes-y-estudiosos\\\/#primaryimage\"},\"image\":{\"@id\":\"https:\\\/\\\/cardonaturisme.cat\\\/es\\\/el-proyecto-el-oro-blanco-quiere-recuperar-las-antiguas-rutas-de-comercializacion-de-sal-de-cardona-para-atraer-a-visitantes-y-estudiosos\\\/#primaryimage\"},\"thumbnailUrl\":\"https:\\\/\\\/cardonaturisme.cat\\\/wp-content\\\/uploads\\\/2025\\\/10\\\/Cami-Cardoner-grup-2-scaled.jpg\",\"datePublished\":\"2025-10-29T09:15:03+00:00\",\"dateModified\":\"2025-10-30T09:38:05+00:00\",\"description\":\"\\\"El oro blanco\\\" contempla el dise\u00f1o de acciones combinadas para lograr una dinamizaci\u00f3n tur\u00edstica, econ\u00f3mica y cultural de los diferentes espacios geogr\u00e1ficos.\",\"breadcrumb\":{\"@id\":\"https:\\\/\\\/cardonaturisme.cat\\\/es\\\/el-proyecto-el-oro-blanco-quiere-recuperar-las-antiguas-rutas-de-comercializacion-de-sal-de-cardona-para-atraer-a-visitantes-y-estudiosos\\\/#breadcrumb\"},\"inLanguage\":\"es\",\"potentialAction\":[{\"@type\":\"ReadAction\",\"target\":[\"https:\\\/\\\/cardonaturisme.cat\\\/es\\\/el-proyecto-el-oro-blanco-quiere-recuperar-las-antiguas-rutas-de-comercializacion-de-sal-de-cardona-para-atraer-a-visitantes-y-estudiosos\\\/\"]}]},{\"@type\":\"ImageObject\",\"inLanguage\":\"es\",\"@id\":\"https:\\\/\\\/cardonaturisme.cat\\\/es\\\/el-proyecto-el-oro-blanco-quiere-recuperar-las-antiguas-rutas-de-comercializacion-de-sal-de-cardona-para-atraer-a-visitantes-y-estudiosos\\\/#primaryimage\",\"url\":\"https:\\\/\\\/cardonaturisme.cat\\\/wp-content\\\/uploads\\\/2025\\\/10\\\/Cami-Cardoner-grup-2-scaled.jpg\",\"contentUrl\":\"https:\\\/\\\/cardonaturisme.cat\\\/wp-content\\\/uploads\\\/2025\\\/10\\\/Cami-Cardoner-grup-2-scaled.jpg\",\"width\":2560,\"height\":1707},{\"@type\":\"BreadcrumbList\",\"@id\":\"https:\\\/\\\/cardonaturisme.cat\\\/es\\\/el-proyecto-el-oro-blanco-quiere-recuperar-las-antiguas-rutas-de-comercializacion-de-sal-de-cardona-para-atraer-a-visitantes-y-estudiosos\\\/#breadcrumb\",\"itemListElement\":[{\"@type\":\"ListItem\",\"position\":1,\"name\":\"Inici\",\"item\":\"https:\\\/\\\/cardonaturisme.cat\\\/es\\\/\"},{\"@type\":\"ListItem\",\"position\":2,\"name\":\"El proyecto \u201cEl oro blanco\u201d quiere recuperar las antiguas rutas de comercializaci\u00f3n de sal de Cardona para atraer a visitantes y estudiosos\"}]},{\"@type\":\"WebSite\",\"@id\":\"https:\\\/\\\/cardonaturisme.cat\\\/es\\\/#website\",\"url\":\"https:\\\/\\\/cardonaturisme.cat\\\/es\\\/\",\"name\":\"Cardona Turisme\",\"description\":\"La teva hist\u00f2ria\",\"publisher\":{\"@id\":\"https:\\\/\\\/cardonaturisme.cat\\\/es\\\/#organization\"},\"potentialAction\":[{\"@type\":\"SearchAction\",\"target\":{\"@type\":\"EntryPoint\",\"urlTemplate\":\"https:\\\/\\\/cardonaturisme.cat\\\/es\\\/?s={search_term_string}\"},\"query-input\":{\"@type\":\"PropertyValueSpecification\",\"valueRequired\":true,\"valueName\":\"search_term_string\"}}],\"inLanguage\":\"es\"},{\"@type\":\"Organization\",\"@id\":\"https:\\\/\\\/cardonaturisme.cat\\\/es\\\/#organization\",\"name\":\"Cardona Turisme\",\"url\":\"https:\\\/\\\/cardonaturisme.cat\\\/es\\\/\",\"logo\":{\"@type\":\"ImageObject\",\"inLanguage\":\"es\",\"@id\":\"https:\\\/\\\/cardonaturisme.cat\\\/es\\\/#\\\/schema\\\/logo\\\/image\\\/\",\"url\":\"https:\\\/\\\/cardonaturisme.cat\\\/wp-content\\\/uploads\\\/2023\\\/10\\\/logo-vermell-cardonaturisme.svg\",\"contentUrl\":\"https:\\\/\\\/cardonaturisme.cat\\\/wp-content\\\/uploads\\\/2023\\\/10\\\/logo-vermell-cardonaturisme.svg\",\"caption\":\"Cardona Turisme\"},\"image\":{\"@id\":\"https:\\\/\\\/cardonaturisme.cat\\\/es\\\/#\\\/schema\\\/logo\\\/image\\\/\"},\"sameAs\":[\"https:\\\/\\\/www.facebook.com\\\/p\\\/Fundaci-Cardona-Histrica-100063704192069\\\/\",\"https:\\\/\\\/x.com\\\/cardonaturisme\"]},{\"@type\":\"Person\",\"@id\":\"https:\\\/\\\/cardonaturisme.cat\\\/es\\\/#\\\/schema\\\/person\\\/a4ad9240e9eb6be86bca75b9b22d5dbe\",\"name\":\"Oficina de Turisme\",\"image\":{\"@type\":\"ImageObject\",\"inLanguage\":\"es\",\"@id\":\"https:\\\/\\\/secure.gravatar.com\\\/avatar\\\/44f4b38da71b7993f226c2e17c804b05b1a571c9a4a027ad8abbe755ff8eba78?s=96&d=mm&r=g\",\"url\":\"https:\\\/\\\/secure.gravatar.com\\\/avatar\\\/44f4b38da71b7993f226c2e17c804b05b1a571c9a4a027ad8abbe755ff8eba78?s=96&d=mm&r=g\",\"contentUrl\":\"https:\\\/\\\/secure.gravatar.com\\\/avatar\\\/44f4b38da71b7993f226c2e17c804b05b1a571c9a4a027ad8abbe755ff8eba78?s=96&d=mm&r=g\",\"caption\":\"Oficina de Turisme\"},\"url\":\"https:\\\/\\\/cardonaturisme.cat\\\/es\\\/author\\\/admin-ot\\\/\"}]}<\/script>\n<!-- \/ Yoast SEO plugin. -->","yoast_head_json":{"title":"El proyecto \u201cEl oro blanco\u201d quiere recuperar las antiguas rutas de comercializaci\u00f3n de sal de Cardona para atraer a visitantes y estudiosos - Cardona Turisme","description":"\"El oro blanco\" contempla el dise\u00f1o de acciones combinadas para lograr una dinamizaci\u00f3n tur\u00edstica, econ\u00f3mica y cultural de los diferentes espacios geogr\u00e1ficos.","robots":{"index":"index","follow":"follow","max-snippet":"max-snippet:-1","max-image-preview":"max-image-preview:large","max-video-preview":"max-video-preview:-1"},"canonical":"https:\/\/cardonaturisme.cat\/es\/el-proyecto-el-oro-blanco-quiere-recuperar-las-antiguas-rutas-de-comercializacion-de-sal-de-cardona-para-atraer-a-visitantes-y-estudiosos\/","og_locale":"es_ES","og_type":"article","og_title":"El proyecto \u201cEl oro blanco\u201d quiere recuperar las antiguas rutas de comercializaci\u00f3n de sal de Cardona para atraer a visitantes y estudiosos - Cardona Turisme","og_description":"\"El oro blanco\" contempla el dise\u00f1o de acciones combinadas para lograr una dinamizaci\u00f3n tur\u00edstica, econ\u00f3mica y cultural de los diferentes espacios geogr\u00e1ficos.","og_url":"https:\/\/cardonaturisme.cat\/es\/el-proyecto-el-oro-blanco-quiere-recuperar-las-antiguas-rutas-de-comercializacion-de-sal-de-cardona-para-atraer-a-visitantes-y-estudiosos\/","og_site_name":"Cardona Turisme","article_publisher":"https:\/\/www.facebook.com\/p\/Fundaci-Cardona-Histrica-100063704192069\/","article_published_time":"2025-10-29T09:15:03+00:00","article_modified_time":"2025-10-30T09:38:05+00:00","og_image":[{"width":2560,"height":1707,"url":"https:\/\/cardonaturisme.cat\/wp-content\/uploads\/2025\/10\/Cami-Cardoner-grup-2-scaled.jpg","type":"image\/jpeg"}],"author":"Oficina de Turisme","twitter_card":"summary_large_image","twitter_creator":"@cardonaturisme","twitter_site":"@cardonaturisme","twitter_misc":{"Escrito por":"Oficina de Turisme","Tiempo de lectura":"5 minutos"},"schema":{"@context":"https:\/\/schema.org","@graph":[{"@type":"Article","@id":"https:\/\/cardonaturisme.cat\/es\/el-proyecto-el-oro-blanco-quiere-recuperar-las-antiguas-rutas-de-comercializacion-de-sal-de-cardona-para-atraer-a-visitantes-y-estudiosos\/#article","isPartOf":{"@id":"https:\/\/cardonaturisme.cat\/es\/el-proyecto-el-oro-blanco-quiere-recuperar-las-antiguas-rutas-de-comercializacion-de-sal-de-cardona-para-atraer-a-visitantes-y-estudiosos\/"},"author":{"name":"Oficina de Turisme","@id":"https:\/\/cardonaturisme.cat\/es\/#\/schema\/person\/a4ad9240e9eb6be86bca75b9b22d5dbe"},"headline":"El proyecto \u201cEl oro blanco\u201d quiere recuperar las antiguas rutas de comercializaci\u00f3n de sal de Cardona para atraer a visitantes y estudiosos","datePublished":"2025-10-29T09:15:03+00:00","dateModified":"2025-10-30T09:38:05+00:00","mainEntityOfPage":{"@id":"https:\/\/cardonaturisme.cat\/es\/el-proyecto-el-oro-blanco-quiere-recuperar-las-antiguas-rutas-de-comercializacion-de-sal-de-cardona-para-atraer-a-visitantes-y-estudiosos\/"},"wordCount":725,"publisher":{"@id":"https:\/\/cardonaturisme.cat\/es\/#organization"},"image":{"@id":"https:\/\/cardonaturisme.cat\/es\/el-proyecto-el-oro-blanco-quiere-recuperar-las-antiguas-rutas-de-comercializacion-de-sal-de-cardona-para-atraer-a-visitantes-y-estudiosos\/#primaryimage"},"thumbnailUrl":"https:\/\/cardonaturisme.cat\/wp-content\/uploads\/2025\/10\/Cami-Cardoner-grup-2-scaled.jpg","keywords":["Cardona"],"articleSection":["noticias"],"inLanguage":"es"},{"@type":"WebPage","@id":"https:\/\/cardonaturisme.cat\/es\/el-proyecto-el-oro-blanco-quiere-recuperar-las-antiguas-rutas-de-comercializacion-de-sal-de-cardona-para-atraer-a-visitantes-y-estudiosos\/","url":"https:\/\/cardonaturisme.cat\/es\/el-proyecto-el-oro-blanco-quiere-recuperar-las-antiguas-rutas-de-comercializacion-de-sal-de-cardona-para-atraer-a-visitantes-y-estudiosos\/","name":"El proyecto \u201cEl oro blanco\u201d quiere recuperar las antiguas rutas de comercializaci\u00f3n de sal de Cardona para atraer a visitantes y estudiosos - Cardona Turisme","isPartOf":{"@id":"https:\/\/cardonaturisme.cat\/es\/#website"},"primaryImageOfPage":{"@id":"https:\/\/cardonaturisme.cat\/es\/el-proyecto-el-oro-blanco-quiere-recuperar-las-antiguas-rutas-de-comercializacion-de-sal-de-cardona-para-atraer-a-visitantes-y-estudiosos\/#primaryimage"},"image":{"@id":"https:\/\/cardonaturisme.cat\/es\/el-proyecto-el-oro-blanco-quiere-recuperar-las-antiguas-rutas-de-comercializacion-de-sal-de-cardona-para-atraer-a-visitantes-y-estudiosos\/#primaryimage"},"thumbnailUrl":"https:\/\/cardonaturisme.cat\/wp-content\/uploads\/2025\/10\/Cami-Cardoner-grup-2-scaled.jpg","datePublished":"2025-10-29T09:15:03+00:00","dateModified":"2025-10-30T09:38:05+00:00","description":"\"El oro blanco\" contempla el dise\u00f1o de acciones combinadas para lograr una dinamizaci\u00f3n tur\u00edstica, econ\u00f3mica y cultural de los diferentes espacios geogr\u00e1ficos.","breadcrumb":{"@id":"https:\/\/cardonaturisme.cat\/es\/el-proyecto-el-oro-blanco-quiere-recuperar-las-antiguas-rutas-de-comercializacion-de-sal-de-cardona-para-atraer-a-visitantes-y-estudiosos\/#breadcrumb"},"inLanguage":"es","potentialAction":[{"@type":"ReadAction","target":["https:\/\/cardonaturisme.cat\/es\/el-proyecto-el-oro-blanco-quiere-recuperar-las-antiguas-rutas-de-comercializacion-de-sal-de-cardona-para-atraer-a-visitantes-y-estudiosos\/"]}]},{"@type":"ImageObject","inLanguage":"es","@id":"https:\/\/cardonaturisme.cat\/es\/el-proyecto-el-oro-blanco-quiere-recuperar-las-antiguas-rutas-de-comercializacion-de-sal-de-cardona-para-atraer-a-visitantes-y-estudiosos\/#primaryimage","url":"https:\/\/cardonaturisme.cat\/wp-content\/uploads\/2025\/10\/Cami-Cardoner-grup-2-scaled.jpg","contentUrl":"https:\/\/cardonaturisme.cat\/wp-content\/uploads\/2025\/10\/Cami-Cardoner-grup-2-scaled.jpg","width":2560,"height":1707},{"@type":"BreadcrumbList","@id":"https:\/\/cardonaturisme.cat\/es\/el-proyecto-el-oro-blanco-quiere-recuperar-las-antiguas-rutas-de-comercializacion-de-sal-de-cardona-para-atraer-a-visitantes-y-estudiosos\/#breadcrumb","itemListElement":[{"@type":"ListItem","position":1,"name":"Inici","item":"https:\/\/cardonaturisme.cat\/es\/"},{"@type":"ListItem","position":2,"name":"El proyecto \u201cEl oro blanco\u201d quiere recuperar las antiguas rutas de comercializaci\u00f3n de sal de Cardona para atraer a visitantes y estudiosos"}]},{"@type":"WebSite","@id":"https:\/\/cardonaturisme.cat\/es\/#website","url":"https:\/\/cardonaturisme.cat\/es\/","name":"Cardona Turisme","description":"La teva hist\u00f2ria","publisher":{"@id":"https:\/\/cardonaturisme.cat\/es\/#organization"},"potentialAction":[{"@type":"SearchAction","target":{"@type":"EntryPoint","urlTemplate":"https:\/\/cardonaturisme.cat\/es\/?s={search_term_string}"},"query-input":{"@type":"PropertyValueSpecification","valueRequired":true,"valueName":"search_term_string"}}],"inLanguage":"es"},{"@type":"Organization","@id":"https:\/\/cardonaturisme.cat\/es\/#organization","name":"Cardona Turisme","url":"https:\/\/cardonaturisme.cat\/es\/","logo":{"@type":"ImageObject","inLanguage":"es","@id":"https:\/\/cardonaturisme.cat\/es\/#\/schema\/logo\/image\/","url":"https:\/\/cardonaturisme.cat\/wp-content\/uploads\/2023\/10\/logo-vermell-cardonaturisme.svg","contentUrl":"https:\/\/cardonaturisme.cat\/wp-content\/uploads\/2023\/10\/logo-vermell-cardonaturisme.svg","caption":"Cardona Turisme"},"image":{"@id":"https:\/\/cardonaturisme.cat\/es\/#\/schema\/logo\/image\/"},"sameAs":["https:\/\/www.facebook.com\/p\/Fundaci-Cardona-Histrica-100063704192069\/","https:\/\/x.com\/cardonaturisme"]},{"@type":"Person","@id":"https:\/\/cardonaturisme.cat\/es\/#\/schema\/person\/a4ad9240e9eb6be86bca75b9b22d5dbe","name":"Oficina de Turisme","image":{"@type":"ImageObject","inLanguage":"es","@id":"https:\/\/secure.gravatar.com\/avatar\/44f4b38da71b7993f226c2e17c804b05b1a571c9a4a027ad8abbe755ff8eba78?s=96&d=mm&r=g","url":"https:\/\/secure.gravatar.com\/avatar\/44f4b38da71b7993f226c2e17c804b05b1a571c9a4a027ad8abbe755ff8eba78?s=96&d=mm&r=g","contentUrl":"https:\/\/secure.gravatar.com\/avatar\/44f4b38da71b7993f226c2e17c804b05b1a571c9a4a027ad8abbe755ff8eba78?s=96&d=mm&r=g","caption":"Oficina de Turisme"},"url":"https:\/\/cardonaturisme.cat\/es\/author\/admin-ot\/"}]}},"_links":{"self":[{"href":"https:\/\/cardonaturisme.cat\/es\/wp-json\/wp\/v2\/posts\/20676","targetHints":{"allow":["GET"]}}],"collection":[{"href":"https:\/\/cardonaturisme.cat\/es\/wp-json\/wp\/v2\/posts"}],"about":[{"href":"https:\/\/cardonaturisme.cat\/es\/wp-json\/wp\/v2\/types\/post"}],"author":[{"embeddable":true,"href":"https:\/\/cardonaturisme.cat\/es\/wp-json\/wp\/v2\/users\/100002"}],"replies":[{"embeddable":true,"href":"https:\/\/cardonaturisme.cat\/es\/wp-json\/wp\/v2\/comments?post=20676"}],"version-history":[{"count":1,"href":"https:\/\/cardonaturisme.cat\/es\/wp-json\/wp\/v2\/posts\/20676\/revisions"}],"predecessor-version":[{"id":20677,"href":"https:\/\/cardonaturisme.cat\/es\/wp-json\/wp\/v2\/posts\/20676\/revisions\/20677"}],"wp:featuredmedia":[{"embeddable":true,"href":"https:\/\/cardonaturisme.cat\/es\/wp-json\/wp\/v2\/media\/20520"}],"wp:attachment":[{"href":"https:\/\/cardonaturisme.cat\/es\/wp-json\/wp\/v2\/media?parent=20676"}],"wp:term":[{"taxonomy":"category","embeddable":true,"href":"https:\/\/cardonaturisme.cat\/es\/wp-json\/wp\/v2\/categories?post=20676"},{"taxonomy":"post_tag","embeddable":true,"href":"https:\/\/cardonaturisme.cat\/es\/wp-json\/wp\/v2\/tags?post=20676"}],"curies":[{"name":"wp","href":"https:\/\/api.w.org\/{rel}","templated":true}]}}