{"id":20175,"date":"2025-10-21T10:45:57","date_gmt":"2025-10-21T08:45:57","guid":{"rendered":"https:\/\/cardonaturisme.cat\/?p=20175"},"modified":"2025-10-21T10:48:43","modified_gmt":"2025-10-21T08:48:43","slug":"la-sal-de-cardona-protagonista-de-la-nueva-guia-del-rebost-del-bages","status":"publish","type":"post","link":"https:\/\/cardonaturisme.cat\/es\/la-sal-de-cardona-protagonista-de-la-nueva-guia-del-rebost-del-bages\/","title":{"rendered":"La Sal de Cardona, protagonista de la nueva gu\u00eda del Rebost del Bages"},"content":{"rendered":"\n<p><strong>\u2022 La publicaci\u00f3n recoge el conocimiento hist\u00f3rico, cient\u00edfico y gastron\u00f3mico sobre la sal<\/strong><\/p>\n\n\n\n<p>La Fundaci\u00f3n Al\u00edcia ha acogido la presentaci\u00f3n de la Gu\u00eda de la Sal de Cardona, una nueva publicaci\u00f3n impulsada por el Consejo Comarcal del Bages en el marco de los proyectos del Rebost del Bages y del Geoparque Mundial UNESCO de la Catalu\u00f1a Central.<\/p>\n\n\n\n<p>Esta gu\u00eda es el resultado de la colaboraci\u00f3n entre diversas entidades y profesionales que han posibilitado un trabajo coral para poner en valor uno de los productos m\u00e1s emblem\u00e1ticos del territorio.<\/p>\n\n\n\n<p>La edici\u00f3n ha contado con la colaboraci\u00f3n del Ayuntamiento de Cardona, a trav\u00e9s de la Fundaci\u00f3n Cardona Hist\u00f3rica, y con la experiencia de la Fundaci\u00f3n Al\u00edcia, encargada de la redacci\u00f3n de los contenidos. \u00c9stos se han elaborado a partir de la participaci\u00f3n de personas expertas en historia, geolog\u00eda y gastronom\u00eda, que han aportado su conocimiento y experiencia.<\/p>\n\n\n\n<p>La gu\u00eda permite divulgar los valores de la sal de Cardona: su formaci\u00f3n geol\u00f3gica, el papel hist\u00f3rico en la econom\u00eda y la cultura del territorio, sus propiedades, variedades, usos y sus m\u00faltiples aplicaciones en la cocina.<\/p>\n\n\n\n<figure class=\"wp-block-image size-large\"><img fetchpriority=\"high\" decoding=\"async\" width=\"1024\" height=\"687\" src=\"https:\/\/cardonaturisme.cat\/wp-content\/uploads\/2025\/10\/Xarxa_Productes-Sal_Cardona_2G7A0609-1024x687.jpg\" alt=\"\" class=\"wp-image-20161\" srcset=\"https:\/\/cardonaturisme.cat\/wp-content\/uploads\/2025\/10\/Xarxa_Productes-Sal_Cardona_2G7A0609-1024x687.jpg 1024w, https:\/\/cardonaturisme.cat\/wp-content\/uploads\/2025\/10\/Xarxa_Productes-Sal_Cardona_2G7A0609-300x201.jpg 300w, https:\/\/cardonaturisme.cat\/wp-content\/uploads\/2025\/10\/Xarxa_Productes-Sal_Cardona_2G7A0609-768x516.jpg 768w, https:\/\/cardonaturisme.cat\/wp-content\/uploads\/2025\/10\/Xarxa_Productes-Sal_Cardona_2G7A0609-1536x1031.jpg 1536w, https:\/\/cardonaturisme.cat\/wp-content\/uploads\/2025\/10\/Xarxa_Productes-Sal_Cardona_2G7A0609-2048x1375.jpg 2048w\" sizes=\"(max-width: 1024px) 100vw, 1024px\" \/><\/figure>\n\n\n\n<p><strong>Una sal con historia<\/strong><\/p>\n\n\n\n<p>La gu\u00eda se acerca a la sal desde un punto de vista transversal. Andreu Galera, director del Archivo Hist\u00f3rico de Cardona, ha reivindicado su valor hist\u00f3rico destacando las 161 referencias a la sal de Cardona en la literatura precient\u00edfica anterior a 1800 en torno a tres caracter\u00edsticas: el fen\u00f3meno geol\u00f3gico, su mayor capacidad para conservar alimentos y sus virtudes medicinales.<\/p>\n\n\n\n<p>\u00abVolver a poner la sal de Cardona en el centro de la mesa es un gran ejercicio de recuperaci\u00f3n patrimonial\u00bb, asegura Galera.<\/p>\n\n\n\n<p>Por su parte, Adriana G\u00e1lvez, t\u00e9cnica responsable de proyectos de innovaci\u00f3n de la Fundaci\u00f3n Al\u00edcia, ha explicado algunas estrategias para diversificar el consumo de sal, dado que la Organizaci\u00f3n Mundial de la Salud (OMS) establece el consumo \u00f3ptimo de sal a menos de 5 gramos al d\u00eda. En este sentido, G\u00e1lvez ha defendido la importancia de seguir una dieta Mediterr\u00e1nea con productos frescos, locales y de temporada, \u00abque permite controlar mejor el consumo de sal\u00bb. En definitiva, la clave para conseguir un buen equilibrio es: \u00abMenos sal, pero de Cardona\u00bb.<\/p>\n\n\n\n<p>Francesc Ponsa, director general de la Fundaci\u00f3n Cardona Hist\u00f3rica (FCH), y Laia Ximenis, gerente de AMISOL, han puesto de relieve los valores sociales de la Sal de Cardona. \u201cEs un producto del pa\u00eds de gran calidad que no tiene nada que envidiar a la sal del Himalaya y que debemos cre\u00e9rnosla y potenciarla\u201d, afirma Ponsa.<\/p>\n\n\n\n<p>Adem\u00e1s, tiene el valor a\u00f1adido de contribuir al mantenimiento, conservaci\u00f3n y divulgaci\u00f3n del patrimonio natural, hist\u00f3rico, monumental e industrial de Cardona. La FCH reinvierte los beneficios de la venta de la sal en la conservaci\u00f3n de su patrimonio y, adem\u00e1s, contribuye a la adquisici\u00f3n de h\u00e1bitos de autonom\u00eda personal y social a las personas usuarias del Servicio de Terapia Ocupacional de AMISOL, que son los encargados de etiquetar y envasar la sal.<\/p>\n\n\n\n<p>Meritxell Jan\u00e9, t\u00e9cnica de agroalimentaci\u00f3n y hosteler\u00eda de AdlSolCar, y Carme Fontelles, del restaurante La Prensa de Cardona, han hablado de la importancia de la sal para la restauraci\u00f3n.<\/p>\n\n\n\n<p>A continuaci\u00f3n, el chef Jordi Llobet, embajador de la Sal de Cardona, ha ofrecido una demostraci\u00f3n de cocina con recetas elaboradas con sal cardonina, mostrando c\u00f3mo incorporar este producto de forma creativa y saludable a la gastronom\u00eda actual.<\/p>\n\n\n\n<p>La sesi\u00f3n tambi\u00e9n ha contado con la participaci\u00f3n institucional de Marta Vilad\u00e9s y Ribera, consejera de Promoci\u00f3n Econ\u00f3mica y Desarrollo Rural del Consejo Comarcal del Bages, y Llu\u00efsa Aliste S\u00e1nchez, alcaldesa de Cardona.<\/p>\n\n\n\n<figure class=\"wp-block-image size-large\"><img decoding=\"async\" width=\"1024\" height=\"768\" src=\"https:\/\/cardonaturisme.cat\/wp-content\/uploads\/2025\/10\/20251020_111810-1024x768.jpg\" alt=\"\" class=\"wp-image-20165\" srcset=\"https:\/\/cardonaturisme.cat\/wp-content\/uploads\/2025\/10\/20251020_111810-1024x768.jpg 1024w, https:\/\/cardonaturisme.cat\/wp-content\/uploads\/2025\/10\/20251020_111810-300x225.jpg 300w, https:\/\/cardonaturisme.cat\/wp-content\/uploads\/2025\/10\/20251020_111810-768x576.jpg 768w, https:\/\/cardonaturisme.cat\/wp-content\/uploads\/2025\/10\/20251020_111810-1536x1152.jpg 1536w, https:\/\/cardonaturisme.cat\/wp-content\/uploads\/2025\/10\/20251020_111810-2048x1536.jpg 2048w\" sizes=\"(max-width: 1024px) 100vw, 1024px\" \/><\/figure>\n\n\n\n<p><strong>Un producto con historia e identidad propia<\/strong><\/p>\n\n\n\n<p>A lo largo de los siglos, la sal de Cardona ha sido clave para el desarrollo econ\u00f3mico del municipio y de la Catalunya Central. El Valle Salino se ha explotado durante m\u00e1s de 6.500 a\u00f1os, desde el neol\u00edtico hasta la \u00e9poca romana, y su sal ha sido siempre apreciada por su pureza e intensidad. La sal ha sido tambi\u00e9n la raz\u00f3n de ser de la villa y del castillo, tal y como ya destacaba Pere Gil Estadella en el a\u00f1o 1600: \u00abY as\u00ed como el salero, como est\u00e1 dicho, se pone en medio de la mesa; as\u00ed ha querido Dios nuestro Se\u00f1or en medio de Cathalunya poner las monta\u00f1as de sal de Cardona\u00bb.<\/p>\n\n\n\n<p>El origen de la sal de Cardona se debe a la evaporaci\u00f3n de un mar interior hace unos 36 millones de a\u00f1os. Desde tiempos inmemoriales, la sal de Cardona ha gozado de fama y renombre. Ha sido considerada una de las mejores sales del mundo debido a su mayor capacidad saladora y las virtudes medicinales atribuidas por la sabidur\u00eda popular.<\/p>\n\n\n\n<p>La sal extra\u00edda del yacimiento de Cardona est\u00e1 considerada de m\u00e1xima pureza (con el 99,97% de cloruro s\u00f3dico). Se obtiene de desmenuzar la roca extra\u00edda del coraz\u00f3n del diapiro del valle salina de Cardona. Su estructura cristalina compacta explica su pureza y alta concentraci\u00f3n.<\/p>\n\n\n\n<p>La gu\u00eda se puede descargar en formato digital en: <a href=\"http:\/\/www.rebostbages.cat\/guies\">www.rebostbages.cat\/guies<\/a>.<\/p>\n\n\n\n<figure class=\"wp-block-image size-full is-resized\"><img decoding=\"async\" width=\"915\" height=\"923\" src=\"https:\/\/cardonaturisme.cat\/wp-content\/uploads\/2025\/10\/Portada-guia-de-la-sal-de-Cardona.png\" alt=\"\" class=\"wp-image-20169\" style=\"width:700px;height:auto\" srcset=\"https:\/\/cardonaturisme.cat\/wp-content\/uploads\/2025\/10\/Portada-guia-de-la-sal-de-Cardona.png 915w, https:\/\/cardonaturisme.cat\/wp-content\/uploads\/2025\/10\/Portada-guia-de-la-sal-de-Cardona-297x300.png 297w, https:\/\/cardonaturisme.cat\/wp-content\/uploads\/2025\/10\/Portada-guia-de-la-sal-de-Cardona-150x150.png 150w, https:\/\/cardonaturisme.cat\/wp-content\/uploads\/2025\/10\/Portada-guia-de-la-sal-de-Cardona-768x775.png 768w\" sizes=\"(max-width: 915px) 100vw, 915px\" \/><\/figure>\n","protected":false},"excerpt":{"rendered":"<p>\u2022 La publicaci\u00f3n recoge el conocimiento hist\u00f3rico, cient\u00edfico y gastron\u00f3mico sobre la sal La Fundaci\u00f3n Al\u00edcia ha acogido la presentaci\u00f3n de la Gu\u00eda de la Sal de Cardona, una nueva publicaci\u00f3n impulsada por el Consejo Comarcal del Bages en el marco de los proyectos del Rebost del Bages y del Geoparque Mundial UNESCO de la [&hellip;]<\/p>\n","protected":false},"author":100002,"featured_media":20173,"comment_status":"closed","ping_status":"closed","sticky":false,"template":"","format":"standard","meta":{"_acf_changed":false,"footnotes":""},"categories":[143],"tags":[144],"class_list":["post-20175","post","type-post","status-publish","format-standard","has-post-thumbnail","hentry","category-noticias","tag-cardona-es"],"acf":[],"yoast_head":"<!-- This site is optimized with the Yoast SEO plugin v27.4 - https:\/\/yoast.com\/product\/yoast-seo-wordpress\/ -->\n<title>La Sal de Cardona, protagonista de la nueva gu\u00eda del Rebost del Bages - Cardona Turisme<\/title>\n<meta name=\"robots\" content=\"index, follow, max-snippet:-1, max-image-preview:large, max-video-preview:-1\" \/>\n<link rel=\"canonical\" href=\"https:\/\/cardonaturisme.cat\/es\/la-sal-de-cardona-protagonista-de-la-nueva-guia-del-rebost-del-bages\/\" \/>\n<meta property=\"og:locale\" content=\"es_ES\" \/>\n<meta property=\"og:type\" content=\"article\" \/>\n<meta property=\"og:title\" content=\"La Sal de Cardona, protagonista de la nueva gu\u00eda del Rebost del Bages - Cardona Turisme\" \/>\n<meta property=\"og:description\" content=\"\u2022 La publicaci\u00f3n recoge el conocimiento hist\u00f3rico, cient\u00edfico y gastron\u00f3mico sobre la sal La Fundaci\u00f3n Al\u00edcia ha acogido la presentaci\u00f3n de la Gu\u00eda de la Sal de Cardona, una nueva publicaci\u00f3n impulsada por el Consejo Comarcal del Bages en el marco de los proyectos del Rebost del Bages y del Geoparque Mundial UNESCO de la [&hellip;]\" \/>\n<meta property=\"og:url\" content=\"https:\/\/cardonaturisme.cat\/es\/la-sal-de-cardona-protagonista-de-la-nueva-guia-del-rebost-del-bages\/\" \/>\n<meta property=\"og:site_name\" content=\"Cardona Turisme\" \/>\n<meta property=\"article:publisher\" content=\"https:\/\/www.facebook.com\/p\/Fundaci-Cardona-Histrica-100063704192069\/\" \/>\n<meta property=\"article:published_time\" content=\"2025-10-21T08:45:57+00:00\" \/>\n<meta property=\"article:modified_time\" content=\"2025-10-21T08:48:43+00:00\" \/>\n<meta property=\"og:image\" content=\"https:\/\/cardonaturisme.cat\/wp-content\/uploads\/2025\/10\/IMG_3099-scaled.jpg\" \/>\n\t<meta property=\"og:image:width\" content=\"2560\" \/>\n\t<meta property=\"og:image:height\" content=\"1754\" \/>\n\t<meta property=\"og:image:type\" content=\"image\/jpeg\" \/>\n<meta name=\"author\" content=\"Oficina de Turisme\" \/>\n<meta name=\"twitter:card\" content=\"summary_large_image\" \/>\n<meta name=\"twitter:creator\" content=\"@cardonaturisme\" \/>\n<meta name=\"twitter:site\" content=\"@cardonaturisme\" \/>\n<meta name=\"twitter:label1\" content=\"Escrito por\" \/>\n\t<meta name=\"twitter:data1\" content=\"Oficina de Turisme\" \/>\n\t<meta name=\"twitter:label2\" content=\"Tiempo de lectura\" \/>\n\t<meta name=\"twitter:data2\" content=\"6 minutos\" \/>\n<script type=\"application\/ld+json\" class=\"yoast-schema-graph\">{\"@context\":\"https:\\\/\\\/schema.org\",\"@graph\":[{\"@type\":\"Article\",\"@id\":\"https:\\\/\\\/cardonaturisme.cat\\\/es\\\/la-sal-de-cardona-protagonista-de-la-nueva-guia-del-rebost-del-bages\\\/#article\",\"isPartOf\":{\"@id\":\"https:\\\/\\\/cardonaturisme.cat\\\/es\\\/la-sal-de-cardona-protagonista-de-la-nueva-guia-del-rebost-del-bages\\\/\"},\"author\":{\"name\":\"Oficina de Turisme\",\"@id\":\"https:\\\/\\\/cardonaturisme.cat\\\/es\\\/#\\\/schema\\\/person\\\/a4ad9240e9eb6be86bca75b9b22d5dbe\"},\"headline\":\"La Sal de Cardona, protagonista de la nueva gu\u00eda del Rebost del Bages\",\"datePublished\":\"2025-10-21T08:45:57+00:00\",\"dateModified\":\"2025-10-21T08:48:43+00:00\",\"mainEntityOfPage\":{\"@id\":\"https:\\\/\\\/cardonaturisme.cat\\\/es\\\/la-sal-de-cardona-protagonista-de-la-nueva-guia-del-rebost-del-bages\\\/\"},\"wordCount\":924,\"publisher\":{\"@id\":\"https:\\\/\\\/cardonaturisme.cat\\\/es\\\/#organization\"},\"image\":{\"@id\":\"https:\\\/\\\/cardonaturisme.cat\\\/es\\\/la-sal-de-cardona-protagonista-de-la-nueva-guia-del-rebost-del-bages\\\/#primaryimage\"},\"thumbnailUrl\":\"https:\\\/\\\/cardonaturisme.cat\\\/wp-content\\\/uploads\\\/2025\\\/10\\\/IMG_3099-scaled.jpg\",\"keywords\":[\"Cardona\"],\"articleSection\":[\"noticias\"],\"inLanguage\":\"es\"},{\"@type\":\"WebPage\",\"@id\":\"https:\\\/\\\/cardonaturisme.cat\\\/es\\\/la-sal-de-cardona-protagonista-de-la-nueva-guia-del-rebost-del-bages\\\/\",\"url\":\"https:\\\/\\\/cardonaturisme.cat\\\/es\\\/la-sal-de-cardona-protagonista-de-la-nueva-guia-del-rebost-del-bages\\\/\",\"name\":\"La Sal de Cardona, protagonista de la nueva gu\u00eda del Rebost del Bages - Cardona Turisme\",\"isPartOf\":{\"@id\":\"https:\\\/\\\/cardonaturisme.cat\\\/es\\\/#website\"},\"primaryImageOfPage\":{\"@id\":\"https:\\\/\\\/cardonaturisme.cat\\\/es\\\/la-sal-de-cardona-protagonista-de-la-nueva-guia-del-rebost-del-bages\\\/#primaryimage\"},\"image\":{\"@id\":\"https:\\\/\\\/cardonaturisme.cat\\\/es\\\/la-sal-de-cardona-protagonista-de-la-nueva-guia-del-rebost-del-bages\\\/#primaryimage\"},\"thumbnailUrl\":\"https:\\\/\\\/cardonaturisme.cat\\\/wp-content\\\/uploads\\\/2025\\\/10\\\/IMG_3099-scaled.jpg\",\"datePublished\":\"2025-10-21T08:45:57+00:00\",\"dateModified\":\"2025-10-21T08:48:43+00:00\",\"breadcrumb\":{\"@id\":\"https:\\\/\\\/cardonaturisme.cat\\\/es\\\/la-sal-de-cardona-protagonista-de-la-nueva-guia-del-rebost-del-bages\\\/#breadcrumb\"},\"inLanguage\":\"es\",\"potentialAction\":[{\"@type\":\"ReadAction\",\"target\":[\"https:\\\/\\\/cardonaturisme.cat\\\/es\\\/la-sal-de-cardona-protagonista-de-la-nueva-guia-del-rebost-del-bages\\\/\"]}]},{\"@type\":\"ImageObject\",\"inLanguage\":\"es\",\"@id\":\"https:\\\/\\\/cardonaturisme.cat\\\/es\\\/la-sal-de-cardona-protagonista-de-la-nueva-guia-del-rebost-del-bages\\\/#primaryimage\",\"url\":\"https:\\\/\\\/cardonaturisme.cat\\\/wp-content\\\/uploads\\\/2025\\\/10\\\/IMG_3099-scaled.jpg\",\"contentUrl\":\"https:\\\/\\\/cardonaturisme.cat\\\/wp-content\\\/uploads\\\/2025\\\/10\\\/IMG_3099-scaled.jpg\",\"width\":2560,\"height\":1754},{\"@type\":\"BreadcrumbList\",\"@id\":\"https:\\\/\\\/cardonaturisme.cat\\\/es\\\/la-sal-de-cardona-protagonista-de-la-nueva-guia-del-rebost-del-bages\\\/#breadcrumb\",\"itemListElement\":[{\"@type\":\"ListItem\",\"position\":1,\"name\":\"Inici\",\"item\":\"https:\\\/\\\/cardonaturisme.cat\\\/es\\\/\"},{\"@type\":\"ListItem\",\"position\":2,\"name\":\"La Sal de Cardona, protagonista de la nueva gu\u00eda del Rebost del Bages\"}]},{\"@type\":\"WebSite\",\"@id\":\"https:\\\/\\\/cardonaturisme.cat\\\/es\\\/#website\",\"url\":\"https:\\\/\\\/cardonaturisme.cat\\\/es\\\/\",\"name\":\"Cardona Turisme\",\"description\":\"La teva hist\u00f2ria\",\"publisher\":{\"@id\":\"https:\\\/\\\/cardonaturisme.cat\\\/es\\\/#organization\"},\"potentialAction\":[{\"@type\":\"SearchAction\",\"target\":{\"@type\":\"EntryPoint\",\"urlTemplate\":\"https:\\\/\\\/cardonaturisme.cat\\\/es\\\/?s={search_term_string}\"},\"query-input\":{\"@type\":\"PropertyValueSpecification\",\"valueRequired\":true,\"valueName\":\"search_term_string\"}}],\"inLanguage\":\"es\"},{\"@type\":\"Organization\",\"@id\":\"https:\\\/\\\/cardonaturisme.cat\\\/es\\\/#organization\",\"name\":\"Cardona Turisme\",\"url\":\"https:\\\/\\\/cardonaturisme.cat\\\/es\\\/\",\"logo\":{\"@type\":\"ImageObject\",\"inLanguage\":\"es\",\"@id\":\"https:\\\/\\\/cardonaturisme.cat\\\/es\\\/#\\\/schema\\\/logo\\\/image\\\/\",\"url\":\"https:\\\/\\\/cardonaturisme.cat\\\/wp-content\\\/uploads\\\/2023\\\/10\\\/logo-vermell-cardonaturisme.svg\",\"contentUrl\":\"https:\\\/\\\/cardonaturisme.cat\\\/wp-content\\\/uploads\\\/2023\\\/10\\\/logo-vermell-cardonaturisme.svg\",\"caption\":\"Cardona Turisme\"},\"image\":{\"@id\":\"https:\\\/\\\/cardonaturisme.cat\\\/es\\\/#\\\/schema\\\/logo\\\/image\\\/\"},\"sameAs\":[\"https:\\\/\\\/www.facebook.com\\\/p\\\/Fundaci-Cardona-Histrica-100063704192069\\\/\",\"https:\\\/\\\/x.com\\\/cardonaturisme\"]},{\"@type\":\"Person\",\"@id\":\"https:\\\/\\\/cardonaturisme.cat\\\/es\\\/#\\\/schema\\\/person\\\/a4ad9240e9eb6be86bca75b9b22d5dbe\",\"name\":\"Oficina de Turisme\",\"image\":{\"@type\":\"ImageObject\",\"inLanguage\":\"es\",\"@id\":\"https:\\\/\\\/secure.gravatar.com\\\/avatar\\\/44f4b38da71b7993f226c2e17c804b05b1a571c9a4a027ad8abbe755ff8eba78?s=96&d=mm&r=g\",\"url\":\"https:\\\/\\\/secure.gravatar.com\\\/avatar\\\/44f4b38da71b7993f226c2e17c804b05b1a571c9a4a027ad8abbe755ff8eba78?s=96&d=mm&r=g\",\"contentUrl\":\"https:\\\/\\\/secure.gravatar.com\\\/avatar\\\/44f4b38da71b7993f226c2e17c804b05b1a571c9a4a027ad8abbe755ff8eba78?s=96&d=mm&r=g\",\"caption\":\"Oficina de Turisme\"},\"url\":\"https:\\\/\\\/cardonaturisme.cat\\\/es\\\/author\\\/admin-ot\\\/\"}]}<\/script>\n<!-- \/ Yoast SEO plugin. -->","yoast_head_json":{"title":"La Sal de Cardona, protagonista de la nueva gu\u00eda del Rebost del Bages - Cardona Turisme","robots":{"index":"index","follow":"follow","max-snippet":"max-snippet:-1","max-image-preview":"max-image-preview:large","max-video-preview":"max-video-preview:-1"},"canonical":"https:\/\/cardonaturisme.cat\/es\/la-sal-de-cardona-protagonista-de-la-nueva-guia-del-rebost-del-bages\/","og_locale":"es_ES","og_type":"article","og_title":"La Sal de Cardona, protagonista de la nueva gu\u00eda del Rebost del Bages - Cardona Turisme","og_description":"\u2022 La publicaci\u00f3n recoge el conocimiento hist\u00f3rico, cient\u00edfico y gastron\u00f3mico sobre la sal La Fundaci\u00f3n Al\u00edcia ha acogido la presentaci\u00f3n de la Gu\u00eda de la Sal de Cardona, una nueva publicaci\u00f3n impulsada por el Consejo Comarcal del Bages en el marco de los proyectos del Rebost del Bages y del Geoparque Mundial UNESCO de la [&hellip;]","og_url":"https:\/\/cardonaturisme.cat\/es\/la-sal-de-cardona-protagonista-de-la-nueva-guia-del-rebost-del-bages\/","og_site_name":"Cardona Turisme","article_publisher":"https:\/\/www.facebook.com\/p\/Fundaci-Cardona-Histrica-100063704192069\/","article_published_time":"2025-10-21T08:45:57+00:00","article_modified_time":"2025-10-21T08:48:43+00:00","og_image":[{"width":2560,"height":1754,"url":"https:\/\/cardonaturisme.cat\/wp-content\/uploads\/2025\/10\/IMG_3099-scaled.jpg","type":"image\/jpeg"}],"author":"Oficina de Turisme","twitter_card":"summary_large_image","twitter_creator":"@cardonaturisme","twitter_site":"@cardonaturisme","twitter_misc":{"Escrito por":"Oficina de Turisme","Tiempo de lectura":"6 minutos"},"schema":{"@context":"https:\/\/schema.org","@graph":[{"@type":"Article","@id":"https:\/\/cardonaturisme.cat\/es\/la-sal-de-cardona-protagonista-de-la-nueva-guia-del-rebost-del-bages\/#article","isPartOf":{"@id":"https:\/\/cardonaturisme.cat\/es\/la-sal-de-cardona-protagonista-de-la-nueva-guia-del-rebost-del-bages\/"},"author":{"name":"Oficina de Turisme","@id":"https:\/\/cardonaturisme.cat\/es\/#\/schema\/person\/a4ad9240e9eb6be86bca75b9b22d5dbe"},"headline":"La Sal de Cardona, protagonista de la nueva gu\u00eda del Rebost del Bages","datePublished":"2025-10-21T08:45:57+00:00","dateModified":"2025-10-21T08:48:43+00:00","mainEntityOfPage":{"@id":"https:\/\/cardonaturisme.cat\/es\/la-sal-de-cardona-protagonista-de-la-nueva-guia-del-rebost-del-bages\/"},"wordCount":924,"publisher":{"@id":"https:\/\/cardonaturisme.cat\/es\/#organization"},"image":{"@id":"https:\/\/cardonaturisme.cat\/es\/la-sal-de-cardona-protagonista-de-la-nueva-guia-del-rebost-del-bages\/#primaryimage"},"thumbnailUrl":"https:\/\/cardonaturisme.cat\/wp-content\/uploads\/2025\/10\/IMG_3099-scaled.jpg","keywords":["Cardona"],"articleSection":["noticias"],"inLanguage":"es"},{"@type":"WebPage","@id":"https:\/\/cardonaturisme.cat\/es\/la-sal-de-cardona-protagonista-de-la-nueva-guia-del-rebost-del-bages\/","url":"https:\/\/cardonaturisme.cat\/es\/la-sal-de-cardona-protagonista-de-la-nueva-guia-del-rebost-del-bages\/","name":"La Sal de Cardona, protagonista de la nueva gu\u00eda del Rebost del Bages - Cardona Turisme","isPartOf":{"@id":"https:\/\/cardonaturisme.cat\/es\/#website"},"primaryImageOfPage":{"@id":"https:\/\/cardonaturisme.cat\/es\/la-sal-de-cardona-protagonista-de-la-nueva-guia-del-rebost-del-bages\/#primaryimage"},"image":{"@id":"https:\/\/cardonaturisme.cat\/es\/la-sal-de-cardona-protagonista-de-la-nueva-guia-del-rebost-del-bages\/#primaryimage"},"thumbnailUrl":"https:\/\/cardonaturisme.cat\/wp-content\/uploads\/2025\/10\/IMG_3099-scaled.jpg","datePublished":"2025-10-21T08:45:57+00:00","dateModified":"2025-10-21T08:48:43+00:00","breadcrumb":{"@id":"https:\/\/cardonaturisme.cat\/es\/la-sal-de-cardona-protagonista-de-la-nueva-guia-del-rebost-del-bages\/#breadcrumb"},"inLanguage":"es","potentialAction":[{"@type":"ReadAction","target":["https:\/\/cardonaturisme.cat\/es\/la-sal-de-cardona-protagonista-de-la-nueva-guia-del-rebost-del-bages\/"]}]},{"@type":"ImageObject","inLanguage":"es","@id":"https:\/\/cardonaturisme.cat\/es\/la-sal-de-cardona-protagonista-de-la-nueva-guia-del-rebost-del-bages\/#primaryimage","url":"https:\/\/cardonaturisme.cat\/wp-content\/uploads\/2025\/10\/IMG_3099-scaled.jpg","contentUrl":"https:\/\/cardonaturisme.cat\/wp-content\/uploads\/2025\/10\/IMG_3099-scaled.jpg","width":2560,"height":1754},{"@type":"BreadcrumbList","@id":"https:\/\/cardonaturisme.cat\/es\/la-sal-de-cardona-protagonista-de-la-nueva-guia-del-rebost-del-bages\/#breadcrumb","itemListElement":[{"@type":"ListItem","position":1,"name":"Inici","item":"https:\/\/cardonaturisme.cat\/es\/"},{"@type":"ListItem","position":2,"name":"La Sal de Cardona, protagonista de la nueva gu\u00eda del Rebost del Bages"}]},{"@type":"WebSite","@id":"https:\/\/cardonaturisme.cat\/es\/#website","url":"https:\/\/cardonaturisme.cat\/es\/","name":"Cardona Turisme","description":"La teva hist\u00f2ria","publisher":{"@id":"https:\/\/cardonaturisme.cat\/es\/#organization"},"potentialAction":[{"@type":"SearchAction","target":{"@type":"EntryPoint","urlTemplate":"https:\/\/cardonaturisme.cat\/es\/?s={search_term_string}"},"query-input":{"@type":"PropertyValueSpecification","valueRequired":true,"valueName":"search_term_string"}}],"inLanguage":"es"},{"@type":"Organization","@id":"https:\/\/cardonaturisme.cat\/es\/#organization","name":"Cardona Turisme","url":"https:\/\/cardonaturisme.cat\/es\/","logo":{"@type":"ImageObject","inLanguage":"es","@id":"https:\/\/cardonaturisme.cat\/es\/#\/schema\/logo\/image\/","url":"https:\/\/cardonaturisme.cat\/wp-content\/uploads\/2023\/10\/logo-vermell-cardonaturisme.svg","contentUrl":"https:\/\/cardonaturisme.cat\/wp-content\/uploads\/2023\/10\/logo-vermell-cardonaturisme.svg","caption":"Cardona Turisme"},"image":{"@id":"https:\/\/cardonaturisme.cat\/es\/#\/schema\/logo\/image\/"},"sameAs":["https:\/\/www.facebook.com\/p\/Fundaci-Cardona-Histrica-100063704192069\/","https:\/\/x.com\/cardonaturisme"]},{"@type":"Person","@id":"https:\/\/cardonaturisme.cat\/es\/#\/schema\/person\/a4ad9240e9eb6be86bca75b9b22d5dbe","name":"Oficina de Turisme","image":{"@type":"ImageObject","inLanguage":"es","@id":"https:\/\/secure.gravatar.com\/avatar\/44f4b38da71b7993f226c2e17c804b05b1a571c9a4a027ad8abbe755ff8eba78?s=96&d=mm&r=g","url":"https:\/\/secure.gravatar.com\/avatar\/44f4b38da71b7993f226c2e17c804b05b1a571c9a4a027ad8abbe755ff8eba78?s=96&d=mm&r=g","contentUrl":"https:\/\/secure.gravatar.com\/avatar\/44f4b38da71b7993f226c2e17c804b05b1a571c9a4a027ad8abbe755ff8eba78?s=96&d=mm&r=g","caption":"Oficina de Turisme"},"url":"https:\/\/cardonaturisme.cat\/es\/author\/admin-ot\/"}]}},"_links":{"self":[{"href":"https:\/\/cardonaturisme.cat\/es\/wp-json\/wp\/v2\/posts\/20175","targetHints":{"allow":["GET"]}}],"collection":[{"href":"https:\/\/cardonaturisme.cat\/es\/wp-json\/wp\/v2\/posts"}],"about":[{"href":"https:\/\/cardonaturisme.cat\/es\/wp-json\/wp\/v2\/types\/post"}],"author":[{"embeddable":true,"href":"https:\/\/cardonaturisme.cat\/es\/wp-json\/wp\/v2\/users\/100002"}],"replies":[{"embeddable":true,"href":"https:\/\/cardonaturisme.cat\/es\/wp-json\/wp\/v2\/comments?post=20175"}],"version-history":[{"count":1,"href":"https:\/\/cardonaturisme.cat\/es\/wp-json\/wp\/v2\/posts\/20175\/revisions"}],"predecessor-version":[{"id":20176,"href":"https:\/\/cardonaturisme.cat\/es\/wp-json\/wp\/v2\/posts\/20175\/revisions\/20176"}],"wp:featuredmedia":[{"embeddable":true,"href":"https:\/\/cardonaturisme.cat\/es\/wp-json\/wp\/v2\/media\/20173"}],"wp:attachment":[{"href":"https:\/\/cardonaturisme.cat\/es\/wp-json\/wp\/v2\/media?parent=20175"}],"wp:term":[{"taxonomy":"category","embeddable":true,"href":"https:\/\/cardonaturisme.cat\/es\/wp-json\/wp\/v2\/categories?post=20175"},{"taxonomy":"post_tag","embeddable":true,"href":"https:\/\/cardonaturisme.cat\/es\/wp-json\/wp\/v2\/tags?post=20175"}],"curies":[{"name":"wp","href":"https:\/\/api.w.org\/{rel}","templated":true}]}}