{"id":20139,"date":"2025-10-08T13:43:26","date_gmt":"2025-10-08T11:43:26","guid":{"rendered":"https:\/\/cardonaturisme.cat\/?p=20139"},"modified":"2025-10-09T11:51:04","modified_gmt":"2025-10-09T09:51:04","slug":"cardona-inaugura-un-obrador-para-aumentar-y-diversificar-la-produccion-de-sal-gourmet","status":"publish","type":"post","link":"https:\/\/cardonaturisme.cat\/es\/cardona-inaugura-un-obrador-para-aumentar-y-diversificar-la-produccion-de-sal-gourmet\/","title":{"rendered":"Cardona inaugura un obrador para aumentar y diversificar la producci\u00f3n de sal gourmet"},"content":{"rendered":"\n<p><strong>\u2022 Se pasar\u00e1 de una producci\u00f3n inicial de 1.300 molinillos en 2022, a cerrar el 2025 con cerca de 14.000<\/strong><\/p>\n\n\n\n<p><strong>\u2022 Aparte de su valor hist\u00f3rico y calidad gourmet, la Sal de Cardona incorpora la visi\u00f3n social porque est\u00e1 envasada por la asociaci\u00f3n AMISOL<\/strong><\/p>\n\n\n\n<p>El Parque Cultural de la Monta\u00f1a de Sal (PCMS) dispone desde hoy de un obrador para moler, tamizar, envasar y etiquetar la sal de Cardona con el objetivo de impulsar su comercializaci\u00f3n. \u201cCon el obrador hacemos posible que nuestra sal vuelva al mercado, al sector gastron\u00f3mico, pero que tambi\u00e9n se convierta en motor de desarrollo local y de oportunidades para nuestro territorio\u201d, afirma Llu\u00efsa Aliste, alcaldesa de Cardona.<\/p>\n\n\n\n<p>Este nuevo espacio permite aumentar la producci\u00f3n de molinillos y diversificar los productos. \u00abCuando empezamos con la comercializaci\u00f3n de la sal en 2022, la producci\u00f3n era de 1.300 molinillos al a\u00f1o; y acabaremos el 2025 con cerca de 14.000. El pr\u00f3ximo a\u00f1o seguiremos aumentando la producci\u00f3n y las ventas y creando nuevos productos, empezando por la sal fina de cocina\u00bb, explica Francesc Ponsa, director general de la Fundaci\u00f3n Cardona Hist\u00f3rica (FCH).<\/p>\n\n\n\n<p>El acto simb\u00f3lico de cortar la cinta junto a la alcaldesa recay\u00f3 en Ana Pedrosa, trabajadora de la FCH jubilada recientemente y que fue la encargada de envasar y etiquetar la sal desde sus comienzos en 20222. \u201cElla sola ha envasado durante estos a\u00f1os miles y miles de molinillos. Por eso, nadie mejor que ella para inaugurar esta nueva etapa\u201d, justifica Ponsa.<\/p>\n\n\n\n<figure class=\"wp-block-image size-large\"><img fetchpriority=\"high\" decoding=\"async\" width=\"1024\" height=\"736\" src=\"https:\/\/cardonaturisme.cat\/wp-content\/uploads\/2025\/10\/IMG_2722-1024x736.jpg\" alt=\"\" class=\"wp-image-20119\" srcset=\"https:\/\/cardonaturisme.cat\/wp-content\/uploads\/2025\/10\/IMG_2722-1024x736.jpg 1024w, https:\/\/cardonaturisme.cat\/wp-content\/uploads\/2025\/10\/IMG_2722-300x216.jpg 300w, https:\/\/cardonaturisme.cat\/wp-content\/uploads\/2025\/10\/IMG_2722-768x552.jpg 768w, https:\/\/cardonaturisme.cat\/wp-content\/uploads\/2025\/10\/IMG_2722-1536x1104.jpg 1536w, https:\/\/cardonaturisme.cat\/wp-content\/uploads\/2025\/10\/IMG_2722-2048x1472.jpg 2048w\" sizes=\"(max-width: 1024px) 100vw, 1024px\" \/><\/figure>\n\n\n\n<p><strong>De botiqu\u00edn a obrador<\/strong><\/p>\n\n\n\n<p>El espacio escogido para acoger el obrador de la sal es el antiguo almac\u00e9n y dispensario conocido por los mineros como el \u201cbotiqu\u00edn\u201d, un edificio en desuso que se ha rehabilitado y recuperado gracias a una inversi\u00f3n de 65.000 \u20ac financiada por una ayuda Leader del Consorcio para el Desarrollo de la Catalu\u00f1a Central y una aportaci\u00f3n de la Diputaci\u00f3n de Barcelona.<\/p>\n\n\n\n<p>Las ayudas Leader del Departamento de Agricultura, Ganader\u00eda, Pesca y Alimentaci\u00f3n de la Generalidad de Catalu\u00f1a tienen por objetivo incentivar actuaciones que fomenten el desarrollo local e impulsen la diversificaci\u00f3n de las econom\u00edas rurales. \u00abCon el obrador, apoyamos una actividad productiva que se adecua mucho a nuestra estrategia de poner en valor el producto local, el impacto social en el entorno rural y la sostenibilidad\u00bb, destaca Jordi Vilalta, gerente del Consorcio para el Desarrollo de la Catalunya Central.<\/p>\n\n\n\n<p>Por su parte, Sam N\u00fa\u00f1ez, diputado adjunto del \u00c1rea de Comercio, Consumo y Salud P\u00fablica de la Diputaci\u00f3n de Barcelona, \u200b\u200bse ha mostrado muy orgulloso de apoyar este proyecto: \u00abLo hacemos con la convicci\u00f3n de que los proyectos que arraigan en el territorio, que vinculan tradici\u00f3n, innovaci\u00f3n e inclusi\u00f3n, son los que realmente transforman\u00bb, sostiene N\u00fa\u00f1ez.<\/p>\n\n\n\n<figure class=\"wp-block-image size-large\"><img decoding=\"async\" width=\"1024\" height=\"717\" src=\"https:\/\/cardonaturisme.cat\/wp-content\/uploads\/2025\/10\/IMG_2705-1024x717.jpg\" alt=\"\" class=\"wp-image-20123\" srcset=\"https:\/\/cardonaturisme.cat\/wp-content\/uploads\/2025\/10\/IMG_2705-1024x717.jpg 1024w, https:\/\/cardonaturisme.cat\/wp-content\/uploads\/2025\/10\/IMG_2705-300x210.jpg 300w, https:\/\/cardonaturisme.cat\/wp-content\/uploads\/2025\/10\/IMG_2705-768x538.jpg 768w, https:\/\/cardonaturisme.cat\/wp-content\/uploads\/2025\/10\/IMG_2705-1536x1075.jpg 1536w, https:\/\/cardonaturisme.cat\/wp-content\/uploads\/2025\/10\/IMG_2705-2048x1434.jpg 2048w\" sizes=\"(max-width: 1024px) 100vw, 1024px\" \/><\/figure>\n\n\n\n<p><strong>El oro blanco<\/strong><\/p>\n\n\n\n<p>La comercializaci\u00f3n de la Sal de Cardona, conocida hist\u00f3ricamente como el oro blanco, enlaza con los or\u00edgenes de la poblaci\u00f3n y en la estrategia de branding tur\u00edstico.<\/p>\n\n\n\n<p>En la edici\u00f3n de la Fiesta de la Sal de 2022 la FCH empez\u00f3 a comercializar la Sal de Cardona, mediante la colaboraci\u00f3n con Salinera de Cardona. Desde entonces, cada a\u00f1o se ha evolucionado en la comercializaci\u00f3n y la distribuci\u00f3n: \u00abDesde el Neol\u00edtico, la sal cardonina ha sido fuente de riqueza. Estirar este hilo comercial supone un reencuentro con las ra\u00edces hist\u00f3ricas de la villa\u00bb, afirma Ponsa.<\/p>\n\n\n\n<p>\u00abJuntos, fomentamos una colaboraci\u00f3n basada en la confianza y el respeto, para contribuir al crecimiento sostenible de nuestro entorno\u00bb, sostiene David Gaspar, director de Salinera de Cardona, empresa que suministra la sal proveniente del mismo valle salino.<\/p>\n\n\n\n<p>El Obrador de la Sal de Cardona cuenta con una ayuda Leader del Departamento de Agricultura, Ganader\u00eda, Pesca y Alimentaci\u00f3n de la Generalidad de Catalu\u00f1a que tiene por objetivo incentivar actuaciones que fomenten el desarrollo local e impulsen la diversificaci\u00f3n de las econom\u00edas rurales.<\/p>\n\n\n\n<p>Tambi\u00e9n tiene una ayuda de la Fundaci\u00f3n \u201cLa Caixa\u201d para contribuir a la financiaci\u00f3n de un tamizador vibratorio para obtener distintos tipos de sal.<\/p>\n\n\n\n<figure class=\"wp-block-image size-large\"><img decoding=\"async\" width=\"1024\" height=\"736\" src=\"https:\/\/cardonaturisme.cat\/wp-content\/uploads\/2025\/10\/IMG_2767-1024x736.jpg\" alt=\"\" class=\"wp-image-20131\" srcset=\"https:\/\/cardonaturisme.cat\/wp-content\/uploads\/2025\/10\/IMG_2767-1024x736.jpg 1024w, https:\/\/cardonaturisme.cat\/wp-content\/uploads\/2025\/10\/IMG_2767-300x216.jpg 300w, https:\/\/cardonaturisme.cat\/wp-content\/uploads\/2025\/10\/IMG_2767-768x552.jpg 768w, https:\/\/cardonaturisme.cat\/wp-content\/uploads\/2025\/10\/IMG_2767-1536x1104.jpg 1536w, https:\/\/cardonaturisme.cat\/wp-content\/uploads\/2025\/10\/IMG_2767-2048x1472.jpg 2048w\" sizes=\"(max-width: 1024px) 100vw, 1024px\" \/><\/figure>\n\n\n\n<p><strong>Pura, cristalina y con valor a\u00f1adido<\/strong><\/p>\n\n\n\n<p>El origen de la sal de Cardona se debe a la evaporaci\u00f3n de un mar interior hace unos 36 millones de a\u00f1os. Desde tiempos inmemoriales, la sal de Cardona ha gozado de fama y renombre. Ha sido considerada una de las mejores sales del mundo debido a su mayor capacidad saladora y las virtudes medicinales atribuidas por la sabidur\u00eda popular.<\/p>\n\n\n\n<p>La sal extra\u00edda del yacimiento de Cardona est\u00e1 considerada de m\u00e1xima pureza (con el 99,97% de cloruro s\u00f3dico). Se obtiene de desmenuzar la roca extra\u00edda del coraz\u00f3n del diapiro del valle salina de Cardona. Su estructura cristalina compacta explica su pureza y alta concentraci\u00f3n.<\/p>\n\n\n\n<p>Adem\u00e1s tiene el valor a\u00f1adido de contribuir al mantenimiento, conservaci\u00f3n y divulgaci\u00f3n del patrimonio natural, hist\u00f3rico, monumental e industrial de Cardona. La FCH reinvierte los beneficios de la venta de la sal en la conservaci\u00f3n de su patrimonio y, adem\u00e1s, contribuye a la adquisici\u00f3n de h\u00e1bitos de autonom\u00eda personal y social a las personas usuarias del Servicio de Terapia Ocupacional de AMISOL, que son los encargados de etiquetar y envasar la sal.<\/p>\n\n\n\n<figure class=\"wp-block-image size-large\"><img loading=\"lazy\" decoding=\"async\" width=\"1024\" height=\"808\" src=\"https:\/\/cardonaturisme.cat\/wp-content\/uploads\/2025\/10\/IMG_2573-1024x808.jpg\" alt=\"\" class=\"wp-image-20135\" srcset=\"https:\/\/cardonaturisme.cat\/wp-content\/uploads\/2025\/10\/IMG_2573-1024x808.jpg 1024w, https:\/\/cardonaturisme.cat\/wp-content\/uploads\/2025\/10\/IMG_2573-300x237.jpg 300w, https:\/\/cardonaturisme.cat\/wp-content\/uploads\/2025\/10\/IMG_2573-768x606.jpg 768w, https:\/\/cardonaturisme.cat\/wp-content\/uploads\/2025\/10\/IMG_2573-1536x1212.jpg 1536w, https:\/\/cardonaturisme.cat\/wp-content\/uploads\/2025\/10\/IMG_2573-2048x1616.jpg 2048w\" sizes=\"(max-width: 1024px) 100vw, 1024px\" \/><\/figure>\n","protected":false},"excerpt":{"rendered":"<p>\u2022 Se pasar\u00e1 de una producci\u00f3n inicial de 1.300 molinillos en 2022, a cerrar el 2025 con cerca de 14.000 \u2022 Aparte de su valor hist\u00f3rico y calidad gourmet, la Sal de Cardona incorpora la visi\u00f3n social porque est\u00e1 envasada por la asociaci\u00f3n AMISOL El Parque Cultural de la Monta\u00f1a de Sal (PCMS) dispone desde [&hellip;]<\/p>\n","protected":false},"author":100002,"featured_media":20119,"comment_status":"closed","ping_status":"closed","sticky":false,"template":"","format":"standard","meta":{"_acf_changed":false,"footnotes":""},"categories":[143],"tags":[144,255],"class_list":["post-20139","post","type-post","status-publish","format-standard","has-post-thumbnail","hentry","category-noticias","tag-cardona-es","tag-montana-de-sal"],"acf":[],"yoast_head":"<!-- This site is optimized with the Yoast SEO plugin v27.4 - https:\/\/yoast.com\/product\/yoast-seo-wordpress\/ -->\n<title>Cardona inaugura un obrador para aumentar y diversificar la producci\u00f3n de sal gourmet - Cardona Turisme<\/title>\n<meta name=\"description\" content=\"Cardona inaugura un obrador para aumentar y diversificar la producci\u00f3n de sal gourmet\" \/>\n<meta name=\"robots\" content=\"index, follow, max-snippet:-1, max-image-preview:large, max-video-preview:-1\" \/>\n<link rel=\"canonical\" href=\"https:\/\/cardonaturisme.cat\/es\/cardona-inaugura-un-obrador-para-aumentar-y-diversificar-la-produccion-de-sal-gourmet\/\" \/>\n<meta property=\"og:locale\" content=\"es_ES\" \/>\n<meta property=\"og:type\" content=\"article\" \/>\n<meta property=\"og:title\" content=\"Cardona inaugura un obrador para aumentar y diversificar la producci\u00f3n de sal gourmet - Cardona Turisme\" \/>\n<meta property=\"og:description\" content=\"Cardona inaugura un obrador para aumentar y diversificar la producci\u00f3n de sal gourmet\" \/>\n<meta property=\"og:url\" content=\"https:\/\/cardonaturisme.cat\/es\/cardona-inaugura-un-obrador-para-aumentar-y-diversificar-la-produccion-de-sal-gourmet\/\" \/>\n<meta property=\"og:site_name\" content=\"Cardona Turisme\" \/>\n<meta property=\"article:publisher\" content=\"https:\/\/www.facebook.com\/p\/Fundaci-Cardona-Histrica-100063704192069\/\" \/>\n<meta property=\"article:published_time\" content=\"2025-10-08T11:43:26+00:00\" \/>\n<meta property=\"article:modified_time\" content=\"2025-10-09T09:51:04+00:00\" \/>\n<meta property=\"og:image\" content=\"https:\/\/cardonaturisme.cat\/wp-content\/uploads\/2025\/10\/IMG_2722-scaled.jpg\" \/>\n\t<meta property=\"og:image:width\" content=\"2560\" \/>\n\t<meta property=\"og:image:height\" content=\"1840\" \/>\n\t<meta property=\"og:image:type\" content=\"image\/jpeg\" \/>\n<meta name=\"author\" content=\"Oficina de Turisme\" \/>\n<meta name=\"twitter:card\" content=\"summary_large_image\" \/>\n<meta name=\"twitter:creator\" content=\"@cardonaturisme\" \/>\n<meta name=\"twitter:site\" content=\"@cardonaturisme\" \/>\n<meta name=\"twitter:label1\" content=\"Escrito por\" \/>\n\t<meta name=\"twitter:data1\" content=\"Oficina de Turisme\" \/>\n\t<meta name=\"twitter:label2\" content=\"Tiempo de lectura\" \/>\n\t<meta name=\"twitter:data2\" content=\"6 minutos\" \/>\n<script type=\"application\/ld+json\" class=\"yoast-schema-graph\">{\"@context\":\"https:\\\/\\\/schema.org\",\"@graph\":[{\"@type\":\"Article\",\"@id\":\"https:\\\/\\\/cardonaturisme.cat\\\/es\\\/cardona-inaugura-un-obrador-para-aumentar-y-diversificar-la-produccion-de-sal-gourmet\\\/#article\",\"isPartOf\":{\"@id\":\"https:\\\/\\\/cardonaturisme.cat\\\/es\\\/cardona-inaugura-un-obrador-para-aumentar-y-diversificar-la-produccion-de-sal-gourmet\\\/\"},\"author\":{\"name\":\"Oficina de Turisme\",\"@id\":\"https:\\\/\\\/cardonaturisme.cat\\\/es\\\/#\\\/schema\\\/person\\\/a4ad9240e9eb6be86bca75b9b22d5dbe\"},\"headline\":\"Cardona inaugura un obrador para aumentar y diversificar la producci\u00f3n de sal gourmet\",\"datePublished\":\"2025-10-08T11:43:26+00:00\",\"dateModified\":\"2025-10-09T09:51:04+00:00\",\"mainEntityOfPage\":{\"@id\":\"https:\\\/\\\/cardonaturisme.cat\\\/es\\\/cardona-inaugura-un-obrador-para-aumentar-y-diversificar-la-produccion-de-sal-gourmet\\\/\"},\"wordCount\":909,\"publisher\":{\"@id\":\"https:\\\/\\\/cardonaturisme.cat\\\/es\\\/#organization\"},\"image\":{\"@id\":\"https:\\\/\\\/cardonaturisme.cat\\\/es\\\/cardona-inaugura-un-obrador-para-aumentar-y-diversificar-la-produccion-de-sal-gourmet\\\/#primaryimage\"},\"thumbnailUrl\":\"https:\\\/\\\/cardonaturisme.cat\\\/wp-content\\\/uploads\\\/2025\\\/10\\\/IMG_2722-scaled.jpg\",\"keywords\":[\"Cardona\",\"Monta\u00f1a de Sal\"],\"articleSection\":[\"noticias\"],\"inLanguage\":\"es\"},{\"@type\":\"WebPage\",\"@id\":\"https:\\\/\\\/cardonaturisme.cat\\\/es\\\/cardona-inaugura-un-obrador-para-aumentar-y-diversificar-la-produccion-de-sal-gourmet\\\/\",\"url\":\"https:\\\/\\\/cardonaturisme.cat\\\/es\\\/cardona-inaugura-un-obrador-para-aumentar-y-diversificar-la-produccion-de-sal-gourmet\\\/\",\"name\":\"Cardona inaugura un obrador para aumentar y diversificar la producci\u00f3n de sal gourmet - Cardona Turisme\",\"isPartOf\":{\"@id\":\"https:\\\/\\\/cardonaturisme.cat\\\/es\\\/#website\"},\"primaryImageOfPage\":{\"@id\":\"https:\\\/\\\/cardonaturisme.cat\\\/es\\\/cardona-inaugura-un-obrador-para-aumentar-y-diversificar-la-produccion-de-sal-gourmet\\\/#primaryimage\"},\"image\":{\"@id\":\"https:\\\/\\\/cardonaturisme.cat\\\/es\\\/cardona-inaugura-un-obrador-para-aumentar-y-diversificar-la-produccion-de-sal-gourmet\\\/#primaryimage\"},\"thumbnailUrl\":\"https:\\\/\\\/cardonaturisme.cat\\\/wp-content\\\/uploads\\\/2025\\\/10\\\/IMG_2722-scaled.jpg\",\"datePublished\":\"2025-10-08T11:43:26+00:00\",\"dateModified\":\"2025-10-09T09:51:04+00:00\",\"description\":\"Cardona inaugura un obrador para aumentar y diversificar la producci\u00f3n de sal gourmet\",\"breadcrumb\":{\"@id\":\"https:\\\/\\\/cardonaturisme.cat\\\/es\\\/cardona-inaugura-un-obrador-para-aumentar-y-diversificar-la-produccion-de-sal-gourmet\\\/#breadcrumb\"},\"inLanguage\":\"es\",\"potentialAction\":[{\"@type\":\"ReadAction\",\"target\":[\"https:\\\/\\\/cardonaturisme.cat\\\/es\\\/cardona-inaugura-un-obrador-para-aumentar-y-diversificar-la-produccion-de-sal-gourmet\\\/\"]}]},{\"@type\":\"ImageObject\",\"inLanguage\":\"es\",\"@id\":\"https:\\\/\\\/cardonaturisme.cat\\\/es\\\/cardona-inaugura-un-obrador-para-aumentar-y-diversificar-la-produccion-de-sal-gourmet\\\/#primaryimage\",\"url\":\"https:\\\/\\\/cardonaturisme.cat\\\/wp-content\\\/uploads\\\/2025\\\/10\\\/IMG_2722-scaled.jpg\",\"contentUrl\":\"https:\\\/\\\/cardonaturisme.cat\\\/wp-content\\\/uploads\\\/2025\\\/10\\\/IMG_2722-scaled.jpg\",\"width\":2560,\"height\":1840},{\"@type\":\"BreadcrumbList\",\"@id\":\"https:\\\/\\\/cardonaturisme.cat\\\/es\\\/cardona-inaugura-un-obrador-para-aumentar-y-diversificar-la-produccion-de-sal-gourmet\\\/#breadcrumb\",\"itemListElement\":[{\"@type\":\"ListItem\",\"position\":1,\"name\":\"Inici\",\"item\":\"https:\\\/\\\/cardonaturisme.cat\\\/es\\\/\"},{\"@type\":\"ListItem\",\"position\":2,\"name\":\"Cardona inaugura un obrador para aumentar y diversificar la producci\u00f3n de sal gourmet\"}]},{\"@type\":\"WebSite\",\"@id\":\"https:\\\/\\\/cardonaturisme.cat\\\/es\\\/#website\",\"url\":\"https:\\\/\\\/cardonaturisme.cat\\\/es\\\/\",\"name\":\"Cardona Turisme\",\"description\":\"La teva hist\u00f2ria\",\"publisher\":{\"@id\":\"https:\\\/\\\/cardonaturisme.cat\\\/es\\\/#organization\"},\"potentialAction\":[{\"@type\":\"SearchAction\",\"target\":{\"@type\":\"EntryPoint\",\"urlTemplate\":\"https:\\\/\\\/cardonaturisme.cat\\\/es\\\/?s={search_term_string}\"},\"query-input\":{\"@type\":\"PropertyValueSpecification\",\"valueRequired\":true,\"valueName\":\"search_term_string\"}}],\"inLanguage\":\"es\"},{\"@type\":\"Organization\",\"@id\":\"https:\\\/\\\/cardonaturisme.cat\\\/es\\\/#organization\",\"name\":\"Cardona Turisme\",\"url\":\"https:\\\/\\\/cardonaturisme.cat\\\/es\\\/\",\"logo\":{\"@type\":\"ImageObject\",\"inLanguage\":\"es\",\"@id\":\"https:\\\/\\\/cardonaturisme.cat\\\/es\\\/#\\\/schema\\\/logo\\\/image\\\/\",\"url\":\"https:\\\/\\\/cardonaturisme.cat\\\/wp-content\\\/uploads\\\/2023\\\/10\\\/logo-vermell-cardonaturisme.svg\",\"contentUrl\":\"https:\\\/\\\/cardonaturisme.cat\\\/wp-content\\\/uploads\\\/2023\\\/10\\\/logo-vermell-cardonaturisme.svg\",\"caption\":\"Cardona Turisme\"},\"image\":{\"@id\":\"https:\\\/\\\/cardonaturisme.cat\\\/es\\\/#\\\/schema\\\/logo\\\/image\\\/\"},\"sameAs\":[\"https:\\\/\\\/www.facebook.com\\\/p\\\/Fundaci-Cardona-Histrica-100063704192069\\\/\",\"https:\\\/\\\/x.com\\\/cardonaturisme\"]},{\"@type\":\"Person\",\"@id\":\"https:\\\/\\\/cardonaturisme.cat\\\/es\\\/#\\\/schema\\\/person\\\/a4ad9240e9eb6be86bca75b9b22d5dbe\",\"name\":\"Oficina de Turisme\",\"image\":{\"@type\":\"ImageObject\",\"inLanguage\":\"es\",\"@id\":\"https:\\\/\\\/secure.gravatar.com\\\/avatar\\\/44f4b38da71b7993f226c2e17c804b05b1a571c9a4a027ad8abbe755ff8eba78?s=96&d=mm&r=g\",\"url\":\"https:\\\/\\\/secure.gravatar.com\\\/avatar\\\/44f4b38da71b7993f226c2e17c804b05b1a571c9a4a027ad8abbe755ff8eba78?s=96&d=mm&r=g\",\"contentUrl\":\"https:\\\/\\\/secure.gravatar.com\\\/avatar\\\/44f4b38da71b7993f226c2e17c804b05b1a571c9a4a027ad8abbe755ff8eba78?s=96&d=mm&r=g\",\"caption\":\"Oficina de Turisme\"},\"url\":\"https:\\\/\\\/cardonaturisme.cat\\\/es\\\/author\\\/admin-ot\\\/\"}]}<\/script>\n<!-- \/ Yoast SEO plugin. -->","yoast_head_json":{"title":"Cardona inaugura un obrador para aumentar y diversificar la producci\u00f3n de sal gourmet - Cardona Turisme","description":"Cardona inaugura un obrador para aumentar y diversificar la producci\u00f3n de sal gourmet","robots":{"index":"index","follow":"follow","max-snippet":"max-snippet:-1","max-image-preview":"max-image-preview:large","max-video-preview":"max-video-preview:-1"},"canonical":"https:\/\/cardonaturisme.cat\/es\/cardona-inaugura-un-obrador-para-aumentar-y-diversificar-la-produccion-de-sal-gourmet\/","og_locale":"es_ES","og_type":"article","og_title":"Cardona inaugura un obrador para aumentar y diversificar la producci\u00f3n de sal gourmet - Cardona Turisme","og_description":"Cardona inaugura un obrador para aumentar y diversificar la producci\u00f3n de sal gourmet","og_url":"https:\/\/cardonaturisme.cat\/es\/cardona-inaugura-un-obrador-para-aumentar-y-diversificar-la-produccion-de-sal-gourmet\/","og_site_name":"Cardona Turisme","article_publisher":"https:\/\/www.facebook.com\/p\/Fundaci-Cardona-Histrica-100063704192069\/","article_published_time":"2025-10-08T11:43:26+00:00","article_modified_time":"2025-10-09T09:51:04+00:00","og_image":[{"width":2560,"height":1840,"url":"https:\/\/cardonaturisme.cat\/wp-content\/uploads\/2025\/10\/IMG_2722-scaled.jpg","type":"image\/jpeg"}],"author":"Oficina de Turisme","twitter_card":"summary_large_image","twitter_creator":"@cardonaturisme","twitter_site":"@cardonaturisme","twitter_misc":{"Escrito por":"Oficina de Turisme","Tiempo de lectura":"6 minutos"},"schema":{"@context":"https:\/\/schema.org","@graph":[{"@type":"Article","@id":"https:\/\/cardonaturisme.cat\/es\/cardona-inaugura-un-obrador-para-aumentar-y-diversificar-la-produccion-de-sal-gourmet\/#article","isPartOf":{"@id":"https:\/\/cardonaturisme.cat\/es\/cardona-inaugura-un-obrador-para-aumentar-y-diversificar-la-produccion-de-sal-gourmet\/"},"author":{"name":"Oficina de Turisme","@id":"https:\/\/cardonaturisme.cat\/es\/#\/schema\/person\/a4ad9240e9eb6be86bca75b9b22d5dbe"},"headline":"Cardona inaugura un obrador para aumentar y diversificar la producci\u00f3n de sal gourmet","datePublished":"2025-10-08T11:43:26+00:00","dateModified":"2025-10-09T09:51:04+00:00","mainEntityOfPage":{"@id":"https:\/\/cardonaturisme.cat\/es\/cardona-inaugura-un-obrador-para-aumentar-y-diversificar-la-produccion-de-sal-gourmet\/"},"wordCount":909,"publisher":{"@id":"https:\/\/cardonaturisme.cat\/es\/#organization"},"image":{"@id":"https:\/\/cardonaturisme.cat\/es\/cardona-inaugura-un-obrador-para-aumentar-y-diversificar-la-produccion-de-sal-gourmet\/#primaryimage"},"thumbnailUrl":"https:\/\/cardonaturisme.cat\/wp-content\/uploads\/2025\/10\/IMG_2722-scaled.jpg","keywords":["Cardona","Monta\u00f1a de Sal"],"articleSection":["noticias"],"inLanguage":"es"},{"@type":"WebPage","@id":"https:\/\/cardonaturisme.cat\/es\/cardona-inaugura-un-obrador-para-aumentar-y-diversificar-la-produccion-de-sal-gourmet\/","url":"https:\/\/cardonaturisme.cat\/es\/cardona-inaugura-un-obrador-para-aumentar-y-diversificar-la-produccion-de-sal-gourmet\/","name":"Cardona inaugura un obrador para aumentar y diversificar la producci\u00f3n de sal gourmet - Cardona Turisme","isPartOf":{"@id":"https:\/\/cardonaturisme.cat\/es\/#website"},"primaryImageOfPage":{"@id":"https:\/\/cardonaturisme.cat\/es\/cardona-inaugura-un-obrador-para-aumentar-y-diversificar-la-produccion-de-sal-gourmet\/#primaryimage"},"image":{"@id":"https:\/\/cardonaturisme.cat\/es\/cardona-inaugura-un-obrador-para-aumentar-y-diversificar-la-produccion-de-sal-gourmet\/#primaryimage"},"thumbnailUrl":"https:\/\/cardonaturisme.cat\/wp-content\/uploads\/2025\/10\/IMG_2722-scaled.jpg","datePublished":"2025-10-08T11:43:26+00:00","dateModified":"2025-10-09T09:51:04+00:00","description":"Cardona inaugura un obrador para aumentar y diversificar la producci\u00f3n de sal gourmet","breadcrumb":{"@id":"https:\/\/cardonaturisme.cat\/es\/cardona-inaugura-un-obrador-para-aumentar-y-diversificar-la-produccion-de-sal-gourmet\/#breadcrumb"},"inLanguage":"es","potentialAction":[{"@type":"ReadAction","target":["https:\/\/cardonaturisme.cat\/es\/cardona-inaugura-un-obrador-para-aumentar-y-diversificar-la-produccion-de-sal-gourmet\/"]}]},{"@type":"ImageObject","inLanguage":"es","@id":"https:\/\/cardonaturisme.cat\/es\/cardona-inaugura-un-obrador-para-aumentar-y-diversificar-la-produccion-de-sal-gourmet\/#primaryimage","url":"https:\/\/cardonaturisme.cat\/wp-content\/uploads\/2025\/10\/IMG_2722-scaled.jpg","contentUrl":"https:\/\/cardonaturisme.cat\/wp-content\/uploads\/2025\/10\/IMG_2722-scaled.jpg","width":2560,"height":1840},{"@type":"BreadcrumbList","@id":"https:\/\/cardonaturisme.cat\/es\/cardona-inaugura-un-obrador-para-aumentar-y-diversificar-la-produccion-de-sal-gourmet\/#breadcrumb","itemListElement":[{"@type":"ListItem","position":1,"name":"Inici","item":"https:\/\/cardonaturisme.cat\/es\/"},{"@type":"ListItem","position":2,"name":"Cardona inaugura un obrador para aumentar y diversificar la producci\u00f3n de sal gourmet"}]},{"@type":"WebSite","@id":"https:\/\/cardonaturisme.cat\/es\/#website","url":"https:\/\/cardonaturisme.cat\/es\/","name":"Cardona Turisme","description":"La teva hist\u00f2ria","publisher":{"@id":"https:\/\/cardonaturisme.cat\/es\/#organization"},"potentialAction":[{"@type":"SearchAction","target":{"@type":"EntryPoint","urlTemplate":"https:\/\/cardonaturisme.cat\/es\/?s={search_term_string}"},"query-input":{"@type":"PropertyValueSpecification","valueRequired":true,"valueName":"search_term_string"}}],"inLanguage":"es"},{"@type":"Organization","@id":"https:\/\/cardonaturisme.cat\/es\/#organization","name":"Cardona Turisme","url":"https:\/\/cardonaturisme.cat\/es\/","logo":{"@type":"ImageObject","inLanguage":"es","@id":"https:\/\/cardonaturisme.cat\/es\/#\/schema\/logo\/image\/","url":"https:\/\/cardonaturisme.cat\/wp-content\/uploads\/2023\/10\/logo-vermell-cardonaturisme.svg","contentUrl":"https:\/\/cardonaturisme.cat\/wp-content\/uploads\/2023\/10\/logo-vermell-cardonaturisme.svg","caption":"Cardona Turisme"},"image":{"@id":"https:\/\/cardonaturisme.cat\/es\/#\/schema\/logo\/image\/"},"sameAs":["https:\/\/www.facebook.com\/p\/Fundaci-Cardona-Histrica-100063704192069\/","https:\/\/x.com\/cardonaturisme"]},{"@type":"Person","@id":"https:\/\/cardonaturisme.cat\/es\/#\/schema\/person\/a4ad9240e9eb6be86bca75b9b22d5dbe","name":"Oficina de Turisme","image":{"@type":"ImageObject","inLanguage":"es","@id":"https:\/\/secure.gravatar.com\/avatar\/44f4b38da71b7993f226c2e17c804b05b1a571c9a4a027ad8abbe755ff8eba78?s=96&d=mm&r=g","url":"https:\/\/secure.gravatar.com\/avatar\/44f4b38da71b7993f226c2e17c804b05b1a571c9a4a027ad8abbe755ff8eba78?s=96&d=mm&r=g","contentUrl":"https:\/\/secure.gravatar.com\/avatar\/44f4b38da71b7993f226c2e17c804b05b1a571c9a4a027ad8abbe755ff8eba78?s=96&d=mm&r=g","caption":"Oficina de Turisme"},"url":"https:\/\/cardonaturisme.cat\/es\/author\/admin-ot\/"}]}},"_links":{"self":[{"href":"https:\/\/cardonaturisme.cat\/es\/wp-json\/wp\/v2\/posts\/20139","targetHints":{"allow":["GET"]}}],"collection":[{"href":"https:\/\/cardonaturisme.cat\/es\/wp-json\/wp\/v2\/posts"}],"about":[{"href":"https:\/\/cardonaturisme.cat\/es\/wp-json\/wp\/v2\/types\/post"}],"author":[{"embeddable":true,"href":"https:\/\/cardonaturisme.cat\/es\/wp-json\/wp\/v2\/users\/100002"}],"replies":[{"embeddable":true,"href":"https:\/\/cardonaturisme.cat\/es\/wp-json\/wp\/v2\/comments?post=20139"}],"version-history":[{"count":1,"href":"https:\/\/cardonaturisme.cat\/es\/wp-json\/wp\/v2\/posts\/20139\/revisions"}],"predecessor-version":[{"id":20140,"href":"https:\/\/cardonaturisme.cat\/es\/wp-json\/wp\/v2\/posts\/20139\/revisions\/20140"}],"wp:featuredmedia":[{"embeddable":true,"href":"https:\/\/cardonaturisme.cat\/es\/wp-json\/wp\/v2\/media\/20119"}],"wp:attachment":[{"href":"https:\/\/cardonaturisme.cat\/es\/wp-json\/wp\/v2\/media?parent=20139"}],"wp:term":[{"taxonomy":"category","embeddable":true,"href":"https:\/\/cardonaturisme.cat\/es\/wp-json\/wp\/v2\/categories?post=20139"},{"taxonomy":"post_tag","embeddable":true,"href":"https:\/\/cardonaturisme.cat\/es\/wp-json\/wp\/v2\/tags?post=20139"}],"curies":[{"name":"wp","href":"https:\/\/api.w.org\/{rel}","templated":true}]}}