{"id":20080,"date":"2025-09-30T10:14:05","date_gmt":"2025-09-30T08:14:05","guid":{"rendered":"https:\/\/cardonaturisme.cat\/?p=20080"},"modified":"2025-09-30T10:15:36","modified_gmt":"2025-09-30T08:15:36","slug":"wieliczka-polonia-la-mina-mas-visitada-de-europa-acoge-una-exposicion-sobre-cardona","status":"publish","type":"post","link":"https:\/\/cardonaturisme.cat\/es\/wieliczka-polonia-la-mina-mas-visitada-de-europa-acoge-una-exposicion-sobre-cardona\/","title":{"rendered":"Wieliczka (Polonia), la mina m\u00e1s visitada de Europa, acoge una exposici\u00f3n sobre Cardona"},"content":{"rendered":"\n<p>La mina polaca de Wieliczka acoge una exposici\u00f3n sobre la vinculaci\u00f3n de Cardona con la sal con informaci\u00f3n tur\u00edstica de la Monta\u00f1a de Sal, el Castillo y de la villa medieval nacida en torno a estos valios\u00edsimos elementos patrimoniales.<\/p>\n\n\n\n<p>La exposici\u00f3n consta de 10 paneles con informaci\u00f3n sobre Cardona en ingl\u00e9s y polaco y se ha financiado a trav\u00e9s de una ayuda de la Diputaci\u00f3n de Barcelona en el \u00e1mbito de la estrategia internacional de los entes locales.<\/p>\n\n\n\n<p>\u00abEsta mina polaca es una de las minas de sal activa m\u00e1s antigua del mundo y la m\u00e1s visitada de Europa. Cada a\u00f1o recibe unos 800.000 visitantes. Por eso, es una oportunidad estrat\u00e9gica aprovechar la tirada de Wieliczka para promocionar Cardona y contribuir a la difusi\u00f3n del patrimonio hist\u00f3rico com\u00fan de la sal\u00bb, apunta Francesc Ponsa, director general de la Fundaci\u00f3n Cardo.<\/p>\n\n\n\n<p>Esta acci\u00f3n se enmarca en el convenio de colaboraci\u00f3n entre la FCH y el Museo de las Salinas de Cracovia en Wieliczka.<\/p>\n\n\n\n<figure class=\"wp-block-image size-large\"><img fetchpriority=\"high\" decoding=\"async\" width=\"1024\" height=\"768\" src=\"https:\/\/cardonaturisme.cat\/wp-content\/uploads\/2025\/09\/Wystawa-Cardona-5-1-1024x768.jpg\" alt=\"\" class=\"wp-image-20081\" srcset=\"https:\/\/cardonaturisme.cat\/wp-content\/uploads\/2025\/09\/Wystawa-Cardona-5-1-1024x768.jpg 1024w, https:\/\/cardonaturisme.cat\/wp-content\/uploads\/2025\/09\/Wystawa-Cardona-5-1-300x225.jpg 300w, https:\/\/cardonaturisme.cat\/wp-content\/uploads\/2025\/09\/Wystawa-Cardona-5-1-768x576.jpg 768w, https:\/\/cardonaturisme.cat\/wp-content\/uploads\/2025\/09\/Wystawa-Cardona-5-1.jpg 1280w\" sizes=\"(max-width: 1024px) 100vw, 1024px\" \/><\/figure>\n\n\n\n<p><strong>La alianza de la sal<\/strong><\/p>\n\n\n\n<p>En estos \u00faltimos meses, el Parque Cultural de la Monta\u00f1a de Sal de Cardona ha acogido dos exposiciones itinerantes. La primera hac\u00eda referencia al Museo de las Salinas de Cracovia en Wieliczka, uno de los mayores museos mineros del mundo. \u00c9ste contiene exposiciones en el Castillo de las Salinas y en la Mina de Sal de Wieliczka, a una profundidad de 135 metros. Ambos espacios est\u00e1n inscritos en la Lista del Patrimonio Mundial de la UNESCO.<\/p>\n\n\n\n<p>La segunda exposici\u00f3n mostraba los centros hist\u00f3ricos productores de sal que forman parte del proyecto de la Ruta europea del patrimonio de la sal, entre los que se encuentra el Parque Cultural de la Monta\u00f1a de Sal de Cardona.<\/p>\n\n\n\n<p>Adem\u00e1s de Cardona, forman parte de esta ruta las minas de sal de Wieliczka y Bochnia (Polonia), la Mina de Sal-gema de Loul\u00e9 y las Salinas de R\u00edo Mayor (Portugal), Valle Salado de A\u00f1ana (Euskadi), Salinas de Im\u00f3n (Castilla La Mancha), Salina de Poza de la Sal (Castilla Le\u00f3n) Lion Salt Works (Reino Unido), Salinos-Les-Bains (Francia), Minas de Sel de Bex (Suiza), Deutsche Salzmuseum y Salzbergwerk Berchtesgaden (Alemania), Hallstatt (Austria), Solana Nin (Croacia), Saline di Trapani e Paceco ( de Cacica (Ruman\u00eda), Provadia-Solnitsata (Bulgaria) o el Museo de la sal de Presov (Eslovaquia), entre otros.<\/p>\n\n\n\n<p>Actualmente, en el Castillo de las Salinas en Wieliczka se puede visitar la exposici\u00f3n titulada \u00abLa belleza de la sal\u00bb que cuenta con m\u00e1s de 80 piedras de sal proveniente de las minas de sal de Wieliczka, Bochnia y K\u0142odawa (Polonia), Cardona (Espa\u00f1a), Loul\u00e9 (Portugal) y Merkers (Alemania). Algunas datan hace m\u00e1s de 250 millones de a\u00f1os, mientras que otras se formaron recientemente.<\/p>\n\n\n\n<p>Wieliczka fue la villa invitada en la Fiesta de la Sal de Cardona del 2024.<\/p>\n\n\n\n<figure class=\"wp-block-image size-large\"><img decoding=\"async\" width=\"1024\" height=\"765\" src=\"https:\/\/cardonaturisme.cat\/wp-content\/uploads\/2025\/09\/Wystawa-Cardona-1-1024x765.jpg\" alt=\"\" class=\"wp-image-20078\" srcset=\"https:\/\/cardonaturisme.cat\/wp-content\/uploads\/2025\/09\/Wystawa-Cardona-1-1024x765.jpg 1024w, https:\/\/cardonaturisme.cat\/wp-content\/uploads\/2025\/09\/Wystawa-Cardona-1-300x224.jpg 300w, https:\/\/cardonaturisme.cat\/wp-content\/uploads\/2025\/09\/Wystawa-Cardona-1-768x574.jpg 768w, https:\/\/cardonaturisme.cat\/wp-content\/uploads\/2025\/09\/Wystawa-Cardona-1.jpg 1280w\" sizes=\"(max-width: 1024px) 100vw, 1024px\" \/><\/figure>\n","protected":false},"excerpt":{"rendered":"<p>La mina polaca de Wieliczka acoge una exposici\u00f3n sobre la vinculaci\u00f3n de Cardona con la sal con informaci\u00f3n tur\u00edstica de la Monta\u00f1a de Sal, el Castillo y de la villa medieval nacida en torno a estos valios\u00edsimos elementos patrimoniales. La exposici\u00f3n consta de 10 paneles con informaci\u00f3n sobre Cardona en ingl\u00e9s y polaco y se [&hellip;]<\/p>\n","protected":false},"author":100002,"featured_media":20070,"comment_status":"closed","ping_status":"closed","sticky":false,"template":"","format":"standard","meta":{"_acf_changed":false,"footnotes":""},"categories":[143],"tags":[],"class_list":["post-20080","post","type-post","status-publish","format-standard","has-post-thumbnail","hentry","category-noticias"],"acf":[],"yoast_head":"<!-- This site is optimized with the Yoast SEO plugin v27.4 - https:\/\/yoast.com\/product\/yoast-seo-wordpress\/ -->\n<title>Wieliczka (Polonia), la mina m\u00e1s visitada de Europa, acoge una exposici\u00f3n sobre Cardona - Cardona Turisme<\/title>\n<meta name=\"robots\" content=\"index, follow, max-snippet:-1, max-image-preview:large, max-video-preview:-1\" \/>\n<link rel=\"canonical\" href=\"https:\/\/cardonaturisme.cat\/es\/wieliczka-polonia-la-mina-mas-visitada-de-europa-acoge-una-exposicion-sobre-cardona\/\" \/>\n<meta property=\"og:locale\" content=\"es_ES\" \/>\n<meta property=\"og:type\" content=\"article\" \/>\n<meta property=\"og:title\" content=\"Wieliczka (Polonia), la mina m\u00e1s visitada de Europa, acoge una exposici\u00f3n sobre Cardona - Cardona Turisme\" \/>\n<meta property=\"og:description\" content=\"La mina polaca de Wieliczka acoge una exposici\u00f3n sobre la vinculaci\u00f3n de Cardona con la sal con informaci\u00f3n tur\u00edstica de la Monta\u00f1a de Sal, el Castillo y de la villa medieval nacida en torno a estos valios\u00edsimos elementos patrimoniales. La exposici\u00f3n consta de 10 paneles con informaci\u00f3n sobre Cardona en ingl\u00e9s y polaco y se [&hellip;]\" \/>\n<meta property=\"og:url\" content=\"https:\/\/cardonaturisme.cat\/es\/wieliczka-polonia-la-mina-mas-visitada-de-europa-acoge-una-exposicion-sobre-cardona\/\" \/>\n<meta property=\"og:site_name\" content=\"Cardona Turisme\" \/>\n<meta property=\"article:publisher\" content=\"https:\/\/www.facebook.com\/p\/Fundaci-Cardona-Histrica-100063704192069\/\" \/>\n<meta property=\"article:published_time\" content=\"2025-09-30T08:14:05+00:00\" \/>\n<meta property=\"article:modified_time\" content=\"2025-09-30T08:15:36+00:00\" \/>\n<meta property=\"og:image\" content=\"https:\/\/cardonaturisme.cat\/wp-content\/uploads\/2025\/09\/Wystawa-Cardona-6.jpg\" \/>\n\t<meta property=\"og:image:width\" content=\"1280\" \/>\n\t<meta property=\"og:image:height\" content=\"960\" \/>\n\t<meta property=\"og:image:type\" content=\"image\/jpeg\" \/>\n<meta name=\"author\" content=\"Oficina de Turisme\" \/>\n<meta name=\"twitter:card\" content=\"summary_large_image\" \/>\n<meta name=\"twitter:creator\" content=\"@cardonaturisme\" \/>\n<meta name=\"twitter:site\" content=\"@cardonaturisme\" \/>\n<meta name=\"twitter:label1\" content=\"Escrito por\" \/>\n\t<meta name=\"twitter:data1\" content=\"Oficina de Turisme\" \/>\n\t<meta name=\"twitter:label2\" content=\"Tiempo de lectura\" \/>\n\t<meta name=\"twitter:data2\" content=\"4 minutos\" \/>\n<script type=\"application\/ld+json\" class=\"yoast-schema-graph\">{\"@context\":\"https:\\\/\\\/schema.org\",\"@graph\":[{\"@type\":\"Article\",\"@id\":\"https:\\\/\\\/cardonaturisme.cat\\\/es\\\/wieliczka-polonia-la-mina-mas-visitada-de-europa-acoge-una-exposicion-sobre-cardona\\\/#article\",\"isPartOf\":{\"@id\":\"https:\\\/\\\/cardonaturisme.cat\\\/es\\\/wieliczka-polonia-la-mina-mas-visitada-de-europa-acoge-una-exposicion-sobre-cardona\\\/\"},\"author\":{\"name\":\"Oficina de Turisme\",\"@id\":\"https:\\\/\\\/cardonaturisme.cat\\\/es\\\/#\\\/schema\\\/person\\\/a4ad9240e9eb6be86bca75b9b22d5dbe\"},\"headline\":\"Wieliczka (Polonia), la mina m\u00e1s visitada de Europa, acoge una exposici\u00f3n sobre Cardona\",\"datePublished\":\"2025-09-30T08:14:05+00:00\",\"dateModified\":\"2025-09-30T08:15:36+00:00\",\"mainEntityOfPage\":{\"@id\":\"https:\\\/\\\/cardonaturisme.cat\\\/es\\\/wieliczka-polonia-la-mina-mas-visitada-de-europa-acoge-una-exposicion-sobre-cardona\\\/\"},\"wordCount\":502,\"publisher\":{\"@id\":\"https:\\\/\\\/cardonaturisme.cat\\\/es\\\/#organization\"},\"image\":{\"@id\":\"https:\\\/\\\/cardonaturisme.cat\\\/es\\\/wieliczka-polonia-la-mina-mas-visitada-de-europa-acoge-una-exposicion-sobre-cardona\\\/#primaryimage\"},\"thumbnailUrl\":\"https:\\\/\\\/cardonaturisme.cat\\\/wp-content\\\/uploads\\\/2025\\\/09\\\/Wystawa-Cardona-6.jpg\",\"articleSection\":[\"noticias\"],\"inLanguage\":\"es\"},{\"@type\":\"WebPage\",\"@id\":\"https:\\\/\\\/cardonaturisme.cat\\\/es\\\/wieliczka-polonia-la-mina-mas-visitada-de-europa-acoge-una-exposicion-sobre-cardona\\\/\",\"url\":\"https:\\\/\\\/cardonaturisme.cat\\\/es\\\/wieliczka-polonia-la-mina-mas-visitada-de-europa-acoge-una-exposicion-sobre-cardona\\\/\",\"name\":\"Wieliczka (Polonia), la mina m\u00e1s visitada de Europa, acoge una exposici\u00f3n sobre Cardona - Cardona Turisme\",\"isPartOf\":{\"@id\":\"https:\\\/\\\/cardonaturisme.cat\\\/es\\\/#website\"},\"primaryImageOfPage\":{\"@id\":\"https:\\\/\\\/cardonaturisme.cat\\\/es\\\/wieliczka-polonia-la-mina-mas-visitada-de-europa-acoge-una-exposicion-sobre-cardona\\\/#primaryimage\"},\"image\":{\"@id\":\"https:\\\/\\\/cardonaturisme.cat\\\/es\\\/wieliczka-polonia-la-mina-mas-visitada-de-europa-acoge-una-exposicion-sobre-cardona\\\/#primaryimage\"},\"thumbnailUrl\":\"https:\\\/\\\/cardonaturisme.cat\\\/wp-content\\\/uploads\\\/2025\\\/09\\\/Wystawa-Cardona-6.jpg\",\"datePublished\":\"2025-09-30T08:14:05+00:00\",\"dateModified\":\"2025-09-30T08:15:36+00:00\",\"breadcrumb\":{\"@id\":\"https:\\\/\\\/cardonaturisme.cat\\\/es\\\/wieliczka-polonia-la-mina-mas-visitada-de-europa-acoge-una-exposicion-sobre-cardona\\\/#breadcrumb\"},\"inLanguage\":\"es\",\"potentialAction\":[{\"@type\":\"ReadAction\",\"target\":[\"https:\\\/\\\/cardonaturisme.cat\\\/es\\\/wieliczka-polonia-la-mina-mas-visitada-de-europa-acoge-una-exposicion-sobre-cardona\\\/\"]}]},{\"@type\":\"ImageObject\",\"inLanguage\":\"es\",\"@id\":\"https:\\\/\\\/cardonaturisme.cat\\\/es\\\/wieliczka-polonia-la-mina-mas-visitada-de-europa-acoge-una-exposicion-sobre-cardona\\\/#primaryimage\",\"url\":\"https:\\\/\\\/cardonaturisme.cat\\\/wp-content\\\/uploads\\\/2025\\\/09\\\/Wystawa-Cardona-6.jpg\",\"contentUrl\":\"https:\\\/\\\/cardonaturisme.cat\\\/wp-content\\\/uploads\\\/2025\\\/09\\\/Wystawa-Cardona-6.jpg\",\"width\":1280,\"height\":960},{\"@type\":\"BreadcrumbList\",\"@id\":\"https:\\\/\\\/cardonaturisme.cat\\\/es\\\/wieliczka-polonia-la-mina-mas-visitada-de-europa-acoge-una-exposicion-sobre-cardona\\\/#breadcrumb\",\"itemListElement\":[{\"@type\":\"ListItem\",\"position\":1,\"name\":\"Inici\",\"item\":\"https:\\\/\\\/cardonaturisme.cat\\\/es\\\/\"},{\"@type\":\"ListItem\",\"position\":2,\"name\":\"Wieliczka (Polonia), la mina m\u00e1s visitada de Europa, acoge una exposici\u00f3n sobre Cardona\"}]},{\"@type\":\"WebSite\",\"@id\":\"https:\\\/\\\/cardonaturisme.cat\\\/es\\\/#website\",\"url\":\"https:\\\/\\\/cardonaturisme.cat\\\/es\\\/\",\"name\":\"Cardona Turisme\",\"description\":\"La teva hist\u00f2ria\",\"publisher\":{\"@id\":\"https:\\\/\\\/cardonaturisme.cat\\\/es\\\/#organization\"},\"potentialAction\":[{\"@type\":\"SearchAction\",\"target\":{\"@type\":\"EntryPoint\",\"urlTemplate\":\"https:\\\/\\\/cardonaturisme.cat\\\/es\\\/?s={search_term_string}\"},\"query-input\":{\"@type\":\"PropertyValueSpecification\",\"valueRequired\":true,\"valueName\":\"search_term_string\"}}],\"inLanguage\":\"es\"},{\"@type\":\"Organization\",\"@id\":\"https:\\\/\\\/cardonaturisme.cat\\\/es\\\/#organization\",\"name\":\"Cardona Turisme\",\"url\":\"https:\\\/\\\/cardonaturisme.cat\\\/es\\\/\",\"logo\":{\"@type\":\"ImageObject\",\"inLanguage\":\"es\",\"@id\":\"https:\\\/\\\/cardonaturisme.cat\\\/es\\\/#\\\/schema\\\/logo\\\/image\\\/\",\"url\":\"https:\\\/\\\/cardonaturisme.cat\\\/wp-content\\\/uploads\\\/2023\\\/10\\\/logo-vermell-cardonaturisme.svg\",\"contentUrl\":\"https:\\\/\\\/cardonaturisme.cat\\\/wp-content\\\/uploads\\\/2023\\\/10\\\/logo-vermell-cardonaturisme.svg\",\"caption\":\"Cardona Turisme\"},\"image\":{\"@id\":\"https:\\\/\\\/cardonaturisme.cat\\\/es\\\/#\\\/schema\\\/logo\\\/image\\\/\"},\"sameAs\":[\"https:\\\/\\\/www.facebook.com\\\/p\\\/Fundaci-Cardona-Histrica-100063704192069\\\/\",\"https:\\\/\\\/x.com\\\/cardonaturisme\"]},{\"@type\":\"Person\",\"@id\":\"https:\\\/\\\/cardonaturisme.cat\\\/es\\\/#\\\/schema\\\/person\\\/a4ad9240e9eb6be86bca75b9b22d5dbe\",\"name\":\"Oficina de Turisme\",\"image\":{\"@type\":\"ImageObject\",\"inLanguage\":\"es\",\"@id\":\"https:\\\/\\\/secure.gravatar.com\\\/avatar\\\/44f4b38da71b7993f226c2e17c804b05b1a571c9a4a027ad8abbe755ff8eba78?s=96&d=mm&r=g\",\"url\":\"https:\\\/\\\/secure.gravatar.com\\\/avatar\\\/44f4b38da71b7993f226c2e17c804b05b1a571c9a4a027ad8abbe755ff8eba78?s=96&d=mm&r=g\",\"contentUrl\":\"https:\\\/\\\/secure.gravatar.com\\\/avatar\\\/44f4b38da71b7993f226c2e17c804b05b1a571c9a4a027ad8abbe755ff8eba78?s=96&d=mm&r=g\",\"caption\":\"Oficina de Turisme\"},\"url\":\"https:\\\/\\\/cardonaturisme.cat\\\/es\\\/author\\\/admin-ot\\\/\"}]}<\/script>\n<!-- \/ Yoast SEO plugin. -->","yoast_head_json":{"title":"Wieliczka (Polonia), la mina m\u00e1s visitada de Europa, acoge una exposici\u00f3n sobre Cardona - Cardona Turisme","robots":{"index":"index","follow":"follow","max-snippet":"max-snippet:-1","max-image-preview":"max-image-preview:large","max-video-preview":"max-video-preview:-1"},"canonical":"https:\/\/cardonaturisme.cat\/es\/wieliczka-polonia-la-mina-mas-visitada-de-europa-acoge-una-exposicion-sobre-cardona\/","og_locale":"es_ES","og_type":"article","og_title":"Wieliczka (Polonia), la mina m\u00e1s visitada de Europa, acoge una exposici\u00f3n sobre Cardona - Cardona Turisme","og_description":"La mina polaca de Wieliczka acoge una exposici\u00f3n sobre la vinculaci\u00f3n de Cardona con la sal con informaci\u00f3n tur\u00edstica de la Monta\u00f1a de Sal, el Castillo y de la villa medieval nacida en torno a estos valios\u00edsimos elementos patrimoniales. La exposici\u00f3n consta de 10 paneles con informaci\u00f3n sobre Cardona en ingl\u00e9s y polaco y se [&hellip;]","og_url":"https:\/\/cardonaturisme.cat\/es\/wieliczka-polonia-la-mina-mas-visitada-de-europa-acoge-una-exposicion-sobre-cardona\/","og_site_name":"Cardona Turisme","article_publisher":"https:\/\/www.facebook.com\/p\/Fundaci-Cardona-Histrica-100063704192069\/","article_published_time":"2025-09-30T08:14:05+00:00","article_modified_time":"2025-09-30T08:15:36+00:00","og_image":[{"width":1280,"height":960,"url":"https:\/\/cardonaturisme.cat\/wp-content\/uploads\/2025\/09\/Wystawa-Cardona-6.jpg","type":"image\/jpeg"}],"author":"Oficina de Turisme","twitter_card":"summary_large_image","twitter_creator":"@cardonaturisme","twitter_site":"@cardonaturisme","twitter_misc":{"Escrito por":"Oficina de Turisme","Tiempo de lectura":"4 minutos"},"schema":{"@context":"https:\/\/schema.org","@graph":[{"@type":"Article","@id":"https:\/\/cardonaturisme.cat\/es\/wieliczka-polonia-la-mina-mas-visitada-de-europa-acoge-una-exposicion-sobre-cardona\/#article","isPartOf":{"@id":"https:\/\/cardonaturisme.cat\/es\/wieliczka-polonia-la-mina-mas-visitada-de-europa-acoge-una-exposicion-sobre-cardona\/"},"author":{"name":"Oficina de Turisme","@id":"https:\/\/cardonaturisme.cat\/es\/#\/schema\/person\/a4ad9240e9eb6be86bca75b9b22d5dbe"},"headline":"Wieliczka (Polonia), la mina m\u00e1s visitada de Europa, acoge una exposici\u00f3n sobre Cardona","datePublished":"2025-09-30T08:14:05+00:00","dateModified":"2025-09-30T08:15:36+00:00","mainEntityOfPage":{"@id":"https:\/\/cardonaturisme.cat\/es\/wieliczka-polonia-la-mina-mas-visitada-de-europa-acoge-una-exposicion-sobre-cardona\/"},"wordCount":502,"publisher":{"@id":"https:\/\/cardonaturisme.cat\/es\/#organization"},"image":{"@id":"https:\/\/cardonaturisme.cat\/es\/wieliczka-polonia-la-mina-mas-visitada-de-europa-acoge-una-exposicion-sobre-cardona\/#primaryimage"},"thumbnailUrl":"https:\/\/cardonaturisme.cat\/wp-content\/uploads\/2025\/09\/Wystawa-Cardona-6.jpg","articleSection":["noticias"],"inLanguage":"es"},{"@type":"WebPage","@id":"https:\/\/cardonaturisme.cat\/es\/wieliczka-polonia-la-mina-mas-visitada-de-europa-acoge-una-exposicion-sobre-cardona\/","url":"https:\/\/cardonaturisme.cat\/es\/wieliczka-polonia-la-mina-mas-visitada-de-europa-acoge-una-exposicion-sobre-cardona\/","name":"Wieliczka (Polonia), la mina m\u00e1s visitada de Europa, acoge una exposici\u00f3n sobre Cardona - Cardona Turisme","isPartOf":{"@id":"https:\/\/cardonaturisme.cat\/es\/#website"},"primaryImageOfPage":{"@id":"https:\/\/cardonaturisme.cat\/es\/wieliczka-polonia-la-mina-mas-visitada-de-europa-acoge-una-exposicion-sobre-cardona\/#primaryimage"},"image":{"@id":"https:\/\/cardonaturisme.cat\/es\/wieliczka-polonia-la-mina-mas-visitada-de-europa-acoge-una-exposicion-sobre-cardona\/#primaryimage"},"thumbnailUrl":"https:\/\/cardonaturisme.cat\/wp-content\/uploads\/2025\/09\/Wystawa-Cardona-6.jpg","datePublished":"2025-09-30T08:14:05+00:00","dateModified":"2025-09-30T08:15:36+00:00","breadcrumb":{"@id":"https:\/\/cardonaturisme.cat\/es\/wieliczka-polonia-la-mina-mas-visitada-de-europa-acoge-una-exposicion-sobre-cardona\/#breadcrumb"},"inLanguage":"es","potentialAction":[{"@type":"ReadAction","target":["https:\/\/cardonaturisme.cat\/es\/wieliczka-polonia-la-mina-mas-visitada-de-europa-acoge-una-exposicion-sobre-cardona\/"]}]},{"@type":"ImageObject","inLanguage":"es","@id":"https:\/\/cardonaturisme.cat\/es\/wieliczka-polonia-la-mina-mas-visitada-de-europa-acoge-una-exposicion-sobre-cardona\/#primaryimage","url":"https:\/\/cardonaturisme.cat\/wp-content\/uploads\/2025\/09\/Wystawa-Cardona-6.jpg","contentUrl":"https:\/\/cardonaturisme.cat\/wp-content\/uploads\/2025\/09\/Wystawa-Cardona-6.jpg","width":1280,"height":960},{"@type":"BreadcrumbList","@id":"https:\/\/cardonaturisme.cat\/es\/wieliczka-polonia-la-mina-mas-visitada-de-europa-acoge-una-exposicion-sobre-cardona\/#breadcrumb","itemListElement":[{"@type":"ListItem","position":1,"name":"Inici","item":"https:\/\/cardonaturisme.cat\/es\/"},{"@type":"ListItem","position":2,"name":"Wieliczka (Polonia), la mina m\u00e1s visitada de Europa, acoge una exposici\u00f3n sobre Cardona"}]},{"@type":"WebSite","@id":"https:\/\/cardonaturisme.cat\/es\/#website","url":"https:\/\/cardonaturisme.cat\/es\/","name":"Cardona Turisme","description":"La teva hist\u00f2ria","publisher":{"@id":"https:\/\/cardonaturisme.cat\/es\/#organization"},"potentialAction":[{"@type":"SearchAction","target":{"@type":"EntryPoint","urlTemplate":"https:\/\/cardonaturisme.cat\/es\/?s={search_term_string}"},"query-input":{"@type":"PropertyValueSpecification","valueRequired":true,"valueName":"search_term_string"}}],"inLanguage":"es"},{"@type":"Organization","@id":"https:\/\/cardonaturisme.cat\/es\/#organization","name":"Cardona Turisme","url":"https:\/\/cardonaturisme.cat\/es\/","logo":{"@type":"ImageObject","inLanguage":"es","@id":"https:\/\/cardonaturisme.cat\/es\/#\/schema\/logo\/image\/","url":"https:\/\/cardonaturisme.cat\/wp-content\/uploads\/2023\/10\/logo-vermell-cardonaturisme.svg","contentUrl":"https:\/\/cardonaturisme.cat\/wp-content\/uploads\/2023\/10\/logo-vermell-cardonaturisme.svg","caption":"Cardona Turisme"},"image":{"@id":"https:\/\/cardonaturisme.cat\/es\/#\/schema\/logo\/image\/"},"sameAs":["https:\/\/www.facebook.com\/p\/Fundaci-Cardona-Histrica-100063704192069\/","https:\/\/x.com\/cardonaturisme"]},{"@type":"Person","@id":"https:\/\/cardonaturisme.cat\/es\/#\/schema\/person\/a4ad9240e9eb6be86bca75b9b22d5dbe","name":"Oficina de Turisme","image":{"@type":"ImageObject","inLanguage":"es","@id":"https:\/\/secure.gravatar.com\/avatar\/44f4b38da71b7993f226c2e17c804b05b1a571c9a4a027ad8abbe755ff8eba78?s=96&d=mm&r=g","url":"https:\/\/secure.gravatar.com\/avatar\/44f4b38da71b7993f226c2e17c804b05b1a571c9a4a027ad8abbe755ff8eba78?s=96&d=mm&r=g","contentUrl":"https:\/\/secure.gravatar.com\/avatar\/44f4b38da71b7993f226c2e17c804b05b1a571c9a4a027ad8abbe755ff8eba78?s=96&d=mm&r=g","caption":"Oficina de Turisme"},"url":"https:\/\/cardonaturisme.cat\/es\/author\/admin-ot\/"}]}},"_links":{"self":[{"href":"https:\/\/cardonaturisme.cat\/es\/wp-json\/wp\/v2\/posts\/20080","targetHints":{"allow":["GET"]}}],"collection":[{"href":"https:\/\/cardonaturisme.cat\/es\/wp-json\/wp\/v2\/posts"}],"about":[{"href":"https:\/\/cardonaturisme.cat\/es\/wp-json\/wp\/v2\/types\/post"}],"author":[{"embeddable":true,"href":"https:\/\/cardonaturisme.cat\/es\/wp-json\/wp\/v2\/users\/100002"}],"replies":[{"embeddable":true,"href":"https:\/\/cardonaturisme.cat\/es\/wp-json\/wp\/v2\/comments?post=20080"}],"version-history":[{"count":1,"href":"https:\/\/cardonaturisme.cat\/es\/wp-json\/wp\/v2\/posts\/20080\/revisions"}],"predecessor-version":[{"id":20085,"href":"https:\/\/cardonaturisme.cat\/es\/wp-json\/wp\/v2\/posts\/20080\/revisions\/20085"}],"wp:featuredmedia":[{"embeddable":true,"href":"https:\/\/cardonaturisme.cat\/es\/wp-json\/wp\/v2\/media\/20070"}],"wp:attachment":[{"href":"https:\/\/cardonaturisme.cat\/es\/wp-json\/wp\/v2\/media?parent=20080"}],"wp:term":[{"taxonomy":"category","embeddable":true,"href":"https:\/\/cardonaturisme.cat\/es\/wp-json\/wp\/v2\/categories?post=20080"},{"taxonomy":"post_tag","embeddable":true,"href":"https:\/\/cardonaturisme.cat\/es\/wp-json\/wp\/v2\/tags?post=20080"}],"curies":[{"name":"wp","href":"https:\/\/api.w.org\/{rel}","templated":true}]}}