{"id":20045,"date":"2025-09-24T11:51:35","date_gmt":"2025-09-24T09:51:35","guid":{"rendered":"https:\/\/cardonaturisme.cat\/?p=20045"},"modified":"2025-09-24T12:29:22","modified_gmt":"2025-09-24T10:29:22","slug":"cardona-dedica-el-mes-de-octubre-al-paisaje-gastronomico-e-historico-de-la-sal","status":"publish","type":"post","link":"https:\/\/cardonaturisme.cat\/es\/cardona-dedica-el-mes-de-octubre-al-paisaje-gastronomico-e-historico-de-la-sal\/","title":{"rendered":"Cardona dedica el mes de octubre al paisaje gastron\u00f3mico e hist\u00f3rico de la sal"},"content":{"rendered":"\n<p>La Fundaci\u00f3 Cardona Hist\u00f2rica (FCH) impulsa el cicle \u201cOctubre +SAL\u201d per posar en valor el paisatge gastron\u00f2mic i hist\u00f2ric de la sal de Cardona mitjan\u00e7ant activitats com showcookings, xerrades, presentacions i una caminada geol\u00f2gica.<\/p>\n\n<p>El cicle compta amb la implicaci\u00f3 de diverses institucions com l\u2019Ajuntament de Cardona, l\u2019Arxiu Hist\u00f2ric de Cardona, Bages Turisme i el Geoparc de la Catalunya Central en el marc de la distinci\u00f3 de Catalunya com a Regi\u00f3 Mundial de la Gastronomia.<\/p>\n\n<p>\u201cAmb aquest cicle volem destacar la import\u00e0ncia de la sal de Cardona des de diferents vessants com la hist\u00f2ria, la geologia, la gastronomia o la cultura. La sal ha estat la ra\u00f3 de ser de Cardona, per\u00f2 tamb\u00e9 \u00e9s una aposta de futur\u201d, explica Francesc Ponsa, director general de la FCH.<\/p>\n\n<figure class=\"wp-block-image size-large is-resized\"><img fetchpriority=\"high\" decoding=\"async\" width=\"1024\" height=\"819\" src=\"https:\/\/cardonaturisme.cat\/wp-content\/uploads\/2025\/09\/octubre-sal-foto-3-1024x819.jpg\" alt=\"\" class=\"wp-image-20047\" style=\"width:690px;height:auto\" srcset=\"https:\/\/cardonaturisme.cat\/wp-content\/uploads\/2025\/09\/octubre-sal-foto-3-1024x819.jpg 1024w, https:\/\/cardonaturisme.cat\/wp-content\/uploads\/2025\/09\/octubre-sal-foto-3-300x240.jpg 300w, https:\/\/cardonaturisme.cat\/wp-content\/uploads\/2025\/09\/octubre-sal-foto-3-768x614.jpg 768w, https:\/\/cardonaturisme.cat\/wp-content\/uploads\/2025\/09\/octubre-sal-foto-3-1536x1229.jpg 1536w, https:\/\/cardonaturisme.cat\/wp-content\/uploads\/2025\/09\/octubre-sal-foto-3-2048x1639.jpg 2048w\" sizes=\"(max-width: 1024px) 100vw, 1024px\" \/><\/figure>\n\n<p><strong>L\u2019Obrador de la Sal<\/strong><\/p>\n\n<p>Un dels plats forts del cicle \u00e9s la inauguraci\u00f3 de l\u2019Obrador de la Sal de Cardona dins el recinte del Parc Cultural de la Muntanya de Sal prevista pel 8 d\u2019octubre. Aquest espai es destinar\u00e0 a l\u2019envasat i etiquetat de la Sal de Cardona mitjan\u00e7ant la <a href=\"https:\/\/cardonaturisme.cat\/es\/acuerdo-con-el-amisol-para-elaborar-molinillos-de-salde-cardona\/\">col\u00b7laboraci\u00f3 amb el servei de Ter\u00e0pia Ocupacional de l\u2019AMISOL<\/a>, associaci\u00f3 que treballa a favor de la inclusi\u00f3 de les persones amb discapacitat intel\u00b7lectual. D\u2019aquesta manera, la Sal de Cardona incorpora la visi\u00f3 social al seu projecte.<\/p>\n\n<p>Aquesta actuaci\u00f3 ha estat finan\u00e7ada amb un ajut Leader del Departament d&#8217;Agricultura, Ramaderia, Pesca i Alimentaci\u00f3 de la Generalitat de Catalunya.<\/p>\n\n<p>En relaci\u00f3 amb aix\u00f2, l\u2019Obrador de la Sal acollir\u00e0 el 29 d\u2019octubre la sessi\u00f3 col\u00b7lectiva del Bages del programa Biosphere, segell que certifica el turisme sostenible i el foment de l\u2019autenticitat social i cultural de les destinacions, que enguany tracta de l\u2019impacte social.<\/p>\n\n<figure class=\"wp-block-image size-large is-resized\"><img decoding=\"async\" width=\"1024\" height=\"576\" src=\"https:\/\/cardonaturisme.cat\/wp-content\/uploads\/2025\/09\/Diseno-sin-titulo-2-1024x576.jpg\" alt=\"\" class=\"wp-image-20040\" style=\"width:684px;height:auto\" srcset=\"https:\/\/cardonaturisme.cat\/wp-content\/uploads\/2025\/09\/Diseno-sin-titulo-2-1024x576.jpg 1024w, https:\/\/cardonaturisme.cat\/wp-content\/uploads\/2025\/09\/Diseno-sin-titulo-2-300x169.jpg 300w, https:\/\/cardonaturisme.cat\/wp-content\/uploads\/2025\/09\/Diseno-sin-titulo-2-768x432.jpg 768w, https:\/\/cardonaturisme.cat\/wp-content\/uploads\/2025\/09\/Diseno-sin-titulo-2.jpg 1366w\" sizes=\"(max-width: 1024px) 100vw, 1024px\" \/><\/figure>\n\n<p><strong>Showcookings amb sal<\/strong><\/p>\n\n<p>La gastronomia tamb\u00e9 tindr\u00e0 un paper important. Concretament, el cicle comptar\u00e0 amb dos show cookings protagonitzats per xefs de primer nivell: la Maria Nicolau i en Jordi Llobet.<\/p>\n\n<p>El primer tindr\u00e0 lloc el 2 d\u2019octubre dins la Muntanya de Sal i anir\u00e0 a c\u00e0rrec de Maria Nicolau sota el t\u00edtol \u201cCuina SALvatge\u201d. La cuinera preparar\u00e0 un verat curat a la Sal de Cardona, marinat i flamejat.<\/p>\n\n<p>El segon taller gastron\u00f2mic el realitzar\u00e0 el xef Jordi Llobet, ambaixador de la Sal de Cardona, en el context de la Fira de la Llenega de Cardona del 26 d\u2019octubre.<\/p>\n\n<figure class=\"wp-block-image size-large is-resized\"><img decoding=\"async\" width=\"1024\" height=\"683\" src=\"https:\/\/cardonaturisme.cat\/wp-content\/uploads\/2025\/09\/JordiLlobet_SalCardona_18ph-1024x683.jpg\" alt=\"\" class=\"wp-image-20055\" style=\"width:690px;height:auto\" srcset=\"https:\/\/cardonaturisme.cat\/wp-content\/uploads\/2025\/09\/JordiLlobet_SalCardona_18ph-1024x683.jpg 1024w, https:\/\/cardonaturisme.cat\/wp-content\/uploads\/2025\/09\/JordiLlobet_SalCardona_18ph-300x200.jpg 300w, https:\/\/cardonaturisme.cat\/wp-content\/uploads\/2025\/09\/JordiLlobet_SalCardona_18ph-768x512.jpg 768w, https:\/\/cardonaturisme.cat\/wp-content\/uploads\/2025\/09\/JordiLlobet_SalCardona_18ph-1536x1024.jpg 1536w, https:\/\/cardonaturisme.cat\/wp-content\/uploads\/2025\/09\/JordiLlobet_SalCardona_18ph-2048x1365.jpg 2048w\" sizes=\"(max-width: 1024px) 100vw, 1024px\" \/><\/figure>\n\n<p><strong>Sal amb hist\u00f2ria<\/strong><\/p>\n\n<p>La Sal de Cardona compta amb m\u00e9s de 6.500 anys d\u2019explotaci\u00f3. Trobem moltes refer\u00e8ncies hist\u00f2riques sobre les propietats de la sal de Cardona, com la que va fer Pere el Venerable, abat de Cluny, a inicis del segle XII, destacant les virtuts terap\u00e8utiques d\u2019aquesta \u201cjoia de sal\u201d.<\/p>\n\n<p>En aquest context, Andreu Galera, director de l\u2019Arxiu Hist\u00f2ric de Cardona, impartir\u00e0 el 25 d\u2019octubre la confer\u00e8ncia confer\u00e8ncia \u201cSalis gemma vocetur\u201d: consum i usos de la sal de Cardona.<\/p>\n\n<p>Per la seva part, Sigmadot, el Museu de Geologia de la UPC i el Consell Cient\u00edfic del Geoparc de la Catalunya Central organitzen l\u201911 d\u2019octubre una caminada geol\u00f2gica pels voltants de Cardona i de la seva Muntanya de Sal per con\u00e8ixer la formaci\u00f3 d&#8217;un fenomen geol\u00f2gic excepcional i identificar la deformaci\u00f3 de les sals.<\/p>\n\n<p>Aquestes accions s\u2019emmarquen en la campanya \u201c12 mesos, 12 paisatges\u201d, en motiu del t\u00edtol de Regi\u00f3 Mundial de la Gastronomia a Catalunya, que t\u00e9 per objectiu la posada en valor de la diversitat aliment\u00e0ria i territorial de Catalunya explorant la riquesa de productes alimentaris i cuines que floreixen en cada paisatge gastron\u00f2mic. El mes d\u2019octubre est\u00e0 dedicat a la sal, juntament amb els boscos i rius de muntanya.<\/p>\n\n<figure class=\"wp-block-image size-large is-resized\"><img loading=\"lazy\" decoding=\"async\" width=\"724\" height=\"1024\" src=\"https:\/\/cardonaturisme.cat\/wp-content\/uploads\/2025\/09\/Octubresal_logos-724x1024.png\" alt=\"\" class=\"wp-image-20051\" style=\"width:549px;height:auto\" srcset=\"https:\/\/cardonaturisme.cat\/wp-content\/uploads\/2025\/09\/Octubresal_logos-724x1024.png 724w, https:\/\/cardonaturisme.cat\/wp-content\/uploads\/2025\/09\/Octubresal_logos-212x300.png 212w, https:\/\/cardonaturisme.cat\/wp-content\/uploads\/2025\/09\/Octubresal_logos-768x1086.png 768w, https:\/\/cardonaturisme.cat\/wp-content\/uploads\/2025\/09\/Octubresal_logos-1086x1536.png 1086w, https:\/\/cardonaturisme.cat\/wp-content\/uploads\/2025\/09\/Octubresal_logos.png 1414w\" sizes=\"(max-width: 724px) 100vw, 724px\" \/><\/figure>\n","protected":false},"excerpt":{"rendered":"<p>La Fundaci\u00f3 Cardona Hist\u00f2rica (FCH) impulsa el cicle \u201cOctubre +SAL\u201d per posar en valor el paisatge gastron\u00f2mic i hist\u00f2ric de la sal de Cardona mitjan\u00e7ant activitats com showcookings, xerrades, presentacions i una caminada geol\u00f2gica. El cicle compta amb la implicaci\u00f3 de diverses institucions com l\u2019Ajuntament de Cardona, l\u2019Arxiu Hist\u00f2ric de Cardona, Bages Turisme i el [&hellip;]<\/p>\n","protected":false},"author":100002,"featured_media":20050,"comment_status":"closed","ping_status":"closed","sticky":false,"template":"","format":"standard","meta":{"_acf_changed":false,"footnotes":""},"categories":[143],"tags":[144,255],"class_list":["post-20045","post","type-post","status-publish","format-standard","has-post-thumbnail","hentry","category-noticias","tag-cardona-es","tag-montana-de-sal"],"acf":[],"yoast_head":"<!-- This site is optimized with the Yoast SEO plugin v27.4 - https:\/\/yoast.com\/product\/yoast-seo-wordpress\/ -->\n<title>Cardona dedica el mes de octubre al paisaje gastron\u00f3mico e hist\u00f3rico de la sal - Cardona Turisme<\/title>\n<meta name=\"robots\" content=\"index, follow, max-snippet:-1, max-image-preview:large, max-video-preview:-1\" \/>\n<link rel=\"canonical\" href=\"https:\/\/cardonaturisme.cat\/es\/cardona-dedica-el-mes-de-octubre-al-paisaje-gastronomico-e-historico-de-la-sal\/\" \/>\n<meta property=\"og:locale\" content=\"es_ES\" \/>\n<meta property=\"og:type\" content=\"article\" \/>\n<meta property=\"og:title\" content=\"Cardona dedica el mes de octubre al paisaje gastron\u00f3mico e hist\u00f3rico de la sal - Cardona Turisme\" \/>\n<meta property=\"og:description\" content=\"La Fundaci\u00f3 Cardona Hist\u00f2rica (FCH) impulsa el cicle \u201cOctubre +SAL\u201d per posar en valor el paisatge gastron\u00f2mic i hist\u00f2ric de la sal de Cardona mitjan\u00e7ant activitats com showcookings, xerrades, presentacions i una caminada geol\u00f2gica. El cicle compta amb la implicaci\u00f3 de diverses institucions com l\u2019Ajuntament de Cardona, l\u2019Arxiu Hist\u00f2ric de Cardona, Bages Turisme i el [&hellip;]\" \/>\n<meta property=\"og:url\" content=\"https:\/\/cardonaturisme.cat\/es\/cardona-dedica-el-mes-de-octubre-al-paisaje-gastronomico-e-historico-de-la-sal\/\" \/>\n<meta property=\"og:site_name\" content=\"Cardona Turisme\" \/>\n<meta property=\"article:publisher\" content=\"https:\/\/www.facebook.com\/p\/Fundaci-Cardona-Histrica-100063704192069\/\" \/>\n<meta property=\"article:published_time\" content=\"2025-09-24T09:51:35+00:00\" \/>\n<meta property=\"article:modified_time\" content=\"2025-09-24T10:29:22+00:00\" \/>\n<meta property=\"og:image\" content=\"https:\/\/cardonaturisme.cat\/wp-content\/uploads\/2025\/09\/octubre-sal-foto-3-scaled.jpg\" \/>\n\t<meta property=\"og:image:width\" content=\"2560\" \/>\n\t<meta property=\"og:image:height\" content=\"2048\" \/>\n\t<meta property=\"og:image:type\" content=\"image\/jpeg\" \/>\n<meta name=\"author\" content=\"Oficina de Turisme\" \/>\n<meta name=\"twitter:card\" content=\"summary_large_image\" \/>\n<meta name=\"twitter:creator\" content=\"@cardonaturisme\" \/>\n<meta name=\"twitter:site\" content=\"@cardonaturisme\" \/>\n<meta name=\"twitter:label1\" content=\"Escrito por\" \/>\n\t<meta name=\"twitter:data1\" content=\"Oficina de Turisme\" \/>\n\t<meta name=\"twitter:label2\" content=\"Tiempo de lectura\" \/>\n\t<meta name=\"twitter:data2\" content=\"5 minutos\" \/>\n<script type=\"application\/ld+json\" class=\"yoast-schema-graph\">{\"@context\":\"https:\\\/\\\/schema.org\",\"@graph\":[{\"@type\":\"Article\",\"@id\":\"https:\\\/\\\/cardonaturisme.cat\\\/es\\\/cardona-dedica-el-mes-de-octubre-al-paisaje-gastronomico-e-historico-de-la-sal\\\/#article\",\"isPartOf\":{\"@id\":\"https:\\\/\\\/cardonaturisme.cat\\\/es\\\/cardona-dedica-el-mes-de-octubre-al-paisaje-gastronomico-e-historico-de-la-sal\\\/\"},\"author\":{\"name\":\"Oficina de Turisme\",\"@id\":\"https:\\\/\\\/cardonaturisme.cat\\\/es\\\/#\\\/schema\\\/person\\\/a4ad9240e9eb6be86bca75b9b22d5dbe\"},\"headline\":\"Cardona dedica el mes de octubre al paisaje gastron\u00f3mico e hist\u00f3rico de la sal\",\"datePublished\":\"2025-09-24T09:51:35+00:00\",\"dateModified\":\"2025-09-24T10:29:22+00:00\",\"mainEntityOfPage\":{\"@id\":\"https:\\\/\\\/cardonaturisme.cat\\\/es\\\/cardona-dedica-el-mes-de-octubre-al-paisaje-gastronomico-e-historico-de-la-sal\\\/\"},\"wordCount\":639,\"publisher\":{\"@id\":\"https:\\\/\\\/cardonaturisme.cat\\\/es\\\/#organization\"},\"image\":{\"@id\":\"https:\\\/\\\/cardonaturisme.cat\\\/es\\\/cardona-dedica-el-mes-de-octubre-al-paisaje-gastronomico-e-historico-de-la-sal\\\/#primaryimage\"},\"thumbnailUrl\":\"https:\\\/\\\/cardonaturisme.cat\\\/wp-content\\\/uploads\\\/2025\\\/09\\\/octubre-sal-foto-3-scaled.jpg\",\"keywords\":[\"Cardona\",\"Monta\u00f1a de Sal\"],\"articleSection\":[\"noticias\"],\"inLanguage\":\"es\"},{\"@type\":\"WebPage\",\"@id\":\"https:\\\/\\\/cardonaturisme.cat\\\/es\\\/cardona-dedica-el-mes-de-octubre-al-paisaje-gastronomico-e-historico-de-la-sal\\\/\",\"url\":\"https:\\\/\\\/cardonaturisme.cat\\\/es\\\/cardona-dedica-el-mes-de-octubre-al-paisaje-gastronomico-e-historico-de-la-sal\\\/\",\"name\":\"Cardona dedica el mes de octubre al paisaje gastron\u00f3mico e hist\u00f3rico de la sal - Cardona Turisme\",\"isPartOf\":{\"@id\":\"https:\\\/\\\/cardonaturisme.cat\\\/es\\\/#website\"},\"primaryImageOfPage\":{\"@id\":\"https:\\\/\\\/cardonaturisme.cat\\\/es\\\/cardona-dedica-el-mes-de-octubre-al-paisaje-gastronomico-e-historico-de-la-sal\\\/#primaryimage\"},\"image\":{\"@id\":\"https:\\\/\\\/cardonaturisme.cat\\\/es\\\/cardona-dedica-el-mes-de-octubre-al-paisaje-gastronomico-e-historico-de-la-sal\\\/#primaryimage\"},\"thumbnailUrl\":\"https:\\\/\\\/cardonaturisme.cat\\\/wp-content\\\/uploads\\\/2025\\\/09\\\/octubre-sal-foto-3-scaled.jpg\",\"datePublished\":\"2025-09-24T09:51:35+00:00\",\"dateModified\":\"2025-09-24T10:29:22+00:00\",\"breadcrumb\":{\"@id\":\"https:\\\/\\\/cardonaturisme.cat\\\/es\\\/cardona-dedica-el-mes-de-octubre-al-paisaje-gastronomico-e-historico-de-la-sal\\\/#breadcrumb\"},\"inLanguage\":\"es\",\"potentialAction\":[{\"@type\":\"ReadAction\",\"target\":[\"https:\\\/\\\/cardonaturisme.cat\\\/es\\\/cardona-dedica-el-mes-de-octubre-al-paisaje-gastronomico-e-historico-de-la-sal\\\/\"]}]},{\"@type\":\"ImageObject\",\"inLanguage\":\"es\",\"@id\":\"https:\\\/\\\/cardonaturisme.cat\\\/es\\\/cardona-dedica-el-mes-de-octubre-al-paisaje-gastronomico-e-historico-de-la-sal\\\/#primaryimage\",\"url\":\"https:\\\/\\\/cardonaturisme.cat\\\/wp-content\\\/uploads\\\/2025\\\/09\\\/octubre-sal-foto-3-scaled.jpg\",\"contentUrl\":\"https:\\\/\\\/cardonaturisme.cat\\\/wp-content\\\/uploads\\\/2025\\\/09\\\/octubre-sal-foto-3-scaled.jpg\",\"width\":2560,\"height\":2048},{\"@type\":\"BreadcrumbList\",\"@id\":\"https:\\\/\\\/cardonaturisme.cat\\\/es\\\/cardona-dedica-el-mes-de-octubre-al-paisaje-gastronomico-e-historico-de-la-sal\\\/#breadcrumb\",\"itemListElement\":[{\"@type\":\"ListItem\",\"position\":1,\"name\":\"Inici\",\"item\":\"https:\\\/\\\/cardonaturisme.cat\\\/es\\\/\"},{\"@type\":\"ListItem\",\"position\":2,\"name\":\"Cardona dedica el mes de octubre al paisaje gastron\u00f3mico e hist\u00f3rico de la sal\"}]},{\"@type\":\"WebSite\",\"@id\":\"https:\\\/\\\/cardonaturisme.cat\\\/es\\\/#website\",\"url\":\"https:\\\/\\\/cardonaturisme.cat\\\/es\\\/\",\"name\":\"Cardona Turisme\",\"description\":\"La teva hist\u00f2ria\",\"publisher\":{\"@id\":\"https:\\\/\\\/cardonaturisme.cat\\\/es\\\/#organization\"},\"potentialAction\":[{\"@type\":\"SearchAction\",\"target\":{\"@type\":\"EntryPoint\",\"urlTemplate\":\"https:\\\/\\\/cardonaturisme.cat\\\/es\\\/?s={search_term_string}\"},\"query-input\":{\"@type\":\"PropertyValueSpecification\",\"valueRequired\":true,\"valueName\":\"search_term_string\"}}],\"inLanguage\":\"es\"},{\"@type\":\"Organization\",\"@id\":\"https:\\\/\\\/cardonaturisme.cat\\\/es\\\/#organization\",\"name\":\"Cardona Turisme\",\"url\":\"https:\\\/\\\/cardonaturisme.cat\\\/es\\\/\",\"logo\":{\"@type\":\"ImageObject\",\"inLanguage\":\"es\",\"@id\":\"https:\\\/\\\/cardonaturisme.cat\\\/es\\\/#\\\/schema\\\/logo\\\/image\\\/\",\"url\":\"https:\\\/\\\/cardonaturisme.cat\\\/wp-content\\\/uploads\\\/2023\\\/10\\\/logo-vermell-cardonaturisme.svg\",\"contentUrl\":\"https:\\\/\\\/cardonaturisme.cat\\\/wp-content\\\/uploads\\\/2023\\\/10\\\/logo-vermell-cardonaturisme.svg\",\"caption\":\"Cardona Turisme\"},\"image\":{\"@id\":\"https:\\\/\\\/cardonaturisme.cat\\\/es\\\/#\\\/schema\\\/logo\\\/image\\\/\"},\"sameAs\":[\"https:\\\/\\\/www.facebook.com\\\/p\\\/Fundaci-Cardona-Histrica-100063704192069\\\/\",\"https:\\\/\\\/x.com\\\/cardonaturisme\"]},{\"@type\":\"Person\",\"@id\":\"https:\\\/\\\/cardonaturisme.cat\\\/es\\\/#\\\/schema\\\/person\\\/a4ad9240e9eb6be86bca75b9b22d5dbe\",\"name\":\"Oficina de Turisme\",\"image\":{\"@type\":\"ImageObject\",\"inLanguage\":\"es\",\"@id\":\"https:\\\/\\\/secure.gravatar.com\\\/avatar\\\/44f4b38da71b7993f226c2e17c804b05b1a571c9a4a027ad8abbe755ff8eba78?s=96&d=mm&r=g\",\"url\":\"https:\\\/\\\/secure.gravatar.com\\\/avatar\\\/44f4b38da71b7993f226c2e17c804b05b1a571c9a4a027ad8abbe755ff8eba78?s=96&d=mm&r=g\",\"contentUrl\":\"https:\\\/\\\/secure.gravatar.com\\\/avatar\\\/44f4b38da71b7993f226c2e17c804b05b1a571c9a4a027ad8abbe755ff8eba78?s=96&d=mm&r=g\",\"caption\":\"Oficina de Turisme\"},\"url\":\"https:\\\/\\\/cardonaturisme.cat\\\/es\\\/author\\\/admin-ot\\\/\"}]}<\/script>\n<!-- \/ Yoast SEO plugin. -->","yoast_head_json":{"title":"Cardona dedica el mes de octubre al paisaje gastron\u00f3mico e hist\u00f3rico de la sal - Cardona Turisme","robots":{"index":"index","follow":"follow","max-snippet":"max-snippet:-1","max-image-preview":"max-image-preview:large","max-video-preview":"max-video-preview:-1"},"canonical":"https:\/\/cardonaturisme.cat\/es\/cardona-dedica-el-mes-de-octubre-al-paisaje-gastronomico-e-historico-de-la-sal\/","og_locale":"es_ES","og_type":"article","og_title":"Cardona dedica el mes de octubre al paisaje gastron\u00f3mico e hist\u00f3rico de la sal - Cardona Turisme","og_description":"La Fundaci\u00f3 Cardona Hist\u00f2rica (FCH) impulsa el cicle \u201cOctubre +SAL\u201d per posar en valor el paisatge gastron\u00f2mic i hist\u00f2ric de la sal de Cardona mitjan\u00e7ant activitats com showcookings, xerrades, presentacions i una caminada geol\u00f2gica. El cicle compta amb la implicaci\u00f3 de diverses institucions com l\u2019Ajuntament de Cardona, l\u2019Arxiu Hist\u00f2ric de Cardona, Bages Turisme i el [&hellip;]","og_url":"https:\/\/cardonaturisme.cat\/es\/cardona-dedica-el-mes-de-octubre-al-paisaje-gastronomico-e-historico-de-la-sal\/","og_site_name":"Cardona Turisme","article_publisher":"https:\/\/www.facebook.com\/p\/Fundaci-Cardona-Histrica-100063704192069\/","article_published_time":"2025-09-24T09:51:35+00:00","article_modified_time":"2025-09-24T10:29:22+00:00","og_image":[{"width":2560,"height":2048,"url":"https:\/\/cardonaturisme.cat\/wp-content\/uploads\/2025\/09\/octubre-sal-foto-3-scaled.jpg","type":"image\/jpeg"}],"author":"Oficina de Turisme","twitter_card":"summary_large_image","twitter_creator":"@cardonaturisme","twitter_site":"@cardonaturisme","twitter_misc":{"Escrito por":"Oficina de Turisme","Tiempo de lectura":"5 minutos"},"schema":{"@context":"https:\/\/schema.org","@graph":[{"@type":"Article","@id":"https:\/\/cardonaturisme.cat\/es\/cardona-dedica-el-mes-de-octubre-al-paisaje-gastronomico-e-historico-de-la-sal\/#article","isPartOf":{"@id":"https:\/\/cardonaturisme.cat\/es\/cardona-dedica-el-mes-de-octubre-al-paisaje-gastronomico-e-historico-de-la-sal\/"},"author":{"name":"Oficina de Turisme","@id":"https:\/\/cardonaturisme.cat\/es\/#\/schema\/person\/a4ad9240e9eb6be86bca75b9b22d5dbe"},"headline":"Cardona dedica el mes de octubre al paisaje gastron\u00f3mico e hist\u00f3rico de la sal","datePublished":"2025-09-24T09:51:35+00:00","dateModified":"2025-09-24T10:29:22+00:00","mainEntityOfPage":{"@id":"https:\/\/cardonaturisme.cat\/es\/cardona-dedica-el-mes-de-octubre-al-paisaje-gastronomico-e-historico-de-la-sal\/"},"wordCount":639,"publisher":{"@id":"https:\/\/cardonaturisme.cat\/es\/#organization"},"image":{"@id":"https:\/\/cardonaturisme.cat\/es\/cardona-dedica-el-mes-de-octubre-al-paisaje-gastronomico-e-historico-de-la-sal\/#primaryimage"},"thumbnailUrl":"https:\/\/cardonaturisme.cat\/wp-content\/uploads\/2025\/09\/octubre-sal-foto-3-scaled.jpg","keywords":["Cardona","Monta\u00f1a de Sal"],"articleSection":["noticias"],"inLanguage":"es"},{"@type":"WebPage","@id":"https:\/\/cardonaturisme.cat\/es\/cardona-dedica-el-mes-de-octubre-al-paisaje-gastronomico-e-historico-de-la-sal\/","url":"https:\/\/cardonaturisme.cat\/es\/cardona-dedica-el-mes-de-octubre-al-paisaje-gastronomico-e-historico-de-la-sal\/","name":"Cardona dedica el mes de octubre al paisaje gastron\u00f3mico e hist\u00f3rico de la sal - Cardona Turisme","isPartOf":{"@id":"https:\/\/cardonaturisme.cat\/es\/#website"},"primaryImageOfPage":{"@id":"https:\/\/cardonaturisme.cat\/es\/cardona-dedica-el-mes-de-octubre-al-paisaje-gastronomico-e-historico-de-la-sal\/#primaryimage"},"image":{"@id":"https:\/\/cardonaturisme.cat\/es\/cardona-dedica-el-mes-de-octubre-al-paisaje-gastronomico-e-historico-de-la-sal\/#primaryimage"},"thumbnailUrl":"https:\/\/cardonaturisme.cat\/wp-content\/uploads\/2025\/09\/octubre-sal-foto-3-scaled.jpg","datePublished":"2025-09-24T09:51:35+00:00","dateModified":"2025-09-24T10:29:22+00:00","breadcrumb":{"@id":"https:\/\/cardonaturisme.cat\/es\/cardona-dedica-el-mes-de-octubre-al-paisaje-gastronomico-e-historico-de-la-sal\/#breadcrumb"},"inLanguage":"es","potentialAction":[{"@type":"ReadAction","target":["https:\/\/cardonaturisme.cat\/es\/cardona-dedica-el-mes-de-octubre-al-paisaje-gastronomico-e-historico-de-la-sal\/"]}]},{"@type":"ImageObject","inLanguage":"es","@id":"https:\/\/cardonaturisme.cat\/es\/cardona-dedica-el-mes-de-octubre-al-paisaje-gastronomico-e-historico-de-la-sal\/#primaryimage","url":"https:\/\/cardonaturisme.cat\/wp-content\/uploads\/2025\/09\/octubre-sal-foto-3-scaled.jpg","contentUrl":"https:\/\/cardonaturisme.cat\/wp-content\/uploads\/2025\/09\/octubre-sal-foto-3-scaled.jpg","width":2560,"height":2048},{"@type":"BreadcrumbList","@id":"https:\/\/cardonaturisme.cat\/es\/cardona-dedica-el-mes-de-octubre-al-paisaje-gastronomico-e-historico-de-la-sal\/#breadcrumb","itemListElement":[{"@type":"ListItem","position":1,"name":"Inici","item":"https:\/\/cardonaturisme.cat\/es\/"},{"@type":"ListItem","position":2,"name":"Cardona dedica el mes de octubre al paisaje gastron\u00f3mico e hist\u00f3rico de la sal"}]},{"@type":"WebSite","@id":"https:\/\/cardonaturisme.cat\/es\/#website","url":"https:\/\/cardonaturisme.cat\/es\/","name":"Cardona Turisme","description":"La teva hist\u00f2ria","publisher":{"@id":"https:\/\/cardonaturisme.cat\/es\/#organization"},"potentialAction":[{"@type":"SearchAction","target":{"@type":"EntryPoint","urlTemplate":"https:\/\/cardonaturisme.cat\/es\/?s={search_term_string}"},"query-input":{"@type":"PropertyValueSpecification","valueRequired":true,"valueName":"search_term_string"}}],"inLanguage":"es"},{"@type":"Organization","@id":"https:\/\/cardonaturisme.cat\/es\/#organization","name":"Cardona Turisme","url":"https:\/\/cardonaturisme.cat\/es\/","logo":{"@type":"ImageObject","inLanguage":"es","@id":"https:\/\/cardonaturisme.cat\/es\/#\/schema\/logo\/image\/","url":"https:\/\/cardonaturisme.cat\/wp-content\/uploads\/2023\/10\/logo-vermell-cardonaturisme.svg","contentUrl":"https:\/\/cardonaturisme.cat\/wp-content\/uploads\/2023\/10\/logo-vermell-cardonaturisme.svg","caption":"Cardona Turisme"},"image":{"@id":"https:\/\/cardonaturisme.cat\/es\/#\/schema\/logo\/image\/"},"sameAs":["https:\/\/www.facebook.com\/p\/Fundaci-Cardona-Histrica-100063704192069\/","https:\/\/x.com\/cardonaturisme"]},{"@type":"Person","@id":"https:\/\/cardonaturisme.cat\/es\/#\/schema\/person\/a4ad9240e9eb6be86bca75b9b22d5dbe","name":"Oficina de Turisme","image":{"@type":"ImageObject","inLanguage":"es","@id":"https:\/\/secure.gravatar.com\/avatar\/44f4b38da71b7993f226c2e17c804b05b1a571c9a4a027ad8abbe755ff8eba78?s=96&d=mm&r=g","url":"https:\/\/secure.gravatar.com\/avatar\/44f4b38da71b7993f226c2e17c804b05b1a571c9a4a027ad8abbe755ff8eba78?s=96&d=mm&r=g","contentUrl":"https:\/\/secure.gravatar.com\/avatar\/44f4b38da71b7993f226c2e17c804b05b1a571c9a4a027ad8abbe755ff8eba78?s=96&d=mm&r=g","caption":"Oficina de Turisme"},"url":"https:\/\/cardonaturisme.cat\/es\/author\/admin-ot\/"}]}},"_links":{"self":[{"href":"https:\/\/cardonaturisme.cat\/es\/wp-json\/wp\/v2\/posts\/20045","targetHints":{"allow":["GET"]}}],"collection":[{"href":"https:\/\/cardonaturisme.cat\/es\/wp-json\/wp\/v2\/posts"}],"about":[{"href":"https:\/\/cardonaturisme.cat\/es\/wp-json\/wp\/v2\/types\/post"}],"author":[{"embeddable":true,"href":"https:\/\/cardonaturisme.cat\/es\/wp-json\/wp\/v2\/users\/100002"}],"replies":[{"embeddable":true,"href":"https:\/\/cardonaturisme.cat\/es\/wp-json\/wp\/v2\/comments?post=20045"}],"version-history":[{"count":5,"href":"https:\/\/cardonaturisme.cat\/es\/wp-json\/wp\/v2\/posts\/20045\/revisions"}],"predecessor-version":[{"id":20065,"href":"https:\/\/cardonaturisme.cat\/es\/wp-json\/wp\/v2\/posts\/20045\/revisions\/20065"}],"wp:featuredmedia":[{"embeddable":true,"href":"https:\/\/cardonaturisme.cat\/es\/wp-json\/wp\/v2\/media\/20050"}],"wp:attachment":[{"href":"https:\/\/cardonaturisme.cat\/es\/wp-json\/wp\/v2\/media?parent=20045"}],"wp:term":[{"taxonomy":"category","embeddable":true,"href":"https:\/\/cardonaturisme.cat\/es\/wp-json\/wp\/v2\/categories?post=20045"},{"taxonomy":"post_tag","embeddable":true,"href":"https:\/\/cardonaturisme.cat\/es\/wp-json\/wp\/v2\/tags?post=20045"}],"curies":[{"name":"wp","href":"https:\/\/api.w.org\/{rel}","templated":true}]}}