{"id":19854,"date":"2025-08-12T11:58:20","date_gmt":"2025-08-12T09:58:20","guid":{"rendered":"https:\/\/cardonaturisme.cat\/?p=19854"},"modified":"2025-08-14T10:34:45","modified_gmt":"2025-08-14T08:34:45","slug":"casa-combelles-una-ventana-a-la-cardona-del-xix","status":"publish","type":"post","link":"https:\/\/cardonaturisme.cat\/es\/casa-combelles-una-ventana-a-la-cardona-del-xix\/","title":{"rendered":"Casa Combelles, una ventana a la Cardona del XIX"},"content":{"rendered":"\n<p>La larga historia de la villa de Cardona nos ha dejado infinidad de elementos patrimoniales dignos de ser estudiados, visitados y contados. Muchos de estos tesoros pueden verse a simple vista, otros son preciosos rincones medio escondidos, pero algunos quedan completamente ocultos, y su descubrimiento es un pasaporte por un viaje expreso a \u00e9pocas pret\u00e9ritas.<\/p>\n\n\n\n<p>Es el caso de la llamada Casa Combelles, en la calle Major, que bien podr\u00eda ser el escenario de una serie televisiva de ambiente victoriano, de aquellas que combinan lujo y miseria para narrar el ascenso y la decadencia de una gran alcurnia en los siglos XVIII y XIX. <strong>La casa se puede visitar en horas concertadas gracias a un acuerdo entre la Fundaci\u00f3n Cardona Hist\u00f3rica y la propiedad.<\/strong><\/p>\n\n\n\n<p>El edificio en s\u00ed, situado en el n\u00famero 17 de la antigua calle Cavallers (ahora calle Mayor) es la uni\u00f3n de tres casas independientes, entre la misma calle Mayor y la calle de les Flors, y nos puede pasar completamente desapercibido si no hacemos el esfuerzo de levantar la vista y fijarnos en las fachadas. En \u00e9sta, medio borrados por el paso del tiempo, podremos distinguir elementos decorativos entre balcones, escudos y pinturas ornamentales que en alg\u00fan momento indicaban que dentro viv\u00eda alguien importante.<\/p>\n\n\n\n<figure class=\"wp-block-image size-large\"><img fetchpriority=\"high\" decoding=\"async\" width=\"1024\" height=\"683\" src=\"https:\/\/cardonaturisme.cat\/wp-content\/uploads\/2025\/08\/casa-combelles-10-1024x683.jpg\" alt=\"\" class=\"wp-image-19834\" srcset=\"https:\/\/cardonaturisme.cat\/wp-content\/uploads\/2025\/08\/casa-combelles-10-1024x683.jpg 1024w, https:\/\/cardonaturisme.cat\/wp-content\/uploads\/2025\/08\/casa-combelles-10-300x200.jpg 300w, https:\/\/cardonaturisme.cat\/wp-content\/uploads\/2025\/08\/casa-combelles-10-768x512.jpg 768w, https:\/\/cardonaturisme.cat\/wp-content\/uploads\/2025\/08\/casa-combelles-10-1536x1024.jpg 1536w, https:\/\/cardonaturisme.cat\/wp-content\/uploads\/2025\/08\/casa-combelles-10-2048x1366.jpg 2048w\" sizes=\"(max-width: 1024px) 100vw, 1024px\" \/><\/figure>\n\n\n\n<p class=\"has-medium-font-size\"><strong>Una estirpe poderosa<\/strong><\/p>\n\n\n\n<p>Los Combelles llegaron a Cardona, provenientes de Francia, a mediados del siglo XVII. Con diferentes oficios y matrimonios, las sucesivas generaciones de la familia se fueron haciendo un hueco entre las clases acomodadas de la villa. El tercer heredero de la estirpe, Domenec Combelles y Clusa, blanco y sazonador de oficio, fue quien compr\u00f3 la primera de las casas de la calle Major en 1729, y su hijo Joan Antoni a\u00f1adi\u00f3 las otras dos en 1774 y 1793. Justamente, este tal Joan Antoni Combelles y Fars fue oficios familiares para invertir en operaciones financieras que le convirtieron en uno de los negociantes Cardonins con mayor proyecci\u00f3n del \u00faltimo cuarto del siglo XVIII.<\/p>\n\n\n\n<p>Al cruzar la puerta de la calle ya vemos que se trata de una casa importante. Aparte de la escalera, ancha y se\u00f1orial, custodiada por dos columnas, podemos ver una caballeriza y un abrevadero. Adem\u00e1s, el suelo de esta entrada conserva el pavimento original, seguramente el que en 1799 pis\u00f3 Dom\u00e8nec Combelles i Botines (hijo de Joan Antoni y nieto del otro Dom\u00e8nec) despu\u00e9s de su boda con Teresa Merli, hermana del prestigioso doctor Ramon Merli.<\/p>\n\n\n\n<p>Este enlace signific\u00f3, de facto, la uni\u00f3n de dos de las familias m\u00e1s importantes de Cardona y sus alrededores, y era el inicio de unos a\u00f1os de esplendor para el apellido Combelles, a pesar de las derrotas personales de algunos de sus miembros. Teresa y Dom\u00e8nec tuvieron tres hijos, de nombres Ramon, Agn\u00e8s y Maria, y es f\u00e1cil imagin\u00e1rselos persigui\u00e9ndose al patio interior, el primero que nos encontramos una vez cruzamos el recibidor de la primera planta. Un patio no muy grande, pero con excepcional luminosidad y el impluvio, que aseguraba el agua necesaria para el d\u00eda a d\u00eda de la casa. Desde aqu\u00ed accedemos a la cocina, con detalles francamente curiosos, con un mosaico de San Antonio de Padua colgado sobre la chimenea, o la cocina de le\u00f1a que el servicio deb\u00eda utilizar para los guisos del d\u00eda a d\u00eda.<\/p>\n\n\n\n<figure class=\"wp-block-image size-large\"><img decoding=\"async\" width=\"1024\" height=\"683\" src=\"https:\/\/cardonaturisme.cat\/wp-content\/uploads\/2025\/08\/casa-combelles-8-1024x683.jpg\" alt=\"\" class=\"wp-image-19838\" srcset=\"https:\/\/cardonaturisme.cat\/wp-content\/uploads\/2025\/08\/casa-combelles-8-1024x683.jpg 1024w, https:\/\/cardonaturisme.cat\/wp-content\/uploads\/2025\/08\/casa-combelles-8-300x200.jpg 300w, https:\/\/cardonaturisme.cat\/wp-content\/uploads\/2025\/08\/casa-combelles-8-768x512.jpg 768w, https:\/\/cardonaturisme.cat\/wp-content\/uploads\/2025\/08\/casa-combelles-8-1536x1024.jpg 1536w, https:\/\/cardonaturisme.cat\/wp-content\/uploads\/2025\/08\/casa-combelles-8-2048x1366.jpg 2048w\" sizes=\"(max-width: 1024px) 100vw, 1024px\" \/><\/figure>\n\n\n\n<p>La vida familiar de los tres peque\u00f1os Combelles cambi\u00f3 radicalmente en 1809, cuando el padre y la madre murieron con pocos meses de diferencia, v\u00edctimas de la fiebre amarilla. Los ni\u00f1os quedaron bajo la tutela de su abuela, que tambi\u00e9n muri\u00f3 en oto\u00f1o del mismo a\u00f1o, por lo que la tutor\u00eda legal recay\u00f3 en su t\u00edo materno, el prestigioso Doctor Merli, que se convirti\u00f3 en administrador de los corderos de la familia hasta que Ram\u00f3n se convirti\u00f3 en mayor de edad, a los veinticinco a\u00f1os. El conocido m\u00e9dico seguramente incidi\u00f3 decisivamente en la educaci\u00f3n de los tres hermanos, y en especial de Ramon, el heredero de la casa Combelles.<\/p>\n\n\n\n<p>A\u00fan en el patio, que tambi\u00e9n hace de distribuidor, y antes de entrar en la zona noble de la casa, todav\u00eda podemos detenernos en el estudio-biblioteca, donde seguramente el joven Ram\u00f3n pasaba horas estudiando antes de ir a estudiar a la Universidad de Cervera, donde se gradu\u00f3 de bachiller en filosof\u00eda en 1824. A\u00fan as\u00ed, seguramente, seguramente licenciarse a la edad de 27 a\u00f1os.<\/p>\n\n\n\n<p>Un a\u00f1o m\u00e1s tarde, se casar\u00eda con Rosa Casas, hija de Joan Casas y Villarubia, barcelon\u00e9s fabricante de indianas, miembro de la m\u00e1s alta burgues\u00eda de la ciudad y emparentado, por ejemplo, con Jover (Banca Jover) o con el pintor Ramon Casas. Ram\u00f3n y Rosa tuvieron ocho hijos, y todos nacieron y crecieron en el ya opulento casal noble familiar.<\/p>\n\n\n\n<p>El aut\u00e9ntico lujo conservado de la casa Combelles lo encontramos al entrar en el ala norte del edificio, la que comunica con la calle Major. Despu\u00e9s de un peque\u00f1o vest\u00edbulo, donde ya podemos intuir una c\u00f3moda de factura ciertamente distinguida, entramos en el amplio sal\u00f3n comedor donde la suntuosidad de los detalles nos acerca un poco m\u00e1s a la posici\u00f3n de la familia. La pintura de las paredes, las cenefas junto al techo de gran altura, y el mobiliario nos dan una idea de la opulencia con la que deb\u00edan estar decoradas el resto de las estancias. Destaca un aut\u00e9ntico sof\u00e1 victoriano, hecho con madera de caoba y acolchado de color burdeos, y otros muebles sostenidos con patas cabriol\u00e9, t\u00edpica de la \u00e9poca. Las cajoneras y los escaparates son de madera trabajada, con incrustaciones met\u00e1licas y con superficies de m\u00e1rmol.<\/p>\n\n\n\n<figure class=\"wp-block-image size-large\"><img decoding=\"async\" width=\"1024\" height=\"683\" src=\"https:\/\/cardonaturisme.cat\/wp-content\/uploads\/2025\/08\/casa-combelles-1-1024x683.jpg\" alt=\"\" class=\"wp-image-19842\" srcset=\"https:\/\/cardonaturisme.cat\/wp-content\/uploads\/2025\/08\/casa-combelles-1-1024x683.jpg 1024w, https:\/\/cardonaturisme.cat\/wp-content\/uploads\/2025\/08\/casa-combelles-1-300x200.jpg 300w, https:\/\/cardonaturisme.cat\/wp-content\/uploads\/2025\/08\/casa-combelles-1-768x512.jpg 768w, https:\/\/cardonaturisme.cat\/wp-content\/uploads\/2025\/08\/casa-combelles-1-1536x1024.jpg 1536w, https:\/\/cardonaturisme.cat\/wp-content\/uploads\/2025\/08\/casa-combelles-1-2048x1366.jpg 2048w\" sizes=\"(max-width: 1024px) 100vw, 1024px\" \/><\/figure>\n\n\n\n<p class=\"has-medium-font-size\"><strong>Los estragos de la guerra<\/strong><\/p>\n\n\n\n<p>Aunque pueda parecer que Ramon Combelles pod\u00eda vivir tranquilamente de las rentas de la fortuna y negocios familiares, lo cierto es que al hacerse cargo de la herencia ya la encontr\u00f3 ligeramente desmejorada, en parte por la dudosa administraci\u00f3n que hab\u00eda hecho su t\u00edo y tutor, motivo de ciertas tensiones entre ambos. Adem\u00e1s, Ramon tampoco tuvo el cuidado necesario para mantener y aumentar el patrimonio familiar. Los gastos superfluos y el descuido de las tierras, mermaban poco a poco su riqueza, pero el aut\u00e9ntico desastre por la econom\u00eda de los Combelles lleg\u00f3 con el estallido de las guerras carlistas.<\/p>\n\n\n\n<p>Ramon Combelles era partidario de la causa progresista, la de la reina Isabel, frente a la tradicionalista defendida, sobre todo, por el campesinado y el mundo rural, mucho m\u00e1s conservadores. Independientemente de su labor pol\u00edtica en favor del bando liberal (lleg\u00f3 a ser alcalde de Cardona), lo que destroz\u00f3 su econom\u00eda fue el conflicto armado en s\u00ed, ya que muchas de sus propiedades fueron atacadas por carlistas, al tiempo que el bloqueo de suministros dejaron la villa en un \u201cestado de miseria y abatimiento\u201d las autoridades del pa\u00eds.<\/p>\n\n\n\n<p>Pasada la guerra, Ramon Combelles, ya con graves problemas de salud, debi\u00f3 pasar largas jornadas en su habitaci\u00f3n, una de las dos a las que se accede desde el lujoso sal\u00f3n-comedor. Es una habitaci\u00f3n bastante grande, y de entrada vemos un par de butacas de aspecto victoriano, con la t\u00edpica alcoba, la peque\u00f1a estancia medio independiente donde est\u00e1 la gran cama de matrimonio, donde seguramente Ram\u00f3n puso fin a sus d\u00edas, el cuatro de enero de 1852.<\/p>\n\n\n\n<p>Hay edificios y monumentos que requieren un esfuerzo de imaginaci\u00f3n para entender qu\u00e9 pasaba en su interior. No es el caso de la casa Combelles, el hecho de no residir en ella durante muchos a\u00f1os, y el cuidado que han tenido los sucesivos herederos (la l\u00ednea Combelles no se rompe en ning\u00fan momento, aunque los actuales propietarios no se llaman), nos hace inmersos en una aut\u00e9ntica reuni\u00f3n de la sociedad cardonina del siglo XIX. Al votante de la mesa, sentados en el sof\u00e1 victoriano, apoyados en las cajoneras de caoba, veremos a los personajes m\u00e1s importantes de una \u00e9poca primordial de la historia de la villa.<\/p>\n\n\n\n<p>La Casa Combelles no es s\u00f3lo una construcci\u00f3n imponente en el coraz\u00f3n de Cardona, sino un testimonio silencioso de un pasado que todav\u00eda resuena entre sus paredes. Visitarla es c\u00f3mo atravesar un puente entre siglos, donde cada detalle, cada estancia y cada historia familiar nos hablan de una \u00e9poca en la que el progreso, el sufrimiento y la belleza conviv\u00edan dentro de un mismo techo.<\/p>\n\n\n\n<p>Mantener viva la memoria de esta casa es, en definitiva, preservar un pedazo de la historia de la villa, de esa Cardona que, pese al paso del tiempo, se mantiene presente en sus rincones m\u00e1s genuinos.<\/p>\n\n\n\n<figure class=\"wp-block-image size-large\"><img loading=\"lazy\" decoding=\"async\" width=\"1024\" height=\"683\" src=\"https:\/\/cardonaturisme.cat\/wp-content\/uploads\/2025\/08\/casa-combelles-7-1024x683.jpg\" alt=\"\" class=\"wp-image-19846\" srcset=\"https:\/\/cardonaturisme.cat\/wp-content\/uploads\/2025\/08\/casa-combelles-7-1024x683.jpg 1024w, https:\/\/cardonaturisme.cat\/wp-content\/uploads\/2025\/08\/casa-combelles-7-300x200.jpg 300w, https:\/\/cardonaturisme.cat\/wp-content\/uploads\/2025\/08\/casa-combelles-7-768x512.jpg 768w, https:\/\/cardonaturisme.cat\/wp-content\/uploads\/2025\/08\/casa-combelles-7-1536x1024.jpg 1536w, https:\/\/cardonaturisme.cat\/wp-content\/uploads\/2025\/08\/casa-combelles-7-2048x1366.jpg 2048w\" sizes=\"(max-width: 1024px) 100vw, 1024px\" \/><\/figure>\n","protected":false},"excerpt":{"rendered":"<p>La larga historia de la villa de Cardona nos ha dejado infinidad de elementos patrimoniales dignos de ser estudiados, visitados y contados. Muchos de estos tesoros pueden verse a simple vista, otros son preciosos rincones medio escondidos, pero algunos quedan completamente ocultos, y su descubrimiento es un pasaporte por un viaje expreso a \u00e9pocas pret\u00e9ritas. [&hellip;]<\/p>\n","protected":false},"author":100002,"featured_media":19905,"comment_status":"closed","ping_status":"closed","sticky":false,"template":"","format":"standard","meta":{"_acf_changed":false,"footnotes":""},"categories":[150],"tags":[],"class_list":["post-19854","post","type-post","status-publish","format-standard","has-post-thumbnail","hentry","category-bloc-es"],"acf":[],"yoast_head":"<!-- This site is optimized with the Yoast SEO plugin v27.4 - https:\/\/yoast.com\/product\/yoast-seo-wordpress\/ -->\n<title>Casa Combelles, una ventana a la Cardona del XIX - Cardona Turisme<\/title>\n<meta name=\"robots\" content=\"index, follow, max-snippet:-1, max-image-preview:large, max-video-preview:-1\" \/>\n<link rel=\"canonical\" href=\"https:\/\/cardonaturisme.cat\/es\/casa-combelles-una-ventana-a-la-cardona-del-xix\/\" \/>\n<meta property=\"og:locale\" content=\"es_ES\" \/>\n<meta property=\"og:type\" content=\"article\" \/>\n<meta property=\"og:title\" content=\"Casa Combelles, una ventana a la Cardona del XIX - Cardona Turisme\" \/>\n<meta property=\"og:description\" content=\"La larga historia de la villa de Cardona nos ha dejado infinidad de elementos patrimoniales dignos de ser estudiados, visitados y contados. Muchos de estos tesoros pueden verse a simple vista, otros son preciosos rincones medio escondidos, pero algunos quedan completamente ocultos, y su descubrimiento es un pasaporte por un viaje expreso a \u00e9pocas pret\u00e9ritas. [&hellip;]\" \/>\n<meta property=\"og:url\" content=\"https:\/\/cardonaturisme.cat\/es\/casa-combelles-una-ventana-a-la-cardona-del-xix\/\" \/>\n<meta property=\"og:site_name\" content=\"Cardona Turisme\" \/>\n<meta property=\"article:publisher\" content=\"https:\/\/www.facebook.com\/p\/Fundaci-Cardona-Histrica-100063704192069\/\" \/>\n<meta property=\"article:published_time\" content=\"2025-08-12T09:58:20+00:00\" \/>\n<meta property=\"article:modified_time\" content=\"2025-08-14T08:34:45+00:00\" \/>\n<meta property=\"og:image\" content=\"https:\/\/cardonaturisme.cat\/wp-content\/uploads\/2025\/08\/festa-sal-2025-22-1024x683.jpg\" \/>\n\t<meta property=\"og:image:width\" content=\"1024\" \/>\n\t<meta property=\"og:image:height\" content=\"683\" \/>\n\t<meta property=\"og:image:type\" content=\"image\/jpeg\" \/>\n<meta name=\"author\" content=\"Oficina de Turisme\" \/>\n<meta name=\"twitter:card\" content=\"summary_large_image\" \/>\n<meta name=\"twitter:creator\" content=\"@cardonaturisme\" \/>\n<meta name=\"twitter:site\" content=\"@cardonaturisme\" \/>\n<meta name=\"twitter:label1\" content=\"Escrito por\" \/>\n\t<meta name=\"twitter:data1\" content=\"Oficina de Turisme\" \/>\n\t<meta name=\"twitter:label2\" content=\"Tiempo de lectura\" \/>\n\t<meta name=\"twitter:data2\" content=\"9 minutos\" \/>\n<script type=\"application\/ld+json\" class=\"yoast-schema-graph\">{\"@context\":\"https:\\\/\\\/schema.org\",\"@graph\":[{\"@type\":\"Article\",\"@id\":\"https:\\\/\\\/cardonaturisme.cat\\\/es\\\/casa-combelles-una-ventana-a-la-cardona-del-xix\\\/#article\",\"isPartOf\":{\"@id\":\"https:\\\/\\\/cardonaturisme.cat\\\/es\\\/casa-combelles-una-ventana-a-la-cardona-del-xix\\\/\"},\"author\":{\"name\":\"Oficina de Turisme\",\"@id\":\"https:\\\/\\\/cardonaturisme.cat\\\/es\\\/#\\\/schema\\\/person\\\/a4ad9240e9eb6be86bca75b9b22d5dbe\"},\"headline\":\"Casa Combelles, una ventana a la Cardona del XIX\",\"datePublished\":\"2025-08-12T09:58:20+00:00\",\"dateModified\":\"2025-08-14T08:34:45+00:00\",\"mainEntityOfPage\":{\"@id\":\"https:\\\/\\\/cardonaturisme.cat\\\/es\\\/casa-combelles-una-ventana-a-la-cardona-del-xix\\\/\"},\"wordCount\":1489,\"publisher\":{\"@id\":\"https:\\\/\\\/cardonaturisme.cat\\\/es\\\/#organization\"},\"image\":{\"@id\":\"https:\\\/\\\/cardonaturisme.cat\\\/es\\\/casa-combelles-una-ventana-a-la-cardona-del-xix\\\/#primaryimage\"},\"thumbnailUrl\":\"https:\\\/\\\/cardonaturisme.cat\\\/wp-content\\\/uploads\\\/2025\\\/08\\\/festa-sal-2025-22.jpg\",\"articleSection\":[\"bloc\"],\"inLanguage\":\"es\"},{\"@type\":\"WebPage\",\"@id\":\"https:\\\/\\\/cardonaturisme.cat\\\/es\\\/casa-combelles-una-ventana-a-la-cardona-del-xix\\\/\",\"url\":\"https:\\\/\\\/cardonaturisme.cat\\\/es\\\/casa-combelles-una-ventana-a-la-cardona-del-xix\\\/\",\"name\":\"Casa Combelles, una ventana a la Cardona del XIX - Cardona Turisme\",\"isPartOf\":{\"@id\":\"https:\\\/\\\/cardonaturisme.cat\\\/es\\\/#website\"},\"primaryImageOfPage\":{\"@id\":\"https:\\\/\\\/cardonaturisme.cat\\\/es\\\/casa-combelles-una-ventana-a-la-cardona-del-xix\\\/#primaryimage\"},\"image\":{\"@id\":\"https:\\\/\\\/cardonaturisme.cat\\\/es\\\/casa-combelles-una-ventana-a-la-cardona-del-xix\\\/#primaryimage\"},\"thumbnailUrl\":\"https:\\\/\\\/cardonaturisme.cat\\\/wp-content\\\/uploads\\\/2025\\\/08\\\/festa-sal-2025-22.jpg\",\"datePublished\":\"2025-08-12T09:58:20+00:00\",\"dateModified\":\"2025-08-14T08:34:45+00:00\",\"breadcrumb\":{\"@id\":\"https:\\\/\\\/cardonaturisme.cat\\\/es\\\/casa-combelles-una-ventana-a-la-cardona-del-xix\\\/#breadcrumb\"},\"inLanguage\":\"es\",\"potentialAction\":[{\"@type\":\"ReadAction\",\"target\":[\"https:\\\/\\\/cardonaturisme.cat\\\/es\\\/casa-combelles-una-ventana-a-la-cardona-del-xix\\\/\"]}]},{\"@type\":\"ImageObject\",\"inLanguage\":\"es\",\"@id\":\"https:\\\/\\\/cardonaturisme.cat\\\/es\\\/casa-combelles-una-ventana-a-la-cardona-del-xix\\\/#primaryimage\",\"url\":\"https:\\\/\\\/cardonaturisme.cat\\\/wp-content\\\/uploads\\\/2025\\\/08\\\/festa-sal-2025-22.jpg\",\"contentUrl\":\"https:\\\/\\\/cardonaturisme.cat\\\/wp-content\\\/uploads\\\/2025\\\/08\\\/festa-sal-2025-22.jpg\",\"width\":2500,\"height\":1667},{\"@type\":\"BreadcrumbList\",\"@id\":\"https:\\\/\\\/cardonaturisme.cat\\\/es\\\/casa-combelles-una-ventana-a-la-cardona-del-xix\\\/#breadcrumb\",\"itemListElement\":[{\"@type\":\"ListItem\",\"position\":1,\"name\":\"Inici\",\"item\":\"https:\\\/\\\/cardonaturisme.cat\\\/es\\\/\"},{\"@type\":\"ListItem\",\"position\":2,\"name\":\"Casa Combelles, una ventana a la Cardona del XIX\"}]},{\"@type\":\"WebSite\",\"@id\":\"https:\\\/\\\/cardonaturisme.cat\\\/es\\\/#website\",\"url\":\"https:\\\/\\\/cardonaturisme.cat\\\/es\\\/\",\"name\":\"Cardona Turisme\",\"description\":\"La teva hist\u00f2ria\",\"publisher\":{\"@id\":\"https:\\\/\\\/cardonaturisme.cat\\\/es\\\/#organization\"},\"potentialAction\":[{\"@type\":\"SearchAction\",\"target\":{\"@type\":\"EntryPoint\",\"urlTemplate\":\"https:\\\/\\\/cardonaturisme.cat\\\/es\\\/?s={search_term_string}\"},\"query-input\":{\"@type\":\"PropertyValueSpecification\",\"valueRequired\":true,\"valueName\":\"search_term_string\"}}],\"inLanguage\":\"es\"},{\"@type\":\"Organization\",\"@id\":\"https:\\\/\\\/cardonaturisme.cat\\\/es\\\/#organization\",\"name\":\"Cardona Turisme\",\"url\":\"https:\\\/\\\/cardonaturisme.cat\\\/es\\\/\",\"logo\":{\"@type\":\"ImageObject\",\"inLanguage\":\"es\",\"@id\":\"https:\\\/\\\/cardonaturisme.cat\\\/es\\\/#\\\/schema\\\/logo\\\/image\\\/\",\"url\":\"https:\\\/\\\/cardonaturisme.cat\\\/wp-content\\\/uploads\\\/2023\\\/10\\\/logo-vermell-cardonaturisme.svg\",\"contentUrl\":\"https:\\\/\\\/cardonaturisme.cat\\\/wp-content\\\/uploads\\\/2023\\\/10\\\/logo-vermell-cardonaturisme.svg\",\"caption\":\"Cardona Turisme\"},\"image\":{\"@id\":\"https:\\\/\\\/cardonaturisme.cat\\\/es\\\/#\\\/schema\\\/logo\\\/image\\\/\"},\"sameAs\":[\"https:\\\/\\\/www.facebook.com\\\/p\\\/Fundaci-Cardona-Histrica-100063704192069\\\/\",\"https:\\\/\\\/x.com\\\/cardonaturisme\"]},{\"@type\":\"Person\",\"@id\":\"https:\\\/\\\/cardonaturisme.cat\\\/es\\\/#\\\/schema\\\/person\\\/a4ad9240e9eb6be86bca75b9b22d5dbe\",\"name\":\"Oficina de Turisme\",\"image\":{\"@type\":\"ImageObject\",\"inLanguage\":\"es\",\"@id\":\"https:\\\/\\\/secure.gravatar.com\\\/avatar\\\/44f4b38da71b7993f226c2e17c804b05b1a571c9a4a027ad8abbe755ff8eba78?s=96&d=mm&r=g\",\"url\":\"https:\\\/\\\/secure.gravatar.com\\\/avatar\\\/44f4b38da71b7993f226c2e17c804b05b1a571c9a4a027ad8abbe755ff8eba78?s=96&d=mm&r=g\",\"contentUrl\":\"https:\\\/\\\/secure.gravatar.com\\\/avatar\\\/44f4b38da71b7993f226c2e17c804b05b1a571c9a4a027ad8abbe755ff8eba78?s=96&d=mm&r=g\",\"caption\":\"Oficina de Turisme\"},\"url\":\"https:\\\/\\\/cardonaturisme.cat\\\/es\\\/author\\\/admin-ot\\\/\"}]}<\/script>\n<!-- \/ Yoast SEO plugin. -->","yoast_head_json":{"title":"Casa Combelles, una ventana a la Cardona del XIX - Cardona Turisme","robots":{"index":"index","follow":"follow","max-snippet":"max-snippet:-1","max-image-preview":"max-image-preview:large","max-video-preview":"max-video-preview:-1"},"canonical":"https:\/\/cardonaturisme.cat\/es\/casa-combelles-una-ventana-a-la-cardona-del-xix\/","og_locale":"es_ES","og_type":"article","og_title":"Casa Combelles, una ventana a la Cardona del XIX - Cardona Turisme","og_description":"La larga historia de la villa de Cardona nos ha dejado infinidad de elementos patrimoniales dignos de ser estudiados, visitados y contados. Muchos de estos tesoros pueden verse a simple vista, otros son preciosos rincones medio escondidos, pero algunos quedan completamente ocultos, y su descubrimiento es un pasaporte por un viaje expreso a \u00e9pocas pret\u00e9ritas. [&hellip;]","og_url":"https:\/\/cardonaturisme.cat\/es\/casa-combelles-una-ventana-a-la-cardona-del-xix\/","og_site_name":"Cardona Turisme","article_publisher":"https:\/\/www.facebook.com\/p\/Fundaci-Cardona-Histrica-100063704192069\/","article_published_time":"2025-08-12T09:58:20+00:00","article_modified_time":"2025-08-14T08:34:45+00:00","og_image":[{"width":1024,"height":683,"url":"https:\/\/cardonaturisme.cat\/wp-content\/uploads\/2025\/08\/festa-sal-2025-22-1024x683.jpg","type":"image\/jpeg"}],"author":"Oficina de Turisme","twitter_card":"summary_large_image","twitter_creator":"@cardonaturisme","twitter_site":"@cardonaturisme","twitter_misc":{"Escrito por":"Oficina de Turisme","Tiempo de lectura":"9 minutos"},"schema":{"@context":"https:\/\/schema.org","@graph":[{"@type":"Article","@id":"https:\/\/cardonaturisme.cat\/es\/casa-combelles-una-ventana-a-la-cardona-del-xix\/#article","isPartOf":{"@id":"https:\/\/cardonaturisme.cat\/es\/casa-combelles-una-ventana-a-la-cardona-del-xix\/"},"author":{"name":"Oficina de Turisme","@id":"https:\/\/cardonaturisme.cat\/es\/#\/schema\/person\/a4ad9240e9eb6be86bca75b9b22d5dbe"},"headline":"Casa Combelles, una ventana a la Cardona del XIX","datePublished":"2025-08-12T09:58:20+00:00","dateModified":"2025-08-14T08:34:45+00:00","mainEntityOfPage":{"@id":"https:\/\/cardonaturisme.cat\/es\/casa-combelles-una-ventana-a-la-cardona-del-xix\/"},"wordCount":1489,"publisher":{"@id":"https:\/\/cardonaturisme.cat\/es\/#organization"},"image":{"@id":"https:\/\/cardonaturisme.cat\/es\/casa-combelles-una-ventana-a-la-cardona-del-xix\/#primaryimage"},"thumbnailUrl":"https:\/\/cardonaturisme.cat\/wp-content\/uploads\/2025\/08\/festa-sal-2025-22.jpg","articleSection":["bloc"],"inLanguage":"es"},{"@type":"WebPage","@id":"https:\/\/cardonaturisme.cat\/es\/casa-combelles-una-ventana-a-la-cardona-del-xix\/","url":"https:\/\/cardonaturisme.cat\/es\/casa-combelles-una-ventana-a-la-cardona-del-xix\/","name":"Casa Combelles, una ventana a la Cardona del XIX - Cardona Turisme","isPartOf":{"@id":"https:\/\/cardonaturisme.cat\/es\/#website"},"primaryImageOfPage":{"@id":"https:\/\/cardonaturisme.cat\/es\/casa-combelles-una-ventana-a-la-cardona-del-xix\/#primaryimage"},"image":{"@id":"https:\/\/cardonaturisme.cat\/es\/casa-combelles-una-ventana-a-la-cardona-del-xix\/#primaryimage"},"thumbnailUrl":"https:\/\/cardonaturisme.cat\/wp-content\/uploads\/2025\/08\/festa-sal-2025-22.jpg","datePublished":"2025-08-12T09:58:20+00:00","dateModified":"2025-08-14T08:34:45+00:00","breadcrumb":{"@id":"https:\/\/cardonaturisme.cat\/es\/casa-combelles-una-ventana-a-la-cardona-del-xix\/#breadcrumb"},"inLanguage":"es","potentialAction":[{"@type":"ReadAction","target":["https:\/\/cardonaturisme.cat\/es\/casa-combelles-una-ventana-a-la-cardona-del-xix\/"]}]},{"@type":"ImageObject","inLanguage":"es","@id":"https:\/\/cardonaturisme.cat\/es\/casa-combelles-una-ventana-a-la-cardona-del-xix\/#primaryimage","url":"https:\/\/cardonaturisme.cat\/wp-content\/uploads\/2025\/08\/festa-sal-2025-22.jpg","contentUrl":"https:\/\/cardonaturisme.cat\/wp-content\/uploads\/2025\/08\/festa-sal-2025-22.jpg","width":2500,"height":1667},{"@type":"BreadcrumbList","@id":"https:\/\/cardonaturisme.cat\/es\/casa-combelles-una-ventana-a-la-cardona-del-xix\/#breadcrumb","itemListElement":[{"@type":"ListItem","position":1,"name":"Inici","item":"https:\/\/cardonaturisme.cat\/es\/"},{"@type":"ListItem","position":2,"name":"Casa Combelles, una ventana a la Cardona del XIX"}]},{"@type":"WebSite","@id":"https:\/\/cardonaturisme.cat\/es\/#website","url":"https:\/\/cardonaturisme.cat\/es\/","name":"Cardona Turisme","description":"La teva hist\u00f2ria","publisher":{"@id":"https:\/\/cardonaturisme.cat\/es\/#organization"},"potentialAction":[{"@type":"SearchAction","target":{"@type":"EntryPoint","urlTemplate":"https:\/\/cardonaturisme.cat\/es\/?s={search_term_string}"},"query-input":{"@type":"PropertyValueSpecification","valueRequired":true,"valueName":"search_term_string"}}],"inLanguage":"es"},{"@type":"Organization","@id":"https:\/\/cardonaturisme.cat\/es\/#organization","name":"Cardona Turisme","url":"https:\/\/cardonaturisme.cat\/es\/","logo":{"@type":"ImageObject","inLanguage":"es","@id":"https:\/\/cardonaturisme.cat\/es\/#\/schema\/logo\/image\/","url":"https:\/\/cardonaturisme.cat\/wp-content\/uploads\/2023\/10\/logo-vermell-cardonaturisme.svg","contentUrl":"https:\/\/cardonaturisme.cat\/wp-content\/uploads\/2023\/10\/logo-vermell-cardonaturisme.svg","caption":"Cardona Turisme"},"image":{"@id":"https:\/\/cardonaturisme.cat\/es\/#\/schema\/logo\/image\/"},"sameAs":["https:\/\/www.facebook.com\/p\/Fundaci-Cardona-Histrica-100063704192069\/","https:\/\/x.com\/cardonaturisme"]},{"@type":"Person","@id":"https:\/\/cardonaturisme.cat\/es\/#\/schema\/person\/a4ad9240e9eb6be86bca75b9b22d5dbe","name":"Oficina de Turisme","image":{"@type":"ImageObject","inLanguage":"es","@id":"https:\/\/secure.gravatar.com\/avatar\/44f4b38da71b7993f226c2e17c804b05b1a571c9a4a027ad8abbe755ff8eba78?s=96&d=mm&r=g","url":"https:\/\/secure.gravatar.com\/avatar\/44f4b38da71b7993f226c2e17c804b05b1a571c9a4a027ad8abbe755ff8eba78?s=96&d=mm&r=g","contentUrl":"https:\/\/secure.gravatar.com\/avatar\/44f4b38da71b7993f226c2e17c804b05b1a571c9a4a027ad8abbe755ff8eba78?s=96&d=mm&r=g","caption":"Oficina de Turisme"},"url":"https:\/\/cardonaturisme.cat\/es\/author\/admin-ot\/"}]}},"_links":{"self":[{"href":"https:\/\/cardonaturisme.cat\/es\/wp-json\/wp\/v2\/posts\/19854","targetHints":{"allow":["GET"]}}],"collection":[{"href":"https:\/\/cardonaturisme.cat\/es\/wp-json\/wp\/v2\/posts"}],"about":[{"href":"https:\/\/cardonaturisme.cat\/es\/wp-json\/wp\/v2\/types\/post"}],"author":[{"embeddable":true,"href":"https:\/\/cardonaturisme.cat\/es\/wp-json\/wp\/v2\/users\/100002"}],"replies":[{"embeddable":true,"href":"https:\/\/cardonaturisme.cat\/es\/wp-json\/wp\/v2\/comments?post=19854"}],"version-history":[{"count":2,"href":"https:\/\/cardonaturisme.cat\/es\/wp-json\/wp\/v2\/posts\/19854\/revisions"}],"predecessor-version":[{"id":19907,"href":"https:\/\/cardonaturisme.cat\/es\/wp-json\/wp\/v2\/posts\/19854\/revisions\/19907"}],"wp:featuredmedia":[{"embeddable":true,"href":"https:\/\/cardonaturisme.cat\/es\/wp-json\/wp\/v2\/media\/19905"}],"wp:attachment":[{"href":"https:\/\/cardonaturisme.cat\/es\/wp-json\/wp\/v2\/media?parent=19854"}],"wp:term":[{"taxonomy":"category","embeddable":true,"href":"https:\/\/cardonaturisme.cat\/es\/wp-json\/wp\/v2\/categories?post=19854"},{"taxonomy":"post_tag","embeddable":true,"href":"https:\/\/cardonaturisme.cat\/es\/wp-json\/wp\/v2\/tags?post=19854"}],"curies":[{"name":"wp","href":"https:\/\/api.w.org\/{rel}","templated":true}]}}