{"id":19583,"date":"2025-06-20T10:45:43","date_gmt":"2025-06-20T08:45:43","guid":{"rendered":"https:\/\/cardonaturisme.cat\/?p=19583"},"modified":"2025-06-20T10:47:41","modified_gmt":"2025-06-20T08:47:41","slug":"cardona-participa-en-el-foro-inaugural-de-la-ruta-europea-del-patrimonio-de-la-sal","status":"publish","type":"post","link":"https:\/\/cardonaturisme.cat\/es\/cardona-participa-en-el-foro-inaugural-de-la-ruta-europea-del-patrimonio-de-la-sal\/","title":{"rendered":"Cardona participa en el foro inaugural de la Ruta europea del patrimonio de la sal"},"content":{"rendered":"\n<p>La Fundaci\u00f3n Cardona Hist\u00f3rica (FCH) ha participado en el Foro inaugural de la Ruta europea del patrimonio de la sal que se ha celebrado del 6 al 8 de junio en la localidad polaca de Wieliczka con la participaci\u00f3n de 24 entidades de 12 pa\u00edses vinculados a la promoci\u00f3n de los paisajes culturales de la sal.<\/p>\n\n\n\n<figure class=\"wp-block-image size-large\"><img fetchpriority=\"high\" decoding=\"async\" width=\"1024\" height=\"768\" src=\"https:\/\/cardonaturisme.cat\/wp-content\/uploads\/2025\/06\/grup-forum-wieliczka-1-1024x768.jpg\" alt=\"\" class=\"wp-image-19584\" srcset=\"https:\/\/cardonaturisme.cat\/wp-content\/uploads\/2025\/06\/grup-forum-wieliczka-1-1024x768.jpg 1024w, https:\/\/cardonaturisme.cat\/wp-content\/uploads\/2025\/06\/grup-forum-wieliczka-1-300x225.jpg 300w, https:\/\/cardonaturisme.cat\/wp-content\/uploads\/2025\/06\/grup-forum-wieliczka-1-768x576.jpg 768w, https:\/\/cardonaturisme.cat\/wp-content\/uploads\/2025\/06\/grup-forum-wieliczka-1-1536x1152.jpg 1536w, https:\/\/cardonaturisme.cat\/wp-content\/uploads\/2025\/06\/grup-forum-wieliczka-1.jpg 1600w\" sizes=\"(max-width: 1024px) 100vw, 1024px\" \/><\/figure>\n\n\n\n<p>Este encuentro ha servido para oficializar el nombre de la ruta (\u201cEuropean Salt Heritage Route\u201d) y formalizar los aspectos de la constituci\u00f3n de la nueva entidad formada por salinas marinas, de interior, minas de sal, museos y centros de interpretaci\u00f3n de varios pa\u00edses europeos.<\/p>\n\n\n\n<p>El objetivo es que pueda ser homologada por el Consejo de Europa en 2029 como una de sus rutas culturales que preserven el patrimonio compartido y el enriquecimiento mediante el intercambio mutuo.<\/p>\n\n\n\n<p>Mientras, se organizar\u00e1n encuentros para trabajar juntos en la divulgaci\u00f3n de la cultura de la sal, la cooperaci\u00f3n internacional, el intercambio de experiencias y proyectos educativos conjuntos. De ah\u00ed saldr\u00e1n publicaciones, exposiciones, mesas de trabajo y otros proyectos.<\/p>\n\n\n\n<p>\u201cParticipar en esta red nos permite poner en valor el patrimonio hist\u00f3rico com\u00fan en torno a la sal, conocer y aprender de otras instituciones y proyectar la Monta\u00f1a de Sal de Cardona internacionalmente\u201d, explica Francesc Ponsa, director general de la FCH.<\/p>\n\n\n\n<figure class=\"wp-block-image size-large\"><img decoding=\"async\" width=\"1024\" height=\"682\" src=\"https:\/\/cardonaturisme.cat\/wp-content\/uploads\/2025\/06\/WhatsApp-Image-2025-06-13-at-10.06.08-3-1024x682.jpeg\" alt=\"\" class=\"wp-image-19588\" srcset=\"https:\/\/cardonaturisme.cat\/wp-content\/uploads\/2025\/06\/WhatsApp-Image-2025-06-13-at-10.06.08-3-1024x682.jpeg 1024w, https:\/\/cardonaturisme.cat\/wp-content\/uploads\/2025\/06\/WhatsApp-Image-2025-06-13-at-10.06.08-3-300x200.jpeg 300w, https:\/\/cardonaturisme.cat\/wp-content\/uploads\/2025\/06\/WhatsApp-Image-2025-06-13-at-10.06.08-3-768x512.jpeg 768w, https:\/\/cardonaturisme.cat\/wp-content\/uploads\/2025\/06\/WhatsApp-Image-2025-06-13-at-10.06.08-3-1536x1023.jpeg 1536w, https:\/\/cardonaturisme.cat\/wp-content\/uploads\/2025\/06\/WhatsApp-Image-2025-06-13-at-10.06.08-3.jpeg 1600w\" sizes=\"(max-width: 1024px) 100vw, 1024px\" \/><\/figure>\n\n\n\n<p>Adem\u00e1s de Cardona, forman parte de esta ruta las minas de sal de Wieliczka y Bochnia (Polonia), la Mina de Sal-gema de Loul\u00e9 y las Salinas de R\u00edo Mayor (Portugal), Valle Salado de A\u00f1ana (Euskadi), Salinas de Im\u00f3n (Guadalajara), Poza de la Sal (Burgos), Lion Salt Works (Reino Unido), Salinos-Les-Bains (Francia), Minas de Sel de Bex (Suiza), Deutsche Salzmuseum y Salzbergwerk Berchtesgaden (Alemania), Hallstatt (Austria), Solana Nin (Croacia), Saline di Trapani e Paceco (Italia), Salina de Cacica (Ruman\u00eda), Provadia-Solnitsata (Bulgaria) o el Museo de la sal de Presov (Eslovaquia), entre otros.<\/p>\n\n\n\n<p>La representaci\u00f3n catalana tambi\u00e9n contar\u00e1 con el Museo de la anchoa y el Alfol\u00ed de la sal de L&#8217;Escala, municipio que particip\u00f3 como invitado especial en la \u00faltima edici\u00f3n de la Fiesta de la Sal de Cardona.<\/p>\n\n\n\n<p><strong>Proyectando Cardona<\/strong><\/p>\n\n\n\n<p>Adicionalmente, una delegaci\u00f3n de Cardona encabezada por las concejalas del Ayuntamiento Llu\u00efsa Aliste y Helena Arnaste particip\u00f3 en los actos de la Fiesta de la Sal que organiza el Museo de las Salinas de Cracovia en Wieliczka.<\/p>\n\n\n\n<figure class=\"wp-block-image size-large\"><img decoding=\"async\" width=\"1024\" height=\"678\" src=\"https:\/\/cardonaturisme.cat\/wp-content\/uploads\/2025\/06\/Wielicka-exposicio-Cardona-1024x678.jpg\" alt=\"\" class=\"wp-image-19569\" srcset=\"https:\/\/cardonaturisme.cat\/wp-content\/uploads\/2025\/06\/Wielicka-exposicio-Cardona-1024x678.jpg 1024w, https:\/\/cardonaturisme.cat\/wp-content\/uploads\/2025\/06\/Wielicka-exposicio-Cardona-300x199.jpg 300w, https:\/\/cardonaturisme.cat\/wp-content\/uploads\/2025\/06\/Wielicka-exposicio-Cardona-768x508.jpg 768w, https:\/\/cardonaturisme.cat\/wp-content\/uploads\/2025\/06\/Wielicka-exposicio-Cardona-1536x1017.jpg 1536w, https:\/\/cardonaturisme.cat\/wp-content\/uploads\/2025\/06\/Wielicka-exposicio-Cardona.jpg 1938w\" sizes=\"(max-width: 1024px) 100vw, 1024px\" \/><\/figure>\n\n\n\n<p>En el marco de la fiesta, la Fundaci\u00f3n Cardona Hist\u00f3rica mont\u00f3 un stand en el que ofreci\u00f3 talleres relacionados con la sal y proporcion\u00f3 informaci\u00f3n tur\u00edstica sobre la villa ducal.<\/p>\n\n\n\n<p>Paralelamente, se inaugur\u00f3 la exposici\u00f3n titulada \u00abLa belleza de la sal\u00bb que cuenta con m\u00e1s de 80 piedras de sal proveniente de las minas de sal de Wieliczka, Bochnia y K\u0142odawa (Polonia), Cardona (Espa\u00f1a), Loul\u00e9 (Portugal) y Merkers (Alemania). Algunas datan de hace m\u00e1s de 250 millones de a\u00f1os, mientras que otras se formaron recientemente.<\/p>\n\n\n\n<p>La exposici\u00f3n se encuentra en las salas del Castillo de las Salinas en Wieliczka.<\/p>\n\n\n\n<figure class=\"wp-block-image size-large\"><img loading=\"lazy\" decoding=\"async\" width=\"1024\" height=\"682\" src=\"https:\/\/cardonaturisme.cat\/wp-content\/uploads\/2025\/06\/Exposicio-Wieliczka-1024x682.jpg\" alt=\"\" class=\"wp-image-19573\" srcset=\"https:\/\/cardonaturisme.cat\/wp-content\/uploads\/2025\/06\/Exposicio-Wieliczka-1024x682.jpg 1024w, https:\/\/cardonaturisme.cat\/wp-content\/uploads\/2025\/06\/Exposicio-Wieliczka-300x200.jpg 300w, https:\/\/cardonaturisme.cat\/wp-content\/uploads\/2025\/06\/Exposicio-Wieliczka-768x512.jpg 768w, https:\/\/cardonaturisme.cat\/wp-content\/uploads\/2025\/06\/Exposicio-Wieliczka-1536x1024.jpg 1536w, https:\/\/cardonaturisme.cat\/wp-content\/uploads\/2025\/06\/Exposicio-Wieliczka.jpg 2000w\" sizes=\"(max-width: 1024px) 100vw, 1024px\" \/><\/figure>\n","protected":false},"excerpt":{"rendered":"<p>La Fundaci\u00f3n Cardona Hist\u00f3rica (FCH) ha participado en el Foro inaugural de la Ruta europea del patrimonio de la sal que se ha celebrado del 6 al 8 de junio en la localidad polaca de Wieliczka con la participaci\u00f3n de 24 entidades de 12 pa\u00edses vinculados a la promoci\u00f3n de los paisajes culturales de la [&hellip;]<\/p>\n","protected":false},"author":100002,"featured_media":19581,"comment_status":"closed","ping_status":"closed","sticky":false,"template":"","format":"standard","meta":{"_acf_changed":false,"footnotes":""},"categories":[143],"tags":[],"class_list":["post-19583","post","type-post","status-publish","format-standard","has-post-thumbnail","hentry","category-noticias"],"acf":[],"yoast_head":"<!-- This site is optimized with the Yoast SEO plugin v27.4 - https:\/\/yoast.com\/product\/yoast-seo-wordpress\/ -->\n<title>Cardona participa en el foro inaugural de la Ruta europea del patrimonio de la sal - Cardona Turisme<\/title>\n<meta name=\"robots\" content=\"index, follow, max-snippet:-1, max-image-preview:large, max-video-preview:-1\" \/>\n<link rel=\"canonical\" href=\"https:\/\/cardonaturisme.cat\/es\/cardona-participa-en-el-foro-inaugural-de-la-ruta-europea-del-patrimonio-de-la-sal\/\" \/>\n<meta property=\"og:locale\" content=\"es_ES\" \/>\n<meta property=\"og:type\" content=\"article\" \/>\n<meta property=\"og:title\" content=\"Cardona participa en el foro inaugural de la Ruta europea del patrimonio de la sal - Cardona Turisme\" \/>\n<meta property=\"og:description\" content=\"La Fundaci\u00f3n Cardona Hist\u00f3rica (FCH) ha participado en el Foro inaugural de la Ruta europea del patrimonio de la sal que se ha celebrado del 6 al 8 de junio en la localidad polaca de Wieliczka con la participaci\u00f3n de 24 entidades de 12 pa\u00edses vinculados a la promoci\u00f3n de los paisajes culturales de la [&hellip;]\" \/>\n<meta property=\"og:url\" content=\"https:\/\/cardonaturisme.cat\/es\/cardona-participa-en-el-foro-inaugural-de-la-ruta-europea-del-patrimonio-de-la-sal\/\" \/>\n<meta property=\"og:site_name\" content=\"Cardona Turisme\" \/>\n<meta property=\"article:publisher\" content=\"https:\/\/www.facebook.com\/p\/Fundaci-Cardona-Histrica-100063704192069\/\" \/>\n<meta property=\"article:published_time\" content=\"2025-06-20T08:45:43+00:00\" \/>\n<meta property=\"article:modified_time\" content=\"2025-06-20T08:47:41+00:00\" \/>\n<meta property=\"og:image\" content=\"https:\/\/cardonaturisme.cat\/wp-content\/uploads\/2025\/06\/WhatsApp-Image-2025-06-13-at-10.06.08-2.jpeg\" \/>\n\t<meta property=\"og:image:width\" content=\"1600\" \/>\n\t<meta property=\"og:image:height\" content=\"1066\" \/>\n\t<meta property=\"og:image:type\" content=\"image\/jpeg\" \/>\n<meta name=\"author\" content=\"Oficina de Turisme\" \/>\n<meta name=\"twitter:card\" content=\"summary_large_image\" \/>\n<meta name=\"twitter:creator\" content=\"@cardonaturisme\" \/>\n<meta name=\"twitter:site\" content=\"@cardonaturisme\" \/>\n<meta name=\"twitter:label1\" content=\"Escrito por\" \/>\n\t<meta name=\"twitter:data1\" content=\"Oficina de Turisme\" \/>\n\t<meta name=\"twitter:label2\" content=\"Tiempo de lectura\" \/>\n\t<meta name=\"twitter:data2\" content=\"4 minutos\" \/>\n<script type=\"application\/ld+json\" class=\"yoast-schema-graph\">{\"@context\":\"https:\\\/\\\/schema.org\",\"@graph\":[{\"@type\":\"Article\",\"@id\":\"https:\\\/\\\/cardonaturisme.cat\\\/es\\\/cardona-participa-en-el-foro-inaugural-de-la-ruta-europea-del-patrimonio-de-la-sal\\\/#article\",\"isPartOf\":{\"@id\":\"https:\\\/\\\/cardonaturisme.cat\\\/es\\\/cardona-participa-en-el-foro-inaugural-de-la-ruta-europea-del-patrimonio-de-la-sal\\\/\"},\"author\":{\"name\":\"Oficina de Turisme\",\"@id\":\"https:\\\/\\\/cardonaturisme.cat\\\/es\\\/#\\\/schema\\\/person\\\/a4ad9240e9eb6be86bca75b9b22d5dbe\"},\"headline\":\"Cardona participa en el foro inaugural de la Ruta europea del patrimonio de la sal\",\"datePublished\":\"2025-06-20T08:45:43+00:00\",\"dateModified\":\"2025-06-20T08:47:41+00:00\",\"mainEntityOfPage\":{\"@id\":\"https:\\\/\\\/cardonaturisme.cat\\\/es\\\/cardona-participa-en-el-foro-inaugural-de-la-ruta-europea-del-patrimonio-de-la-sal\\\/\"},\"wordCount\":522,\"publisher\":{\"@id\":\"https:\\\/\\\/cardonaturisme.cat\\\/es\\\/#organization\"},\"image\":{\"@id\":\"https:\\\/\\\/cardonaturisme.cat\\\/es\\\/cardona-participa-en-el-foro-inaugural-de-la-ruta-europea-del-patrimonio-de-la-sal\\\/#primaryimage\"},\"thumbnailUrl\":\"https:\\\/\\\/cardonaturisme.cat\\\/wp-content\\\/uploads\\\/2025\\\/06\\\/WhatsApp-Image-2025-06-13-at-10.06.08-2.jpeg\",\"articleSection\":[\"noticias\"],\"inLanguage\":\"es\"},{\"@type\":\"WebPage\",\"@id\":\"https:\\\/\\\/cardonaturisme.cat\\\/es\\\/cardona-participa-en-el-foro-inaugural-de-la-ruta-europea-del-patrimonio-de-la-sal\\\/\",\"url\":\"https:\\\/\\\/cardonaturisme.cat\\\/es\\\/cardona-participa-en-el-foro-inaugural-de-la-ruta-europea-del-patrimonio-de-la-sal\\\/\",\"name\":\"Cardona participa en el foro inaugural de la Ruta europea del patrimonio de la sal - Cardona Turisme\",\"isPartOf\":{\"@id\":\"https:\\\/\\\/cardonaturisme.cat\\\/es\\\/#website\"},\"primaryImageOfPage\":{\"@id\":\"https:\\\/\\\/cardonaturisme.cat\\\/es\\\/cardona-participa-en-el-foro-inaugural-de-la-ruta-europea-del-patrimonio-de-la-sal\\\/#primaryimage\"},\"image\":{\"@id\":\"https:\\\/\\\/cardonaturisme.cat\\\/es\\\/cardona-participa-en-el-foro-inaugural-de-la-ruta-europea-del-patrimonio-de-la-sal\\\/#primaryimage\"},\"thumbnailUrl\":\"https:\\\/\\\/cardonaturisme.cat\\\/wp-content\\\/uploads\\\/2025\\\/06\\\/WhatsApp-Image-2025-06-13-at-10.06.08-2.jpeg\",\"datePublished\":\"2025-06-20T08:45:43+00:00\",\"dateModified\":\"2025-06-20T08:47:41+00:00\",\"breadcrumb\":{\"@id\":\"https:\\\/\\\/cardonaturisme.cat\\\/es\\\/cardona-participa-en-el-foro-inaugural-de-la-ruta-europea-del-patrimonio-de-la-sal\\\/#breadcrumb\"},\"inLanguage\":\"es\",\"potentialAction\":[{\"@type\":\"ReadAction\",\"target\":[\"https:\\\/\\\/cardonaturisme.cat\\\/es\\\/cardona-participa-en-el-foro-inaugural-de-la-ruta-europea-del-patrimonio-de-la-sal\\\/\"]}]},{\"@type\":\"ImageObject\",\"inLanguage\":\"es\",\"@id\":\"https:\\\/\\\/cardonaturisme.cat\\\/es\\\/cardona-participa-en-el-foro-inaugural-de-la-ruta-europea-del-patrimonio-de-la-sal\\\/#primaryimage\",\"url\":\"https:\\\/\\\/cardonaturisme.cat\\\/wp-content\\\/uploads\\\/2025\\\/06\\\/WhatsApp-Image-2025-06-13-at-10.06.08-2.jpeg\",\"contentUrl\":\"https:\\\/\\\/cardonaturisme.cat\\\/wp-content\\\/uploads\\\/2025\\\/06\\\/WhatsApp-Image-2025-06-13-at-10.06.08-2.jpeg\",\"width\":1600,\"height\":1066},{\"@type\":\"BreadcrumbList\",\"@id\":\"https:\\\/\\\/cardonaturisme.cat\\\/es\\\/cardona-participa-en-el-foro-inaugural-de-la-ruta-europea-del-patrimonio-de-la-sal\\\/#breadcrumb\",\"itemListElement\":[{\"@type\":\"ListItem\",\"position\":1,\"name\":\"Inici\",\"item\":\"https:\\\/\\\/cardonaturisme.cat\\\/es\\\/\"},{\"@type\":\"ListItem\",\"position\":2,\"name\":\"Cardona participa en el foro inaugural de la Ruta europea del patrimonio de la sal\"}]},{\"@type\":\"WebSite\",\"@id\":\"https:\\\/\\\/cardonaturisme.cat\\\/es\\\/#website\",\"url\":\"https:\\\/\\\/cardonaturisme.cat\\\/es\\\/\",\"name\":\"Cardona Turisme\",\"description\":\"La teva hist\u00f2ria\",\"publisher\":{\"@id\":\"https:\\\/\\\/cardonaturisme.cat\\\/es\\\/#organization\"},\"potentialAction\":[{\"@type\":\"SearchAction\",\"target\":{\"@type\":\"EntryPoint\",\"urlTemplate\":\"https:\\\/\\\/cardonaturisme.cat\\\/es\\\/?s={search_term_string}\"},\"query-input\":{\"@type\":\"PropertyValueSpecification\",\"valueRequired\":true,\"valueName\":\"search_term_string\"}}],\"inLanguage\":\"es\"},{\"@type\":\"Organization\",\"@id\":\"https:\\\/\\\/cardonaturisme.cat\\\/es\\\/#organization\",\"name\":\"Cardona Turisme\",\"url\":\"https:\\\/\\\/cardonaturisme.cat\\\/es\\\/\",\"logo\":{\"@type\":\"ImageObject\",\"inLanguage\":\"es\",\"@id\":\"https:\\\/\\\/cardonaturisme.cat\\\/es\\\/#\\\/schema\\\/logo\\\/image\\\/\",\"url\":\"https:\\\/\\\/cardonaturisme.cat\\\/wp-content\\\/uploads\\\/2023\\\/10\\\/logo-vermell-cardonaturisme.svg\",\"contentUrl\":\"https:\\\/\\\/cardonaturisme.cat\\\/wp-content\\\/uploads\\\/2023\\\/10\\\/logo-vermell-cardonaturisme.svg\",\"caption\":\"Cardona Turisme\"},\"image\":{\"@id\":\"https:\\\/\\\/cardonaturisme.cat\\\/es\\\/#\\\/schema\\\/logo\\\/image\\\/\"},\"sameAs\":[\"https:\\\/\\\/www.facebook.com\\\/p\\\/Fundaci-Cardona-Histrica-100063704192069\\\/\",\"https:\\\/\\\/x.com\\\/cardonaturisme\"]},{\"@type\":\"Person\",\"@id\":\"https:\\\/\\\/cardonaturisme.cat\\\/es\\\/#\\\/schema\\\/person\\\/a4ad9240e9eb6be86bca75b9b22d5dbe\",\"name\":\"Oficina de Turisme\",\"image\":{\"@type\":\"ImageObject\",\"inLanguage\":\"es\",\"@id\":\"https:\\\/\\\/secure.gravatar.com\\\/avatar\\\/44f4b38da71b7993f226c2e17c804b05b1a571c9a4a027ad8abbe755ff8eba78?s=96&d=mm&r=g\",\"url\":\"https:\\\/\\\/secure.gravatar.com\\\/avatar\\\/44f4b38da71b7993f226c2e17c804b05b1a571c9a4a027ad8abbe755ff8eba78?s=96&d=mm&r=g\",\"contentUrl\":\"https:\\\/\\\/secure.gravatar.com\\\/avatar\\\/44f4b38da71b7993f226c2e17c804b05b1a571c9a4a027ad8abbe755ff8eba78?s=96&d=mm&r=g\",\"caption\":\"Oficina de Turisme\"},\"url\":\"https:\\\/\\\/cardonaturisme.cat\\\/es\\\/author\\\/admin-ot\\\/\"}]}<\/script>\n<!-- \/ Yoast SEO plugin. -->","yoast_head_json":{"title":"Cardona participa en el foro inaugural de la Ruta europea del patrimonio de la sal - Cardona Turisme","robots":{"index":"index","follow":"follow","max-snippet":"max-snippet:-1","max-image-preview":"max-image-preview:large","max-video-preview":"max-video-preview:-1"},"canonical":"https:\/\/cardonaturisme.cat\/es\/cardona-participa-en-el-foro-inaugural-de-la-ruta-europea-del-patrimonio-de-la-sal\/","og_locale":"es_ES","og_type":"article","og_title":"Cardona participa en el foro inaugural de la Ruta europea del patrimonio de la sal - Cardona Turisme","og_description":"La Fundaci\u00f3n Cardona Hist\u00f3rica (FCH) ha participado en el Foro inaugural de la Ruta europea del patrimonio de la sal que se ha celebrado del 6 al 8 de junio en la localidad polaca de Wieliczka con la participaci\u00f3n de 24 entidades de 12 pa\u00edses vinculados a la promoci\u00f3n de los paisajes culturales de la [&hellip;]","og_url":"https:\/\/cardonaturisme.cat\/es\/cardona-participa-en-el-foro-inaugural-de-la-ruta-europea-del-patrimonio-de-la-sal\/","og_site_name":"Cardona Turisme","article_publisher":"https:\/\/www.facebook.com\/p\/Fundaci-Cardona-Histrica-100063704192069\/","article_published_time":"2025-06-20T08:45:43+00:00","article_modified_time":"2025-06-20T08:47:41+00:00","og_image":[{"width":1600,"height":1066,"url":"https:\/\/cardonaturisme.cat\/wp-content\/uploads\/2025\/06\/WhatsApp-Image-2025-06-13-at-10.06.08-2.jpeg","type":"image\/jpeg"}],"author":"Oficina de Turisme","twitter_card":"summary_large_image","twitter_creator":"@cardonaturisme","twitter_site":"@cardonaturisme","twitter_misc":{"Escrito por":"Oficina de Turisme","Tiempo de lectura":"4 minutos"},"schema":{"@context":"https:\/\/schema.org","@graph":[{"@type":"Article","@id":"https:\/\/cardonaturisme.cat\/es\/cardona-participa-en-el-foro-inaugural-de-la-ruta-europea-del-patrimonio-de-la-sal\/#article","isPartOf":{"@id":"https:\/\/cardonaturisme.cat\/es\/cardona-participa-en-el-foro-inaugural-de-la-ruta-europea-del-patrimonio-de-la-sal\/"},"author":{"name":"Oficina de Turisme","@id":"https:\/\/cardonaturisme.cat\/es\/#\/schema\/person\/a4ad9240e9eb6be86bca75b9b22d5dbe"},"headline":"Cardona participa en el foro inaugural de la Ruta europea del patrimonio de la sal","datePublished":"2025-06-20T08:45:43+00:00","dateModified":"2025-06-20T08:47:41+00:00","mainEntityOfPage":{"@id":"https:\/\/cardonaturisme.cat\/es\/cardona-participa-en-el-foro-inaugural-de-la-ruta-europea-del-patrimonio-de-la-sal\/"},"wordCount":522,"publisher":{"@id":"https:\/\/cardonaturisme.cat\/es\/#organization"},"image":{"@id":"https:\/\/cardonaturisme.cat\/es\/cardona-participa-en-el-foro-inaugural-de-la-ruta-europea-del-patrimonio-de-la-sal\/#primaryimage"},"thumbnailUrl":"https:\/\/cardonaturisme.cat\/wp-content\/uploads\/2025\/06\/WhatsApp-Image-2025-06-13-at-10.06.08-2.jpeg","articleSection":["noticias"],"inLanguage":"es"},{"@type":"WebPage","@id":"https:\/\/cardonaturisme.cat\/es\/cardona-participa-en-el-foro-inaugural-de-la-ruta-europea-del-patrimonio-de-la-sal\/","url":"https:\/\/cardonaturisme.cat\/es\/cardona-participa-en-el-foro-inaugural-de-la-ruta-europea-del-patrimonio-de-la-sal\/","name":"Cardona participa en el foro inaugural de la Ruta europea del patrimonio de la sal - Cardona Turisme","isPartOf":{"@id":"https:\/\/cardonaturisme.cat\/es\/#website"},"primaryImageOfPage":{"@id":"https:\/\/cardonaturisme.cat\/es\/cardona-participa-en-el-foro-inaugural-de-la-ruta-europea-del-patrimonio-de-la-sal\/#primaryimage"},"image":{"@id":"https:\/\/cardonaturisme.cat\/es\/cardona-participa-en-el-foro-inaugural-de-la-ruta-europea-del-patrimonio-de-la-sal\/#primaryimage"},"thumbnailUrl":"https:\/\/cardonaturisme.cat\/wp-content\/uploads\/2025\/06\/WhatsApp-Image-2025-06-13-at-10.06.08-2.jpeg","datePublished":"2025-06-20T08:45:43+00:00","dateModified":"2025-06-20T08:47:41+00:00","breadcrumb":{"@id":"https:\/\/cardonaturisme.cat\/es\/cardona-participa-en-el-foro-inaugural-de-la-ruta-europea-del-patrimonio-de-la-sal\/#breadcrumb"},"inLanguage":"es","potentialAction":[{"@type":"ReadAction","target":["https:\/\/cardonaturisme.cat\/es\/cardona-participa-en-el-foro-inaugural-de-la-ruta-europea-del-patrimonio-de-la-sal\/"]}]},{"@type":"ImageObject","inLanguage":"es","@id":"https:\/\/cardonaturisme.cat\/es\/cardona-participa-en-el-foro-inaugural-de-la-ruta-europea-del-patrimonio-de-la-sal\/#primaryimage","url":"https:\/\/cardonaturisme.cat\/wp-content\/uploads\/2025\/06\/WhatsApp-Image-2025-06-13-at-10.06.08-2.jpeg","contentUrl":"https:\/\/cardonaturisme.cat\/wp-content\/uploads\/2025\/06\/WhatsApp-Image-2025-06-13-at-10.06.08-2.jpeg","width":1600,"height":1066},{"@type":"BreadcrumbList","@id":"https:\/\/cardonaturisme.cat\/es\/cardona-participa-en-el-foro-inaugural-de-la-ruta-europea-del-patrimonio-de-la-sal\/#breadcrumb","itemListElement":[{"@type":"ListItem","position":1,"name":"Inici","item":"https:\/\/cardonaturisme.cat\/es\/"},{"@type":"ListItem","position":2,"name":"Cardona participa en el foro inaugural de la Ruta europea del patrimonio de la sal"}]},{"@type":"WebSite","@id":"https:\/\/cardonaturisme.cat\/es\/#website","url":"https:\/\/cardonaturisme.cat\/es\/","name":"Cardona Turisme","description":"La teva hist\u00f2ria","publisher":{"@id":"https:\/\/cardonaturisme.cat\/es\/#organization"},"potentialAction":[{"@type":"SearchAction","target":{"@type":"EntryPoint","urlTemplate":"https:\/\/cardonaturisme.cat\/es\/?s={search_term_string}"},"query-input":{"@type":"PropertyValueSpecification","valueRequired":true,"valueName":"search_term_string"}}],"inLanguage":"es"},{"@type":"Organization","@id":"https:\/\/cardonaturisme.cat\/es\/#organization","name":"Cardona Turisme","url":"https:\/\/cardonaturisme.cat\/es\/","logo":{"@type":"ImageObject","inLanguage":"es","@id":"https:\/\/cardonaturisme.cat\/es\/#\/schema\/logo\/image\/","url":"https:\/\/cardonaturisme.cat\/wp-content\/uploads\/2023\/10\/logo-vermell-cardonaturisme.svg","contentUrl":"https:\/\/cardonaturisme.cat\/wp-content\/uploads\/2023\/10\/logo-vermell-cardonaturisme.svg","caption":"Cardona Turisme"},"image":{"@id":"https:\/\/cardonaturisme.cat\/es\/#\/schema\/logo\/image\/"},"sameAs":["https:\/\/www.facebook.com\/p\/Fundaci-Cardona-Histrica-100063704192069\/","https:\/\/x.com\/cardonaturisme"]},{"@type":"Person","@id":"https:\/\/cardonaturisme.cat\/es\/#\/schema\/person\/a4ad9240e9eb6be86bca75b9b22d5dbe","name":"Oficina de Turisme","image":{"@type":"ImageObject","inLanguage":"es","@id":"https:\/\/secure.gravatar.com\/avatar\/44f4b38da71b7993f226c2e17c804b05b1a571c9a4a027ad8abbe755ff8eba78?s=96&d=mm&r=g","url":"https:\/\/secure.gravatar.com\/avatar\/44f4b38da71b7993f226c2e17c804b05b1a571c9a4a027ad8abbe755ff8eba78?s=96&d=mm&r=g","contentUrl":"https:\/\/secure.gravatar.com\/avatar\/44f4b38da71b7993f226c2e17c804b05b1a571c9a4a027ad8abbe755ff8eba78?s=96&d=mm&r=g","caption":"Oficina de Turisme"},"url":"https:\/\/cardonaturisme.cat\/es\/author\/admin-ot\/"}]}},"_links":{"self":[{"href":"https:\/\/cardonaturisme.cat\/es\/wp-json\/wp\/v2\/posts\/19583","targetHints":{"allow":["GET"]}}],"collection":[{"href":"https:\/\/cardonaturisme.cat\/es\/wp-json\/wp\/v2\/posts"}],"about":[{"href":"https:\/\/cardonaturisme.cat\/es\/wp-json\/wp\/v2\/types\/post"}],"author":[{"embeddable":true,"href":"https:\/\/cardonaturisme.cat\/es\/wp-json\/wp\/v2\/users\/100002"}],"replies":[{"embeddable":true,"href":"https:\/\/cardonaturisme.cat\/es\/wp-json\/wp\/v2\/comments?post=19583"}],"version-history":[{"count":1,"href":"https:\/\/cardonaturisme.cat\/es\/wp-json\/wp\/v2\/posts\/19583\/revisions"}],"predecessor-version":[{"id":19592,"href":"https:\/\/cardonaturisme.cat\/es\/wp-json\/wp\/v2\/posts\/19583\/revisions\/19592"}],"wp:featuredmedia":[{"embeddable":true,"href":"https:\/\/cardonaturisme.cat\/es\/wp-json\/wp\/v2\/media\/19581"}],"wp:attachment":[{"href":"https:\/\/cardonaturisme.cat\/es\/wp-json\/wp\/v2\/media?parent=19583"}],"wp:term":[{"taxonomy":"category","embeddable":true,"href":"https:\/\/cardonaturisme.cat\/es\/wp-json\/wp\/v2\/categories?post=19583"},{"taxonomy":"post_tag","embeddable":true,"href":"https:\/\/cardonaturisme.cat\/es\/wp-json\/wp\/v2\/tags?post=19583"}],"curies":[{"name":"wp","href":"https:\/\/api.w.org\/{rel}","templated":true}]}}