{"id":19531,"date":"2025-06-13T10:01:14","date_gmt":"2025-06-13T08:01:14","guid":{"rendered":"https:\/\/cardonaturisme.cat\/?p=19531"},"modified":"2025-06-16T17:01:52","modified_gmt":"2025-06-16T15:01:52","slug":"la-sal-de-cardona-nuevo-producto-singular-de-las-comarcas-de-barcelona","status":"publish","type":"post","link":"https:\/\/cardonaturisme.cat\/es\/la-sal-de-cardona-nuevo-producto-singular-de-las-comarcas-de-barcelona\/","title":{"rendered":"La sal de Cardona, nuevo \u00abproducto singular\u00bb de las comarcas de Barcelona"},"content":{"rendered":"\n<p><strong>La lista, que ha sido actualizada por un comit\u00e9 de expertos, incluye actualmente 54 variedades agroalimentarias<\/strong><\/p>\n\n\n\n<p>La Red Productos de la Tierra, impulsada por la Diputaci\u00f3n de Barcelona, \u200b\u200bha actualizado la lista de productos singulares de las comarcas de Barcelona, \u200b\u200bque son aquellos que poseen unas caracter\u00edsticas propias y excepcionales y est\u00e1n arraigados a un territorio concreto.<\/p>\n\n\n\n<p>La nueva lista, formada ahora por 54 variedades, incorpora seis novedades, una de ellas la sal de Cardona. Las otras son el aceite de variedad vera del Montserrat\u00ed (Anoia), la ciruela miravolant (Baix Llobregat), la cereza del Baix Llobregat, las habitas \u00abCampamar\u00bb (Vall\u00e8s Occidental) y la col de papelina del Vall\u00e8s Oriental.<\/p>\n\n\n\n<p>La lista ha sido revisada y actualizada por un comit\u00e9 de expertos en el sector agroalimentario y gastron\u00f3mico, formado por representantes del Servicio de Promoci\u00f3n y Calidad Agroalimentaria de la Generalidad de Catalu\u00f1a, Fundaci\u00f3n Alicia, Culinary Institute of Barcelona, \u200b\u200bGastronomic Forum Barcelona y Fundaci\u00f3n Miquel Agust\u00ed.<\/p>\n\n\n\n<p><strong>Sal de m\u00e1xima pureza<\/strong><\/p>\n\n\n\n<p>El origen de la sal de Cardona es un mar antiguo que ba\u00f1aba a la Catalunya Central y que se evapor\u00f3 hace 36 millones de a\u00f1os. Esta sal se ha explotado desde el Neol\u00edtico medio, con m\u00e1s de 6.500 a\u00f1os de explotaci\u00f3n, considerando una de las mejores del mundo debido a su mayor capacidad saladora y las virtudes medicinales atribuidas por la sabidur\u00eda popular.<\/p>\n\n\n\n<p>La sal extra\u00edda del yacimiento de Cardona est\u00e1 considerada de m\u00e1xima pureza (con el 99&#8217;97% de cloruro s\u00f3dico) y se obtiene de desmenuzar la roca extra\u00edda del coraz\u00f3n del diapiro del valle salina de Cardona, elemento Geol\u00f3gico de gran inter\u00e9s ubicado en el Geoparque Mundial UNESCO de la Catalu\u00f1a Central.<\/p>\n\n\n\n<p>La sal cardonina se suma a los otros productos singulares de la comarca como son el aceite del Bages de las variedades Corbella y verdal Manresa, los tomates de variedades antiguas del Bages, la col verde manresana, la jud\u00eda de Castellfollit del Boix y la berenjena blanca. Del Bergued\u00e0 se encuentran el guisante negro, el ma\u00edz escuadrado y la patata de monta\u00f1a de Peguera y G\u00f3sol. Tambi\u00e9n figuran la Col del Moian\u00e8s y productos del Llu\u00e7an\u00e8s como el trigo forment, la somalla y el garbanzo y el tomate verde de Orist\u00e0.<\/p>\n\n\n\n<p><strong>Caracter\u00edsticas \u00fanicas<\/strong><\/p>\n\n\n\n<p>Los productos singulares de la Red Productos de la Tierra son aquellos alimentos o elaboraciones de las comarcas de Barcelona que destacan por unas caracter\u00edsticas \u00fanicas, sea por sus propiedades o por el proceso de producci\u00f3n, y que mantienen un estrecho v\u00ednculo con el territorio donde se producen o se elaboran. En la selecci\u00f3n de los productos se da prioridad a aquellos que, pese a su valor, no cuentan todav\u00eda con un amplio reconocimiento o apoyo institucional, con el objetivo de reivindicarlos y reforzar su visibilidad.<\/p>\n","protected":false},"excerpt":{"rendered":"<p>La lista, que ha sido actualizada por un comit\u00e9 de expertos, incluye actualmente 54 variedades agroalimentarias La Red Productos de la Tierra, impulsada por la Diputaci\u00f3n de Barcelona, \u200b\u200bha actualizado la lista de productos singulares de las comarcas de Barcelona, \u200b\u200bque son aquellos que poseen unas caracter\u00edsticas propias y excepcionales y est\u00e1n arraigados a un [&hellip;]<\/p>\n","protected":false},"author":1,"featured_media":19527,"comment_status":"closed","ping_status":"closed","sticky":false,"template":"","format":"standard","meta":{"_acf_changed":false,"footnotes":""},"categories":[143],"tags":[],"class_list":["post-19531","post","type-post","status-publish","format-standard","has-post-thumbnail","hentry","category-noticias"],"acf":[],"yoast_head":"<!-- This site is optimized with the Yoast SEO plugin v27.4 - https:\/\/yoast.com\/product\/yoast-seo-wordpress\/ -->\n<title>La sal de Cardona, nuevo &quot;producto singular&quot; de las comarcas de Barcelona - Cardona Turisme<\/title>\n<meta name=\"robots\" content=\"index, follow, max-snippet:-1, max-image-preview:large, max-video-preview:-1\" \/>\n<link rel=\"canonical\" href=\"https:\/\/cardonaturisme.cat\/es\/la-sal-de-cardona-nuevo-producto-singular-de-las-comarcas-de-barcelona\/\" \/>\n<meta property=\"og:locale\" content=\"es_ES\" \/>\n<meta property=\"og:type\" content=\"article\" \/>\n<meta property=\"og:title\" content=\"La sal de Cardona, nuevo &quot;producto singular&quot; de las comarcas de Barcelona - Cardona Turisme\" \/>\n<meta property=\"og:description\" content=\"La lista, que ha sido actualizada por un comit\u00e9 de expertos, incluye actualmente 54 variedades agroalimentarias La Red Productos de la Tierra, impulsada por la Diputaci\u00f3n de Barcelona, \u200b\u200bha actualizado la lista de productos singulares de las comarcas de Barcelona, \u200b\u200bque son aquellos que poseen unas caracter\u00edsticas propias y excepcionales y est\u00e1n arraigados a un [&hellip;]\" \/>\n<meta property=\"og:url\" content=\"https:\/\/cardonaturisme.cat\/es\/la-sal-de-cardona-nuevo-producto-singular-de-las-comarcas-de-barcelona\/\" \/>\n<meta property=\"og:site_name\" content=\"Cardona Turisme\" \/>\n<meta property=\"article:publisher\" content=\"https:\/\/www.facebook.com\/p\/Fundaci-Cardona-Histrica-100063704192069\/\" \/>\n<meta property=\"article:published_time\" content=\"2025-06-13T08:01:14+00:00\" \/>\n<meta property=\"article:modified_time\" content=\"2025-06-16T15:01:52+00:00\" \/>\n<meta property=\"og:image\" content=\"https:\/\/cardonaturisme.cat\/wp-content\/uploads\/2025\/05\/JordiLlobet_SalCardona_2ph-scaled.jpg\" \/>\n\t<meta property=\"og:image:width\" content=\"2560\" \/>\n\t<meta property=\"og:image:height\" content=\"1707\" \/>\n\t<meta property=\"og:image:type\" content=\"image\/jpeg\" \/>\n<meta name=\"author\" content=\"66b29c1e90\" \/>\n<meta name=\"twitter:card\" content=\"summary_large_image\" \/>\n<meta name=\"twitter:creator\" content=\"@cardonaturisme\" \/>\n<meta name=\"twitter:site\" content=\"@cardonaturisme\" \/>\n<meta name=\"twitter:label1\" content=\"Escrito por\" \/>\n\t<meta name=\"twitter:data1\" content=\"66b29c1e90\" \/>\n\t<meta name=\"twitter:label2\" content=\"Tiempo de lectura\" \/>\n\t<meta name=\"twitter:data2\" content=\"3 minutos\" \/>\n<script type=\"application\/ld+json\" class=\"yoast-schema-graph\">{\"@context\":\"https:\\\/\\\/schema.org\",\"@graph\":[{\"@type\":\"Article\",\"@id\":\"https:\\\/\\\/cardonaturisme.cat\\\/es\\\/la-sal-de-cardona-nuevo-producto-singular-de-las-comarcas-de-barcelona\\\/#article\",\"isPartOf\":{\"@id\":\"https:\\\/\\\/cardonaturisme.cat\\\/es\\\/la-sal-de-cardona-nuevo-producto-singular-de-las-comarcas-de-barcelona\\\/\"},\"author\":{\"name\":\"66b29c1e90\",\"@id\":\"https:\\\/\\\/cardonaturisme.cat\\\/es\\\/#\\\/schema\\\/person\\\/cccbdde5ead58d9c50af1a3e0c8634b3\"},\"headline\":\"La sal de Cardona, nuevo \u00abproducto singular\u00bb de las comarcas de Barcelona\",\"datePublished\":\"2025-06-13T08:01:14+00:00\",\"dateModified\":\"2025-06-16T15:01:52+00:00\",\"mainEntityOfPage\":{\"@id\":\"https:\\\/\\\/cardonaturisme.cat\\\/es\\\/la-sal-de-cardona-nuevo-producto-singular-de-las-comarcas-de-barcelona\\\/\"},\"wordCount\":499,\"publisher\":{\"@id\":\"https:\\\/\\\/cardonaturisme.cat\\\/es\\\/#organization\"},\"image\":{\"@id\":\"https:\\\/\\\/cardonaturisme.cat\\\/es\\\/la-sal-de-cardona-nuevo-producto-singular-de-las-comarcas-de-barcelona\\\/#primaryimage\"},\"thumbnailUrl\":\"https:\\\/\\\/cardonaturisme.cat\\\/wp-content\\\/uploads\\\/2025\\\/05\\\/JordiLlobet_SalCardona_2ph-scaled.jpg\",\"articleSection\":[\"noticias\"],\"inLanguage\":\"es\"},{\"@type\":\"WebPage\",\"@id\":\"https:\\\/\\\/cardonaturisme.cat\\\/es\\\/la-sal-de-cardona-nuevo-producto-singular-de-las-comarcas-de-barcelona\\\/\",\"url\":\"https:\\\/\\\/cardonaturisme.cat\\\/es\\\/la-sal-de-cardona-nuevo-producto-singular-de-las-comarcas-de-barcelona\\\/\",\"name\":\"La sal de Cardona, nuevo \\\"producto singular\\\" de las comarcas de Barcelona - Cardona Turisme\",\"isPartOf\":{\"@id\":\"https:\\\/\\\/cardonaturisme.cat\\\/es\\\/#website\"},\"primaryImageOfPage\":{\"@id\":\"https:\\\/\\\/cardonaturisme.cat\\\/es\\\/la-sal-de-cardona-nuevo-producto-singular-de-las-comarcas-de-barcelona\\\/#primaryimage\"},\"image\":{\"@id\":\"https:\\\/\\\/cardonaturisme.cat\\\/es\\\/la-sal-de-cardona-nuevo-producto-singular-de-las-comarcas-de-barcelona\\\/#primaryimage\"},\"thumbnailUrl\":\"https:\\\/\\\/cardonaturisme.cat\\\/wp-content\\\/uploads\\\/2025\\\/05\\\/JordiLlobet_SalCardona_2ph-scaled.jpg\",\"datePublished\":\"2025-06-13T08:01:14+00:00\",\"dateModified\":\"2025-06-16T15:01:52+00:00\",\"breadcrumb\":{\"@id\":\"https:\\\/\\\/cardonaturisme.cat\\\/es\\\/la-sal-de-cardona-nuevo-producto-singular-de-las-comarcas-de-barcelona\\\/#breadcrumb\"},\"inLanguage\":\"es\",\"potentialAction\":[{\"@type\":\"ReadAction\",\"target\":[\"https:\\\/\\\/cardonaturisme.cat\\\/es\\\/la-sal-de-cardona-nuevo-producto-singular-de-las-comarcas-de-barcelona\\\/\"]}]},{\"@type\":\"ImageObject\",\"inLanguage\":\"es\",\"@id\":\"https:\\\/\\\/cardonaturisme.cat\\\/es\\\/la-sal-de-cardona-nuevo-producto-singular-de-las-comarcas-de-barcelona\\\/#primaryimage\",\"url\":\"https:\\\/\\\/cardonaturisme.cat\\\/wp-content\\\/uploads\\\/2025\\\/05\\\/JordiLlobet_SalCardona_2ph-scaled.jpg\",\"contentUrl\":\"https:\\\/\\\/cardonaturisme.cat\\\/wp-content\\\/uploads\\\/2025\\\/05\\\/JordiLlobet_SalCardona_2ph-scaled.jpg\",\"width\":2560,\"height\":1707},{\"@type\":\"BreadcrumbList\",\"@id\":\"https:\\\/\\\/cardonaturisme.cat\\\/es\\\/la-sal-de-cardona-nuevo-producto-singular-de-las-comarcas-de-barcelona\\\/#breadcrumb\",\"itemListElement\":[{\"@type\":\"ListItem\",\"position\":1,\"name\":\"Inici\",\"item\":\"https:\\\/\\\/cardonaturisme.cat\\\/es\\\/\"},{\"@type\":\"ListItem\",\"position\":2,\"name\":\"La sal de Cardona, nuevo &#8220;producto singular&#8221; de las comarcas de Barcelona\"}]},{\"@type\":\"WebSite\",\"@id\":\"https:\\\/\\\/cardonaturisme.cat\\\/es\\\/#website\",\"url\":\"https:\\\/\\\/cardonaturisme.cat\\\/es\\\/\",\"name\":\"Cardona Turisme\",\"description\":\"La teva hist\u00f2ria\",\"publisher\":{\"@id\":\"https:\\\/\\\/cardonaturisme.cat\\\/es\\\/#organization\"},\"potentialAction\":[{\"@type\":\"SearchAction\",\"target\":{\"@type\":\"EntryPoint\",\"urlTemplate\":\"https:\\\/\\\/cardonaturisme.cat\\\/es\\\/?s={search_term_string}\"},\"query-input\":{\"@type\":\"PropertyValueSpecification\",\"valueRequired\":true,\"valueName\":\"search_term_string\"}}],\"inLanguage\":\"es\"},{\"@type\":\"Organization\",\"@id\":\"https:\\\/\\\/cardonaturisme.cat\\\/es\\\/#organization\",\"name\":\"Cardona Turisme\",\"url\":\"https:\\\/\\\/cardonaturisme.cat\\\/es\\\/\",\"logo\":{\"@type\":\"ImageObject\",\"inLanguage\":\"es\",\"@id\":\"https:\\\/\\\/cardonaturisme.cat\\\/es\\\/#\\\/schema\\\/logo\\\/image\\\/\",\"url\":\"https:\\\/\\\/cardonaturisme.cat\\\/wp-content\\\/uploads\\\/2023\\\/10\\\/logo-vermell-cardonaturisme.svg\",\"contentUrl\":\"https:\\\/\\\/cardonaturisme.cat\\\/wp-content\\\/uploads\\\/2023\\\/10\\\/logo-vermell-cardonaturisme.svg\",\"caption\":\"Cardona Turisme\"},\"image\":{\"@id\":\"https:\\\/\\\/cardonaturisme.cat\\\/es\\\/#\\\/schema\\\/logo\\\/image\\\/\"},\"sameAs\":[\"https:\\\/\\\/www.facebook.com\\\/p\\\/Fundaci-Cardona-Histrica-100063704192069\\\/\",\"https:\\\/\\\/x.com\\\/cardonaturisme\"]},{\"@type\":\"Person\",\"@id\":\"https:\\\/\\\/cardonaturisme.cat\\\/es\\\/#\\\/schema\\\/person\\\/cccbdde5ead58d9c50af1a3e0c8634b3\",\"name\":\"66b29c1e90\",\"image\":{\"@type\":\"ImageObject\",\"inLanguage\":\"es\",\"@id\":\"https:\\\/\\\/secure.gravatar.com\\\/avatar\\\/490c3f62b8705f2f6aa5373dae5c4613410536eb1a5fde4117b67d013cd4db49?s=96&d=mm&r=g\",\"url\":\"https:\\\/\\\/secure.gravatar.com\\\/avatar\\\/490c3f62b8705f2f6aa5373dae5c4613410536eb1a5fde4117b67d013cd4db49?s=96&d=mm&r=g\",\"contentUrl\":\"https:\\\/\\\/secure.gravatar.com\\\/avatar\\\/490c3f62b8705f2f6aa5373dae5c4613410536eb1a5fde4117b67d013cd4db49?s=96&d=mm&r=g\",\"caption\":\"66b29c1e90\"},\"sameAs\":[\"https:\\\/\\\/cardonaturisme.cat\"],\"url\":\"https:\\\/\\\/cardonaturisme.cat\\\/es\\\/author\\\/66b29c1e90\\\/\"}]}<\/script>\n<!-- \/ Yoast SEO plugin. -->","yoast_head_json":{"title":"La sal de Cardona, nuevo \"producto singular\" de las comarcas de Barcelona - Cardona Turisme","robots":{"index":"index","follow":"follow","max-snippet":"max-snippet:-1","max-image-preview":"max-image-preview:large","max-video-preview":"max-video-preview:-1"},"canonical":"https:\/\/cardonaturisme.cat\/es\/la-sal-de-cardona-nuevo-producto-singular-de-las-comarcas-de-barcelona\/","og_locale":"es_ES","og_type":"article","og_title":"La sal de Cardona, nuevo \"producto singular\" de las comarcas de Barcelona - Cardona Turisme","og_description":"La lista, que ha sido actualizada por un comit\u00e9 de expertos, incluye actualmente 54 variedades agroalimentarias La Red Productos de la Tierra, impulsada por la Diputaci\u00f3n de Barcelona, \u200b\u200bha actualizado la lista de productos singulares de las comarcas de Barcelona, \u200b\u200bque son aquellos que poseen unas caracter\u00edsticas propias y excepcionales y est\u00e1n arraigados a un [&hellip;]","og_url":"https:\/\/cardonaturisme.cat\/es\/la-sal-de-cardona-nuevo-producto-singular-de-las-comarcas-de-barcelona\/","og_site_name":"Cardona Turisme","article_publisher":"https:\/\/www.facebook.com\/p\/Fundaci-Cardona-Histrica-100063704192069\/","article_published_time":"2025-06-13T08:01:14+00:00","article_modified_time":"2025-06-16T15:01:52+00:00","og_image":[{"width":2560,"height":1707,"url":"https:\/\/cardonaturisme.cat\/wp-content\/uploads\/2025\/05\/JordiLlobet_SalCardona_2ph-scaled.jpg","type":"image\/jpeg"}],"author":"66b29c1e90","twitter_card":"summary_large_image","twitter_creator":"@cardonaturisme","twitter_site":"@cardonaturisme","twitter_misc":{"Escrito por":"66b29c1e90","Tiempo de lectura":"3 minutos"},"schema":{"@context":"https:\/\/schema.org","@graph":[{"@type":"Article","@id":"https:\/\/cardonaturisme.cat\/es\/la-sal-de-cardona-nuevo-producto-singular-de-las-comarcas-de-barcelona\/#article","isPartOf":{"@id":"https:\/\/cardonaturisme.cat\/es\/la-sal-de-cardona-nuevo-producto-singular-de-las-comarcas-de-barcelona\/"},"author":{"name":"66b29c1e90","@id":"https:\/\/cardonaturisme.cat\/es\/#\/schema\/person\/cccbdde5ead58d9c50af1a3e0c8634b3"},"headline":"La sal de Cardona, nuevo \u00abproducto singular\u00bb de las comarcas de Barcelona","datePublished":"2025-06-13T08:01:14+00:00","dateModified":"2025-06-16T15:01:52+00:00","mainEntityOfPage":{"@id":"https:\/\/cardonaturisme.cat\/es\/la-sal-de-cardona-nuevo-producto-singular-de-las-comarcas-de-barcelona\/"},"wordCount":499,"publisher":{"@id":"https:\/\/cardonaturisme.cat\/es\/#organization"},"image":{"@id":"https:\/\/cardonaturisme.cat\/es\/la-sal-de-cardona-nuevo-producto-singular-de-las-comarcas-de-barcelona\/#primaryimage"},"thumbnailUrl":"https:\/\/cardonaturisme.cat\/wp-content\/uploads\/2025\/05\/JordiLlobet_SalCardona_2ph-scaled.jpg","articleSection":["noticias"],"inLanguage":"es"},{"@type":"WebPage","@id":"https:\/\/cardonaturisme.cat\/es\/la-sal-de-cardona-nuevo-producto-singular-de-las-comarcas-de-barcelona\/","url":"https:\/\/cardonaturisme.cat\/es\/la-sal-de-cardona-nuevo-producto-singular-de-las-comarcas-de-barcelona\/","name":"La sal de Cardona, nuevo \"producto singular\" de las comarcas de Barcelona - Cardona Turisme","isPartOf":{"@id":"https:\/\/cardonaturisme.cat\/es\/#website"},"primaryImageOfPage":{"@id":"https:\/\/cardonaturisme.cat\/es\/la-sal-de-cardona-nuevo-producto-singular-de-las-comarcas-de-barcelona\/#primaryimage"},"image":{"@id":"https:\/\/cardonaturisme.cat\/es\/la-sal-de-cardona-nuevo-producto-singular-de-las-comarcas-de-barcelona\/#primaryimage"},"thumbnailUrl":"https:\/\/cardonaturisme.cat\/wp-content\/uploads\/2025\/05\/JordiLlobet_SalCardona_2ph-scaled.jpg","datePublished":"2025-06-13T08:01:14+00:00","dateModified":"2025-06-16T15:01:52+00:00","breadcrumb":{"@id":"https:\/\/cardonaturisme.cat\/es\/la-sal-de-cardona-nuevo-producto-singular-de-las-comarcas-de-barcelona\/#breadcrumb"},"inLanguage":"es","potentialAction":[{"@type":"ReadAction","target":["https:\/\/cardonaturisme.cat\/es\/la-sal-de-cardona-nuevo-producto-singular-de-las-comarcas-de-barcelona\/"]}]},{"@type":"ImageObject","inLanguage":"es","@id":"https:\/\/cardonaturisme.cat\/es\/la-sal-de-cardona-nuevo-producto-singular-de-las-comarcas-de-barcelona\/#primaryimage","url":"https:\/\/cardonaturisme.cat\/wp-content\/uploads\/2025\/05\/JordiLlobet_SalCardona_2ph-scaled.jpg","contentUrl":"https:\/\/cardonaturisme.cat\/wp-content\/uploads\/2025\/05\/JordiLlobet_SalCardona_2ph-scaled.jpg","width":2560,"height":1707},{"@type":"BreadcrumbList","@id":"https:\/\/cardonaturisme.cat\/es\/la-sal-de-cardona-nuevo-producto-singular-de-las-comarcas-de-barcelona\/#breadcrumb","itemListElement":[{"@type":"ListItem","position":1,"name":"Inici","item":"https:\/\/cardonaturisme.cat\/es\/"},{"@type":"ListItem","position":2,"name":"La sal de Cardona, nuevo &#8220;producto singular&#8221; de las comarcas de Barcelona"}]},{"@type":"WebSite","@id":"https:\/\/cardonaturisme.cat\/es\/#website","url":"https:\/\/cardonaturisme.cat\/es\/","name":"Cardona Turisme","description":"La teva hist\u00f2ria","publisher":{"@id":"https:\/\/cardonaturisme.cat\/es\/#organization"},"potentialAction":[{"@type":"SearchAction","target":{"@type":"EntryPoint","urlTemplate":"https:\/\/cardonaturisme.cat\/es\/?s={search_term_string}"},"query-input":{"@type":"PropertyValueSpecification","valueRequired":true,"valueName":"search_term_string"}}],"inLanguage":"es"},{"@type":"Organization","@id":"https:\/\/cardonaturisme.cat\/es\/#organization","name":"Cardona Turisme","url":"https:\/\/cardonaturisme.cat\/es\/","logo":{"@type":"ImageObject","inLanguage":"es","@id":"https:\/\/cardonaturisme.cat\/es\/#\/schema\/logo\/image\/","url":"https:\/\/cardonaturisme.cat\/wp-content\/uploads\/2023\/10\/logo-vermell-cardonaturisme.svg","contentUrl":"https:\/\/cardonaturisme.cat\/wp-content\/uploads\/2023\/10\/logo-vermell-cardonaturisme.svg","caption":"Cardona Turisme"},"image":{"@id":"https:\/\/cardonaturisme.cat\/es\/#\/schema\/logo\/image\/"},"sameAs":["https:\/\/www.facebook.com\/p\/Fundaci-Cardona-Histrica-100063704192069\/","https:\/\/x.com\/cardonaturisme"]},{"@type":"Person","@id":"https:\/\/cardonaturisme.cat\/es\/#\/schema\/person\/cccbdde5ead58d9c50af1a3e0c8634b3","name":"66b29c1e90","image":{"@type":"ImageObject","inLanguage":"es","@id":"https:\/\/secure.gravatar.com\/avatar\/490c3f62b8705f2f6aa5373dae5c4613410536eb1a5fde4117b67d013cd4db49?s=96&d=mm&r=g","url":"https:\/\/secure.gravatar.com\/avatar\/490c3f62b8705f2f6aa5373dae5c4613410536eb1a5fde4117b67d013cd4db49?s=96&d=mm&r=g","contentUrl":"https:\/\/secure.gravatar.com\/avatar\/490c3f62b8705f2f6aa5373dae5c4613410536eb1a5fde4117b67d013cd4db49?s=96&d=mm&r=g","caption":"66b29c1e90"},"sameAs":["https:\/\/cardonaturisme.cat"],"url":"https:\/\/cardonaturisme.cat\/es\/author\/66b29c1e90\/"}]}},"_links":{"self":[{"href":"https:\/\/cardonaturisme.cat\/es\/wp-json\/wp\/v2\/posts\/19531","targetHints":{"allow":["GET"]}}],"collection":[{"href":"https:\/\/cardonaturisme.cat\/es\/wp-json\/wp\/v2\/posts"}],"about":[{"href":"https:\/\/cardonaturisme.cat\/es\/wp-json\/wp\/v2\/types\/post"}],"author":[{"embeddable":true,"href":"https:\/\/cardonaturisme.cat\/es\/wp-json\/wp\/v2\/users\/1"}],"replies":[{"embeddable":true,"href":"https:\/\/cardonaturisme.cat\/es\/wp-json\/wp\/v2\/comments?post=19531"}],"version-history":[{"count":1,"href":"https:\/\/cardonaturisme.cat\/es\/wp-json\/wp\/v2\/posts\/19531\/revisions"}],"predecessor-version":[{"id":19532,"href":"https:\/\/cardonaturisme.cat\/es\/wp-json\/wp\/v2\/posts\/19531\/revisions\/19532"}],"wp:featuredmedia":[{"embeddable":true,"href":"https:\/\/cardonaturisme.cat\/es\/wp-json\/wp\/v2\/media\/19527"}],"wp:attachment":[{"href":"https:\/\/cardonaturisme.cat\/es\/wp-json\/wp\/v2\/media?parent=19531"}],"wp:term":[{"taxonomy":"category","embeddable":true,"href":"https:\/\/cardonaturisme.cat\/es\/wp-json\/wp\/v2\/categories?post=19531"},{"taxonomy":"post_tag","embeddable":true,"href":"https:\/\/cardonaturisme.cat\/es\/wp-json\/wp\/v2\/tags?post=19531"}],"curies":[{"name":"wp","href":"https:\/\/api.w.org\/{rel}","templated":true}]}}