{"id":19336,"date":"2025-03-26T14:30:37","date_gmt":"2025-03-26T13:30:37","guid":{"rendered":"https:\/\/cardonaturisme.cat\/?p=19336"},"modified":"2025-03-26T14:33:49","modified_gmt":"2025-03-26T13:33:49","slug":"cardona-renueva-el-sello-biosphere-de-calidad-turistica","status":"publish","type":"post","link":"https:\/\/cardonaturisme.cat\/es\/cardona-renueva-el-sello-biosphere-de-calidad-turistica\/","title":{"rendered":"Cardona renueva el sello Biosphere de calidad tur\u00edstica"},"content":{"rendered":"\n<p><strong>Un total de 38 empresas y servicios tur\u00edsticos del Bages han recibido el distintivo por su calidad y sostenibilidad<\/strong><\/p>\n\n\n\n<figure class=\"wp-block-image size-large\"><img fetchpriority=\"high\" decoding=\"async\" width=\"1024\" height=\"683\" src=\"https:\/\/cardonaturisme.cat\/wp-content\/uploads\/2025\/03\/equip-biosphere-002-1024x683.jpg\" alt=\"\" class=\"wp-image-19328\" srcset=\"https:\/\/cardonaturisme.cat\/wp-content\/uploads\/2025\/03\/equip-biosphere-002-1024x683.jpg 1024w, https:\/\/cardonaturisme.cat\/wp-content\/uploads\/2025\/03\/equip-biosphere-002-300x200.jpg 300w, https:\/\/cardonaturisme.cat\/wp-content\/uploads\/2025\/03\/equip-biosphere-002-768x512.jpg 768w, https:\/\/cardonaturisme.cat\/wp-content\/uploads\/2025\/03\/equip-biosphere-002-1536x1024.jpg 1536w, https:\/\/cardonaturisme.cat\/wp-content\/uploads\/2025\/03\/equip-biosphere-002-2048x1365.jpg 2048w\" sizes=\"(max-width: 1024px) 100vw, 1024px\" \/><\/figure>\n\n\n\n<p>El Parque Cultural de la Monta\u00f1a de Sal y la Oficina de Turismo de Cardona, ambos gestionados por la Fundaci\u00f3n Cardona Hist\u00f3rica (FCH), han renovado el sello Biosphere por el trabajo realizado dentro del programa Compromiso para la Sostenibilidad Tur\u00edstica Comarcas Biosphere.<\/p>\n\n\n\n<p>\u00c9ste es un programa impulsado por la Diputaci\u00f3n de Barcelona con el apoyo de la C\u00e1mara de Barcelona para garantizar la calidad y sostenibilidad de los servicios tur\u00edsticos bas\u00e1ndose en los 17 Objetivos de Desarrollo Sostenible (ODS) de Naciones Unidas. El objetivo final es extender la cultura de la sostenibilidad tur\u00edstica en las empresas, servicios tur\u00edsticos y destinos de las comarcas de Barcelona.<\/p>\n\n\n\n<p>\u00abDesde Cardona apostamos por un turismo sostenible, diverso, de calidad, de mirada larga, que aporte riqueza a toda la cadena de valor del turismo y que contribuya a desarrollar socioecon\u00f3micamente el territorio\u00bb, afirma Francesc Ponsa, director general de la FCH.<\/p>\n\n\n\n<figure class=\"wp-block-image size-full\"><img decoding=\"async\" width=\"773\" height=\"435\" src=\"https:\/\/cardonaturisme.cat\/wp-content\/uploads\/2025\/03\/Bages_certificats_dintre.jpg\" alt=\"\" class=\"wp-image-19334\" srcset=\"https:\/\/cardonaturisme.cat\/wp-content\/uploads\/2025\/03\/Bages_certificats_dintre.jpg 773w, https:\/\/cardonaturisme.cat\/wp-content\/uploads\/2025\/03\/Bages_certificats_dintre-300x169.jpg 300w, https:\/\/cardonaturisme.cat\/wp-content\/uploads\/2025\/03\/Bages_certificats_dintre-768x432.jpg 768w\" sizes=\"(max-width: 773px) 100vw, 773px\" \/><\/figure>\n\n\n\n<p><strong>El Bages, comarca Biosphere<\/strong><\/p>\n\n\n\n<p>De las 38 empresas y servicios del Bages reconocidos, 3 obtienen el sello por primera vez, y 35 lo renuevan. La certificaci\u00f3n se entreg\u00f3 el pasado 19 de marzo, durante un acto en el Observatorio Astron\u00f3mico de Castelltallat, en Sant Mateu de Bages.<\/p>\n\n\n\n<p>Durante el acto, 65 empresas del Bages fueron acreditadas como Puntos de Informaci\u00f3n Tur\u00edstica (PIT) en la comarca, 10 de ellas por primera vez. El programa PIT, implementado por la Diputaci\u00f3n de Barcelona desde 2013, permite a las comarcas complementar el servicio de atenci\u00f3n al visitante y disponer en estos equipamientos de las herramientas para informar, orientar y acompa\u00f1ar al visitante durante su estancia.<\/p>\n\n\n\n<p>Esta acci\u00f3n de la Diputaci\u00f3n de Barcelona responde a los ODS n\u00famero 8 \u201cTrabajo digno y crecimiento econ\u00f3mico\u201d y n\u00famero 11 \u201cCiudades y comunidades sostenibles\u201d. Los 17 ODS fueron proclamados por la Asamblea General de Naciones Unidas el 25 de septiembre de 2015 y forman parte de la agenda global para 2030. La Diputaci\u00f3n de Barcelona asume su cumplimiento y despliega su acci\u00f3n de apoyo a los gobiernos locales de la provincia de acuerdo con estos ODS.<\/p>\n","protected":false},"excerpt":{"rendered":"<p>Un total de 38 empresas y servicios tur\u00edsticos del Bages han recibido el distintivo por su calidad y sostenibilidad El Parque Cultural de la Monta\u00f1a de Sal y la Oficina de Turismo de Cardona, ambos gestionados por la Fundaci\u00f3n Cardona Hist\u00f3rica (FCH), han renovado el sello Biosphere por el trabajo realizado dentro del programa Compromiso [&hellip;]<\/p>\n","protected":false},"author":1,"featured_media":19328,"comment_status":"closed","ping_status":"closed","sticky":false,"template":"","format":"standard","meta":{"_acf_changed":false,"footnotes":""},"categories":[143],"tags":[144],"class_list":["post-19336","post","type-post","status-publish","format-standard","has-post-thumbnail","hentry","category-noticias","tag-cardona-es"],"acf":[],"yoast_head":"<!-- This site is optimized with the Yoast SEO plugin v27.4 - https:\/\/yoast.com\/product\/yoast-seo-wordpress\/ -->\n<title>Cardona renueva el sello Biosphere de calidad tur\u00edstica - Cardona Turisme<\/title>\n<meta name=\"robots\" content=\"index, follow, max-snippet:-1, max-image-preview:large, max-video-preview:-1\" \/>\n<link rel=\"canonical\" href=\"https:\/\/cardonaturisme.cat\/es\/cardona-renueva-el-sello-biosphere-de-calidad-turistica\/\" \/>\n<meta property=\"og:locale\" content=\"es_ES\" \/>\n<meta property=\"og:type\" content=\"article\" \/>\n<meta property=\"og:title\" content=\"Cardona renueva el sello Biosphere de calidad tur\u00edstica - Cardona Turisme\" \/>\n<meta property=\"og:description\" content=\"Un total de 38 empresas y servicios tur\u00edsticos del Bages han recibido el distintivo por su calidad y sostenibilidad El Parque Cultural de la Monta\u00f1a de Sal y la Oficina de Turismo de Cardona, ambos gestionados por la Fundaci\u00f3n Cardona Hist\u00f3rica (FCH), han renovado el sello Biosphere por el trabajo realizado dentro del programa Compromiso [&hellip;]\" \/>\n<meta property=\"og:url\" content=\"https:\/\/cardonaturisme.cat\/es\/cardona-renueva-el-sello-biosphere-de-calidad-turistica\/\" \/>\n<meta property=\"og:site_name\" content=\"Cardona Turisme\" \/>\n<meta property=\"article:publisher\" content=\"https:\/\/www.facebook.com\/p\/Fundaci-Cardona-Histrica-100063704192069\/\" \/>\n<meta property=\"article:published_time\" content=\"2025-03-26T13:30:37+00:00\" \/>\n<meta property=\"article:modified_time\" content=\"2025-03-26T13:33:49+00:00\" \/>\n<meta property=\"og:image\" content=\"https:\/\/cardonaturisme.cat\/wp-content\/uploads\/2025\/03\/equip-biosphere-002-scaled.jpg\" \/>\n\t<meta property=\"og:image:width\" content=\"2560\" \/>\n\t<meta property=\"og:image:height\" content=\"1707\" \/>\n\t<meta property=\"og:image:type\" content=\"image\/jpeg\" \/>\n<meta name=\"author\" content=\"66b29c1e90\" \/>\n<meta name=\"twitter:card\" content=\"summary_large_image\" \/>\n<meta name=\"twitter:creator\" content=\"@cardonaturisme\" \/>\n<meta name=\"twitter:site\" content=\"@cardonaturisme\" \/>\n<meta name=\"twitter:label1\" content=\"Escrito por\" \/>\n\t<meta name=\"twitter:data1\" content=\"66b29c1e90\" \/>\n\t<meta name=\"twitter:label2\" content=\"Tiempo de lectura\" \/>\n\t<meta name=\"twitter:data2\" content=\"3 minutos\" \/>\n<script type=\"application\/ld+json\" class=\"yoast-schema-graph\">{\"@context\":\"https:\\\/\\\/schema.org\",\"@graph\":[{\"@type\":\"Article\",\"@id\":\"https:\\\/\\\/cardonaturisme.cat\\\/es\\\/cardona-renueva-el-sello-biosphere-de-calidad-turistica\\\/#article\",\"isPartOf\":{\"@id\":\"https:\\\/\\\/cardonaturisme.cat\\\/es\\\/cardona-renueva-el-sello-biosphere-de-calidad-turistica\\\/\"},\"author\":{\"name\":\"66b29c1e90\",\"@id\":\"https:\\\/\\\/cardonaturisme.cat\\\/es\\\/#\\\/schema\\\/person\\\/cccbdde5ead58d9c50af1a3e0c8634b3\"},\"headline\":\"Cardona renueva el sello Biosphere de calidad tur\u00edstica\",\"datePublished\":\"2025-03-26T13:30:37+00:00\",\"dateModified\":\"2025-03-26T13:33:49+00:00\",\"mainEntityOfPage\":{\"@id\":\"https:\\\/\\\/cardonaturisme.cat\\\/es\\\/cardona-renueva-el-sello-biosphere-de-calidad-turistica\\\/\"},\"wordCount\":372,\"publisher\":{\"@id\":\"https:\\\/\\\/cardonaturisme.cat\\\/es\\\/#organization\"},\"image\":{\"@id\":\"https:\\\/\\\/cardonaturisme.cat\\\/es\\\/cardona-renueva-el-sello-biosphere-de-calidad-turistica\\\/#primaryimage\"},\"thumbnailUrl\":\"https:\\\/\\\/cardonaturisme.cat\\\/wp-content\\\/uploads\\\/2025\\\/03\\\/equip-biosphere-002-scaled.jpg\",\"keywords\":[\"Cardona\"],\"articleSection\":[\"noticias\"],\"inLanguage\":\"es\"},{\"@type\":\"WebPage\",\"@id\":\"https:\\\/\\\/cardonaturisme.cat\\\/es\\\/cardona-renueva-el-sello-biosphere-de-calidad-turistica\\\/\",\"url\":\"https:\\\/\\\/cardonaturisme.cat\\\/es\\\/cardona-renueva-el-sello-biosphere-de-calidad-turistica\\\/\",\"name\":\"Cardona renueva el sello Biosphere de calidad tur\u00edstica - Cardona Turisme\",\"isPartOf\":{\"@id\":\"https:\\\/\\\/cardonaturisme.cat\\\/es\\\/#website\"},\"primaryImageOfPage\":{\"@id\":\"https:\\\/\\\/cardonaturisme.cat\\\/es\\\/cardona-renueva-el-sello-biosphere-de-calidad-turistica\\\/#primaryimage\"},\"image\":{\"@id\":\"https:\\\/\\\/cardonaturisme.cat\\\/es\\\/cardona-renueva-el-sello-biosphere-de-calidad-turistica\\\/#primaryimage\"},\"thumbnailUrl\":\"https:\\\/\\\/cardonaturisme.cat\\\/wp-content\\\/uploads\\\/2025\\\/03\\\/equip-biosphere-002-scaled.jpg\",\"datePublished\":\"2025-03-26T13:30:37+00:00\",\"dateModified\":\"2025-03-26T13:33:49+00:00\",\"breadcrumb\":{\"@id\":\"https:\\\/\\\/cardonaturisme.cat\\\/es\\\/cardona-renueva-el-sello-biosphere-de-calidad-turistica\\\/#breadcrumb\"},\"inLanguage\":\"es\",\"potentialAction\":[{\"@type\":\"ReadAction\",\"target\":[\"https:\\\/\\\/cardonaturisme.cat\\\/es\\\/cardona-renueva-el-sello-biosphere-de-calidad-turistica\\\/\"]}]},{\"@type\":\"ImageObject\",\"inLanguage\":\"es\",\"@id\":\"https:\\\/\\\/cardonaturisme.cat\\\/es\\\/cardona-renueva-el-sello-biosphere-de-calidad-turistica\\\/#primaryimage\",\"url\":\"https:\\\/\\\/cardonaturisme.cat\\\/wp-content\\\/uploads\\\/2025\\\/03\\\/equip-biosphere-002-scaled.jpg\",\"contentUrl\":\"https:\\\/\\\/cardonaturisme.cat\\\/wp-content\\\/uploads\\\/2025\\\/03\\\/equip-biosphere-002-scaled.jpg\",\"width\":2560,\"height\":1707},{\"@type\":\"BreadcrumbList\",\"@id\":\"https:\\\/\\\/cardonaturisme.cat\\\/es\\\/cardona-renueva-el-sello-biosphere-de-calidad-turistica\\\/#breadcrumb\",\"itemListElement\":[{\"@type\":\"ListItem\",\"position\":1,\"name\":\"Inici\",\"item\":\"https:\\\/\\\/cardonaturisme.cat\\\/es\\\/\"},{\"@type\":\"ListItem\",\"position\":2,\"name\":\"Cardona renueva el sello Biosphere de calidad tur\u00edstica\"}]},{\"@type\":\"WebSite\",\"@id\":\"https:\\\/\\\/cardonaturisme.cat\\\/es\\\/#website\",\"url\":\"https:\\\/\\\/cardonaturisme.cat\\\/es\\\/\",\"name\":\"Cardona Turisme\",\"description\":\"La teva hist\u00f2ria\",\"publisher\":{\"@id\":\"https:\\\/\\\/cardonaturisme.cat\\\/es\\\/#organization\"},\"potentialAction\":[{\"@type\":\"SearchAction\",\"target\":{\"@type\":\"EntryPoint\",\"urlTemplate\":\"https:\\\/\\\/cardonaturisme.cat\\\/es\\\/?s={search_term_string}\"},\"query-input\":{\"@type\":\"PropertyValueSpecification\",\"valueRequired\":true,\"valueName\":\"search_term_string\"}}],\"inLanguage\":\"es\"},{\"@type\":\"Organization\",\"@id\":\"https:\\\/\\\/cardonaturisme.cat\\\/es\\\/#organization\",\"name\":\"Cardona Turisme\",\"url\":\"https:\\\/\\\/cardonaturisme.cat\\\/es\\\/\",\"logo\":{\"@type\":\"ImageObject\",\"inLanguage\":\"es\",\"@id\":\"https:\\\/\\\/cardonaturisme.cat\\\/es\\\/#\\\/schema\\\/logo\\\/image\\\/\",\"url\":\"https:\\\/\\\/cardonaturisme.cat\\\/wp-content\\\/uploads\\\/2023\\\/10\\\/logo-vermell-cardonaturisme.svg\",\"contentUrl\":\"https:\\\/\\\/cardonaturisme.cat\\\/wp-content\\\/uploads\\\/2023\\\/10\\\/logo-vermell-cardonaturisme.svg\",\"caption\":\"Cardona Turisme\"},\"image\":{\"@id\":\"https:\\\/\\\/cardonaturisme.cat\\\/es\\\/#\\\/schema\\\/logo\\\/image\\\/\"},\"sameAs\":[\"https:\\\/\\\/www.facebook.com\\\/p\\\/Fundaci-Cardona-Histrica-100063704192069\\\/\",\"https:\\\/\\\/x.com\\\/cardonaturisme\"]},{\"@type\":\"Person\",\"@id\":\"https:\\\/\\\/cardonaturisme.cat\\\/es\\\/#\\\/schema\\\/person\\\/cccbdde5ead58d9c50af1a3e0c8634b3\",\"name\":\"66b29c1e90\",\"image\":{\"@type\":\"ImageObject\",\"inLanguage\":\"es\",\"@id\":\"https:\\\/\\\/secure.gravatar.com\\\/avatar\\\/490c3f62b8705f2f6aa5373dae5c4613410536eb1a5fde4117b67d013cd4db49?s=96&d=mm&r=g\",\"url\":\"https:\\\/\\\/secure.gravatar.com\\\/avatar\\\/490c3f62b8705f2f6aa5373dae5c4613410536eb1a5fde4117b67d013cd4db49?s=96&d=mm&r=g\",\"contentUrl\":\"https:\\\/\\\/secure.gravatar.com\\\/avatar\\\/490c3f62b8705f2f6aa5373dae5c4613410536eb1a5fde4117b67d013cd4db49?s=96&d=mm&r=g\",\"caption\":\"66b29c1e90\"},\"sameAs\":[\"https:\\\/\\\/cardonaturisme.cat\"],\"url\":\"https:\\\/\\\/cardonaturisme.cat\\\/es\\\/author\\\/66b29c1e90\\\/\"}]}<\/script>\n<!-- \/ Yoast SEO plugin. -->","yoast_head_json":{"title":"Cardona renueva el sello Biosphere de calidad tur\u00edstica - Cardona Turisme","robots":{"index":"index","follow":"follow","max-snippet":"max-snippet:-1","max-image-preview":"max-image-preview:large","max-video-preview":"max-video-preview:-1"},"canonical":"https:\/\/cardonaturisme.cat\/es\/cardona-renueva-el-sello-biosphere-de-calidad-turistica\/","og_locale":"es_ES","og_type":"article","og_title":"Cardona renueva el sello Biosphere de calidad tur\u00edstica - Cardona Turisme","og_description":"Un total de 38 empresas y servicios tur\u00edsticos del Bages han recibido el distintivo por su calidad y sostenibilidad El Parque Cultural de la Monta\u00f1a de Sal y la Oficina de Turismo de Cardona, ambos gestionados por la Fundaci\u00f3n Cardona Hist\u00f3rica (FCH), han renovado el sello Biosphere por el trabajo realizado dentro del programa Compromiso [&hellip;]","og_url":"https:\/\/cardonaturisme.cat\/es\/cardona-renueva-el-sello-biosphere-de-calidad-turistica\/","og_site_name":"Cardona Turisme","article_publisher":"https:\/\/www.facebook.com\/p\/Fundaci-Cardona-Histrica-100063704192069\/","article_published_time":"2025-03-26T13:30:37+00:00","article_modified_time":"2025-03-26T13:33:49+00:00","og_image":[{"width":2560,"height":1707,"url":"https:\/\/cardonaturisme.cat\/wp-content\/uploads\/2025\/03\/equip-biosphere-002-scaled.jpg","type":"image\/jpeg"}],"author":"66b29c1e90","twitter_card":"summary_large_image","twitter_creator":"@cardonaturisme","twitter_site":"@cardonaturisme","twitter_misc":{"Escrito por":"66b29c1e90","Tiempo de lectura":"3 minutos"},"schema":{"@context":"https:\/\/schema.org","@graph":[{"@type":"Article","@id":"https:\/\/cardonaturisme.cat\/es\/cardona-renueva-el-sello-biosphere-de-calidad-turistica\/#article","isPartOf":{"@id":"https:\/\/cardonaturisme.cat\/es\/cardona-renueva-el-sello-biosphere-de-calidad-turistica\/"},"author":{"name":"66b29c1e90","@id":"https:\/\/cardonaturisme.cat\/es\/#\/schema\/person\/cccbdde5ead58d9c50af1a3e0c8634b3"},"headline":"Cardona renueva el sello Biosphere de calidad tur\u00edstica","datePublished":"2025-03-26T13:30:37+00:00","dateModified":"2025-03-26T13:33:49+00:00","mainEntityOfPage":{"@id":"https:\/\/cardonaturisme.cat\/es\/cardona-renueva-el-sello-biosphere-de-calidad-turistica\/"},"wordCount":372,"publisher":{"@id":"https:\/\/cardonaturisme.cat\/es\/#organization"},"image":{"@id":"https:\/\/cardonaturisme.cat\/es\/cardona-renueva-el-sello-biosphere-de-calidad-turistica\/#primaryimage"},"thumbnailUrl":"https:\/\/cardonaturisme.cat\/wp-content\/uploads\/2025\/03\/equip-biosphere-002-scaled.jpg","keywords":["Cardona"],"articleSection":["noticias"],"inLanguage":"es"},{"@type":"WebPage","@id":"https:\/\/cardonaturisme.cat\/es\/cardona-renueva-el-sello-biosphere-de-calidad-turistica\/","url":"https:\/\/cardonaturisme.cat\/es\/cardona-renueva-el-sello-biosphere-de-calidad-turistica\/","name":"Cardona renueva el sello Biosphere de calidad tur\u00edstica - Cardona Turisme","isPartOf":{"@id":"https:\/\/cardonaturisme.cat\/es\/#website"},"primaryImageOfPage":{"@id":"https:\/\/cardonaturisme.cat\/es\/cardona-renueva-el-sello-biosphere-de-calidad-turistica\/#primaryimage"},"image":{"@id":"https:\/\/cardonaturisme.cat\/es\/cardona-renueva-el-sello-biosphere-de-calidad-turistica\/#primaryimage"},"thumbnailUrl":"https:\/\/cardonaturisme.cat\/wp-content\/uploads\/2025\/03\/equip-biosphere-002-scaled.jpg","datePublished":"2025-03-26T13:30:37+00:00","dateModified":"2025-03-26T13:33:49+00:00","breadcrumb":{"@id":"https:\/\/cardonaturisme.cat\/es\/cardona-renueva-el-sello-biosphere-de-calidad-turistica\/#breadcrumb"},"inLanguage":"es","potentialAction":[{"@type":"ReadAction","target":["https:\/\/cardonaturisme.cat\/es\/cardona-renueva-el-sello-biosphere-de-calidad-turistica\/"]}]},{"@type":"ImageObject","inLanguage":"es","@id":"https:\/\/cardonaturisme.cat\/es\/cardona-renueva-el-sello-biosphere-de-calidad-turistica\/#primaryimage","url":"https:\/\/cardonaturisme.cat\/wp-content\/uploads\/2025\/03\/equip-biosphere-002-scaled.jpg","contentUrl":"https:\/\/cardonaturisme.cat\/wp-content\/uploads\/2025\/03\/equip-biosphere-002-scaled.jpg","width":2560,"height":1707},{"@type":"BreadcrumbList","@id":"https:\/\/cardonaturisme.cat\/es\/cardona-renueva-el-sello-biosphere-de-calidad-turistica\/#breadcrumb","itemListElement":[{"@type":"ListItem","position":1,"name":"Inici","item":"https:\/\/cardonaturisme.cat\/es\/"},{"@type":"ListItem","position":2,"name":"Cardona renueva el sello Biosphere de calidad tur\u00edstica"}]},{"@type":"WebSite","@id":"https:\/\/cardonaturisme.cat\/es\/#website","url":"https:\/\/cardonaturisme.cat\/es\/","name":"Cardona Turisme","description":"La teva hist\u00f2ria","publisher":{"@id":"https:\/\/cardonaturisme.cat\/es\/#organization"},"potentialAction":[{"@type":"SearchAction","target":{"@type":"EntryPoint","urlTemplate":"https:\/\/cardonaturisme.cat\/es\/?s={search_term_string}"},"query-input":{"@type":"PropertyValueSpecification","valueRequired":true,"valueName":"search_term_string"}}],"inLanguage":"es"},{"@type":"Organization","@id":"https:\/\/cardonaturisme.cat\/es\/#organization","name":"Cardona Turisme","url":"https:\/\/cardonaturisme.cat\/es\/","logo":{"@type":"ImageObject","inLanguage":"es","@id":"https:\/\/cardonaturisme.cat\/es\/#\/schema\/logo\/image\/","url":"https:\/\/cardonaturisme.cat\/wp-content\/uploads\/2023\/10\/logo-vermell-cardonaturisme.svg","contentUrl":"https:\/\/cardonaturisme.cat\/wp-content\/uploads\/2023\/10\/logo-vermell-cardonaturisme.svg","caption":"Cardona Turisme"},"image":{"@id":"https:\/\/cardonaturisme.cat\/es\/#\/schema\/logo\/image\/"},"sameAs":["https:\/\/www.facebook.com\/p\/Fundaci-Cardona-Histrica-100063704192069\/","https:\/\/x.com\/cardonaturisme"]},{"@type":"Person","@id":"https:\/\/cardonaturisme.cat\/es\/#\/schema\/person\/cccbdde5ead58d9c50af1a3e0c8634b3","name":"66b29c1e90","image":{"@type":"ImageObject","inLanguage":"es","@id":"https:\/\/secure.gravatar.com\/avatar\/490c3f62b8705f2f6aa5373dae5c4613410536eb1a5fde4117b67d013cd4db49?s=96&d=mm&r=g","url":"https:\/\/secure.gravatar.com\/avatar\/490c3f62b8705f2f6aa5373dae5c4613410536eb1a5fde4117b67d013cd4db49?s=96&d=mm&r=g","contentUrl":"https:\/\/secure.gravatar.com\/avatar\/490c3f62b8705f2f6aa5373dae5c4613410536eb1a5fde4117b67d013cd4db49?s=96&d=mm&r=g","caption":"66b29c1e90"},"sameAs":["https:\/\/cardonaturisme.cat"],"url":"https:\/\/cardonaturisme.cat\/es\/author\/66b29c1e90\/"}]}},"_links":{"self":[{"href":"https:\/\/cardonaturisme.cat\/es\/wp-json\/wp\/v2\/posts\/19336","targetHints":{"allow":["GET"]}}],"collection":[{"href":"https:\/\/cardonaturisme.cat\/es\/wp-json\/wp\/v2\/posts"}],"about":[{"href":"https:\/\/cardonaturisme.cat\/es\/wp-json\/wp\/v2\/types\/post"}],"author":[{"embeddable":true,"href":"https:\/\/cardonaturisme.cat\/es\/wp-json\/wp\/v2\/users\/1"}],"replies":[{"embeddable":true,"href":"https:\/\/cardonaturisme.cat\/es\/wp-json\/wp\/v2\/comments?post=19336"}],"version-history":[{"count":1,"href":"https:\/\/cardonaturisme.cat\/es\/wp-json\/wp\/v2\/posts\/19336\/revisions"}],"predecessor-version":[{"id":19337,"href":"https:\/\/cardonaturisme.cat\/es\/wp-json\/wp\/v2\/posts\/19336\/revisions\/19337"}],"wp:featuredmedia":[{"embeddable":true,"href":"https:\/\/cardonaturisme.cat\/es\/wp-json\/wp\/v2\/media\/19328"}],"wp:attachment":[{"href":"https:\/\/cardonaturisme.cat\/es\/wp-json\/wp\/v2\/media?parent=19336"}],"wp:term":[{"taxonomy":"category","embeddable":true,"href":"https:\/\/cardonaturisme.cat\/es\/wp-json\/wp\/v2\/categories?post=19336"},{"taxonomy":"post_tag","embeddable":true,"href":"https:\/\/cardonaturisme.cat\/es\/wp-json\/wp\/v2\/tags?post=19336"}],"curies":[{"name":"wp","href":"https:\/\/api.w.org\/{rel}","templated":true}]}}