{"id":19231,"date":"2025-03-25T08:57:00","date_gmt":"2025-03-25T07:57:00","guid":{"rendered":"https:\/\/cardonaturisme.cat\/?p=19231"},"modified":"2025-03-25T09:35:47","modified_gmt":"2025-03-25T08:35:47","slug":"la-montana-de-sal-de-cardona-recibe-el-apoyo-de-la-fundacion-la-caixa-a-traves-de-caixabank-para-adquirir-un-tamizador","status":"publish","type":"post","link":"https:\/\/cardonaturisme.cat\/es\/la-montana-de-sal-de-cardona-recibe-el-apoyo-de-la-fundacion-la-caixa-a-traves-de-caixabank-para-adquirir-un-tamizador\/","title":{"rendered":"La Monta\u00f1a de Sal de Cardona recibe el apoyo de la Fundaci\u00f3n \u201dla Caixa\u201d, a trav\u00e9s de CaixaBank, para adquirir un tamizador"},"content":{"rendered":"\n<figure class=\"wp-block-image size-large\"><img fetchpriority=\"high\" decoding=\"async\" width=\"1024\" height=\"768\" src=\"https:\/\/cardonaturisme.cat\/wp-content\/uploads\/2025\/03\/Sal-de-Cardona-1-1024x768.jpg\" alt=\"\" class=\"wp-image-19229\" srcset=\"https:\/\/cardonaturisme.cat\/wp-content\/uploads\/2025\/03\/Sal-de-Cardona-1-1024x768.jpg 1024w, https:\/\/cardonaturisme.cat\/wp-content\/uploads\/2025\/03\/Sal-de-Cardona-1-300x225.jpg 300w, https:\/\/cardonaturisme.cat\/wp-content\/uploads\/2025\/03\/Sal-de-Cardona-1-768x576.jpg 768w, https:\/\/cardonaturisme.cat\/wp-content\/uploads\/2025\/03\/Sal-de-Cardona-1.jpg 1504w\" sizes=\"(max-width: 1024px) 100vw, 1024px\" \/><\/figure>\n\n\n\n<p>La Fundaci\u00f3n Cardona Hist\u00f3rica (FCH), entidad que gestiona el Parque Cultural de la Monta\u00f1a de Sal y comercializa la <a href=\"https:\/\/www.saldecardona.cat\/\">Sal de Cardona<\/a>, ha recibido una aportaci\u00f3n de 3.600 euros para contribuir a la financiaci\u00f3n de un tamizador vibratorio para obtener distintos tipos de sal.<\/p>\n\n\n\n<p>Este aparato proporciona varios granulados y, de esta forma, posibilita la creaci\u00f3n de nuevos formatos y productos e impulsar la comercializaci\u00f3n de la sal.<\/p>\n\n\n\n<p>El director de Banca de Instituciones de CaixaBank en L\u00e9rida, <strong>V\u00edctor Mart\u00ednez<\/strong>, y el director de la oficina de CaixaBank en Cardona, <strong>Jaume Gramunt<\/strong>, se han reunido con el director general de la FCH, <strong>Francesc Ponsa<\/strong>, para conocer de primera mano el proyecto de la Sal de Cardona y formalizar la colaboraci\u00f3n.<\/p>\n\n\n\n<p><strong>Pura, cristalina y con valor a\u00f1adido<\/strong><\/p>\n\n\n\n<p>El origen de la sal de Cardona se debe a la evaporaci\u00f3n de un mar interior hace unos 36 millones de a\u00f1os. Desde tiempos inmemoriales, ha gozado de fama y renombre debido a su mayor capacidad saladora y a las virtudes medicinales atribuidas por la sabidur\u00eda popular.<\/p>\n\n\n\n<p>La sal extra\u00edda del yacimiento de Cardona es de m\u00e1xima pureza (con el 99,97% de cloruro s\u00f3dico). Se obtiene de desmenuzar la roca extra\u00edda del coraz\u00f3n del diapiro del valle salina de Cardona.<\/p>\n\n\n\n<p>Tambi\u00e9n tiene el valor a\u00f1adido de contribuir al mantenimiento, conservaci\u00f3n y divulgaci\u00f3n del patrimonio natural, hist\u00f3rico, monumental e industrial de Cardona. La FCH reinvierte los beneficios de la venta de la sal en la conservaci\u00f3n de su patrimonio y, adem\u00e1s, contribuye a la<a href=\"https:\/\/cardonaturisme.cat\/acord-amb-lamisol-per-elaborar-molinets-de-sal-de-cardona\/\"> adquisici\u00f3n de h\u00e1bitos de autonom\u00eda personal y social a las personas usuarias del Servicio de Terapia Ocupacional de AMISOL<\/a>, que son los encargados de envasar y etiquetar la Sal de Cardona.<\/p>\n\n\n\n<p>La FCH es una entidad sin \u00e1nimo de lucro que trabaja por la difusi\u00f3n del conocimiento, la valorizaci\u00f3n social, la conservaci\u00f3n, la rehabilitaci\u00f3n y la gesti\u00f3n del patrimonio cultural, tur\u00edstico y monumental, art\u00edstico, natural, paisaj\u00edstico y documental de Cardona.<\/p>\n\n\n\n<p><\/p>\n","protected":false},"excerpt":{"rendered":"<p>La Fundaci\u00f3n Cardona Hist\u00f3rica (FCH), entidad que gestiona el Parque Cultural de la Monta\u00f1a de Sal y comercializa la Sal de Cardona, ha recibido una aportaci\u00f3n de 3.600 euros para contribuir a la financiaci\u00f3n de un tamizador vibratorio para obtener distintos tipos de sal. Este aparato proporciona varios granulados y, de esta forma, posibilita la [&hellip;]<\/p>\n","protected":false},"author":1,"featured_media":19229,"comment_status":"closed","ping_status":"closed","sticky":false,"template":"","format":"standard","meta":{"_acf_changed":false,"footnotes":""},"categories":[143],"tags":[],"class_list":["post-19231","post","type-post","status-publish","format-standard","has-post-thumbnail","hentry","category-noticias"],"acf":[],"yoast_head":"<!-- This site is optimized with the Yoast SEO plugin v27.4 - https:\/\/yoast.com\/product\/yoast-seo-wordpress\/ -->\n<title>La Monta\u00f1a de Sal de Cardona recibe el apoyo de la Fundaci\u00f3n \u201dla Caixa\u201d, a trav\u00e9s de CaixaBank, para adquirir un tamizador - Cardona Turisme<\/title>\n<meta name=\"robots\" content=\"index, follow, max-snippet:-1, max-image-preview:large, max-video-preview:-1\" \/>\n<link rel=\"canonical\" href=\"https:\/\/cardonaturisme.cat\/es\/la-montana-de-sal-de-cardona-recibe-el-apoyo-de-la-fundacion-la-caixa-a-traves-de-caixabank-para-adquirir-un-tamizador\/\" \/>\n<meta property=\"og:locale\" content=\"es_ES\" \/>\n<meta property=\"og:type\" content=\"article\" \/>\n<meta property=\"og:title\" content=\"La Monta\u00f1a de Sal de Cardona recibe el apoyo de la Fundaci\u00f3n \u201dla Caixa\u201d, a trav\u00e9s de CaixaBank, para adquirir un tamizador - Cardona Turisme\" \/>\n<meta property=\"og:description\" content=\"La Fundaci\u00f3n Cardona Hist\u00f3rica (FCH), entidad que gestiona el Parque Cultural de la Monta\u00f1a de Sal y comercializa la Sal de Cardona, ha recibido una aportaci\u00f3n de 3.600 euros para contribuir a la financiaci\u00f3n de un tamizador vibratorio para obtener distintos tipos de sal. Este aparato proporciona varios granulados y, de esta forma, posibilita la [&hellip;]\" \/>\n<meta property=\"og:url\" content=\"https:\/\/cardonaturisme.cat\/es\/la-montana-de-sal-de-cardona-recibe-el-apoyo-de-la-fundacion-la-caixa-a-traves-de-caixabank-para-adquirir-un-tamizador\/\" \/>\n<meta property=\"og:site_name\" content=\"Cardona Turisme\" \/>\n<meta property=\"article:publisher\" content=\"https:\/\/www.facebook.com\/p\/Fundaci-Cardona-Histrica-100063704192069\/\" \/>\n<meta property=\"article:published_time\" content=\"2025-03-25T07:57:00+00:00\" \/>\n<meta property=\"article:modified_time\" content=\"2025-03-25T08:35:47+00:00\" \/>\n<meta property=\"og:image\" content=\"https:\/\/cardonaturisme.cat\/wp-content\/uploads\/2025\/03\/Sal-de-Cardona-1.jpg\" \/>\n\t<meta property=\"og:image:width\" content=\"1504\" \/>\n\t<meta property=\"og:image:height\" content=\"1128\" \/>\n\t<meta property=\"og:image:type\" content=\"image\/jpeg\" \/>\n<meta name=\"author\" content=\"66b29c1e90\" \/>\n<meta name=\"twitter:card\" content=\"summary_large_image\" \/>\n<meta name=\"twitter:creator\" content=\"@cardonaturisme\" \/>\n<meta name=\"twitter:site\" content=\"@cardonaturisme\" \/>\n<meta name=\"twitter:label1\" content=\"Escrito por\" \/>\n\t<meta name=\"twitter:data1\" content=\"66b29c1e90\" \/>\n\t<meta name=\"twitter:label2\" content=\"Tiempo de lectura\" \/>\n\t<meta name=\"twitter:data2\" content=\"2 minutos\" \/>\n<script type=\"application\/ld+json\" class=\"yoast-schema-graph\">{\"@context\":\"https:\\\/\\\/schema.org\",\"@graph\":[{\"@type\":\"Article\",\"@id\":\"https:\\\/\\\/cardonaturisme.cat\\\/es\\\/la-montana-de-sal-de-cardona-recibe-el-apoyo-de-la-fundacion-la-caixa-a-traves-de-caixabank-para-adquirir-un-tamizador\\\/#article\",\"isPartOf\":{\"@id\":\"https:\\\/\\\/cardonaturisme.cat\\\/es\\\/la-montana-de-sal-de-cardona-recibe-el-apoyo-de-la-fundacion-la-caixa-a-traves-de-caixabank-para-adquirir-un-tamizador\\\/\"},\"author\":{\"name\":\"66b29c1e90\",\"@id\":\"https:\\\/\\\/cardonaturisme.cat\\\/es\\\/#\\\/schema\\\/person\\\/cccbdde5ead58d9c50af1a3e0c8634b3\"},\"headline\":\"La Monta\u00f1a de Sal de Cardona recibe el apoyo de la Fundaci\u00f3n \u201dla Caixa\u201d, a trav\u00e9s de CaixaBank, para adquirir un tamizador\",\"datePublished\":\"2025-03-25T07:57:00+00:00\",\"dateModified\":\"2025-03-25T08:35:47+00:00\",\"mainEntityOfPage\":{\"@id\":\"https:\\\/\\\/cardonaturisme.cat\\\/es\\\/la-montana-de-sal-de-cardona-recibe-el-apoyo-de-la-fundacion-la-caixa-a-traves-de-caixabank-para-adquirir-un-tamizador\\\/\"},\"wordCount\":379,\"publisher\":{\"@id\":\"https:\\\/\\\/cardonaturisme.cat\\\/es\\\/#organization\"},\"image\":{\"@id\":\"https:\\\/\\\/cardonaturisme.cat\\\/es\\\/la-montana-de-sal-de-cardona-recibe-el-apoyo-de-la-fundacion-la-caixa-a-traves-de-caixabank-para-adquirir-un-tamizador\\\/#primaryimage\"},\"thumbnailUrl\":\"https:\\\/\\\/cardonaturisme.cat\\\/wp-content\\\/uploads\\\/2025\\\/03\\\/Sal-de-Cardona-1.jpg\",\"articleSection\":[\"noticias\"],\"inLanguage\":\"es\"},{\"@type\":\"WebPage\",\"@id\":\"https:\\\/\\\/cardonaturisme.cat\\\/es\\\/la-montana-de-sal-de-cardona-recibe-el-apoyo-de-la-fundacion-la-caixa-a-traves-de-caixabank-para-adquirir-un-tamizador\\\/\",\"url\":\"https:\\\/\\\/cardonaturisme.cat\\\/es\\\/la-montana-de-sal-de-cardona-recibe-el-apoyo-de-la-fundacion-la-caixa-a-traves-de-caixabank-para-adquirir-un-tamizador\\\/\",\"name\":\"La Monta\u00f1a de Sal de Cardona recibe el apoyo de la Fundaci\u00f3n \u201dla Caixa\u201d, a trav\u00e9s de CaixaBank, para adquirir un tamizador - Cardona Turisme\",\"isPartOf\":{\"@id\":\"https:\\\/\\\/cardonaturisme.cat\\\/es\\\/#website\"},\"primaryImageOfPage\":{\"@id\":\"https:\\\/\\\/cardonaturisme.cat\\\/es\\\/la-montana-de-sal-de-cardona-recibe-el-apoyo-de-la-fundacion-la-caixa-a-traves-de-caixabank-para-adquirir-un-tamizador\\\/#primaryimage\"},\"image\":{\"@id\":\"https:\\\/\\\/cardonaturisme.cat\\\/es\\\/la-montana-de-sal-de-cardona-recibe-el-apoyo-de-la-fundacion-la-caixa-a-traves-de-caixabank-para-adquirir-un-tamizador\\\/#primaryimage\"},\"thumbnailUrl\":\"https:\\\/\\\/cardonaturisme.cat\\\/wp-content\\\/uploads\\\/2025\\\/03\\\/Sal-de-Cardona-1.jpg\",\"datePublished\":\"2025-03-25T07:57:00+00:00\",\"dateModified\":\"2025-03-25T08:35:47+00:00\",\"breadcrumb\":{\"@id\":\"https:\\\/\\\/cardonaturisme.cat\\\/es\\\/la-montana-de-sal-de-cardona-recibe-el-apoyo-de-la-fundacion-la-caixa-a-traves-de-caixabank-para-adquirir-un-tamizador\\\/#breadcrumb\"},\"inLanguage\":\"es\",\"potentialAction\":[{\"@type\":\"ReadAction\",\"target\":[\"https:\\\/\\\/cardonaturisme.cat\\\/es\\\/la-montana-de-sal-de-cardona-recibe-el-apoyo-de-la-fundacion-la-caixa-a-traves-de-caixabank-para-adquirir-un-tamizador\\\/\"]}]},{\"@type\":\"ImageObject\",\"inLanguage\":\"es\",\"@id\":\"https:\\\/\\\/cardonaturisme.cat\\\/es\\\/la-montana-de-sal-de-cardona-recibe-el-apoyo-de-la-fundacion-la-caixa-a-traves-de-caixabank-para-adquirir-un-tamizador\\\/#primaryimage\",\"url\":\"https:\\\/\\\/cardonaturisme.cat\\\/wp-content\\\/uploads\\\/2025\\\/03\\\/Sal-de-Cardona-1.jpg\",\"contentUrl\":\"https:\\\/\\\/cardonaturisme.cat\\\/wp-content\\\/uploads\\\/2025\\\/03\\\/Sal-de-Cardona-1.jpg\",\"width\":1504,\"height\":1128},{\"@type\":\"BreadcrumbList\",\"@id\":\"https:\\\/\\\/cardonaturisme.cat\\\/es\\\/la-montana-de-sal-de-cardona-recibe-el-apoyo-de-la-fundacion-la-caixa-a-traves-de-caixabank-para-adquirir-un-tamizador\\\/#breadcrumb\",\"itemListElement\":[{\"@type\":\"ListItem\",\"position\":1,\"name\":\"Inici\",\"item\":\"https:\\\/\\\/cardonaturisme.cat\\\/es\\\/\"},{\"@type\":\"ListItem\",\"position\":2,\"name\":\"La Monta\u00f1a de Sal de Cardona recibe el apoyo de la Fundaci\u00f3n \u201dla Caixa\u201d, a trav\u00e9s de CaixaBank, para adquirir un tamizador\"}]},{\"@type\":\"WebSite\",\"@id\":\"https:\\\/\\\/cardonaturisme.cat\\\/es\\\/#website\",\"url\":\"https:\\\/\\\/cardonaturisme.cat\\\/es\\\/\",\"name\":\"Cardona Turisme\",\"description\":\"La teva hist\u00f2ria\",\"publisher\":{\"@id\":\"https:\\\/\\\/cardonaturisme.cat\\\/es\\\/#organization\"},\"potentialAction\":[{\"@type\":\"SearchAction\",\"target\":{\"@type\":\"EntryPoint\",\"urlTemplate\":\"https:\\\/\\\/cardonaturisme.cat\\\/es\\\/?s={search_term_string}\"},\"query-input\":{\"@type\":\"PropertyValueSpecification\",\"valueRequired\":true,\"valueName\":\"search_term_string\"}}],\"inLanguage\":\"es\"},{\"@type\":\"Organization\",\"@id\":\"https:\\\/\\\/cardonaturisme.cat\\\/es\\\/#organization\",\"name\":\"Cardona Turisme\",\"url\":\"https:\\\/\\\/cardonaturisme.cat\\\/es\\\/\",\"logo\":{\"@type\":\"ImageObject\",\"inLanguage\":\"es\",\"@id\":\"https:\\\/\\\/cardonaturisme.cat\\\/es\\\/#\\\/schema\\\/logo\\\/image\\\/\",\"url\":\"https:\\\/\\\/cardonaturisme.cat\\\/wp-content\\\/uploads\\\/2023\\\/10\\\/logo-vermell-cardonaturisme.svg\",\"contentUrl\":\"https:\\\/\\\/cardonaturisme.cat\\\/wp-content\\\/uploads\\\/2023\\\/10\\\/logo-vermell-cardonaturisme.svg\",\"caption\":\"Cardona Turisme\"},\"image\":{\"@id\":\"https:\\\/\\\/cardonaturisme.cat\\\/es\\\/#\\\/schema\\\/logo\\\/image\\\/\"},\"sameAs\":[\"https:\\\/\\\/www.facebook.com\\\/p\\\/Fundaci-Cardona-Histrica-100063704192069\\\/\",\"https:\\\/\\\/x.com\\\/cardonaturisme\"]},{\"@type\":\"Person\",\"@id\":\"https:\\\/\\\/cardonaturisme.cat\\\/es\\\/#\\\/schema\\\/person\\\/cccbdde5ead58d9c50af1a3e0c8634b3\",\"name\":\"66b29c1e90\",\"image\":{\"@type\":\"ImageObject\",\"inLanguage\":\"es\",\"@id\":\"https:\\\/\\\/secure.gravatar.com\\\/avatar\\\/490c3f62b8705f2f6aa5373dae5c4613410536eb1a5fde4117b67d013cd4db49?s=96&d=mm&r=g\",\"url\":\"https:\\\/\\\/secure.gravatar.com\\\/avatar\\\/490c3f62b8705f2f6aa5373dae5c4613410536eb1a5fde4117b67d013cd4db49?s=96&d=mm&r=g\",\"contentUrl\":\"https:\\\/\\\/secure.gravatar.com\\\/avatar\\\/490c3f62b8705f2f6aa5373dae5c4613410536eb1a5fde4117b67d013cd4db49?s=96&d=mm&r=g\",\"caption\":\"66b29c1e90\"},\"sameAs\":[\"https:\\\/\\\/cardonaturisme.cat\"],\"url\":\"https:\\\/\\\/cardonaturisme.cat\\\/es\\\/author\\\/66b29c1e90\\\/\"}]}<\/script>\n<!-- \/ Yoast SEO plugin. -->","yoast_head_json":{"title":"La Monta\u00f1a de Sal de Cardona recibe el apoyo de la Fundaci\u00f3n \u201dla Caixa\u201d, a trav\u00e9s de CaixaBank, para adquirir un tamizador - Cardona Turisme","robots":{"index":"index","follow":"follow","max-snippet":"max-snippet:-1","max-image-preview":"max-image-preview:large","max-video-preview":"max-video-preview:-1"},"canonical":"https:\/\/cardonaturisme.cat\/es\/la-montana-de-sal-de-cardona-recibe-el-apoyo-de-la-fundacion-la-caixa-a-traves-de-caixabank-para-adquirir-un-tamizador\/","og_locale":"es_ES","og_type":"article","og_title":"La Monta\u00f1a de Sal de Cardona recibe el apoyo de la Fundaci\u00f3n \u201dla Caixa\u201d, a trav\u00e9s de CaixaBank, para adquirir un tamizador - Cardona Turisme","og_description":"La Fundaci\u00f3n Cardona Hist\u00f3rica (FCH), entidad que gestiona el Parque Cultural de la Monta\u00f1a de Sal y comercializa la Sal de Cardona, ha recibido una aportaci\u00f3n de 3.600 euros para contribuir a la financiaci\u00f3n de un tamizador vibratorio para obtener distintos tipos de sal. Este aparato proporciona varios granulados y, de esta forma, posibilita la [&hellip;]","og_url":"https:\/\/cardonaturisme.cat\/es\/la-montana-de-sal-de-cardona-recibe-el-apoyo-de-la-fundacion-la-caixa-a-traves-de-caixabank-para-adquirir-un-tamizador\/","og_site_name":"Cardona Turisme","article_publisher":"https:\/\/www.facebook.com\/p\/Fundaci-Cardona-Histrica-100063704192069\/","article_published_time":"2025-03-25T07:57:00+00:00","article_modified_time":"2025-03-25T08:35:47+00:00","og_image":[{"width":1504,"height":1128,"url":"https:\/\/cardonaturisme.cat\/wp-content\/uploads\/2025\/03\/Sal-de-Cardona-1.jpg","type":"image\/jpeg"}],"author":"66b29c1e90","twitter_card":"summary_large_image","twitter_creator":"@cardonaturisme","twitter_site":"@cardonaturisme","twitter_misc":{"Escrito por":"66b29c1e90","Tiempo de lectura":"2 minutos"},"schema":{"@context":"https:\/\/schema.org","@graph":[{"@type":"Article","@id":"https:\/\/cardonaturisme.cat\/es\/la-montana-de-sal-de-cardona-recibe-el-apoyo-de-la-fundacion-la-caixa-a-traves-de-caixabank-para-adquirir-un-tamizador\/#article","isPartOf":{"@id":"https:\/\/cardonaturisme.cat\/es\/la-montana-de-sal-de-cardona-recibe-el-apoyo-de-la-fundacion-la-caixa-a-traves-de-caixabank-para-adquirir-un-tamizador\/"},"author":{"name":"66b29c1e90","@id":"https:\/\/cardonaturisme.cat\/es\/#\/schema\/person\/cccbdde5ead58d9c50af1a3e0c8634b3"},"headline":"La Monta\u00f1a de Sal de Cardona recibe el apoyo de la Fundaci\u00f3n \u201dla Caixa\u201d, a trav\u00e9s de CaixaBank, para adquirir un tamizador","datePublished":"2025-03-25T07:57:00+00:00","dateModified":"2025-03-25T08:35:47+00:00","mainEntityOfPage":{"@id":"https:\/\/cardonaturisme.cat\/es\/la-montana-de-sal-de-cardona-recibe-el-apoyo-de-la-fundacion-la-caixa-a-traves-de-caixabank-para-adquirir-un-tamizador\/"},"wordCount":379,"publisher":{"@id":"https:\/\/cardonaturisme.cat\/es\/#organization"},"image":{"@id":"https:\/\/cardonaturisme.cat\/es\/la-montana-de-sal-de-cardona-recibe-el-apoyo-de-la-fundacion-la-caixa-a-traves-de-caixabank-para-adquirir-un-tamizador\/#primaryimage"},"thumbnailUrl":"https:\/\/cardonaturisme.cat\/wp-content\/uploads\/2025\/03\/Sal-de-Cardona-1.jpg","articleSection":["noticias"],"inLanguage":"es"},{"@type":"WebPage","@id":"https:\/\/cardonaturisme.cat\/es\/la-montana-de-sal-de-cardona-recibe-el-apoyo-de-la-fundacion-la-caixa-a-traves-de-caixabank-para-adquirir-un-tamizador\/","url":"https:\/\/cardonaturisme.cat\/es\/la-montana-de-sal-de-cardona-recibe-el-apoyo-de-la-fundacion-la-caixa-a-traves-de-caixabank-para-adquirir-un-tamizador\/","name":"La Monta\u00f1a de Sal de Cardona recibe el apoyo de la Fundaci\u00f3n \u201dla Caixa\u201d, a trav\u00e9s de CaixaBank, para adquirir un tamizador - Cardona Turisme","isPartOf":{"@id":"https:\/\/cardonaturisme.cat\/es\/#website"},"primaryImageOfPage":{"@id":"https:\/\/cardonaturisme.cat\/es\/la-montana-de-sal-de-cardona-recibe-el-apoyo-de-la-fundacion-la-caixa-a-traves-de-caixabank-para-adquirir-un-tamizador\/#primaryimage"},"image":{"@id":"https:\/\/cardonaturisme.cat\/es\/la-montana-de-sal-de-cardona-recibe-el-apoyo-de-la-fundacion-la-caixa-a-traves-de-caixabank-para-adquirir-un-tamizador\/#primaryimage"},"thumbnailUrl":"https:\/\/cardonaturisme.cat\/wp-content\/uploads\/2025\/03\/Sal-de-Cardona-1.jpg","datePublished":"2025-03-25T07:57:00+00:00","dateModified":"2025-03-25T08:35:47+00:00","breadcrumb":{"@id":"https:\/\/cardonaturisme.cat\/es\/la-montana-de-sal-de-cardona-recibe-el-apoyo-de-la-fundacion-la-caixa-a-traves-de-caixabank-para-adquirir-un-tamizador\/#breadcrumb"},"inLanguage":"es","potentialAction":[{"@type":"ReadAction","target":["https:\/\/cardonaturisme.cat\/es\/la-montana-de-sal-de-cardona-recibe-el-apoyo-de-la-fundacion-la-caixa-a-traves-de-caixabank-para-adquirir-un-tamizador\/"]}]},{"@type":"ImageObject","inLanguage":"es","@id":"https:\/\/cardonaturisme.cat\/es\/la-montana-de-sal-de-cardona-recibe-el-apoyo-de-la-fundacion-la-caixa-a-traves-de-caixabank-para-adquirir-un-tamizador\/#primaryimage","url":"https:\/\/cardonaturisme.cat\/wp-content\/uploads\/2025\/03\/Sal-de-Cardona-1.jpg","contentUrl":"https:\/\/cardonaturisme.cat\/wp-content\/uploads\/2025\/03\/Sal-de-Cardona-1.jpg","width":1504,"height":1128},{"@type":"BreadcrumbList","@id":"https:\/\/cardonaturisme.cat\/es\/la-montana-de-sal-de-cardona-recibe-el-apoyo-de-la-fundacion-la-caixa-a-traves-de-caixabank-para-adquirir-un-tamizador\/#breadcrumb","itemListElement":[{"@type":"ListItem","position":1,"name":"Inici","item":"https:\/\/cardonaturisme.cat\/es\/"},{"@type":"ListItem","position":2,"name":"La Monta\u00f1a de Sal de Cardona recibe el apoyo de la Fundaci\u00f3n \u201dla Caixa\u201d, a trav\u00e9s de CaixaBank, para adquirir un tamizador"}]},{"@type":"WebSite","@id":"https:\/\/cardonaturisme.cat\/es\/#website","url":"https:\/\/cardonaturisme.cat\/es\/","name":"Cardona Turisme","description":"La teva hist\u00f2ria","publisher":{"@id":"https:\/\/cardonaturisme.cat\/es\/#organization"},"potentialAction":[{"@type":"SearchAction","target":{"@type":"EntryPoint","urlTemplate":"https:\/\/cardonaturisme.cat\/es\/?s={search_term_string}"},"query-input":{"@type":"PropertyValueSpecification","valueRequired":true,"valueName":"search_term_string"}}],"inLanguage":"es"},{"@type":"Organization","@id":"https:\/\/cardonaturisme.cat\/es\/#organization","name":"Cardona Turisme","url":"https:\/\/cardonaturisme.cat\/es\/","logo":{"@type":"ImageObject","inLanguage":"es","@id":"https:\/\/cardonaturisme.cat\/es\/#\/schema\/logo\/image\/","url":"https:\/\/cardonaturisme.cat\/wp-content\/uploads\/2023\/10\/logo-vermell-cardonaturisme.svg","contentUrl":"https:\/\/cardonaturisme.cat\/wp-content\/uploads\/2023\/10\/logo-vermell-cardonaturisme.svg","caption":"Cardona Turisme"},"image":{"@id":"https:\/\/cardonaturisme.cat\/es\/#\/schema\/logo\/image\/"},"sameAs":["https:\/\/www.facebook.com\/p\/Fundaci-Cardona-Histrica-100063704192069\/","https:\/\/x.com\/cardonaturisme"]},{"@type":"Person","@id":"https:\/\/cardonaturisme.cat\/es\/#\/schema\/person\/cccbdde5ead58d9c50af1a3e0c8634b3","name":"66b29c1e90","image":{"@type":"ImageObject","inLanguage":"es","@id":"https:\/\/secure.gravatar.com\/avatar\/490c3f62b8705f2f6aa5373dae5c4613410536eb1a5fde4117b67d013cd4db49?s=96&d=mm&r=g","url":"https:\/\/secure.gravatar.com\/avatar\/490c3f62b8705f2f6aa5373dae5c4613410536eb1a5fde4117b67d013cd4db49?s=96&d=mm&r=g","contentUrl":"https:\/\/secure.gravatar.com\/avatar\/490c3f62b8705f2f6aa5373dae5c4613410536eb1a5fde4117b67d013cd4db49?s=96&d=mm&r=g","caption":"66b29c1e90"},"sameAs":["https:\/\/cardonaturisme.cat"],"url":"https:\/\/cardonaturisme.cat\/es\/author\/66b29c1e90\/"}]}},"_links":{"self":[{"href":"https:\/\/cardonaturisme.cat\/es\/wp-json\/wp\/v2\/posts\/19231","targetHints":{"allow":["GET"]}}],"collection":[{"href":"https:\/\/cardonaturisme.cat\/es\/wp-json\/wp\/v2\/posts"}],"about":[{"href":"https:\/\/cardonaturisme.cat\/es\/wp-json\/wp\/v2\/types\/post"}],"author":[{"embeddable":true,"href":"https:\/\/cardonaturisme.cat\/es\/wp-json\/wp\/v2\/users\/1"}],"replies":[{"embeddable":true,"href":"https:\/\/cardonaturisme.cat\/es\/wp-json\/wp\/v2\/comments?post=19231"}],"version-history":[{"count":1,"href":"https:\/\/cardonaturisme.cat\/es\/wp-json\/wp\/v2\/posts\/19231\/revisions"}],"predecessor-version":[{"id":19232,"href":"https:\/\/cardonaturisme.cat\/es\/wp-json\/wp\/v2\/posts\/19231\/revisions\/19232"}],"wp:featuredmedia":[{"embeddable":true,"href":"https:\/\/cardonaturisme.cat\/es\/wp-json\/wp\/v2\/media\/19229"}],"wp:attachment":[{"href":"https:\/\/cardonaturisme.cat\/es\/wp-json\/wp\/v2\/media?parent=19231"}],"wp:term":[{"taxonomy":"category","embeddable":true,"href":"https:\/\/cardonaturisme.cat\/es\/wp-json\/wp\/v2\/categories?post=19231"},{"taxonomy":"post_tag","embeddable":true,"href":"https:\/\/cardonaturisme.cat\/es\/wp-json\/wp\/v2\/tags?post=19231"}],"curies":[{"name":"wp","href":"https:\/\/api.w.org\/{rel}","templated":true}]}}