{"id":18117,"date":"2024-12-31T08:56:27","date_gmt":"2024-12-31T07:56:27","guid":{"rendered":"https:\/\/cardonaturisme.cat\/la-cardona-de-celuloide\/"},"modified":"2025-01-24T09:30:51","modified_gmt":"2025-01-24T08:30:51","slug":"la-cardona-de-celuloide","status":"publish","type":"post","link":"https:\/\/cardonaturisme.cat\/es\/la-cardona-de-celuloide\/","title":{"rendered":"La Cardona de celuloide"},"content":{"rendered":"\n<p class=\"has-medium-font-size\"><strong>Un viaje en el tiempo por las antiguas salas de cine de la villa ducal<\/strong><\/p>\n\n<p><strong>\u00bfTe imaginas vivir en un sitio con una sala de cine por cada 1.000 habitantes? Pues este para\u00edso del s\u00e9ptimo arte existi\u00f3 en el coraz\u00f3n de la Catalunya Central. En Cardona, durante la \u00e9poca industrial se contabilizaron una decena de cines y salas con cinemat\u00f3grafo que contribuyeron al ocio de la poblaci\u00f3n de Cardona. No todas funcionaron de forma simult\u00e1nea, pero \u00bfno crees que fue fabuloso?   <\/strong><\/p>\n\n<p>Cardona siempre ha tenido una especial vinculaci\u00f3n con el cine. Al margen de ser localizaci\u00f3n de producciones m\u00edticas (Orson Welles y Daniel Craig, entre otros, han rodado en la villa ducal), Cardona ha profesado hist\u00f3ricamente una gran pasi\u00f3n por el cine. Desde la llegada del s\u00e9ptimo arte a Cardona a partir de 1900, el sonido m\u00e1gico de las bobinas de celuloide reson\u00f3 en numerosas salas de cine. La fiebre del cinemat\u00f3grafo hab\u00eda llegado intensamente a Cardona.   <\/p>\n\n<p><strong>Un viaje en el tiempo<\/strong><\/p>\n\n<p>La Fundaci\u00f3n Cardona Hist\u00f3rica ha querido recuperar la memoria de aquella \u00e9poca a trav\u00e9s de un itinerario guiado titulado \u00abLa Cardona de celuloide\u00bb a cargo de Pep Jov\u00e9 Company, bisnieto de los propietarios del Antiguo Cine Moderno.<\/p>\n\n<p>La visita repasa las principales salas de cine que existieron: los Cat\u00f3licos, la Sala Nueva, Casa de Marieta Parentona, Fomento Cardonense, Los Radicales, Cine Uni\u00f3n y el Cine Moderno. Revisitar estos espacios representa un verdadero viaje en el tiempo. <\/p>\n\n<figure class=\"wp-block-image size-large\"><img fetchpriority=\"high\" decoding=\"async\" width=\"768\" height=\"1024\" src=\"https:\/\/cardonaturisme.cat\/wp-content\/uploads\/2024\/12\/4a7e7295-b8ac-44a8-81c3-3860ed3724b6-768x1024.jpg\" alt=\"\" class=\"wp-image-17577\" srcset=\"https:\/\/cardonaturisme.cat\/wp-content\/uploads\/2024\/12\/4a7e7295-b8ac-44a8-81c3-3860ed3724b6-768x1024.jpg 768w, https:\/\/cardonaturisme.cat\/wp-content\/uploads\/2024\/12\/4a7e7295-b8ac-44a8-81c3-3860ed3724b6-225x300.jpg 225w, https:\/\/cardonaturisme.cat\/wp-content\/uploads\/2024\/12\/4a7e7295-b8ac-44a8-81c3-3860ed3724b6-1152x1536.jpg 1152w, https:\/\/cardonaturisme.cat\/wp-content\/uploads\/2024\/12\/4a7e7295-b8ac-44a8-81c3-3860ed3724b6.jpg 1200w\" sizes=\"(max-width: 768px) 100vw, 768px\" \/><\/figure>\n\n<p>Muchos de estos espacios tienen ahora otro uso como, por ejemplo, la Casa del pueblo, tambi\u00e9n conocida como \u201cLos radicales\u201d, que fue el epicentro del republicanismo en la villa. En la actualidad, es la mayor panificadora de Cardona. Cuando funcionaba como cine, ten\u00eda una platea semicircular y peque\u00f1os palcos con 6 asientos cada uno. Se proyectaban pel\u00edculas como las de Fu Manch\u00fa y durante la pausa se repart\u00eda una cesta con frutos secos. Lo \u00fanico que queda del antiguo cine es la peque\u00f1a puerta de la taquilla.    <\/p>\n\n<p><strong>El \u201cCal\u00edn\u201d, la joya de la corona<\/strong><\/p>\n\n<p>Uno de los grandes reclamos de esta ruta es la visita al Cine Uni\u00f3n, tambi\u00e9n conocido como Cine Cal\u00edn, por el apodo que ten\u00edan los hermanos que lo arrendaron. En este espacio, los asistentes pueden revivir las tardes del domingo donde el cine era el \u00fanico entretenimiento. Seg\u00fan Pep Jov\u00e9, \u201cel domingo era el mejor d\u00eda. Los cardoninos asist\u00edan a misa y aprovechaban que iban bien mudados para ir al cine\u201d.  <\/p>\n\n<p>Las paredes a\u00fan conservan carteles cl\u00e1sicos como Cine para\u00edso (1988), El fuera de la ley (1976), El \u00e1rbol del ahorcado (1959) o Marcelino, pan y vino (1955). Poder sentarse en las butacas de madera es una experiencia nost\u00e1lgica. Cada asiento desgastado por el paso del tiempo evoca los recuerdos de las largas horas de proyecciones que hab\u00edan cautivado a generaciones de cardoninos. Los comentarios de los asistentes referentes al tesoro escondido bajo el actual bar El Centru eran un\u00e1nimes: \u00abEste cine es una reliquia\u00bb.   <\/p>\n\n<figure class=\"wp-block-image size-large\"><img decoding=\"async\" width=\"1024\" height=\"810\" src=\"https:\/\/cardonaturisme.cat\/wp-content\/uploads\/2024\/12\/cine-modern-1024x810.jpg\" alt=\"\" class=\"wp-image-17581\" srcset=\"https:\/\/cardonaturisme.cat\/wp-content\/uploads\/2024\/12\/cine-modern-1024x810.jpg 1024w, https:\/\/cardonaturisme.cat\/wp-content\/uploads\/2024\/12\/cine-modern-300x237.jpg 300w, https:\/\/cardonaturisme.cat\/wp-content\/uploads\/2024\/12\/cine-modern-768x607.jpg 768w, https:\/\/cardonaturisme.cat\/wp-content\/uploads\/2024\/12\/cine-modern.jpg 1481w\" sizes=\"(max-width: 1024px) 100vw, 1024px\" \/><\/figure>\n\n<p><strong>De cine a auditorio<\/strong><\/p>\n\n<p>La \u00faltima parada de la ruta fue el antiguo cine Moderno, el actual Auditori Valent\u00ed Fuster. En ese espacio se realiz\u00f3 el final de la explicaci\u00f3n y el itinerario concluy\u00f3 con una peque\u00f1a exposici\u00f3n de material cinematogr\u00e1fico. <\/p>\n\n<p>Con un relato lleno de pasi\u00f3n, an\u00e9cdotas y recursos visuales como mapas antiguos y fotograf\u00edas amarillentas por el tiempo, Pep Jov\u00e9 Company urdi\u00f3 un hilo conductor que enlaza el presente con el pasado.<\/p>\n\n<p>El p\u00fablico se dej\u00f3 llevar por la magia de esos d\u00edas, donde el cine era mucho m\u00e1s que entretenimiento, era un punto de encuentro y emoci\u00f3n compartida. Con cada imagen proyectada y cada historia contada, las salas se impregnaron de una nostalgia vibrante, recordando un tiempo irrepetible que marc\u00f3 la vida de muchas generaciones. As\u00ed, los asistentes se fueron con la certeza de que este legado, pese a ser lejano, sigue vivo en la memoria colectiva, como un fotograma inolvidable.  <\/p>\n\n<p><\/p>\n","protected":false},"excerpt":{"rendered":"<p>Un viaje en el tiempo por las antiguas salas de cine de la villa ducal \u00bfTe imaginas vivir en un sitio con una sala de cine por cada 1.000 habitantes? Pues este para\u00edso del s\u00e9ptimo arte existi\u00f3 en el coraz\u00f3n de la Catalunya Central. En Cardona, durante la \u00e9poca industrial se contabilizaron una decena de [&hellip;]<\/p>\n","protected":false},"author":1,"featured_media":17575,"comment_status":"closed","ping_status":"closed","sticky":false,"template":"","format":"standard","meta":{"_acf_changed":false,"footnotes":""},"categories":[150],"tags":[144,184,183,185],"class_list":["post-18117","post","type-post","status-publish","format-standard","has-post-thumbnail","hentry","category-bloc-es","tag-cardona-es","tag-cines","tag-orson-welles-es","tag-ruta-antiguos-cines"],"acf":[],"yoast_head":"<!-- This site is optimized with the Yoast SEO plugin v27.4 - https:\/\/yoast.com\/product\/yoast-seo-wordpress\/ -->\n<title>La Cardona de celuloide - Cardona Turisme<\/title>\n<meta name=\"robots\" content=\"index, follow, max-snippet:-1, max-image-preview:large, max-video-preview:-1\" \/>\n<link rel=\"canonical\" href=\"https:\/\/cardonaturisme.cat\/es\/la-cardona-de-celuloide\/\" \/>\n<meta property=\"og:locale\" content=\"es_ES\" \/>\n<meta property=\"og:type\" content=\"article\" \/>\n<meta property=\"og:title\" content=\"La Cardona de celuloide - Cardona Turisme\" \/>\n<meta property=\"og:description\" content=\"Un viaje en el tiempo por las antiguas salas de cine de la villa ducal \u00bfTe imaginas vivir en un sitio con una sala de cine por cada 1.000 habitantes? Pues este para\u00edso del s\u00e9ptimo arte existi\u00f3 en el coraz\u00f3n de la Catalunya Central. En Cardona, durante la \u00e9poca industrial se contabilizaron una decena de [&hellip;]\" \/>\n<meta property=\"og:url\" content=\"https:\/\/cardonaturisme.cat\/es\/la-cardona-de-celuloide\/\" \/>\n<meta property=\"og:site_name\" content=\"Cardona Turisme\" \/>\n<meta property=\"article:publisher\" content=\"https:\/\/www.facebook.com\/p\/Fundaci-Cardona-Histrica-100063704192069\/\" \/>\n<meta property=\"article:published_time\" content=\"2024-12-31T07:56:27+00:00\" \/>\n<meta property=\"article:modified_time\" content=\"2025-01-24T08:30:51+00:00\" \/>\n<meta property=\"og:image\" content=\"https:\/\/cardonaturisme.cat\/wp-content\/uploads\/2024\/12\/calin.jpg\" \/>\n\t<meta property=\"og:image:width\" content=\"1498\" \/>\n\t<meta property=\"og:image:height\" content=\"1111\" \/>\n\t<meta property=\"og:image:type\" content=\"image\/jpeg\" \/>\n<meta name=\"author\" content=\"66b29c1e90\" \/>\n<meta name=\"twitter:card\" content=\"summary_large_image\" \/>\n<meta name=\"twitter:creator\" content=\"@cardonaturisme\" \/>\n<meta name=\"twitter:site\" content=\"@cardonaturisme\" \/>\n<meta name=\"twitter:label1\" content=\"Escrito por\" \/>\n\t<meta name=\"twitter:data1\" content=\"66b29c1e90\" \/>\n\t<meta name=\"twitter:label2\" content=\"Tiempo de lectura\" \/>\n\t<meta name=\"twitter:data2\" content=\"3 minutos\" \/>\n<script type=\"application\/ld+json\" class=\"yoast-schema-graph\">{\"@context\":\"https:\\\/\\\/schema.org\",\"@graph\":[{\"@type\":\"Article\",\"@id\":\"https:\\\/\\\/cardonaturisme.cat\\\/es\\\/la-cardona-de-celuloide\\\/#article\",\"isPartOf\":{\"@id\":\"https:\\\/\\\/cardonaturisme.cat\\\/es\\\/la-cardona-de-celuloide\\\/\"},\"author\":{\"name\":\"66b29c1e90\",\"@id\":\"https:\\\/\\\/cardonaturisme.cat\\\/es\\\/#\\\/schema\\\/person\\\/cccbdde5ead58d9c50af1a3e0c8634b3\"},\"headline\":\"La Cardona de celuloide\",\"datePublished\":\"2024-12-31T07:56:27+00:00\",\"dateModified\":\"2025-01-24T08:30:51+00:00\",\"mainEntityOfPage\":{\"@id\":\"https:\\\/\\\/cardonaturisme.cat\\\/es\\\/la-cardona-de-celuloide\\\/\"},\"wordCount\":689,\"publisher\":{\"@id\":\"https:\\\/\\\/cardonaturisme.cat\\\/es\\\/#organization\"},\"image\":{\"@id\":\"https:\\\/\\\/cardonaturisme.cat\\\/es\\\/la-cardona-de-celuloide\\\/#primaryimage\"},\"thumbnailUrl\":\"https:\\\/\\\/cardonaturisme.cat\\\/wp-content\\\/uploads\\\/2024\\\/12\\\/calin.jpg\",\"keywords\":[\"Cardona\",\"Cines\",\"Orson Welles\",\"Ruta antiguos cines\"],\"articleSection\":[\"bloc\"],\"inLanguage\":\"es\"},{\"@type\":\"WebPage\",\"@id\":\"https:\\\/\\\/cardonaturisme.cat\\\/es\\\/la-cardona-de-celuloide\\\/\",\"url\":\"https:\\\/\\\/cardonaturisme.cat\\\/es\\\/la-cardona-de-celuloide\\\/\",\"name\":\"La Cardona de celuloide - Cardona Turisme\",\"isPartOf\":{\"@id\":\"https:\\\/\\\/cardonaturisme.cat\\\/es\\\/#website\"},\"primaryImageOfPage\":{\"@id\":\"https:\\\/\\\/cardonaturisme.cat\\\/es\\\/la-cardona-de-celuloide\\\/#primaryimage\"},\"image\":{\"@id\":\"https:\\\/\\\/cardonaturisme.cat\\\/es\\\/la-cardona-de-celuloide\\\/#primaryimage\"},\"thumbnailUrl\":\"https:\\\/\\\/cardonaturisme.cat\\\/wp-content\\\/uploads\\\/2024\\\/12\\\/calin.jpg\",\"datePublished\":\"2024-12-31T07:56:27+00:00\",\"dateModified\":\"2025-01-24T08:30:51+00:00\",\"breadcrumb\":{\"@id\":\"https:\\\/\\\/cardonaturisme.cat\\\/es\\\/la-cardona-de-celuloide\\\/#breadcrumb\"},\"inLanguage\":\"es\",\"potentialAction\":[{\"@type\":\"ReadAction\",\"target\":[\"https:\\\/\\\/cardonaturisme.cat\\\/es\\\/la-cardona-de-celuloide\\\/\"]}]},{\"@type\":\"ImageObject\",\"inLanguage\":\"es\",\"@id\":\"https:\\\/\\\/cardonaturisme.cat\\\/es\\\/la-cardona-de-celuloide\\\/#primaryimage\",\"url\":\"https:\\\/\\\/cardonaturisme.cat\\\/wp-content\\\/uploads\\\/2024\\\/12\\\/calin.jpg\",\"contentUrl\":\"https:\\\/\\\/cardonaturisme.cat\\\/wp-content\\\/uploads\\\/2024\\\/12\\\/calin.jpg\",\"width\":1498,\"height\":1111},{\"@type\":\"BreadcrumbList\",\"@id\":\"https:\\\/\\\/cardonaturisme.cat\\\/es\\\/la-cardona-de-celuloide\\\/#breadcrumb\",\"itemListElement\":[{\"@type\":\"ListItem\",\"position\":1,\"name\":\"Inici\",\"item\":\"https:\\\/\\\/cardonaturisme.cat\\\/es\\\/\"},{\"@type\":\"ListItem\",\"position\":2,\"name\":\"La Cardona de celuloide\"}]},{\"@type\":\"WebSite\",\"@id\":\"https:\\\/\\\/cardonaturisme.cat\\\/es\\\/#website\",\"url\":\"https:\\\/\\\/cardonaturisme.cat\\\/es\\\/\",\"name\":\"Cardona Turisme\",\"description\":\"La teva hist\u00f2ria\",\"publisher\":{\"@id\":\"https:\\\/\\\/cardonaturisme.cat\\\/es\\\/#organization\"},\"potentialAction\":[{\"@type\":\"SearchAction\",\"target\":{\"@type\":\"EntryPoint\",\"urlTemplate\":\"https:\\\/\\\/cardonaturisme.cat\\\/es\\\/?s={search_term_string}\"},\"query-input\":{\"@type\":\"PropertyValueSpecification\",\"valueRequired\":true,\"valueName\":\"search_term_string\"}}],\"inLanguage\":\"es\"},{\"@type\":\"Organization\",\"@id\":\"https:\\\/\\\/cardonaturisme.cat\\\/es\\\/#organization\",\"name\":\"Cardona Turisme\",\"url\":\"https:\\\/\\\/cardonaturisme.cat\\\/es\\\/\",\"logo\":{\"@type\":\"ImageObject\",\"inLanguage\":\"es\",\"@id\":\"https:\\\/\\\/cardonaturisme.cat\\\/es\\\/#\\\/schema\\\/logo\\\/image\\\/\",\"url\":\"https:\\\/\\\/cardonaturisme.cat\\\/wp-content\\\/uploads\\\/2023\\\/10\\\/logo-vermell-cardonaturisme.svg\",\"contentUrl\":\"https:\\\/\\\/cardonaturisme.cat\\\/wp-content\\\/uploads\\\/2023\\\/10\\\/logo-vermell-cardonaturisme.svg\",\"caption\":\"Cardona Turisme\"},\"image\":{\"@id\":\"https:\\\/\\\/cardonaturisme.cat\\\/es\\\/#\\\/schema\\\/logo\\\/image\\\/\"},\"sameAs\":[\"https:\\\/\\\/www.facebook.com\\\/p\\\/Fundaci-Cardona-Histrica-100063704192069\\\/\",\"https:\\\/\\\/x.com\\\/cardonaturisme\"]},{\"@type\":\"Person\",\"@id\":\"https:\\\/\\\/cardonaturisme.cat\\\/es\\\/#\\\/schema\\\/person\\\/cccbdde5ead58d9c50af1a3e0c8634b3\",\"name\":\"66b29c1e90\",\"image\":{\"@type\":\"ImageObject\",\"inLanguage\":\"es\",\"@id\":\"https:\\\/\\\/secure.gravatar.com\\\/avatar\\\/490c3f62b8705f2f6aa5373dae5c4613410536eb1a5fde4117b67d013cd4db49?s=96&d=mm&r=g\",\"url\":\"https:\\\/\\\/secure.gravatar.com\\\/avatar\\\/490c3f62b8705f2f6aa5373dae5c4613410536eb1a5fde4117b67d013cd4db49?s=96&d=mm&r=g\",\"contentUrl\":\"https:\\\/\\\/secure.gravatar.com\\\/avatar\\\/490c3f62b8705f2f6aa5373dae5c4613410536eb1a5fde4117b67d013cd4db49?s=96&d=mm&r=g\",\"caption\":\"66b29c1e90\"},\"sameAs\":[\"https:\\\/\\\/cardonaturisme.cat\"],\"url\":\"https:\\\/\\\/cardonaturisme.cat\\\/es\\\/author\\\/66b29c1e90\\\/\"}]}<\/script>\n<!-- \/ Yoast SEO plugin. -->","yoast_head_json":{"title":"La Cardona de celuloide - Cardona Turisme","robots":{"index":"index","follow":"follow","max-snippet":"max-snippet:-1","max-image-preview":"max-image-preview:large","max-video-preview":"max-video-preview:-1"},"canonical":"https:\/\/cardonaturisme.cat\/es\/la-cardona-de-celuloide\/","og_locale":"es_ES","og_type":"article","og_title":"La Cardona de celuloide - Cardona Turisme","og_description":"Un viaje en el tiempo por las antiguas salas de cine de la villa ducal \u00bfTe imaginas vivir en un sitio con una sala de cine por cada 1.000 habitantes? Pues este para\u00edso del s\u00e9ptimo arte existi\u00f3 en el coraz\u00f3n de la Catalunya Central. En Cardona, durante la \u00e9poca industrial se contabilizaron una decena de [&hellip;]","og_url":"https:\/\/cardonaturisme.cat\/es\/la-cardona-de-celuloide\/","og_site_name":"Cardona Turisme","article_publisher":"https:\/\/www.facebook.com\/p\/Fundaci-Cardona-Histrica-100063704192069\/","article_published_time":"2024-12-31T07:56:27+00:00","article_modified_time":"2025-01-24T08:30:51+00:00","og_image":[{"width":1498,"height":1111,"url":"https:\/\/cardonaturisme.cat\/wp-content\/uploads\/2024\/12\/calin.jpg","type":"image\/jpeg"}],"author":"66b29c1e90","twitter_card":"summary_large_image","twitter_creator":"@cardonaturisme","twitter_site":"@cardonaturisme","twitter_misc":{"Escrito por":"66b29c1e90","Tiempo de lectura":"3 minutos"},"schema":{"@context":"https:\/\/schema.org","@graph":[{"@type":"Article","@id":"https:\/\/cardonaturisme.cat\/es\/la-cardona-de-celuloide\/#article","isPartOf":{"@id":"https:\/\/cardonaturisme.cat\/es\/la-cardona-de-celuloide\/"},"author":{"name":"66b29c1e90","@id":"https:\/\/cardonaturisme.cat\/es\/#\/schema\/person\/cccbdde5ead58d9c50af1a3e0c8634b3"},"headline":"La Cardona de celuloide","datePublished":"2024-12-31T07:56:27+00:00","dateModified":"2025-01-24T08:30:51+00:00","mainEntityOfPage":{"@id":"https:\/\/cardonaturisme.cat\/es\/la-cardona-de-celuloide\/"},"wordCount":689,"publisher":{"@id":"https:\/\/cardonaturisme.cat\/es\/#organization"},"image":{"@id":"https:\/\/cardonaturisme.cat\/es\/la-cardona-de-celuloide\/#primaryimage"},"thumbnailUrl":"https:\/\/cardonaturisme.cat\/wp-content\/uploads\/2024\/12\/calin.jpg","keywords":["Cardona","Cines","Orson Welles","Ruta antiguos cines"],"articleSection":["bloc"],"inLanguage":"es"},{"@type":"WebPage","@id":"https:\/\/cardonaturisme.cat\/es\/la-cardona-de-celuloide\/","url":"https:\/\/cardonaturisme.cat\/es\/la-cardona-de-celuloide\/","name":"La Cardona de celuloide - Cardona Turisme","isPartOf":{"@id":"https:\/\/cardonaturisme.cat\/es\/#website"},"primaryImageOfPage":{"@id":"https:\/\/cardonaturisme.cat\/es\/la-cardona-de-celuloide\/#primaryimage"},"image":{"@id":"https:\/\/cardonaturisme.cat\/es\/la-cardona-de-celuloide\/#primaryimage"},"thumbnailUrl":"https:\/\/cardonaturisme.cat\/wp-content\/uploads\/2024\/12\/calin.jpg","datePublished":"2024-12-31T07:56:27+00:00","dateModified":"2025-01-24T08:30:51+00:00","breadcrumb":{"@id":"https:\/\/cardonaturisme.cat\/es\/la-cardona-de-celuloide\/#breadcrumb"},"inLanguage":"es","potentialAction":[{"@type":"ReadAction","target":["https:\/\/cardonaturisme.cat\/es\/la-cardona-de-celuloide\/"]}]},{"@type":"ImageObject","inLanguage":"es","@id":"https:\/\/cardonaturisme.cat\/es\/la-cardona-de-celuloide\/#primaryimage","url":"https:\/\/cardonaturisme.cat\/wp-content\/uploads\/2024\/12\/calin.jpg","contentUrl":"https:\/\/cardonaturisme.cat\/wp-content\/uploads\/2024\/12\/calin.jpg","width":1498,"height":1111},{"@type":"BreadcrumbList","@id":"https:\/\/cardonaturisme.cat\/es\/la-cardona-de-celuloide\/#breadcrumb","itemListElement":[{"@type":"ListItem","position":1,"name":"Inici","item":"https:\/\/cardonaturisme.cat\/es\/"},{"@type":"ListItem","position":2,"name":"La Cardona de celuloide"}]},{"@type":"WebSite","@id":"https:\/\/cardonaturisme.cat\/es\/#website","url":"https:\/\/cardonaturisme.cat\/es\/","name":"Cardona Turisme","description":"La teva hist\u00f2ria","publisher":{"@id":"https:\/\/cardonaturisme.cat\/es\/#organization"},"potentialAction":[{"@type":"SearchAction","target":{"@type":"EntryPoint","urlTemplate":"https:\/\/cardonaturisme.cat\/es\/?s={search_term_string}"},"query-input":{"@type":"PropertyValueSpecification","valueRequired":true,"valueName":"search_term_string"}}],"inLanguage":"es"},{"@type":"Organization","@id":"https:\/\/cardonaturisme.cat\/es\/#organization","name":"Cardona Turisme","url":"https:\/\/cardonaturisme.cat\/es\/","logo":{"@type":"ImageObject","inLanguage":"es","@id":"https:\/\/cardonaturisme.cat\/es\/#\/schema\/logo\/image\/","url":"https:\/\/cardonaturisme.cat\/wp-content\/uploads\/2023\/10\/logo-vermell-cardonaturisme.svg","contentUrl":"https:\/\/cardonaturisme.cat\/wp-content\/uploads\/2023\/10\/logo-vermell-cardonaturisme.svg","caption":"Cardona Turisme"},"image":{"@id":"https:\/\/cardonaturisme.cat\/es\/#\/schema\/logo\/image\/"},"sameAs":["https:\/\/www.facebook.com\/p\/Fundaci-Cardona-Histrica-100063704192069\/","https:\/\/x.com\/cardonaturisme"]},{"@type":"Person","@id":"https:\/\/cardonaturisme.cat\/es\/#\/schema\/person\/cccbdde5ead58d9c50af1a3e0c8634b3","name":"66b29c1e90","image":{"@type":"ImageObject","inLanguage":"es","@id":"https:\/\/secure.gravatar.com\/avatar\/490c3f62b8705f2f6aa5373dae5c4613410536eb1a5fde4117b67d013cd4db49?s=96&d=mm&r=g","url":"https:\/\/secure.gravatar.com\/avatar\/490c3f62b8705f2f6aa5373dae5c4613410536eb1a5fde4117b67d013cd4db49?s=96&d=mm&r=g","contentUrl":"https:\/\/secure.gravatar.com\/avatar\/490c3f62b8705f2f6aa5373dae5c4613410536eb1a5fde4117b67d013cd4db49?s=96&d=mm&r=g","caption":"66b29c1e90"},"sameAs":["https:\/\/cardonaturisme.cat"],"url":"https:\/\/cardonaturisme.cat\/es\/author\/66b29c1e90\/"}]}},"_links":{"self":[{"href":"https:\/\/cardonaturisme.cat\/es\/wp-json\/wp\/v2\/posts\/18117","targetHints":{"allow":["GET"]}}],"collection":[{"href":"https:\/\/cardonaturisme.cat\/es\/wp-json\/wp\/v2\/posts"}],"about":[{"href":"https:\/\/cardonaturisme.cat\/es\/wp-json\/wp\/v2\/types\/post"}],"author":[{"embeddable":true,"href":"https:\/\/cardonaturisme.cat\/es\/wp-json\/wp\/v2\/users\/1"}],"replies":[{"embeddable":true,"href":"https:\/\/cardonaturisme.cat\/es\/wp-json\/wp\/v2\/comments?post=18117"}],"version-history":[{"count":1,"href":"https:\/\/cardonaturisme.cat\/es\/wp-json\/wp\/v2\/posts\/18117\/revisions"}],"predecessor-version":[{"id":18118,"href":"https:\/\/cardonaturisme.cat\/es\/wp-json\/wp\/v2\/posts\/18117\/revisions\/18118"}],"wp:featuredmedia":[{"embeddable":true,"href":"https:\/\/cardonaturisme.cat\/es\/wp-json\/wp\/v2\/media\/17575"}],"wp:attachment":[{"href":"https:\/\/cardonaturisme.cat\/es\/wp-json\/wp\/v2\/media?parent=18117"}],"wp:term":[{"taxonomy":"category","embeddable":true,"href":"https:\/\/cardonaturisme.cat\/es\/wp-json\/wp\/v2\/categories?post=18117"},{"taxonomy":"post_tag","embeddable":true,"href":"https:\/\/cardonaturisme.cat\/es\/wp-json\/wp\/v2\/tags?post=18117"}],"curies":[{"name":"wp","href":"https:\/\/api.w.org\/{rel}","templated":true}]}}