{"id":17481,"date":"2024-11-29T12:57:20","date_gmt":"2024-11-29T11:57:20","guid":{"rendered":"https:\/\/cardonaturisme.cat\/el-castillo-de-cardona-estrena-una-visita-en-torno-a-la-navidad-medieval\/"},"modified":"2024-11-29T13:20:50","modified_gmt":"2024-11-29T12:20:50","slug":"el-castillo-de-cardona-estrena-una-visita-en-torno-a-la-navidad-medieval","status":"publish","type":"post","link":"https:\/\/cardonaturisme.cat\/es\/el-castillo-de-cardona-estrena-una-visita-en-torno-a-la-navidad-medieval\/","title":{"rendered":"El Castillo de Cardona estrena una visita en torno a la Navidad Medieval"},"content":{"rendered":"\n<p><strong>La visita pone el foco en c\u00f3mo se viv\u00edan las fiestas de Navidad en el Castillo durante la \u00e9poca medieval y combina patrimonio, tradiciones y curiosidades<\/strong><\/p>\n\n<p><strong>Se podr\u00e1 realizar la visita del 6 de diciembre al 5 de enero<\/strong><\/p>\n\n<p>El Castillo de Cardona ofrece una nueva visita especial Navidad que hace hincapi\u00e9 en c\u00f3mo se viv\u00edan estas fiestas en la fortaleza cardonina durante la \u00e9poca medieval. La primera visita se estrenar\u00e1 el viernes 6 de diciembre y se alargar\u00e1 hasta el 5 de enero, de martes a domingo y festivos. <\/p>\n\n<p>La visita ha sido desarrollada por la Fundaci\u00f3n Cardona Hist\u00f3rica (FCH), que realiza las visitas guiadas al monumento y la Agencia Catalana del Patrimonio Cultural (ACPC) del Departamento de Cultura, responsable de la gesti\u00f3n del monumento. <\/p>\n\n<p>Se trata de una visita guiada que ofrece una nueva mirada al conjunto monumental del Castillo de Cardona introduciendo tradiciones, curiosidades y liturgias en el entorno de la festividad de la Navidad medieval.<\/p>\n\n<p>De acuerdo con esto, se combina la historia con la vertiente m\u00e1s humana y vivencial de los tres estamentos sociales de la \u00e9poca: la nobleza, representados por los se\u00f1ores de Cardona, conocidos como los &#8216;reyes sin corona&#8217;, el clero y las clases populares.<\/p>\n\n<p>Durante el recorrido se visitar\u00e1 la fortaleza moderna y las partes del viejo castillo condal, como la Torre de la Minyona y la excepcional colegiata de Sant Vicen\u00e7, joya del rom\u00e1nico lombardo catal\u00e1n.<\/p>\n\n<p>Al final de la visita se podr\u00e1 degustar barquillos tradicionales elaborados por la pasteler\u00eda Montserrat de Cardona seg\u00fan la receta medieval.<\/p>\n\n<p>Foto: Montserrat Canal<\/p>\n","protected":false},"excerpt":{"rendered":"<p>La visita pone el foco en c\u00f3mo se viv\u00edan las fiestas de Navidad en el Castillo durante la \u00e9poca medieval y combina patrimonio, tradiciones y curiosidades Se podr\u00e1 realizar la visita del 6 de diciembre al 5 de enero El Castillo de Cardona ofrece una nueva visita especial Navidad que hace hincapi\u00e9 en c\u00f3mo se [&hellip;]<\/p>\n","protected":false},"author":1,"featured_media":17477,"comment_status":"closed","ping_status":"closed","sticky":false,"template":"","format":"standard","meta":{"_acf_changed":false,"footnotes":""},"categories":[143],"tags":[144,146,145,147],"class_list":["post-17481","post","type-post","status-publish","format-standard","has-post-thumbnail","hentry","category-noticias","tag-cardona-es","tag-castillo","tag-colegiata-san-vicente","tag-navidad"],"acf":[],"yoast_head":"<!-- This site is optimized with the Yoast SEO plugin v27.4 - https:\/\/yoast.com\/product\/yoast-seo-wordpress\/ -->\n<title>El Castillo de Cardona estrena una visita en torno a la Navidad Medieval - Cardona Turisme<\/title>\n<meta name=\"robots\" content=\"index, follow, max-snippet:-1, max-image-preview:large, max-video-preview:-1\" \/>\n<link rel=\"canonical\" href=\"https:\/\/cardonaturisme.cat\/es\/el-castillo-de-cardona-estrena-una-visita-en-torno-a-la-navidad-medieval\/\" \/>\n<meta property=\"og:locale\" content=\"es_ES\" \/>\n<meta property=\"og:type\" content=\"article\" \/>\n<meta property=\"og:title\" content=\"El Castillo de Cardona estrena una visita en torno a la Navidad Medieval - Cardona Turisme\" \/>\n<meta property=\"og:description\" content=\"La visita pone el foco en c\u00f3mo se viv\u00edan las fiestas de Navidad en el Castillo durante la \u00e9poca medieval y combina patrimonio, tradiciones y curiosidades Se podr\u00e1 realizar la visita del 6 de diciembre al 5 de enero El Castillo de Cardona ofrece una nueva visita especial Navidad que hace hincapi\u00e9 en c\u00f3mo se [&hellip;]\" \/>\n<meta property=\"og:url\" content=\"https:\/\/cardonaturisme.cat\/es\/el-castillo-de-cardona-estrena-una-visita-en-torno-a-la-navidad-medieval\/\" \/>\n<meta property=\"og:site_name\" content=\"Cardona Turisme\" \/>\n<meta property=\"article:publisher\" content=\"https:\/\/www.facebook.com\/p\/Fundaci-Cardona-Histrica-100063704192069\/\" \/>\n<meta property=\"article:published_time\" content=\"2024-11-29T11:57:20+00:00\" \/>\n<meta property=\"article:modified_time\" content=\"2024-11-29T12:20:50+00:00\" \/>\n<meta property=\"og:image\" content=\"https:\/\/cardonaturisme.cat\/wp-content\/uploads\/2024\/11\/DSC03270-scaled.jpg\" \/>\n\t<meta property=\"og:image:width\" content=\"2560\" \/>\n\t<meta property=\"og:image:height\" content=\"1920\" \/>\n\t<meta property=\"og:image:type\" content=\"image\/jpeg\" \/>\n<meta name=\"author\" content=\"66b29c1e90\" \/>\n<meta name=\"twitter:card\" content=\"summary_large_image\" \/>\n<meta name=\"twitter:creator\" content=\"@cardonaturisme\" \/>\n<meta name=\"twitter:site\" content=\"@cardonaturisme\" \/>\n<meta name=\"twitter:label1\" content=\"Escrito por\" \/>\n\t<meta name=\"twitter:data1\" content=\"66b29c1e90\" \/>\n\t<meta name=\"twitter:label2\" content=\"Tiempo de lectura\" \/>\n\t<meta name=\"twitter:data2\" content=\"1 minuto\" \/>\n<script type=\"application\/ld+json\" class=\"yoast-schema-graph\">{\"@context\":\"https:\\\/\\\/schema.org\",\"@graph\":[{\"@type\":\"Article\",\"@id\":\"https:\\\/\\\/cardonaturisme.cat\\\/es\\\/el-castillo-de-cardona-estrena-una-visita-en-torno-a-la-navidad-medieval\\\/#article\",\"isPartOf\":{\"@id\":\"https:\\\/\\\/cardonaturisme.cat\\\/es\\\/el-castillo-de-cardona-estrena-una-visita-en-torno-a-la-navidad-medieval\\\/\"},\"author\":{\"name\":\"66b29c1e90\",\"@id\":\"https:\\\/\\\/cardonaturisme.cat\\\/es\\\/#\\\/schema\\\/person\\\/cccbdde5ead58d9c50af1a3e0c8634b3\"},\"headline\":\"El Castillo de Cardona estrena una visita en torno a la Navidad Medieval\",\"datePublished\":\"2024-11-29T11:57:20+00:00\",\"dateModified\":\"2024-11-29T12:20:50+00:00\",\"mainEntityOfPage\":{\"@id\":\"https:\\\/\\\/cardonaturisme.cat\\\/es\\\/el-castillo-de-cardona-estrena-una-visita-en-torno-a-la-navidad-medieval\\\/\"},\"wordCount\":281,\"publisher\":{\"@id\":\"https:\\\/\\\/cardonaturisme.cat\\\/es\\\/#organization\"},\"image\":{\"@id\":\"https:\\\/\\\/cardonaturisme.cat\\\/es\\\/el-castillo-de-cardona-estrena-una-visita-en-torno-a-la-navidad-medieval\\\/#primaryimage\"},\"thumbnailUrl\":\"https:\\\/\\\/cardonaturisme.cat\\\/wp-content\\\/uploads\\\/2024\\\/11\\\/DSC03270-scaled.jpg\",\"keywords\":[\"Cardona\",\"Castillo\",\"Colegiata San Vicente\",\"Navidad\"],\"articleSection\":[\"noticias\"],\"inLanguage\":\"es\"},{\"@type\":\"WebPage\",\"@id\":\"https:\\\/\\\/cardonaturisme.cat\\\/es\\\/el-castillo-de-cardona-estrena-una-visita-en-torno-a-la-navidad-medieval\\\/\",\"url\":\"https:\\\/\\\/cardonaturisme.cat\\\/es\\\/el-castillo-de-cardona-estrena-una-visita-en-torno-a-la-navidad-medieval\\\/\",\"name\":\"El Castillo de Cardona estrena una visita en torno a la Navidad Medieval - Cardona Turisme\",\"isPartOf\":{\"@id\":\"https:\\\/\\\/cardonaturisme.cat\\\/es\\\/#website\"},\"primaryImageOfPage\":{\"@id\":\"https:\\\/\\\/cardonaturisme.cat\\\/es\\\/el-castillo-de-cardona-estrena-una-visita-en-torno-a-la-navidad-medieval\\\/#primaryimage\"},\"image\":{\"@id\":\"https:\\\/\\\/cardonaturisme.cat\\\/es\\\/el-castillo-de-cardona-estrena-una-visita-en-torno-a-la-navidad-medieval\\\/#primaryimage\"},\"thumbnailUrl\":\"https:\\\/\\\/cardonaturisme.cat\\\/wp-content\\\/uploads\\\/2024\\\/11\\\/DSC03270-scaled.jpg\",\"datePublished\":\"2024-11-29T11:57:20+00:00\",\"dateModified\":\"2024-11-29T12:20:50+00:00\",\"breadcrumb\":{\"@id\":\"https:\\\/\\\/cardonaturisme.cat\\\/es\\\/el-castillo-de-cardona-estrena-una-visita-en-torno-a-la-navidad-medieval\\\/#breadcrumb\"},\"inLanguage\":\"es\",\"potentialAction\":[{\"@type\":\"ReadAction\",\"target\":[\"https:\\\/\\\/cardonaturisme.cat\\\/es\\\/el-castillo-de-cardona-estrena-una-visita-en-torno-a-la-navidad-medieval\\\/\"]}]},{\"@type\":\"ImageObject\",\"inLanguage\":\"es\",\"@id\":\"https:\\\/\\\/cardonaturisme.cat\\\/es\\\/el-castillo-de-cardona-estrena-una-visita-en-torno-a-la-navidad-medieval\\\/#primaryimage\",\"url\":\"https:\\\/\\\/cardonaturisme.cat\\\/wp-content\\\/uploads\\\/2024\\\/11\\\/DSC03270-scaled.jpg\",\"contentUrl\":\"https:\\\/\\\/cardonaturisme.cat\\\/wp-content\\\/uploads\\\/2024\\\/11\\\/DSC03270-scaled.jpg\",\"width\":2560,\"height\":1920,\"caption\":\"Foto de Montserrat Canal\"},{\"@type\":\"BreadcrumbList\",\"@id\":\"https:\\\/\\\/cardonaturisme.cat\\\/es\\\/el-castillo-de-cardona-estrena-una-visita-en-torno-a-la-navidad-medieval\\\/#breadcrumb\",\"itemListElement\":[{\"@type\":\"ListItem\",\"position\":1,\"name\":\"Inici\",\"item\":\"https:\\\/\\\/cardonaturisme.cat\\\/es\\\/\"},{\"@type\":\"ListItem\",\"position\":2,\"name\":\"El Castillo de Cardona estrena una visita en torno a la Navidad Medieval\"}]},{\"@type\":\"WebSite\",\"@id\":\"https:\\\/\\\/cardonaturisme.cat\\\/es\\\/#website\",\"url\":\"https:\\\/\\\/cardonaturisme.cat\\\/es\\\/\",\"name\":\"Cardona Turisme\",\"description\":\"La teva hist\u00f2ria\",\"publisher\":{\"@id\":\"https:\\\/\\\/cardonaturisme.cat\\\/es\\\/#organization\"},\"potentialAction\":[{\"@type\":\"SearchAction\",\"target\":{\"@type\":\"EntryPoint\",\"urlTemplate\":\"https:\\\/\\\/cardonaturisme.cat\\\/es\\\/?s={search_term_string}\"},\"query-input\":{\"@type\":\"PropertyValueSpecification\",\"valueRequired\":true,\"valueName\":\"search_term_string\"}}],\"inLanguage\":\"es\"},{\"@type\":\"Organization\",\"@id\":\"https:\\\/\\\/cardonaturisme.cat\\\/es\\\/#organization\",\"name\":\"Cardona Turisme\",\"url\":\"https:\\\/\\\/cardonaturisme.cat\\\/es\\\/\",\"logo\":{\"@type\":\"ImageObject\",\"inLanguage\":\"es\",\"@id\":\"https:\\\/\\\/cardonaturisme.cat\\\/es\\\/#\\\/schema\\\/logo\\\/image\\\/\",\"url\":\"https:\\\/\\\/cardonaturisme.cat\\\/wp-content\\\/uploads\\\/2023\\\/10\\\/logo-vermell-cardonaturisme.svg\",\"contentUrl\":\"https:\\\/\\\/cardonaturisme.cat\\\/wp-content\\\/uploads\\\/2023\\\/10\\\/logo-vermell-cardonaturisme.svg\",\"caption\":\"Cardona Turisme\"},\"image\":{\"@id\":\"https:\\\/\\\/cardonaturisme.cat\\\/es\\\/#\\\/schema\\\/logo\\\/image\\\/\"},\"sameAs\":[\"https:\\\/\\\/www.facebook.com\\\/p\\\/Fundaci-Cardona-Histrica-100063704192069\\\/\",\"https:\\\/\\\/x.com\\\/cardonaturisme\"]},{\"@type\":\"Person\",\"@id\":\"https:\\\/\\\/cardonaturisme.cat\\\/es\\\/#\\\/schema\\\/person\\\/cccbdde5ead58d9c50af1a3e0c8634b3\",\"name\":\"66b29c1e90\",\"image\":{\"@type\":\"ImageObject\",\"inLanguage\":\"es\",\"@id\":\"https:\\\/\\\/secure.gravatar.com\\\/avatar\\\/490c3f62b8705f2f6aa5373dae5c4613410536eb1a5fde4117b67d013cd4db49?s=96&d=mm&r=g\",\"url\":\"https:\\\/\\\/secure.gravatar.com\\\/avatar\\\/490c3f62b8705f2f6aa5373dae5c4613410536eb1a5fde4117b67d013cd4db49?s=96&d=mm&r=g\",\"contentUrl\":\"https:\\\/\\\/secure.gravatar.com\\\/avatar\\\/490c3f62b8705f2f6aa5373dae5c4613410536eb1a5fde4117b67d013cd4db49?s=96&d=mm&r=g\",\"caption\":\"66b29c1e90\"},\"sameAs\":[\"https:\\\/\\\/cardonaturisme.cat\"],\"url\":\"https:\\\/\\\/cardonaturisme.cat\\\/es\\\/author\\\/66b29c1e90\\\/\"}]}<\/script>\n<!-- \/ Yoast SEO plugin. -->","yoast_head_json":{"title":"El Castillo de Cardona estrena una visita en torno a la Navidad Medieval - Cardona Turisme","robots":{"index":"index","follow":"follow","max-snippet":"max-snippet:-1","max-image-preview":"max-image-preview:large","max-video-preview":"max-video-preview:-1"},"canonical":"https:\/\/cardonaturisme.cat\/es\/el-castillo-de-cardona-estrena-una-visita-en-torno-a-la-navidad-medieval\/","og_locale":"es_ES","og_type":"article","og_title":"El Castillo de Cardona estrena una visita en torno a la Navidad Medieval - Cardona Turisme","og_description":"La visita pone el foco en c\u00f3mo se viv\u00edan las fiestas de Navidad en el Castillo durante la \u00e9poca medieval y combina patrimonio, tradiciones y curiosidades Se podr\u00e1 realizar la visita del 6 de diciembre al 5 de enero El Castillo de Cardona ofrece una nueva visita especial Navidad que hace hincapi\u00e9 en c\u00f3mo se [&hellip;]","og_url":"https:\/\/cardonaturisme.cat\/es\/el-castillo-de-cardona-estrena-una-visita-en-torno-a-la-navidad-medieval\/","og_site_name":"Cardona Turisme","article_publisher":"https:\/\/www.facebook.com\/p\/Fundaci-Cardona-Histrica-100063704192069\/","article_published_time":"2024-11-29T11:57:20+00:00","article_modified_time":"2024-11-29T12:20:50+00:00","og_image":[{"width":2560,"height":1920,"url":"https:\/\/cardonaturisme.cat\/wp-content\/uploads\/2024\/11\/DSC03270-scaled.jpg","type":"image\/jpeg"}],"author":"66b29c1e90","twitter_card":"summary_large_image","twitter_creator":"@cardonaturisme","twitter_site":"@cardonaturisme","twitter_misc":{"Escrito por":"66b29c1e90","Tiempo de lectura":"1 minuto"},"schema":{"@context":"https:\/\/schema.org","@graph":[{"@type":"Article","@id":"https:\/\/cardonaturisme.cat\/es\/el-castillo-de-cardona-estrena-una-visita-en-torno-a-la-navidad-medieval\/#article","isPartOf":{"@id":"https:\/\/cardonaturisme.cat\/es\/el-castillo-de-cardona-estrena-una-visita-en-torno-a-la-navidad-medieval\/"},"author":{"name":"66b29c1e90","@id":"https:\/\/cardonaturisme.cat\/es\/#\/schema\/person\/cccbdde5ead58d9c50af1a3e0c8634b3"},"headline":"El Castillo de Cardona estrena una visita en torno a la Navidad Medieval","datePublished":"2024-11-29T11:57:20+00:00","dateModified":"2024-11-29T12:20:50+00:00","mainEntityOfPage":{"@id":"https:\/\/cardonaturisme.cat\/es\/el-castillo-de-cardona-estrena-una-visita-en-torno-a-la-navidad-medieval\/"},"wordCount":281,"publisher":{"@id":"https:\/\/cardonaturisme.cat\/es\/#organization"},"image":{"@id":"https:\/\/cardonaturisme.cat\/es\/el-castillo-de-cardona-estrena-una-visita-en-torno-a-la-navidad-medieval\/#primaryimage"},"thumbnailUrl":"https:\/\/cardonaturisme.cat\/wp-content\/uploads\/2024\/11\/DSC03270-scaled.jpg","keywords":["Cardona","Castillo","Colegiata San Vicente","Navidad"],"articleSection":["noticias"],"inLanguage":"es"},{"@type":"WebPage","@id":"https:\/\/cardonaturisme.cat\/es\/el-castillo-de-cardona-estrena-una-visita-en-torno-a-la-navidad-medieval\/","url":"https:\/\/cardonaturisme.cat\/es\/el-castillo-de-cardona-estrena-una-visita-en-torno-a-la-navidad-medieval\/","name":"El Castillo de Cardona estrena una visita en torno a la Navidad Medieval - Cardona Turisme","isPartOf":{"@id":"https:\/\/cardonaturisme.cat\/es\/#website"},"primaryImageOfPage":{"@id":"https:\/\/cardonaturisme.cat\/es\/el-castillo-de-cardona-estrena-una-visita-en-torno-a-la-navidad-medieval\/#primaryimage"},"image":{"@id":"https:\/\/cardonaturisme.cat\/es\/el-castillo-de-cardona-estrena-una-visita-en-torno-a-la-navidad-medieval\/#primaryimage"},"thumbnailUrl":"https:\/\/cardonaturisme.cat\/wp-content\/uploads\/2024\/11\/DSC03270-scaled.jpg","datePublished":"2024-11-29T11:57:20+00:00","dateModified":"2024-11-29T12:20:50+00:00","breadcrumb":{"@id":"https:\/\/cardonaturisme.cat\/es\/el-castillo-de-cardona-estrena-una-visita-en-torno-a-la-navidad-medieval\/#breadcrumb"},"inLanguage":"es","potentialAction":[{"@type":"ReadAction","target":["https:\/\/cardonaturisme.cat\/es\/el-castillo-de-cardona-estrena-una-visita-en-torno-a-la-navidad-medieval\/"]}]},{"@type":"ImageObject","inLanguage":"es","@id":"https:\/\/cardonaturisme.cat\/es\/el-castillo-de-cardona-estrena-una-visita-en-torno-a-la-navidad-medieval\/#primaryimage","url":"https:\/\/cardonaturisme.cat\/wp-content\/uploads\/2024\/11\/DSC03270-scaled.jpg","contentUrl":"https:\/\/cardonaturisme.cat\/wp-content\/uploads\/2024\/11\/DSC03270-scaled.jpg","width":2560,"height":1920,"caption":"Foto de Montserrat Canal"},{"@type":"BreadcrumbList","@id":"https:\/\/cardonaturisme.cat\/es\/el-castillo-de-cardona-estrena-una-visita-en-torno-a-la-navidad-medieval\/#breadcrumb","itemListElement":[{"@type":"ListItem","position":1,"name":"Inici","item":"https:\/\/cardonaturisme.cat\/es\/"},{"@type":"ListItem","position":2,"name":"El Castillo de Cardona estrena una visita en torno a la Navidad Medieval"}]},{"@type":"WebSite","@id":"https:\/\/cardonaturisme.cat\/es\/#website","url":"https:\/\/cardonaturisme.cat\/es\/","name":"Cardona Turisme","description":"La teva hist\u00f2ria","publisher":{"@id":"https:\/\/cardonaturisme.cat\/es\/#organization"},"potentialAction":[{"@type":"SearchAction","target":{"@type":"EntryPoint","urlTemplate":"https:\/\/cardonaturisme.cat\/es\/?s={search_term_string}"},"query-input":{"@type":"PropertyValueSpecification","valueRequired":true,"valueName":"search_term_string"}}],"inLanguage":"es"},{"@type":"Organization","@id":"https:\/\/cardonaturisme.cat\/es\/#organization","name":"Cardona Turisme","url":"https:\/\/cardonaturisme.cat\/es\/","logo":{"@type":"ImageObject","inLanguage":"es","@id":"https:\/\/cardonaturisme.cat\/es\/#\/schema\/logo\/image\/","url":"https:\/\/cardonaturisme.cat\/wp-content\/uploads\/2023\/10\/logo-vermell-cardonaturisme.svg","contentUrl":"https:\/\/cardonaturisme.cat\/wp-content\/uploads\/2023\/10\/logo-vermell-cardonaturisme.svg","caption":"Cardona Turisme"},"image":{"@id":"https:\/\/cardonaturisme.cat\/es\/#\/schema\/logo\/image\/"},"sameAs":["https:\/\/www.facebook.com\/p\/Fundaci-Cardona-Histrica-100063704192069\/","https:\/\/x.com\/cardonaturisme"]},{"@type":"Person","@id":"https:\/\/cardonaturisme.cat\/es\/#\/schema\/person\/cccbdde5ead58d9c50af1a3e0c8634b3","name":"66b29c1e90","image":{"@type":"ImageObject","inLanguage":"es","@id":"https:\/\/secure.gravatar.com\/avatar\/490c3f62b8705f2f6aa5373dae5c4613410536eb1a5fde4117b67d013cd4db49?s=96&d=mm&r=g","url":"https:\/\/secure.gravatar.com\/avatar\/490c3f62b8705f2f6aa5373dae5c4613410536eb1a5fde4117b67d013cd4db49?s=96&d=mm&r=g","contentUrl":"https:\/\/secure.gravatar.com\/avatar\/490c3f62b8705f2f6aa5373dae5c4613410536eb1a5fde4117b67d013cd4db49?s=96&d=mm&r=g","caption":"66b29c1e90"},"sameAs":["https:\/\/cardonaturisme.cat"],"url":"https:\/\/cardonaturisme.cat\/es\/author\/66b29c1e90\/"}]}},"_links":{"self":[{"href":"https:\/\/cardonaturisme.cat\/es\/wp-json\/wp\/v2\/posts\/17481","targetHints":{"allow":["GET"]}}],"collection":[{"href":"https:\/\/cardonaturisme.cat\/es\/wp-json\/wp\/v2\/posts"}],"about":[{"href":"https:\/\/cardonaturisme.cat\/es\/wp-json\/wp\/v2\/types\/post"}],"author":[{"embeddable":true,"href":"https:\/\/cardonaturisme.cat\/es\/wp-json\/wp\/v2\/users\/1"}],"replies":[{"embeddable":true,"href":"https:\/\/cardonaturisme.cat\/es\/wp-json\/wp\/v2\/comments?post=17481"}],"version-history":[{"count":1,"href":"https:\/\/cardonaturisme.cat\/es\/wp-json\/wp\/v2\/posts\/17481\/revisions"}],"predecessor-version":[{"id":17482,"href":"https:\/\/cardonaturisme.cat\/es\/wp-json\/wp\/v2\/posts\/17481\/revisions\/17482"}],"wp:featuredmedia":[{"embeddable":true,"href":"https:\/\/cardonaturisme.cat\/es\/wp-json\/wp\/v2\/media\/17477"}],"wp:attachment":[{"href":"https:\/\/cardonaturisme.cat\/es\/wp-json\/wp\/v2\/media?parent=17481"}],"wp:term":[{"taxonomy":"category","embeddable":true,"href":"https:\/\/cardonaturisme.cat\/es\/wp-json\/wp\/v2\/categories?post=17481"},{"taxonomy":"post_tag","embeddable":true,"href":"https:\/\/cardonaturisme.cat\/es\/wp-json\/wp\/v2\/tags?post=17481"}],"curies":[{"name":"wp","href":"https:\/\/api.w.org\/{rel}","templated":true}]}}