{"id":17404,"date":"2024-10-30T16:27:43","date_gmt":"2024-10-30T15:27:43","guid":{"rendered":"https:\/\/cardonaturisme.cat\/?p=17404"},"modified":"2024-10-30T16:29:19","modified_gmt":"2024-10-30T15:29:19","slug":"la-montana-de-sal-protagonista-del-nuevo-programa-de-rtve-espacios-naturales-espectaculares","status":"publish","type":"post","link":"https:\/\/cardonaturisme.cat\/es\/la-montana-de-sal-protagonista-del-nuevo-programa-de-rtve-espacios-naturales-espectaculares\/","title":{"rendered":"La Monta\u00f1a de Sal, protagonista del nuevo programa de RTVE \u201cEspacios naturales espectaculares\u201d"},"content":{"rendered":"\n<h4 class=\"wp-block-heading\">El 30 de octubre, a partir de las 16:30h, RTVE (Grandes Documentales de la 2) estrena una nueva serie documental que muestra la riqueza natural y geol\u00f3gica de los paisajes espa\u00f1oles, entre ellos la Monta\u00f1a de Sal de Cardona, que aparecer\u00e1 en el primer programa.<\/h4>\n\n\n\n<p>\u201c<a href=\"https:\/\/www.rtve.es\/play\/videos\/espacios-naturales-espectaculares\/\">Espacios naturales espectaculares<\/a>\u201d propone un viaje por toda Espa\u00f1a para descubrir los rincones m\u00e1s bellos y sorprendentes. Durante los 9 cap\u00edtulos de la serie se visitar\u00e1n 80 espacios naturales de belleza sorprendente.<\/p>\n\n\n\n<p>El equipo del programa ha recorrido m\u00e1s de 20.000 km durante tres a\u00f1os captando la belleza de algunos de los espacios naturales de Espa\u00f1a.<\/p>\n\n\n\n<p>Junto con el Monte de Sal de Cardona aparecen paisajes como el Teide, la muralla de Ventanas, Monfrag\u00fce, la Siberia extreme\u00f1a, la Costa Quebrada, los bosques de Irati o el Delta del Ebro, entre otros.<\/p>\n\n\n\n<p>La serie pr\u00f3ximamente se emitir\u00e1 en Portugal y Croacia.<\/p>\n\n\n\n<h4 class=\"wp-block-heading\"><strong>El diapiro de Cardona, un lugar \u00fanico en el mundo<\/strong><\/h4>\n\n\n\n<p>La Monta\u00f1a de Sal es un fen\u00f3meno natural \u00fanico en el mundo y todav\u00eda hoy crece a medida que la lluvia la erosiona. Sus 120 metros son s\u00f3lo la punta de un enorme diapiro de cerca de dos kil\u00f3metros de profundidad. Su excepcionalidad y espectacularidad es lo que ha atra\u00eddo a la BBC.<\/p>\n\n\n\n<p>Durante a\u00f1os, el macizo salino se convirti\u00f3 en una de las minas de sal pot\u00e1sica m\u00e1s importantes del mundo, Mina Nieves de Cardona (1929-1990). El viejo recinto minero es hoy el Parque Cultural de la Monta\u00f1a de Sal, un gran equipamiento que divulga la importancia de la sal, la excepcionalidad geol\u00f3gica del yacimiento y el aprovechamiento que el ser humano ha hecho de este recurso natural durante siglos.<\/p>\n\n\n\n<p>Trailer del programa: <a href=\"https:\/\/youtu.be\/wk4gafwpSpc?si=zUBXVTVqZsZAPoW1\">https:\/\/youtu.be\/wk4gafwpSpc?si=zUBXVTVqZsZAPoW1<\/a><\/p>\n","protected":false},"excerpt":{"rendered":"<p>El 30 de octubre, a partir de las 16:30h, RTVE (Grandes Documentales de la 2) estrena una nueva serie documental que muestra la riqueza natural y geol\u00f3gica de los paisajes espa\u00f1oles, entre ellos la Monta\u00f1a de Sal de Cardona, que aparecer\u00e1 en el primer programa. \u201cEspacios naturales espectaculares\u201d propone un viaje por toda Espa\u00f1a para [&hellip;]<\/p>\n","protected":false},"author":1,"featured_media":17401,"comment_status":"closed","ping_status":"closed","sticky":false,"template":"","format":"standard","meta":{"_acf_changed":false,"footnotes":""},"categories":[56],"tags":[],"class_list":["post-17404","post","type-post","status-publish","format-standard","has-post-thumbnail","hentry","category-sin-categorizar"],"acf":[],"yoast_head":"<!-- This site is optimized with the Yoast SEO plugin v27.4 - https:\/\/yoast.com\/product\/yoast-seo-wordpress\/ -->\n<title>La Monta\u00f1a de Sal, protagonista del nuevo programa de RTVE \u201cEspacios naturales espectaculares\u201d - Cardona Turisme<\/title>\n<meta name=\"robots\" content=\"index, follow, max-snippet:-1, max-image-preview:large, max-video-preview:-1\" \/>\n<link rel=\"canonical\" href=\"https:\/\/cardonaturisme.cat\/es\/la-montana-de-sal-protagonista-del-nuevo-programa-de-rtve-espacios-naturales-espectaculares\/\" \/>\n<meta property=\"og:locale\" content=\"es_ES\" \/>\n<meta property=\"og:type\" content=\"article\" \/>\n<meta property=\"og:title\" content=\"La Monta\u00f1a de Sal, protagonista del nuevo programa de RTVE \u201cEspacios naturales espectaculares\u201d - Cardona Turisme\" \/>\n<meta property=\"og:description\" content=\"El 30 de octubre, a partir de las 16:30h, RTVE (Grandes Documentales de la 2) estrena una nueva serie documental que muestra la riqueza natural y geol\u00f3gica de los paisajes espa\u00f1oles, entre ellos la Monta\u00f1a de Sal de Cardona, que aparecer\u00e1 en el primer programa. \u201cEspacios naturales espectaculares\u201d propone un viaje por toda Espa\u00f1a para [&hellip;]\" \/>\n<meta property=\"og:url\" content=\"https:\/\/cardonaturisme.cat\/es\/la-montana-de-sal-protagonista-del-nuevo-programa-de-rtve-espacios-naturales-espectaculares\/\" \/>\n<meta property=\"og:site_name\" content=\"Cardona Turisme\" \/>\n<meta property=\"article:publisher\" content=\"https:\/\/www.facebook.com\/p\/Fundaci-Cardona-Histrica-100063704192069\/\" \/>\n<meta property=\"article:published_time\" content=\"2024-10-30T15:27:43+00:00\" \/>\n<meta property=\"article:modified_time\" content=\"2024-10-30T15:29:19+00:00\" \/>\n<meta property=\"og:image\" content=\"https:\/\/cardonaturisme.cat\/wp-content\/uploads\/2024\/10\/GCC04_muntanya_de_sal_cardona_CF-5268-scaled.jpg\" \/>\n\t<meta property=\"og:image:width\" content=\"2560\" \/>\n\t<meta property=\"og:image:height\" content=\"1703\" \/>\n\t<meta property=\"og:image:type\" content=\"image\/jpeg\" \/>\n<meta name=\"author\" content=\"66b29c1e90\" \/>\n<meta name=\"twitter:card\" content=\"summary_large_image\" \/>\n<meta name=\"twitter:creator\" content=\"@cardonaturisme\" \/>\n<meta name=\"twitter:site\" content=\"@cardonaturisme\" \/>\n<meta name=\"twitter:label1\" content=\"Escrito por\" \/>\n\t<meta name=\"twitter:data1\" content=\"66b29c1e90\" \/>\n\t<meta name=\"twitter:label2\" content=\"Tiempo de lectura\" \/>\n\t<meta name=\"twitter:data2\" content=\"2 minutos\" \/>\n<script type=\"application\/ld+json\" class=\"yoast-schema-graph\">{\"@context\":\"https:\\\/\\\/schema.org\",\"@graph\":[{\"@type\":\"Article\",\"@id\":\"https:\\\/\\\/cardonaturisme.cat\\\/es\\\/la-montana-de-sal-protagonista-del-nuevo-programa-de-rtve-espacios-naturales-espectaculares\\\/#article\",\"isPartOf\":{\"@id\":\"https:\\\/\\\/cardonaturisme.cat\\\/es\\\/la-montana-de-sal-protagonista-del-nuevo-programa-de-rtve-espacios-naturales-espectaculares\\\/\"},\"author\":{\"name\":\"66b29c1e90\",\"@id\":\"https:\\\/\\\/cardonaturisme.cat\\\/es\\\/#\\\/schema\\\/person\\\/cccbdde5ead58d9c50af1a3e0c8634b3\"},\"headline\":\"La Monta\u00f1a de Sal, protagonista del nuevo programa de RTVE \u201cEspacios naturales espectaculares\u201d\",\"datePublished\":\"2024-10-30T15:27:43+00:00\",\"dateModified\":\"2024-10-30T15:29:19+00:00\",\"mainEntityOfPage\":{\"@id\":\"https:\\\/\\\/cardonaturisme.cat\\\/es\\\/la-montana-de-sal-protagonista-del-nuevo-programa-de-rtve-espacios-naturales-espectaculares\\\/\"},\"wordCount\":318,\"publisher\":{\"@id\":\"https:\\\/\\\/cardonaturisme.cat\\\/es\\\/#organization\"},\"image\":{\"@id\":\"https:\\\/\\\/cardonaturisme.cat\\\/es\\\/la-montana-de-sal-protagonista-del-nuevo-programa-de-rtve-espacios-naturales-espectaculares\\\/#primaryimage\"},\"thumbnailUrl\":\"https:\\\/\\\/cardonaturisme.cat\\\/wp-content\\\/uploads\\\/2024\\\/10\\\/GCC04_muntanya_de_sal_cardona_CF-5268-scaled.jpg\",\"articleSection\":[\"Sin categorizar\"],\"inLanguage\":\"es\"},{\"@type\":\"WebPage\",\"@id\":\"https:\\\/\\\/cardonaturisme.cat\\\/es\\\/la-montana-de-sal-protagonista-del-nuevo-programa-de-rtve-espacios-naturales-espectaculares\\\/\",\"url\":\"https:\\\/\\\/cardonaturisme.cat\\\/es\\\/la-montana-de-sal-protagonista-del-nuevo-programa-de-rtve-espacios-naturales-espectaculares\\\/\",\"name\":\"La Monta\u00f1a de Sal, protagonista del nuevo programa de RTVE \u201cEspacios naturales espectaculares\u201d - Cardona Turisme\",\"isPartOf\":{\"@id\":\"https:\\\/\\\/cardonaturisme.cat\\\/es\\\/#website\"},\"primaryImageOfPage\":{\"@id\":\"https:\\\/\\\/cardonaturisme.cat\\\/es\\\/la-montana-de-sal-protagonista-del-nuevo-programa-de-rtve-espacios-naturales-espectaculares\\\/#primaryimage\"},\"image\":{\"@id\":\"https:\\\/\\\/cardonaturisme.cat\\\/es\\\/la-montana-de-sal-protagonista-del-nuevo-programa-de-rtve-espacios-naturales-espectaculares\\\/#primaryimage\"},\"thumbnailUrl\":\"https:\\\/\\\/cardonaturisme.cat\\\/wp-content\\\/uploads\\\/2024\\\/10\\\/GCC04_muntanya_de_sal_cardona_CF-5268-scaled.jpg\",\"datePublished\":\"2024-10-30T15:27:43+00:00\",\"dateModified\":\"2024-10-30T15:29:19+00:00\",\"breadcrumb\":{\"@id\":\"https:\\\/\\\/cardonaturisme.cat\\\/es\\\/la-montana-de-sal-protagonista-del-nuevo-programa-de-rtve-espacios-naturales-espectaculares\\\/#breadcrumb\"},\"inLanguage\":\"es\",\"potentialAction\":[{\"@type\":\"ReadAction\",\"target\":[\"https:\\\/\\\/cardonaturisme.cat\\\/es\\\/la-montana-de-sal-protagonista-del-nuevo-programa-de-rtve-espacios-naturales-espectaculares\\\/\"]}]},{\"@type\":\"ImageObject\",\"inLanguage\":\"es\",\"@id\":\"https:\\\/\\\/cardonaturisme.cat\\\/es\\\/la-montana-de-sal-protagonista-del-nuevo-programa-de-rtve-espacios-naturales-espectaculares\\\/#primaryimage\",\"url\":\"https:\\\/\\\/cardonaturisme.cat\\\/wp-content\\\/uploads\\\/2024\\\/10\\\/GCC04_muntanya_de_sal_cardona_CF-5268-scaled.jpg\",\"contentUrl\":\"https:\\\/\\\/cardonaturisme.cat\\\/wp-content\\\/uploads\\\/2024\\\/10\\\/GCC04_muntanya_de_sal_cardona_CF-5268-scaled.jpg\",\"width\":2560,\"height\":1703},{\"@type\":\"BreadcrumbList\",\"@id\":\"https:\\\/\\\/cardonaturisme.cat\\\/es\\\/la-montana-de-sal-protagonista-del-nuevo-programa-de-rtve-espacios-naturales-espectaculares\\\/#breadcrumb\",\"itemListElement\":[{\"@type\":\"ListItem\",\"position\":1,\"name\":\"Inici\",\"item\":\"https:\\\/\\\/cardonaturisme.cat\\\/es\\\/\"},{\"@type\":\"ListItem\",\"position\":2,\"name\":\"La Monta\u00f1a de Sal, protagonista del nuevo programa de RTVE \u201cEspacios naturales espectaculares\u201d\"}]},{\"@type\":\"WebSite\",\"@id\":\"https:\\\/\\\/cardonaturisme.cat\\\/es\\\/#website\",\"url\":\"https:\\\/\\\/cardonaturisme.cat\\\/es\\\/\",\"name\":\"Cardona Turisme\",\"description\":\"La teva hist\u00f2ria\",\"publisher\":{\"@id\":\"https:\\\/\\\/cardonaturisme.cat\\\/es\\\/#organization\"},\"potentialAction\":[{\"@type\":\"SearchAction\",\"target\":{\"@type\":\"EntryPoint\",\"urlTemplate\":\"https:\\\/\\\/cardonaturisme.cat\\\/es\\\/?s={search_term_string}\"},\"query-input\":{\"@type\":\"PropertyValueSpecification\",\"valueRequired\":true,\"valueName\":\"search_term_string\"}}],\"inLanguage\":\"es\"},{\"@type\":\"Organization\",\"@id\":\"https:\\\/\\\/cardonaturisme.cat\\\/es\\\/#organization\",\"name\":\"Cardona Turisme\",\"url\":\"https:\\\/\\\/cardonaturisme.cat\\\/es\\\/\",\"logo\":{\"@type\":\"ImageObject\",\"inLanguage\":\"es\",\"@id\":\"https:\\\/\\\/cardonaturisme.cat\\\/es\\\/#\\\/schema\\\/logo\\\/image\\\/\",\"url\":\"https:\\\/\\\/cardonaturisme.cat\\\/wp-content\\\/uploads\\\/2023\\\/10\\\/logo-vermell-cardonaturisme.svg\",\"contentUrl\":\"https:\\\/\\\/cardonaturisme.cat\\\/wp-content\\\/uploads\\\/2023\\\/10\\\/logo-vermell-cardonaturisme.svg\",\"caption\":\"Cardona Turisme\"},\"image\":{\"@id\":\"https:\\\/\\\/cardonaturisme.cat\\\/es\\\/#\\\/schema\\\/logo\\\/image\\\/\"},\"sameAs\":[\"https:\\\/\\\/www.facebook.com\\\/p\\\/Fundaci-Cardona-Histrica-100063704192069\\\/\",\"https:\\\/\\\/x.com\\\/cardonaturisme\"]},{\"@type\":\"Person\",\"@id\":\"https:\\\/\\\/cardonaturisme.cat\\\/es\\\/#\\\/schema\\\/person\\\/cccbdde5ead58d9c50af1a3e0c8634b3\",\"name\":\"66b29c1e90\",\"image\":{\"@type\":\"ImageObject\",\"inLanguage\":\"es\",\"@id\":\"https:\\\/\\\/secure.gravatar.com\\\/avatar\\\/490c3f62b8705f2f6aa5373dae5c4613410536eb1a5fde4117b67d013cd4db49?s=96&d=mm&r=g\",\"url\":\"https:\\\/\\\/secure.gravatar.com\\\/avatar\\\/490c3f62b8705f2f6aa5373dae5c4613410536eb1a5fde4117b67d013cd4db49?s=96&d=mm&r=g\",\"contentUrl\":\"https:\\\/\\\/secure.gravatar.com\\\/avatar\\\/490c3f62b8705f2f6aa5373dae5c4613410536eb1a5fde4117b67d013cd4db49?s=96&d=mm&r=g\",\"caption\":\"66b29c1e90\"},\"sameAs\":[\"https:\\\/\\\/cardonaturisme.cat\"],\"url\":\"https:\\\/\\\/cardonaturisme.cat\\\/es\\\/author\\\/66b29c1e90\\\/\"}]}<\/script>\n<!-- \/ Yoast SEO plugin. -->","yoast_head_json":{"title":"La Monta\u00f1a de Sal, protagonista del nuevo programa de RTVE \u201cEspacios naturales espectaculares\u201d - Cardona Turisme","robots":{"index":"index","follow":"follow","max-snippet":"max-snippet:-1","max-image-preview":"max-image-preview:large","max-video-preview":"max-video-preview:-1"},"canonical":"https:\/\/cardonaturisme.cat\/es\/la-montana-de-sal-protagonista-del-nuevo-programa-de-rtve-espacios-naturales-espectaculares\/","og_locale":"es_ES","og_type":"article","og_title":"La Monta\u00f1a de Sal, protagonista del nuevo programa de RTVE \u201cEspacios naturales espectaculares\u201d - Cardona Turisme","og_description":"El 30 de octubre, a partir de las 16:30h, RTVE (Grandes Documentales de la 2) estrena una nueva serie documental que muestra la riqueza natural y geol\u00f3gica de los paisajes espa\u00f1oles, entre ellos la Monta\u00f1a de Sal de Cardona, que aparecer\u00e1 en el primer programa. \u201cEspacios naturales espectaculares\u201d propone un viaje por toda Espa\u00f1a para [&hellip;]","og_url":"https:\/\/cardonaturisme.cat\/es\/la-montana-de-sal-protagonista-del-nuevo-programa-de-rtve-espacios-naturales-espectaculares\/","og_site_name":"Cardona Turisme","article_publisher":"https:\/\/www.facebook.com\/p\/Fundaci-Cardona-Histrica-100063704192069\/","article_published_time":"2024-10-30T15:27:43+00:00","article_modified_time":"2024-10-30T15:29:19+00:00","og_image":[{"width":2560,"height":1703,"url":"https:\/\/cardonaturisme.cat\/wp-content\/uploads\/2024\/10\/GCC04_muntanya_de_sal_cardona_CF-5268-scaled.jpg","type":"image\/jpeg"}],"author":"66b29c1e90","twitter_card":"summary_large_image","twitter_creator":"@cardonaturisme","twitter_site":"@cardonaturisme","twitter_misc":{"Escrito por":"66b29c1e90","Tiempo de lectura":"2 minutos"},"schema":{"@context":"https:\/\/schema.org","@graph":[{"@type":"Article","@id":"https:\/\/cardonaturisme.cat\/es\/la-montana-de-sal-protagonista-del-nuevo-programa-de-rtve-espacios-naturales-espectaculares\/#article","isPartOf":{"@id":"https:\/\/cardonaturisme.cat\/es\/la-montana-de-sal-protagonista-del-nuevo-programa-de-rtve-espacios-naturales-espectaculares\/"},"author":{"name":"66b29c1e90","@id":"https:\/\/cardonaturisme.cat\/es\/#\/schema\/person\/cccbdde5ead58d9c50af1a3e0c8634b3"},"headline":"La Monta\u00f1a de Sal, protagonista del nuevo programa de RTVE \u201cEspacios naturales espectaculares\u201d","datePublished":"2024-10-30T15:27:43+00:00","dateModified":"2024-10-30T15:29:19+00:00","mainEntityOfPage":{"@id":"https:\/\/cardonaturisme.cat\/es\/la-montana-de-sal-protagonista-del-nuevo-programa-de-rtve-espacios-naturales-espectaculares\/"},"wordCount":318,"publisher":{"@id":"https:\/\/cardonaturisme.cat\/es\/#organization"},"image":{"@id":"https:\/\/cardonaturisme.cat\/es\/la-montana-de-sal-protagonista-del-nuevo-programa-de-rtve-espacios-naturales-espectaculares\/#primaryimage"},"thumbnailUrl":"https:\/\/cardonaturisme.cat\/wp-content\/uploads\/2024\/10\/GCC04_muntanya_de_sal_cardona_CF-5268-scaled.jpg","articleSection":["Sin categorizar"],"inLanguage":"es"},{"@type":"WebPage","@id":"https:\/\/cardonaturisme.cat\/es\/la-montana-de-sal-protagonista-del-nuevo-programa-de-rtve-espacios-naturales-espectaculares\/","url":"https:\/\/cardonaturisme.cat\/es\/la-montana-de-sal-protagonista-del-nuevo-programa-de-rtve-espacios-naturales-espectaculares\/","name":"La Monta\u00f1a de Sal, protagonista del nuevo programa de RTVE \u201cEspacios naturales espectaculares\u201d - Cardona Turisme","isPartOf":{"@id":"https:\/\/cardonaturisme.cat\/es\/#website"},"primaryImageOfPage":{"@id":"https:\/\/cardonaturisme.cat\/es\/la-montana-de-sal-protagonista-del-nuevo-programa-de-rtve-espacios-naturales-espectaculares\/#primaryimage"},"image":{"@id":"https:\/\/cardonaturisme.cat\/es\/la-montana-de-sal-protagonista-del-nuevo-programa-de-rtve-espacios-naturales-espectaculares\/#primaryimage"},"thumbnailUrl":"https:\/\/cardonaturisme.cat\/wp-content\/uploads\/2024\/10\/GCC04_muntanya_de_sal_cardona_CF-5268-scaled.jpg","datePublished":"2024-10-30T15:27:43+00:00","dateModified":"2024-10-30T15:29:19+00:00","breadcrumb":{"@id":"https:\/\/cardonaturisme.cat\/es\/la-montana-de-sal-protagonista-del-nuevo-programa-de-rtve-espacios-naturales-espectaculares\/#breadcrumb"},"inLanguage":"es","potentialAction":[{"@type":"ReadAction","target":["https:\/\/cardonaturisme.cat\/es\/la-montana-de-sal-protagonista-del-nuevo-programa-de-rtve-espacios-naturales-espectaculares\/"]}]},{"@type":"ImageObject","inLanguage":"es","@id":"https:\/\/cardonaturisme.cat\/es\/la-montana-de-sal-protagonista-del-nuevo-programa-de-rtve-espacios-naturales-espectaculares\/#primaryimage","url":"https:\/\/cardonaturisme.cat\/wp-content\/uploads\/2024\/10\/GCC04_muntanya_de_sal_cardona_CF-5268-scaled.jpg","contentUrl":"https:\/\/cardonaturisme.cat\/wp-content\/uploads\/2024\/10\/GCC04_muntanya_de_sal_cardona_CF-5268-scaled.jpg","width":2560,"height":1703},{"@type":"BreadcrumbList","@id":"https:\/\/cardonaturisme.cat\/es\/la-montana-de-sal-protagonista-del-nuevo-programa-de-rtve-espacios-naturales-espectaculares\/#breadcrumb","itemListElement":[{"@type":"ListItem","position":1,"name":"Inici","item":"https:\/\/cardonaturisme.cat\/es\/"},{"@type":"ListItem","position":2,"name":"La Monta\u00f1a de Sal, protagonista del nuevo programa de RTVE \u201cEspacios naturales espectaculares\u201d"}]},{"@type":"WebSite","@id":"https:\/\/cardonaturisme.cat\/es\/#website","url":"https:\/\/cardonaturisme.cat\/es\/","name":"Cardona Turisme","description":"La teva hist\u00f2ria","publisher":{"@id":"https:\/\/cardonaturisme.cat\/es\/#organization"},"potentialAction":[{"@type":"SearchAction","target":{"@type":"EntryPoint","urlTemplate":"https:\/\/cardonaturisme.cat\/es\/?s={search_term_string}"},"query-input":{"@type":"PropertyValueSpecification","valueRequired":true,"valueName":"search_term_string"}}],"inLanguage":"es"},{"@type":"Organization","@id":"https:\/\/cardonaturisme.cat\/es\/#organization","name":"Cardona Turisme","url":"https:\/\/cardonaturisme.cat\/es\/","logo":{"@type":"ImageObject","inLanguage":"es","@id":"https:\/\/cardonaturisme.cat\/es\/#\/schema\/logo\/image\/","url":"https:\/\/cardonaturisme.cat\/wp-content\/uploads\/2023\/10\/logo-vermell-cardonaturisme.svg","contentUrl":"https:\/\/cardonaturisme.cat\/wp-content\/uploads\/2023\/10\/logo-vermell-cardonaturisme.svg","caption":"Cardona Turisme"},"image":{"@id":"https:\/\/cardonaturisme.cat\/es\/#\/schema\/logo\/image\/"},"sameAs":["https:\/\/www.facebook.com\/p\/Fundaci-Cardona-Histrica-100063704192069\/","https:\/\/x.com\/cardonaturisme"]},{"@type":"Person","@id":"https:\/\/cardonaturisme.cat\/es\/#\/schema\/person\/cccbdde5ead58d9c50af1a3e0c8634b3","name":"66b29c1e90","image":{"@type":"ImageObject","inLanguage":"es","@id":"https:\/\/secure.gravatar.com\/avatar\/490c3f62b8705f2f6aa5373dae5c4613410536eb1a5fde4117b67d013cd4db49?s=96&d=mm&r=g","url":"https:\/\/secure.gravatar.com\/avatar\/490c3f62b8705f2f6aa5373dae5c4613410536eb1a5fde4117b67d013cd4db49?s=96&d=mm&r=g","contentUrl":"https:\/\/secure.gravatar.com\/avatar\/490c3f62b8705f2f6aa5373dae5c4613410536eb1a5fde4117b67d013cd4db49?s=96&d=mm&r=g","caption":"66b29c1e90"},"sameAs":["https:\/\/cardonaturisme.cat"],"url":"https:\/\/cardonaturisme.cat\/es\/author\/66b29c1e90\/"}]}},"_links":{"self":[{"href":"https:\/\/cardonaturisme.cat\/es\/wp-json\/wp\/v2\/posts\/17404","targetHints":{"allow":["GET"]}}],"collection":[{"href":"https:\/\/cardonaturisme.cat\/es\/wp-json\/wp\/v2\/posts"}],"about":[{"href":"https:\/\/cardonaturisme.cat\/es\/wp-json\/wp\/v2\/types\/post"}],"author":[{"embeddable":true,"href":"https:\/\/cardonaturisme.cat\/es\/wp-json\/wp\/v2\/users\/1"}],"replies":[{"embeddable":true,"href":"https:\/\/cardonaturisme.cat\/es\/wp-json\/wp\/v2\/comments?post=17404"}],"version-history":[{"count":1,"href":"https:\/\/cardonaturisme.cat\/es\/wp-json\/wp\/v2\/posts\/17404\/revisions"}],"predecessor-version":[{"id":17405,"href":"https:\/\/cardonaturisme.cat\/es\/wp-json\/wp\/v2\/posts\/17404\/revisions\/17405"}],"wp:featuredmedia":[{"embeddable":true,"href":"https:\/\/cardonaturisme.cat\/es\/wp-json\/wp\/v2\/media\/17401"}],"wp:attachment":[{"href":"https:\/\/cardonaturisme.cat\/es\/wp-json\/wp\/v2\/media?parent=17404"}],"wp:term":[{"taxonomy":"category","embeddable":true,"href":"https:\/\/cardonaturisme.cat\/es\/wp-json\/wp\/v2\/categories?post=17404"},{"taxonomy":"post_tag","embeddable":true,"href":"https:\/\/cardonaturisme.cat\/es\/wp-json\/wp\/v2\/tags?post=17404"}],"curies":[{"name":"wp","href":"https:\/\/api.w.org\/{rel}","templated":true}]}}