{"id":16746,"date":"2023-11-29T10:47:03","date_gmt":"2023-11-29T09:47:03","guid":{"rendered":"https:\/\/cardonaturisme.cat\/?p=16746"},"modified":"2024-10-02T18:15:56","modified_gmt":"2024-10-02T16:15:56","slug":"cardona-prepara-un-documental-historico-sobre-la-mina-de-sal","status":"publish","type":"post","link":"https:\/\/cardonaturisme.cat\/es\/cardona-prepara-un-documental-historico-sobre-la-mina-de-sal\/","title":{"rendered":"Cardona prepara un documental hist\u00f3rico sobre la Mina de Sal"},"content":{"rendered":"\n<p>La Fundaci\u00f3n Cardona Hist\u00f3rica y el Archivo Hist\u00f3rico de Cardona est\u00e1n preparando la realizaci\u00f3n de un documental sobre las condiciones t\u00e9cnicas, laborales y socioecon\u00f3micas de las personas que trabajaron en la Mina Nieves de Cardona, que estuvo en funcionamiento entre 1929 y el 1990.<\/p>\n\n\n\n<p>El objetivo es recuperar, preservar y difundir informaci\u00f3n y testimonios de esa \u00e9poca esencial de la historia contempor\u00e1nea de Cardona. El documental tambi\u00e9n permitir\u00e1 abordar el per\u00edodo de la Transici\u00f3n democr\u00e1tica y las luchas sindicales asociadas a las condiciones de trabajo de la mina.<\/p>\n\n\n\n<p>De acuerdo con ello, se entrevistar\u00e1n a personas que estuvieron vinculadas a la explotaci\u00f3n de sales pot\u00e1sicas que la empresa&nbsp;<em>Uni\u00f3n Espa\u00f1ola de explosivos<\/em>&nbsp;hizo en Cardona como, por ejemplo, ingenieros, mineros, l\u00edderes sindicales, administrativos o m\u00e9dicos, entre otros.<\/p>\n\n\n\n<p>El estreno del documental previsto para julio de 2024 coincide con la triste efem\u00e9ride de los 50 a\u00f1os del accidente del ascensor del Pozo Alberto en el que perdieron la vida cuatro mineros.<\/p>\n\n\n\n<p>El documental cuenta con una ayuda del Memorial Democr\u00e1tico de la Generalitat de Catalu\u00f1a.<\/p>\n","protected":false},"excerpt":{"rendered":"<p>La Fundaci\u00f3n Cardona Hist\u00f3rica y el Archivo Hist\u00f3rico de Cardona est\u00e1n preparando la realizaci\u00f3n de un documental sobre las condiciones t\u00e9cnicas, laborales y socioecon\u00f3micas de las personas que trabajaron en la Mina Nieves de Cardona, que estuvo en funcionamiento entre 1929 y el 1990. El objetivo es recuperar, preservar y difundir informaci\u00f3n y testimonios de [&hellip;]<\/p>\n","protected":false},"author":1,"featured_media":16744,"comment_status":"closed","ping_status":"closed","sticky":false,"template":"","format":"standard","meta":{"_acf_changed":false,"footnotes":""},"categories":[56],"tags":[],"class_list":["post-16746","post","type-post","status-publish","format-standard","has-post-thumbnail","hentry","category-sin-categorizar"],"acf":[],"yoast_head":"<!-- This site is optimized with the Yoast SEO plugin v27.4 - https:\/\/yoast.com\/product\/yoast-seo-wordpress\/ -->\n<title>Cardona prepara un documental hist\u00f3rico sobre la Mina de Sal - Cardona Turisme<\/title>\n<meta name=\"robots\" content=\"index, follow, max-snippet:-1, max-image-preview:large, max-video-preview:-1\" \/>\n<link rel=\"canonical\" href=\"https:\/\/cardonaturisme.cat\/es\/cardona-prepara-un-documental-historico-sobre-la-mina-de-sal\/\" \/>\n<meta property=\"og:locale\" content=\"es_ES\" \/>\n<meta property=\"og:type\" content=\"article\" \/>\n<meta property=\"og:title\" content=\"Cardona prepara un documental hist\u00f3rico sobre la Mina de Sal - Cardona Turisme\" \/>\n<meta property=\"og:description\" content=\"La Fundaci\u00f3n Cardona Hist\u00f3rica y el Archivo Hist\u00f3rico de Cardona est\u00e1n preparando la realizaci\u00f3n de un documental sobre las condiciones t\u00e9cnicas, laborales y socioecon\u00f3micas de las personas que trabajaron en la Mina Nieves de Cardona, que estuvo en funcionamiento entre 1929 y el 1990. El objetivo es recuperar, preservar y difundir informaci\u00f3n y testimonios de [&hellip;]\" \/>\n<meta property=\"og:url\" content=\"https:\/\/cardonaturisme.cat\/es\/cardona-prepara-un-documental-historico-sobre-la-mina-de-sal\/\" \/>\n<meta property=\"og:site_name\" content=\"Cardona Turisme\" \/>\n<meta property=\"article:publisher\" content=\"https:\/\/www.facebook.com\/p\/Fundaci-Cardona-Histrica-100063704192069\/\" \/>\n<meta property=\"article:published_time\" content=\"2023-11-29T09:47:03+00:00\" \/>\n<meta property=\"article:modified_time\" content=\"2024-10-02T16:15:56+00:00\" \/>\n<meta property=\"og:image\" content=\"https:\/\/cardonaturisme.cat\/wp-content\/uploads\/2023\/11\/Foto-miners-dutxes.jpg\" \/>\n\t<meta property=\"og:image:width\" content=\"1024\" \/>\n\t<meta property=\"og:image:height\" content=\"601\" \/>\n\t<meta property=\"og:image:type\" content=\"image\/jpeg\" \/>\n<meta name=\"author\" content=\"66b29c1e90\" \/>\n<meta name=\"twitter:card\" content=\"summary_large_image\" \/>\n<meta name=\"twitter:creator\" content=\"@cardonaturisme\" \/>\n<meta name=\"twitter:site\" content=\"@cardonaturisme\" \/>\n<meta name=\"twitter:label1\" content=\"Escrito por\" \/>\n\t<meta name=\"twitter:data1\" content=\"66b29c1e90\" \/>\n\t<meta name=\"twitter:label2\" content=\"Tiempo de lectura\" \/>\n\t<meta name=\"twitter:data2\" content=\"2 minutos\" \/>\n<script type=\"application\/ld+json\" class=\"yoast-schema-graph\">{\"@context\":\"https:\\\/\\\/schema.org\",\"@graph\":[{\"@type\":\"Article\",\"@id\":\"https:\\\/\\\/cardonaturisme.cat\\\/es\\\/cardona-prepara-un-documental-historico-sobre-la-mina-de-sal\\\/#article\",\"isPartOf\":{\"@id\":\"https:\\\/\\\/cardonaturisme.cat\\\/es\\\/cardona-prepara-un-documental-historico-sobre-la-mina-de-sal\\\/\"},\"author\":{\"name\":\"66b29c1e90\",\"@id\":\"https:\\\/\\\/cardonaturisme.cat\\\/es\\\/#\\\/schema\\\/person\\\/cccbdde5ead58d9c50af1a3e0c8634b3\"},\"headline\":\"Cardona prepara un documental hist\u00f3rico sobre la Mina de Sal\",\"datePublished\":\"2023-11-29T09:47:03+00:00\",\"dateModified\":\"2024-10-02T16:15:56+00:00\",\"mainEntityOfPage\":{\"@id\":\"https:\\\/\\\/cardonaturisme.cat\\\/es\\\/cardona-prepara-un-documental-historico-sobre-la-mina-de-sal\\\/\"},\"wordCount\":207,\"publisher\":{\"@id\":\"https:\\\/\\\/cardonaturisme.cat\\\/es\\\/#organization\"},\"image\":{\"@id\":\"https:\\\/\\\/cardonaturisme.cat\\\/es\\\/cardona-prepara-un-documental-historico-sobre-la-mina-de-sal\\\/#primaryimage\"},\"thumbnailUrl\":\"https:\\\/\\\/cardonaturisme.cat\\\/wp-content\\\/uploads\\\/2023\\\/11\\\/Foto-miners-dutxes.jpg\",\"articleSection\":[\"Sin categorizar\"],\"inLanguage\":\"es\"},{\"@type\":\"WebPage\",\"@id\":\"https:\\\/\\\/cardonaturisme.cat\\\/es\\\/cardona-prepara-un-documental-historico-sobre-la-mina-de-sal\\\/\",\"url\":\"https:\\\/\\\/cardonaturisme.cat\\\/es\\\/cardona-prepara-un-documental-historico-sobre-la-mina-de-sal\\\/\",\"name\":\"Cardona prepara un documental hist\u00f3rico sobre la Mina de Sal - Cardona Turisme\",\"isPartOf\":{\"@id\":\"https:\\\/\\\/cardonaturisme.cat\\\/es\\\/#website\"},\"primaryImageOfPage\":{\"@id\":\"https:\\\/\\\/cardonaturisme.cat\\\/es\\\/cardona-prepara-un-documental-historico-sobre-la-mina-de-sal\\\/#primaryimage\"},\"image\":{\"@id\":\"https:\\\/\\\/cardonaturisme.cat\\\/es\\\/cardona-prepara-un-documental-historico-sobre-la-mina-de-sal\\\/#primaryimage\"},\"thumbnailUrl\":\"https:\\\/\\\/cardonaturisme.cat\\\/wp-content\\\/uploads\\\/2023\\\/11\\\/Foto-miners-dutxes.jpg\",\"datePublished\":\"2023-11-29T09:47:03+00:00\",\"dateModified\":\"2024-10-02T16:15:56+00:00\",\"breadcrumb\":{\"@id\":\"https:\\\/\\\/cardonaturisme.cat\\\/es\\\/cardona-prepara-un-documental-historico-sobre-la-mina-de-sal\\\/#breadcrumb\"},\"inLanguage\":\"es\",\"potentialAction\":[{\"@type\":\"ReadAction\",\"target\":[\"https:\\\/\\\/cardonaturisme.cat\\\/es\\\/cardona-prepara-un-documental-historico-sobre-la-mina-de-sal\\\/\"]}]},{\"@type\":\"ImageObject\",\"inLanguage\":\"es\",\"@id\":\"https:\\\/\\\/cardonaturisme.cat\\\/es\\\/cardona-prepara-un-documental-historico-sobre-la-mina-de-sal\\\/#primaryimage\",\"url\":\"https:\\\/\\\/cardonaturisme.cat\\\/wp-content\\\/uploads\\\/2023\\\/11\\\/Foto-miners-dutxes.jpg\",\"contentUrl\":\"https:\\\/\\\/cardonaturisme.cat\\\/wp-content\\\/uploads\\\/2023\\\/11\\\/Foto-miners-dutxes.jpg\",\"width\":1024,\"height\":601},{\"@type\":\"BreadcrumbList\",\"@id\":\"https:\\\/\\\/cardonaturisme.cat\\\/es\\\/cardona-prepara-un-documental-historico-sobre-la-mina-de-sal\\\/#breadcrumb\",\"itemListElement\":[{\"@type\":\"ListItem\",\"position\":1,\"name\":\"Inici\",\"item\":\"https:\\\/\\\/cardonaturisme.cat\\\/es\\\/\"},{\"@type\":\"ListItem\",\"position\":2,\"name\":\"Cardona prepara un documental hist\u00f3rico sobre la Mina de Sal\"}]},{\"@type\":\"WebSite\",\"@id\":\"https:\\\/\\\/cardonaturisme.cat\\\/es\\\/#website\",\"url\":\"https:\\\/\\\/cardonaturisme.cat\\\/es\\\/\",\"name\":\"Cardona Turisme\",\"description\":\"La teva hist\u00f2ria\",\"publisher\":{\"@id\":\"https:\\\/\\\/cardonaturisme.cat\\\/es\\\/#organization\"},\"potentialAction\":[{\"@type\":\"SearchAction\",\"target\":{\"@type\":\"EntryPoint\",\"urlTemplate\":\"https:\\\/\\\/cardonaturisme.cat\\\/es\\\/?s={search_term_string}\"},\"query-input\":{\"@type\":\"PropertyValueSpecification\",\"valueRequired\":true,\"valueName\":\"search_term_string\"}}],\"inLanguage\":\"es\"},{\"@type\":\"Organization\",\"@id\":\"https:\\\/\\\/cardonaturisme.cat\\\/es\\\/#organization\",\"name\":\"Cardona Turisme\",\"url\":\"https:\\\/\\\/cardonaturisme.cat\\\/es\\\/\",\"logo\":{\"@type\":\"ImageObject\",\"inLanguage\":\"es\",\"@id\":\"https:\\\/\\\/cardonaturisme.cat\\\/es\\\/#\\\/schema\\\/logo\\\/image\\\/\",\"url\":\"https:\\\/\\\/cardonaturisme.cat\\\/wp-content\\\/uploads\\\/2023\\\/10\\\/logo-vermell-cardonaturisme.svg\",\"contentUrl\":\"https:\\\/\\\/cardonaturisme.cat\\\/wp-content\\\/uploads\\\/2023\\\/10\\\/logo-vermell-cardonaturisme.svg\",\"caption\":\"Cardona Turisme\"},\"image\":{\"@id\":\"https:\\\/\\\/cardonaturisme.cat\\\/es\\\/#\\\/schema\\\/logo\\\/image\\\/\"},\"sameAs\":[\"https:\\\/\\\/www.facebook.com\\\/p\\\/Fundaci-Cardona-Histrica-100063704192069\\\/\",\"https:\\\/\\\/x.com\\\/cardonaturisme\"]},{\"@type\":\"Person\",\"@id\":\"https:\\\/\\\/cardonaturisme.cat\\\/es\\\/#\\\/schema\\\/person\\\/cccbdde5ead58d9c50af1a3e0c8634b3\",\"name\":\"66b29c1e90\",\"image\":{\"@type\":\"ImageObject\",\"inLanguage\":\"es\",\"@id\":\"https:\\\/\\\/secure.gravatar.com\\\/avatar\\\/490c3f62b8705f2f6aa5373dae5c4613410536eb1a5fde4117b67d013cd4db49?s=96&d=mm&r=g\",\"url\":\"https:\\\/\\\/secure.gravatar.com\\\/avatar\\\/490c3f62b8705f2f6aa5373dae5c4613410536eb1a5fde4117b67d013cd4db49?s=96&d=mm&r=g\",\"contentUrl\":\"https:\\\/\\\/secure.gravatar.com\\\/avatar\\\/490c3f62b8705f2f6aa5373dae5c4613410536eb1a5fde4117b67d013cd4db49?s=96&d=mm&r=g\",\"caption\":\"66b29c1e90\"},\"sameAs\":[\"https:\\\/\\\/cardonaturisme.cat\"],\"url\":\"https:\\\/\\\/cardonaturisme.cat\\\/es\\\/author\\\/66b29c1e90\\\/\"}]}<\/script>\n<!-- \/ Yoast SEO plugin. -->","yoast_head_json":{"title":"Cardona prepara un documental hist\u00f3rico sobre la Mina de Sal - Cardona Turisme","robots":{"index":"index","follow":"follow","max-snippet":"max-snippet:-1","max-image-preview":"max-image-preview:large","max-video-preview":"max-video-preview:-1"},"canonical":"https:\/\/cardonaturisme.cat\/es\/cardona-prepara-un-documental-historico-sobre-la-mina-de-sal\/","og_locale":"es_ES","og_type":"article","og_title":"Cardona prepara un documental hist\u00f3rico sobre la Mina de Sal - Cardona Turisme","og_description":"La Fundaci\u00f3n Cardona Hist\u00f3rica y el Archivo Hist\u00f3rico de Cardona est\u00e1n preparando la realizaci\u00f3n de un documental sobre las condiciones t\u00e9cnicas, laborales y socioecon\u00f3micas de las personas que trabajaron en la Mina Nieves de Cardona, que estuvo en funcionamiento entre 1929 y el 1990. El objetivo es recuperar, preservar y difundir informaci\u00f3n y testimonios de [&hellip;]","og_url":"https:\/\/cardonaturisme.cat\/es\/cardona-prepara-un-documental-historico-sobre-la-mina-de-sal\/","og_site_name":"Cardona Turisme","article_publisher":"https:\/\/www.facebook.com\/p\/Fundaci-Cardona-Histrica-100063704192069\/","article_published_time":"2023-11-29T09:47:03+00:00","article_modified_time":"2024-10-02T16:15:56+00:00","og_image":[{"width":1024,"height":601,"url":"https:\/\/cardonaturisme.cat\/wp-content\/uploads\/2023\/11\/Foto-miners-dutxes.jpg","type":"image\/jpeg"}],"author":"66b29c1e90","twitter_card":"summary_large_image","twitter_creator":"@cardonaturisme","twitter_site":"@cardonaturisme","twitter_misc":{"Escrito por":"66b29c1e90","Tiempo de lectura":"2 minutos"},"schema":{"@context":"https:\/\/schema.org","@graph":[{"@type":"Article","@id":"https:\/\/cardonaturisme.cat\/es\/cardona-prepara-un-documental-historico-sobre-la-mina-de-sal\/#article","isPartOf":{"@id":"https:\/\/cardonaturisme.cat\/es\/cardona-prepara-un-documental-historico-sobre-la-mina-de-sal\/"},"author":{"name":"66b29c1e90","@id":"https:\/\/cardonaturisme.cat\/es\/#\/schema\/person\/cccbdde5ead58d9c50af1a3e0c8634b3"},"headline":"Cardona prepara un documental hist\u00f3rico sobre la Mina de Sal","datePublished":"2023-11-29T09:47:03+00:00","dateModified":"2024-10-02T16:15:56+00:00","mainEntityOfPage":{"@id":"https:\/\/cardonaturisme.cat\/es\/cardona-prepara-un-documental-historico-sobre-la-mina-de-sal\/"},"wordCount":207,"publisher":{"@id":"https:\/\/cardonaturisme.cat\/es\/#organization"},"image":{"@id":"https:\/\/cardonaturisme.cat\/es\/cardona-prepara-un-documental-historico-sobre-la-mina-de-sal\/#primaryimage"},"thumbnailUrl":"https:\/\/cardonaturisme.cat\/wp-content\/uploads\/2023\/11\/Foto-miners-dutxes.jpg","articleSection":["Sin categorizar"],"inLanguage":"es"},{"@type":"WebPage","@id":"https:\/\/cardonaturisme.cat\/es\/cardona-prepara-un-documental-historico-sobre-la-mina-de-sal\/","url":"https:\/\/cardonaturisme.cat\/es\/cardona-prepara-un-documental-historico-sobre-la-mina-de-sal\/","name":"Cardona prepara un documental hist\u00f3rico sobre la Mina de Sal - Cardona Turisme","isPartOf":{"@id":"https:\/\/cardonaturisme.cat\/es\/#website"},"primaryImageOfPage":{"@id":"https:\/\/cardonaturisme.cat\/es\/cardona-prepara-un-documental-historico-sobre-la-mina-de-sal\/#primaryimage"},"image":{"@id":"https:\/\/cardonaturisme.cat\/es\/cardona-prepara-un-documental-historico-sobre-la-mina-de-sal\/#primaryimage"},"thumbnailUrl":"https:\/\/cardonaturisme.cat\/wp-content\/uploads\/2023\/11\/Foto-miners-dutxes.jpg","datePublished":"2023-11-29T09:47:03+00:00","dateModified":"2024-10-02T16:15:56+00:00","breadcrumb":{"@id":"https:\/\/cardonaturisme.cat\/es\/cardona-prepara-un-documental-historico-sobre-la-mina-de-sal\/#breadcrumb"},"inLanguage":"es","potentialAction":[{"@type":"ReadAction","target":["https:\/\/cardonaturisme.cat\/es\/cardona-prepara-un-documental-historico-sobre-la-mina-de-sal\/"]}]},{"@type":"ImageObject","inLanguage":"es","@id":"https:\/\/cardonaturisme.cat\/es\/cardona-prepara-un-documental-historico-sobre-la-mina-de-sal\/#primaryimage","url":"https:\/\/cardonaturisme.cat\/wp-content\/uploads\/2023\/11\/Foto-miners-dutxes.jpg","contentUrl":"https:\/\/cardonaturisme.cat\/wp-content\/uploads\/2023\/11\/Foto-miners-dutxes.jpg","width":1024,"height":601},{"@type":"BreadcrumbList","@id":"https:\/\/cardonaturisme.cat\/es\/cardona-prepara-un-documental-historico-sobre-la-mina-de-sal\/#breadcrumb","itemListElement":[{"@type":"ListItem","position":1,"name":"Inici","item":"https:\/\/cardonaturisme.cat\/es\/"},{"@type":"ListItem","position":2,"name":"Cardona prepara un documental hist\u00f3rico sobre la Mina de Sal"}]},{"@type":"WebSite","@id":"https:\/\/cardonaturisme.cat\/es\/#website","url":"https:\/\/cardonaturisme.cat\/es\/","name":"Cardona Turisme","description":"La teva hist\u00f2ria","publisher":{"@id":"https:\/\/cardonaturisme.cat\/es\/#organization"},"potentialAction":[{"@type":"SearchAction","target":{"@type":"EntryPoint","urlTemplate":"https:\/\/cardonaturisme.cat\/es\/?s={search_term_string}"},"query-input":{"@type":"PropertyValueSpecification","valueRequired":true,"valueName":"search_term_string"}}],"inLanguage":"es"},{"@type":"Organization","@id":"https:\/\/cardonaturisme.cat\/es\/#organization","name":"Cardona Turisme","url":"https:\/\/cardonaturisme.cat\/es\/","logo":{"@type":"ImageObject","inLanguage":"es","@id":"https:\/\/cardonaturisme.cat\/es\/#\/schema\/logo\/image\/","url":"https:\/\/cardonaturisme.cat\/wp-content\/uploads\/2023\/10\/logo-vermell-cardonaturisme.svg","contentUrl":"https:\/\/cardonaturisme.cat\/wp-content\/uploads\/2023\/10\/logo-vermell-cardonaturisme.svg","caption":"Cardona Turisme"},"image":{"@id":"https:\/\/cardonaturisme.cat\/es\/#\/schema\/logo\/image\/"},"sameAs":["https:\/\/www.facebook.com\/p\/Fundaci-Cardona-Histrica-100063704192069\/","https:\/\/x.com\/cardonaturisme"]},{"@type":"Person","@id":"https:\/\/cardonaturisme.cat\/es\/#\/schema\/person\/cccbdde5ead58d9c50af1a3e0c8634b3","name":"66b29c1e90","image":{"@type":"ImageObject","inLanguage":"es","@id":"https:\/\/secure.gravatar.com\/avatar\/490c3f62b8705f2f6aa5373dae5c4613410536eb1a5fde4117b67d013cd4db49?s=96&d=mm&r=g","url":"https:\/\/secure.gravatar.com\/avatar\/490c3f62b8705f2f6aa5373dae5c4613410536eb1a5fde4117b67d013cd4db49?s=96&d=mm&r=g","contentUrl":"https:\/\/secure.gravatar.com\/avatar\/490c3f62b8705f2f6aa5373dae5c4613410536eb1a5fde4117b67d013cd4db49?s=96&d=mm&r=g","caption":"66b29c1e90"},"sameAs":["https:\/\/cardonaturisme.cat"],"url":"https:\/\/cardonaturisme.cat\/es\/author\/66b29c1e90\/"}]}},"_links":{"self":[{"href":"https:\/\/cardonaturisme.cat\/es\/wp-json\/wp\/v2\/posts\/16746","targetHints":{"allow":["GET"]}}],"collection":[{"href":"https:\/\/cardonaturisme.cat\/es\/wp-json\/wp\/v2\/posts"}],"about":[{"href":"https:\/\/cardonaturisme.cat\/es\/wp-json\/wp\/v2\/types\/post"}],"author":[{"embeddable":true,"href":"https:\/\/cardonaturisme.cat\/es\/wp-json\/wp\/v2\/users\/1"}],"replies":[{"embeddable":true,"href":"https:\/\/cardonaturisme.cat\/es\/wp-json\/wp\/v2\/comments?post=16746"}],"version-history":[{"count":1,"href":"https:\/\/cardonaturisme.cat\/es\/wp-json\/wp\/v2\/posts\/16746\/revisions"}],"predecessor-version":[{"id":16747,"href":"https:\/\/cardonaturisme.cat\/es\/wp-json\/wp\/v2\/posts\/16746\/revisions\/16747"}],"wp:featuredmedia":[{"embeddable":true,"href":"https:\/\/cardonaturisme.cat\/es\/wp-json\/wp\/v2\/media\/16744"}],"wp:attachment":[{"href":"https:\/\/cardonaturisme.cat\/es\/wp-json\/wp\/v2\/media?parent=16746"}],"wp:term":[{"taxonomy":"category","embeddable":true,"href":"https:\/\/cardonaturisme.cat\/es\/wp-json\/wp\/v2\/categories?post=16746"},{"taxonomy":"post_tag","embeddable":true,"href":"https:\/\/cardonaturisme.cat\/es\/wp-json\/wp\/v2\/tags?post=16746"}],"curies":[{"name":"wp","href":"https:\/\/api.w.org\/{rel}","templated":true}]}}