{"id":16738,"date":"2023-11-16T15:45:31","date_gmt":"2023-11-16T14:45:31","guid":{"rendered":"https:\/\/cardonaturisme.cat\/?p=16738"},"modified":"2024-10-02T18:14:19","modified_gmt":"2024-10-02T16:14:19","slug":"cardona-crea-el-programa-de-embajadores-de-la-sal-para-promocionarla-como-producto-gourmet","status":"publish","type":"post","link":"https:\/\/cardonaturisme.cat\/es\/cardona-crea-el-programa-de-embajadores-de-la-sal-para-promocionarla-como-producto-gourmet\/","title":{"rendered":"Cardona crea el programa de Embajadores de la Sal para promocionarla como producto gourmet"},"content":{"rendered":"\n<p><strong>Jordi Llobet, el primer chef en recibir esta distinci\u00f3n honor\u00edfica<\/strong>.<\/p>\n\n\n\n<p><br><strong>La Fundaci\u00f3n Cardona Hist\u00f3rica ha aprobado el Programa de Embajadores y Embajadoras de la Sal de Cardona con el objetivo de promocionar y difundir la sal, tanto a nivel nacional como internacional, a partir del nombramiento honor\u00edfico de personas de reconocido prestigio.<\/strong><\/p>\n\n\n\n<p>El programa se configura como un proyecto cooperativo y de trabajo en red de personas comprometidas con el impulso de iniciativas y propuestas innovadoras en torno a la Sal de Cardona, d\u00e1ndola a conocer entre los diferentes colectivos de profesionales del sector gastron\u00f3mico , empresarial, tur\u00edstico, de distribuci\u00f3n de productos alimenticios o de creadores de tendencias de consumo, as\u00ed como para el p\u00fablico en general.<\/p>\n\n\n\n<p>Asimismo, se promover\u00e1 la concesi\u00f3n de distinciones honor\u00edficas a personas que por su reconocimiento social, cultural, profesional o docente, as\u00ed como de arraigo con el municipio de Cardona y su entorno, se conviertan en dignos \u201cEmbajadores y Embajadoras de la Sal de Cardona \u201d.<\/p>\n\n\n\n<p>Los embajadores y embajadoras de la Sal de Cardona actuar\u00e1n como prescriptores de la Sal de Cardona, contribuir\u00e1n a crear alianzas estrat\u00e9gicas, asesorar\u00e1n a la Fundaci\u00f3n Cardona Hist\u00f3rica en la difusi\u00f3n del producto y colaborar\u00e1n en la organizaci\u00f3n de actos y eventos.<\/p>\n\n\n\n<p><strong>Jordi Llobet, el primer embajador<\/strong><\/p>\n\n\n\n<p>El chef Jordi Llobet G\u00f3mez ha sido nombrado el primer embajador de la Sal de Cardona. El reputado chef manresano cuenta con una dilatada trayectoria en el mundo de la restauraci\u00f3n, con una amplia experiencia nacional e internacional, habiendo sido distinguido con una estrella Michelin.<\/p>\n\n\n\n<p>En 2008 Llobet gan\u00f3 el segundo premio al mejor cocinero de Espa\u00f1a. En 2013 se convirti\u00f3 en el chef del restaurante L\u2019\u00d3 de M\u00f3n Sant Benet, donde fue distinguido con una estrella Michelin como jefe de cocina.<\/p>\n\n\n\n<p>Actualmente Jordi Llobet capitanea el proyecto del Espai Gastron\u00f2mic, una escuela de cocina din\u00e1mica e innovadora.<\/p>\n\n\n\n<p>Adem\u00e1s de la vertiente formativa y de investigaci\u00f3n gastron\u00f3mica, Jordi Llobet colabora participa activamente en acciones de promoci\u00f3n territorial, con la comarca del Bages como n\u00facleo de trabajo e inter\u00e9s de difusi\u00f3n de sus valores y recursos end\u00f3genos.<\/p>\n\n\n\n<p><strong>De aqu\u00ed, pura y con historia<\/strong><\/p>\n\n\n\n<p>La Sal de Cardona se extrae del subsuelo del Valle Salina, del coraz\u00f3n del diapiro subterr\u00e1neo formado por la evaporaci\u00f3n de un mar que ba\u00f1aba la Catalunya Central hace 36 millones de a\u00f1os.<\/p>\n\n\n\n<p>Goza de m\u00e1xima pureza (99\u201997% de cloruro s\u00f3dico), obtenida simplemente de desmenuzar la roca extra\u00edda del diapiro.<\/p>\n\n\n\n<p>Se utiliza desde hace m\u00e1s de 6500 a\u00f1os. Desde el Neol\u00edtico medio, pasando por la \u00e9poca \u00edbera, el Imperio Romano, la edad media y la moderna hasta nuestros d\u00edas.<\/p>\n\n\n\n<p>Se considera una de las mejores sales del mundo debido a su pureza, su mayor capacidad saladora y las virtudes medicinales atribuidas por la sabidur\u00eda popular.<\/p>\n","protected":false},"excerpt":{"rendered":"<p>Jordi Llobet, el primer chef en recibir esta distinci\u00f3n honor\u00edfica. La Fundaci\u00f3n Cardona Hist\u00f3rica ha aprobado el Programa de Embajadores y Embajadoras de la Sal de Cardona con el objetivo de promocionar y difundir la sal, tanto a nivel nacional como internacional, a partir del nombramiento honor\u00edfico de personas de reconocido prestigio. El programa se [&hellip;]<\/p>\n","protected":false},"author":1,"featured_media":16733,"comment_status":"closed","ping_status":"closed","sticky":false,"template":"","format":"standard","meta":{"_acf_changed":false,"footnotes":""},"categories":[56],"tags":[],"class_list":["post-16738","post","type-post","status-publish","format-standard","has-post-thumbnail","hentry","category-sin-categorizar"],"acf":[],"yoast_head":"<!-- This site is optimized with the Yoast SEO plugin v27.4 - https:\/\/yoast.com\/product\/yoast-seo-wordpress\/ -->\n<title>Cardona crea el programa de Embajadores de la Sal para promocionarla como producto gourmet - Cardona Turisme<\/title>\n<meta name=\"robots\" content=\"index, follow, max-snippet:-1, max-image-preview:large, max-video-preview:-1\" \/>\n<link rel=\"canonical\" href=\"https:\/\/cardonaturisme.cat\/es\/cardona-crea-el-programa-de-embajadores-de-la-sal-para-promocionarla-como-producto-gourmet\/\" \/>\n<meta property=\"og:locale\" content=\"es_ES\" \/>\n<meta property=\"og:type\" content=\"article\" \/>\n<meta property=\"og:title\" content=\"Cardona crea el programa de Embajadores de la Sal para promocionarla como producto gourmet - Cardona Turisme\" \/>\n<meta property=\"og:description\" content=\"Jordi Llobet, el primer chef en recibir esta distinci\u00f3n honor\u00edfica. La Fundaci\u00f3n Cardona Hist\u00f3rica ha aprobado el Programa de Embajadores y Embajadoras de la Sal de Cardona con el objetivo de promocionar y difundir la sal, tanto a nivel nacional como internacional, a partir del nombramiento honor\u00edfico de personas de reconocido prestigio. El programa se [&hellip;]\" \/>\n<meta property=\"og:url\" content=\"https:\/\/cardonaturisme.cat\/es\/cardona-crea-el-programa-de-embajadores-de-la-sal-para-promocionarla-como-producto-gourmet\/\" \/>\n<meta property=\"og:site_name\" content=\"Cardona Turisme\" \/>\n<meta property=\"article:publisher\" content=\"https:\/\/www.facebook.com\/p\/Fundaci-Cardona-Histrica-100063704192069\/\" \/>\n<meta property=\"article:published_time\" content=\"2023-11-16T14:45:31+00:00\" \/>\n<meta property=\"article:modified_time\" content=\"2024-10-02T16:14:19+00:00\" \/>\n<meta property=\"og:image\" content=\"https:\/\/cardonaturisme.cat\/wp-content\/uploads\/2023\/11\/Jordi-Llobet.jpg\" \/>\n\t<meta property=\"og:image:width\" content=\"740\" \/>\n\t<meta property=\"og:image:height\" content=\"493\" \/>\n\t<meta property=\"og:image:type\" content=\"image\/jpeg\" \/>\n<meta name=\"author\" content=\"66b29c1e90\" \/>\n<meta name=\"twitter:card\" content=\"summary_large_image\" \/>\n<meta name=\"twitter:creator\" content=\"@cardonaturisme\" \/>\n<meta name=\"twitter:site\" content=\"@cardonaturisme\" \/>\n<meta name=\"twitter:label1\" content=\"Escrito por\" \/>\n\t<meta name=\"twitter:data1\" content=\"66b29c1e90\" \/>\n\t<meta name=\"twitter:label2\" content=\"Tiempo de lectura\" \/>\n\t<meta name=\"twitter:data2\" content=\"3 minutos\" \/>\n<script type=\"application\/ld+json\" class=\"yoast-schema-graph\">{\"@context\":\"https:\\\/\\\/schema.org\",\"@graph\":[{\"@type\":\"Article\",\"@id\":\"https:\\\/\\\/cardonaturisme.cat\\\/es\\\/cardona-crea-el-programa-de-embajadores-de-la-sal-para-promocionarla-como-producto-gourmet\\\/#article\",\"isPartOf\":{\"@id\":\"https:\\\/\\\/cardonaturisme.cat\\\/es\\\/cardona-crea-el-programa-de-embajadores-de-la-sal-para-promocionarla-como-producto-gourmet\\\/\"},\"author\":{\"name\":\"66b29c1e90\",\"@id\":\"https:\\\/\\\/cardonaturisme.cat\\\/es\\\/#\\\/schema\\\/person\\\/cccbdde5ead58d9c50af1a3e0c8634b3\"},\"headline\":\"Cardona crea el programa de Embajadores de la Sal para promocionarla como producto gourmet\",\"datePublished\":\"2023-11-16T14:45:31+00:00\",\"dateModified\":\"2024-10-02T16:14:19+00:00\",\"mainEntityOfPage\":{\"@id\":\"https:\\\/\\\/cardonaturisme.cat\\\/es\\\/cardona-crea-el-programa-de-embajadores-de-la-sal-para-promocionarla-como-producto-gourmet\\\/\"},\"wordCount\":510,\"publisher\":{\"@id\":\"https:\\\/\\\/cardonaturisme.cat\\\/es\\\/#organization\"},\"image\":{\"@id\":\"https:\\\/\\\/cardonaturisme.cat\\\/es\\\/cardona-crea-el-programa-de-embajadores-de-la-sal-para-promocionarla-como-producto-gourmet\\\/#primaryimage\"},\"thumbnailUrl\":\"https:\\\/\\\/cardonaturisme.cat\\\/wp-content\\\/uploads\\\/2023\\\/11\\\/Jordi-Llobet.jpg\",\"articleSection\":[\"Sin categorizar\"],\"inLanguage\":\"es\"},{\"@type\":\"WebPage\",\"@id\":\"https:\\\/\\\/cardonaturisme.cat\\\/es\\\/cardona-crea-el-programa-de-embajadores-de-la-sal-para-promocionarla-como-producto-gourmet\\\/\",\"url\":\"https:\\\/\\\/cardonaturisme.cat\\\/es\\\/cardona-crea-el-programa-de-embajadores-de-la-sal-para-promocionarla-como-producto-gourmet\\\/\",\"name\":\"Cardona crea el programa de Embajadores de la Sal para promocionarla como producto gourmet - Cardona Turisme\",\"isPartOf\":{\"@id\":\"https:\\\/\\\/cardonaturisme.cat\\\/es\\\/#website\"},\"primaryImageOfPage\":{\"@id\":\"https:\\\/\\\/cardonaturisme.cat\\\/es\\\/cardona-crea-el-programa-de-embajadores-de-la-sal-para-promocionarla-como-producto-gourmet\\\/#primaryimage\"},\"image\":{\"@id\":\"https:\\\/\\\/cardonaturisme.cat\\\/es\\\/cardona-crea-el-programa-de-embajadores-de-la-sal-para-promocionarla-como-producto-gourmet\\\/#primaryimage\"},\"thumbnailUrl\":\"https:\\\/\\\/cardonaturisme.cat\\\/wp-content\\\/uploads\\\/2023\\\/11\\\/Jordi-Llobet.jpg\",\"datePublished\":\"2023-11-16T14:45:31+00:00\",\"dateModified\":\"2024-10-02T16:14:19+00:00\",\"breadcrumb\":{\"@id\":\"https:\\\/\\\/cardonaturisme.cat\\\/es\\\/cardona-crea-el-programa-de-embajadores-de-la-sal-para-promocionarla-como-producto-gourmet\\\/#breadcrumb\"},\"inLanguage\":\"es\",\"potentialAction\":[{\"@type\":\"ReadAction\",\"target\":[\"https:\\\/\\\/cardonaturisme.cat\\\/es\\\/cardona-crea-el-programa-de-embajadores-de-la-sal-para-promocionarla-como-producto-gourmet\\\/\"]}]},{\"@type\":\"ImageObject\",\"inLanguage\":\"es\",\"@id\":\"https:\\\/\\\/cardonaturisme.cat\\\/es\\\/cardona-crea-el-programa-de-embajadores-de-la-sal-para-promocionarla-como-producto-gourmet\\\/#primaryimage\",\"url\":\"https:\\\/\\\/cardonaturisme.cat\\\/wp-content\\\/uploads\\\/2023\\\/11\\\/Jordi-Llobet.jpg\",\"contentUrl\":\"https:\\\/\\\/cardonaturisme.cat\\\/wp-content\\\/uploads\\\/2023\\\/11\\\/Jordi-Llobet.jpg\",\"width\":740,\"height\":493},{\"@type\":\"BreadcrumbList\",\"@id\":\"https:\\\/\\\/cardonaturisme.cat\\\/es\\\/cardona-crea-el-programa-de-embajadores-de-la-sal-para-promocionarla-como-producto-gourmet\\\/#breadcrumb\",\"itemListElement\":[{\"@type\":\"ListItem\",\"position\":1,\"name\":\"Inici\",\"item\":\"https:\\\/\\\/cardonaturisme.cat\\\/es\\\/\"},{\"@type\":\"ListItem\",\"position\":2,\"name\":\"Cardona crea el programa de Embajadores de la Sal para promocionarla como producto gourmet\"}]},{\"@type\":\"WebSite\",\"@id\":\"https:\\\/\\\/cardonaturisme.cat\\\/es\\\/#website\",\"url\":\"https:\\\/\\\/cardonaturisme.cat\\\/es\\\/\",\"name\":\"Cardona Turisme\",\"description\":\"La teva hist\u00f2ria\",\"publisher\":{\"@id\":\"https:\\\/\\\/cardonaturisme.cat\\\/es\\\/#organization\"},\"potentialAction\":[{\"@type\":\"SearchAction\",\"target\":{\"@type\":\"EntryPoint\",\"urlTemplate\":\"https:\\\/\\\/cardonaturisme.cat\\\/es\\\/?s={search_term_string}\"},\"query-input\":{\"@type\":\"PropertyValueSpecification\",\"valueRequired\":true,\"valueName\":\"search_term_string\"}}],\"inLanguage\":\"es\"},{\"@type\":\"Organization\",\"@id\":\"https:\\\/\\\/cardonaturisme.cat\\\/es\\\/#organization\",\"name\":\"Cardona Turisme\",\"url\":\"https:\\\/\\\/cardonaturisme.cat\\\/es\\\/\",\"logo\":{\"@type\":\"ImageObject\",\"inLanguage\":\"es\",\"@id\":\"https:\\\/\\\/cardonaturisme.cat\\\/es\\\/#\\\/schema\\\/logo\\\/image\\\/\",\"url\":\"https:\\\/\\\/cardonaturisme.cat\\\/wp-content\\\/uploads\\\/2023\\\/10\\\/logo-vermell-cardonaturisme.svg\",\"contentUrl\":\"https:\\\/\\\/cardonaturisme.cat\\\/wp-content\\\/uploads\\\/2023\\\/10\\\/logo-vermell-cardonaturisme.svg\",\"caption\":\"Cardona Turisme\"},\"image\":{\"@id\":\"https:\\\/\\\/cardonaturisme.cat\\\/es\\\/#\\\/schema\\\/logo\\\/image\\\/\"},\"sameAs\":[\"https:\\\/\\\/www.facebook.com\\\/p\\\/Fundaci-Cardona-Histrica-100063704192069\\\/\",\"https:\\\/\\\/x.com\\\/cardonaturisme\"]},{\"@type\":\"Person\",\"@id\":\"https:\\\/\\\/cardonaturisme.cat\\\/es\\\/#\\\/schema\\\/person\\\/cccbdde5ead58d9c50af1a3e0c8634b3\",\"name\":\"66b29c1e90\",\"image\":{\"@type\":\"ImageObject\",\"inLanguage\":\"es\",\"@id\":\"https:\\\/\\\/secure.gravatar.com\\\/avatar\\\/490c3f62b8705f2f6aa5373dae5c4613410536eb1a5fde4117b67d013cd4db49?s=96&d=mm&r=g\",\"url\":\"https:\\\/\\\/secure.gravatar.com\\\/avatar\\\/490c3f62b8705f2f6aa5373dae5c4613410536eb1a5fde4117b67d013cd4db49?s=96&d=mm&r=g\",\"contentUrl\":\"https:\\\/\\\/secure.gravatar.com\\\/avatar\\\/490c3f62b8705f2f6aa5373dae5c4613410536eb1a5fde4117b67d013cd4db49?s=96&d=mm&r=g\",\"caption\":\"66b29c1e90\"},\"sameAs\":[\"https:\\\/\\\/cardonaturisme.cat\"],\"url\":\"https:\\\/\\\/cardonaturisme.cat\\\/es\\\/author\\\/66b29c1e90\\\/\"}]}<\/script>\n<!-- \/ Yoast SEO plugin. -->","yoast_head_json":{"title":"Cardona crea el programa de Embajadores de la Sal para promocionarla como producto gourmet - Cardona Turisme","robots":{"index":"index","follow":"follow","max-snippet":"max-snippet:-1","max-image-preview":"max-image-preview:large","max-video-preview":"max-video-preview:-1"},"canonical":"https:\/\/cardonaturisme.cat\/es\/cardona-crea-el-programa-de-embajadores-de-la-sal-para-promocionarla-como-producto-gourmet\/","og_locale":"es_ES","og_type":"article","og_title":"Cardona crea el programa de Embajadores de la Sal para promocionarla como producto gourmet - Cardona Turisme","og_description":"Jordi Llobet, el primer chef en recibir esta distinci\u00f3n honor\u00edfica. La Fundaci\u00f3n Cardona Hist\u00f3rica ha aprobado el Programa de Embajadores y Embajadoras de la Sal de Cardona con el objetivo de promocionar y difundir la sal, tanto a nivel nacional como internacional, a partir del nombramiento honor\u00edfico de personas de reconocido prestigio. El programa se [&hellip;]","og_url":"https:\/\/cardonaturisme.cat\/es\/cardona-crea-el-programa-de-embajadores-de-la-sal-para-promocionarla-como-producto-gourmet\/","og_site_name":"Cardona Turisme","article_publisher":"https:\/\/www.facebook.com\/p\/Fundaci-Cardona-Histrica-100063704192069\/","article_published_time":"2023-11-16T14:45:31+00:00","article_modified_time":"2024-10-02T16:14:19+00:00","og_image":[{"width":740,"height":493,"url":"https:\/\/cardonaturisme.cat\/wp-content\/uploads\/2023\/11\/Jordi-Llobet.jpg","type":"image\/jpeg"}],"author":"66b29c1e90","twitter_card":"summary_large_image","twitter_creator":"@cardonaturisme","twitter_site":"@cardonaturisme","twitter_misc":{"Escrito por":"66b29c1e90","Tiempo de lectura":"3 minutos"},"schema":{"@context":"https:\/\/schema.org","@graph":[{"@type":"Article","@id":"https:\/\/cardonaturisme.cat\/es\/cardona-crea-el-programa-de-embajadores-de-la-sal-para-promocionarla-como-producto-gourmet\/#article","isPartOf":{"@id":"https:\/\/cardonaturisme.cat\/es\/cardona-crea-el-programa-de-embajadores-de-la-sal-para-promocionarla-como-producto-gourmet\/"},"author":{"name":"66b29c1e90","@id":"https:\/\/cardonaturisme.cat\/es\/#\/schema\/person\/cccbdde5ead58d9c50af1a3e0c8634b3"},"headline":"Cardona crea el programa de Embajadores de la Sal para promocionarla como producto gourmet","datePublished":"2023-11-16T14:45:31+00:00","dateModified":"2024-10-02T16:14:19+00:00","mainEntityOfPage":{"@id":"https:\/\/cardonaturisme.cat\/es\/cardona-crea-el-programa-de-embajadores-de-la-sal-para-promocionarla-como-producto-gourmet\/"},"wordCount":510,"publisher":{"@id":"https:\/\/cardonaturisme.cat\/es\/#organization"},"image":{"@id":"https:\/\/cardonaturisme.cat\/es\/cardona-crea-el-programa-de-embajadores-de-la-sal-para-promocionarla-como-producto-gourmet\/#primaryimage"},"thumbnailUrl":"https:\/\/cardonaturisme.cat\/wp-content\/uploads\/2023\/11\/Jordi-Llobet.jpg","articleSection":["Sin categorizar"],"inLanguage":"es"},{"@type":"WebPage","@id":"https:\/\/cardonaturisme.cat\/es\/cardona-crea-el-programa-de-embajadores-de-la-sal-para-promocionarla-como-producto-gourmet\/","url":"https:\/\/cardonaturisme.cat\/es\/cardona-crea-el-programa-de-embajadores-de-la-sal-para-promocionarla-como-producto-gourmet\/","name":"Cardona crea el programa de Embajadores de la Sal para promocionarla como producto gourmet - Cardona Turisme","isPartOf":{"@id":"https:\/\/cardonaturisme.cat\/es\/#website"},"primaryImageOfPage":{"@id":"https:\/\/cardonaturisme.cat\/es\/cardona-crea-el-programa-de-embajadores-de-la-sal-para-promocionarla-como-producto-gourmet\/#primaryimage"},"image":{"@id":"https:\/\/cardonaturisme.cat\/es\/cardona-crea-el-programa-de-embajadores-de-la-sal-para-promocionarla-como-producto-gourmet\/#primaryimage"},"thumbnailUrl":"https:\/\/cardonaturisme.cat\/wp-content\/uploads\/2023\/11\/Jordi-Llobet.jpg","datePublished":"2023-11-16T14:45:31+00:00","dateModified":"2024-10-02T16:14:19+00:00","breadcrumb":{"@id":"https:\/\/cardonaturisme.cat\/es\/cardona-crea-el-programa-de-embajadores-de-la-sal-para-promocionarla-como-producto-gourmet\/#breadcrumb"},"inLanguage":"es","potentialAction":[{"@type":"ReadAction","target":["https:\/\/cardonaturisme.cat\/es\/cardona-crea-el-programa-de-embajadores-de-la-sal-para-promocionarla-como-producto-gourmet\/"]}]},{"@type":"ImageObject","inLanguage":"es","@id":"https:\/\/cardonaturisme.cat\/es\/cardona-crea-el-programa-de-embajadores-de-la-sal-para-promocionarla-como-producto-gourmet\/#primaryimage","url":"https:\/\/cardonaturisme.cat\/wp-content\/uploads\/2023\/11\/Jordi-Llobet.jpg","contentUrl":"https:\/\/cardonaturisme.cat\/wp-content\/uploads\/2023\/11\/Jordi-Llobet.jpg","width":740,"height":493},{"@type":"BreadcrumbList","@id":"https:\/\/cardonaturisme.cat\/es\/cardona-crea-el-programa-de-embajadores-de-la-sal-para-promocionarla-como-producto-gourmet\/#breadcrumb","itemListElement":[{"@type":"ListItem","position":1,"name":"Inici","item":"https:\/\/cardonaturisme.cat\/es\/"},{"@type":"ListItem","position":2,"name":"Cardona crea el programa de Embajadores de la Sal para promocionarla como producto gourmet"}]},{"@type":"WebSite","@id":"https:\/\/cardonaturisme.cat\/es\/#website","url":"https:\/\/cardonaturisme.cat\/es\/","name":"Cardona Turisme","description":"La teva hist\u00f2ria","publisher":{"@id":"https:\/\/cardonaturisme.cat\/es\/#organization"},"potentialAction":[{"@type":"SearchAction","target":{"@type":"EntryPoint","urlTemplate":"https:\/\/cardonaturisme.cat\/es\/?s={search_term_string}"},"query-input":{"@type":"PropertyValueSpecification","valueRequired":true,"valueName":"search_term_string"}}],"inLanguage":"es"},{"@type":"Organization","@id":"https:\/\/cardonaturisme.cat\/es\/#organization","name":"Cardona Turisme","url":"https:\/\/cardonaturisme.cat\/es\/","logo":{"@type":"ImageObject","inLanguage":"es","@id":"https:\/\/cardonaturisme.cat\/es\/#\/schema\/logo\/image\/","url":"https:\/\/cardonaturisme.cat\/wp-content\/uploads\/2023\/10\/logo-vermell-cardonaturisme.svg","contentUrl":"https:\/\/cardonaturisme.cat\/wp-content\/uploads\/2023\/10\/logo-vermell-cardonaturisme.svg","caption":"Cardona Turisme"},"image":{"@id":"https:\/\/cardonaturisme.cat\/es\/#\/schema\/logo\/image\/"},"sameAs":["https:\/\/www.facebook.com\/p\/Fundaci-Cardona-Histrica-100063704192069\/","https:\/\/x.com\/cardonaturisme"]},{"@type":"Person","@id":"https:\/\/cardonaturisme.cat\/es\/#\/schema\/person\/cccbdde5ead58d9c50af1a3e0c8634b3","name":"66b29c1e90","image":{"@type":"ImageObject","inLanguage":"es","@id":"https:\/\/secure.gravatar.com\/avatar\/490c3f62b8705f2f6aa5373dae5c4613410536eb1a5fde4117b67d013cd4db49?s=96&d=mm&r=g","url":"https:\/\/secure.gravatar.com\/avatar\/490c3f62b8705f2f6aa5373dae5c4613410536eb1a5fde4117b67d013cd4db49?s=96&d=mm&r=g","contentUrl":"https:\/\/secure.gravatar.com\/avatar\/490c3f62b8705f2f6aa5373dae5c4613410536eb1a5fde4117b67d013cd4db49?s=96&d=mm&r=g","caption":"66b29c1e90"},"sameAs":["https:\/\/cardonaturisme.cat"],"url":"https:\/\/cardonaturisme.cat\/es\/author\/66b29c1e90\/"}]}},"_links":{"self":[{"href":"https:\/\/cardonaturisme.cat\/es\/wp-json\/wp\/v2\/posts\/16738","targetHints":{"allow":["GET"]}}],"collection":[{"href":"https:\/\/cardonaturisme.cat\/es\/wp-json\/wp\/v2\/posts"}],"about":[{"href":"https:\/\/cardonaturisme.cat\/es\/wp-json\/wp\/v2\/types\/post"}],"author":[{"embeddable":true,"href":"https:\/\/cardonaturisme.cat\/es\/wp-json\/wp\/v2\/users\/1"}],"replies":[{"embeddable":true,"href":"https:\/\/cardonaturisme.cat\/es\/wp-json\/wp\/v2\/comments?post=16738"}],"version-history":[{"count":1,"href":"https:\/\/cardonaturisme.cat\/es\/wp-json\/wp\/v2\/posts\/16738\/revisions"}],"predecessor-version":[{"id":16740,"href":"https:\/\/cardonaturisme.cat\/es\/wp-json\/wp\/v2\/posts\/16738\/revisions\/16740"}],"wp:featuredmedia":[{"embeddable":true,"href":"https:\/\/cardonaturisme.cat\/es\/wp-json\/wp\/v2\/media\/16733"}],"wp:attachment":[{"href":"https:\/\/cardonaturisme.cat\/es\/wp-json\/wp\/v2\/media?parent=16738"}],"wp:term":[{"taxonomy":"category","embeddable":true,"href":"https:\/\/cardonaturisme.cat\/es\/wp-json\/wp\/v2\/categories?post=16738"},{"taxonomy":"post_tag","embeddable":true,"href":"https:\/\/cardonaturisme.cat\/es\/wp-json\/wp\/v2\/tags?post=16738"}],"curies":[{"name":"wp","href":"https:\/\/api.w.org\/{rel}","templated":true}]}}