{"id":16730,"date":"2023-10-04T10:28:06","date_gmt":"2023-10-04T08:28:06","guid":{"rendered":"https:\/\/cardonaturisme.cat\/?p=16730"},"modified":"2024-10-02T18:11:54","modified_gmt":"2024-10-02T16:11:54","slug":"la-colegiata-de-san-vicente-de-cardona-distinguida-como-lugar-de-interes-cinematografico","status":"publish","type":"post","link":"https:\/\/cardonaturisme.cat\/es\/la-colegiata-de-san-vicente-de-cardona-distinguida-como-lugar-de-interes-cinematografico\/","title":{"rendered":"La colegiata de San Vicente de Cardona distinguida como \u2018Lugar de Inter\u00e9s Cinematogr\u00e1fico\u2019"},"content":{"rendered":"\n<p><strong>La Academia del Cine Catal\u00e1n ha designado a la Colegiata de San Vicente de Cardona como \u2018Lugar de Inter\u00e9s Cinematogr\u00e1fico\u2019 por su importancia hist\u00f3rica en la producci\u00f3n audiovisual. En 2016 ya recibi\u00f3 la distinci\u00f3n de Tesoro de la Cultura Cinematogr\u00e1fica Europea otorgada por la Academia de Cine Europeo, como escenario del cl\u00e1sico film&nbsp;<em>Campanadas a medianoche<\/em>&nbsp;de Orson Welles.<\/strong><\/p>\n\n\n\n<p>La distinci\u00f3n LIC reconoce espacios de especial relevancia para la industria audiovisual, ya sea por su valor en la producci\u00f3n f\u00edlmica, importancia hist\u00f3rica o significado simb\u00f3lico.&nbsp;<strong>Esta distinci\u00f3n resalta la riqueza cultural y cinematogr\u00e1fica de cada territorio y fomenta la preservaci\u00f3n y promoci\u00f3n de estos espacios<\/strong>&nbsp;que han contribuido de manera significativa a la historia y la identidad audiovisual de la pen\u00ednsula.<\/p>\n\n\n\n<p>La relaci\u00f3n de LIC designados en esta primera edici\u00f3n han sido los siguientes:<\/p>\n\n\n\n<p>\u2022 Andaluc\u00eda : Desierto de Tavernes (Almer\u00eda)<\/p>\n\n\n\n<p>\u2022 Arag\u00f3n: Sos del Rey Cat\u00f3lico (Zaragoza)<\/p>\n\n\n\n<p>\u2022 Asturias : Llanes (Asturias)<\/p>\n\n\n\n<p>\u2022 Catalu\u00f1a : Colegiata de San Vicente de Cardona (Barcelona)<\/p>\n\n\n\n<p>\u2022 Extremadura : Guadalupe y el Geoparque de Villuerca-Ibores-Jara (C\u00e1ceres)<\/p>\n\n\n\n<p>\u2022 Galicia : Aldea de Fac\u00f3s, Lobeira (Ourense)<\/p>\n\n\n\n<p>\u2022 Portugal : Tobis Portuguesa (Lisboa)<\/p>\n\n\n\n<p>\u2022 Valencia : La Albufera (Valencia)<\/p>\n\n\n\n<p>Las Academias de Cine y Audiovisual de la pen\u00ednsula presentaron la distinci\u00f3n \u2018Lugar de Inter\u00e9s Cinematogr\u00e1fico \u2013 LIC\u2019 en el contexto del VII Encuentro de Academias Ib\u00e9ricas de Cine y Audiovisual, celebrado entre el 29 de septiembre y el 1 de octubre en el marco del Festival de Cine de Ourense.<\/p>\n\n\n\n<p><strong>Cardona, un destino de pel\u00edcula<\/strong><\/p>\n\n\n\n<p>Hist\u00f3ricamente, Cardona ha sido un destino muy utilizado en rodajes cinematogr\u00e1ficos y publicitarios. La producci\u00f3n m\u00e1s conocida ha sido&nbsp;<em>Campanadas a medianoche<\/em>&nbsp;que el actor y director estadounidense Orson Welles rod\u00f3 en el Castillo de Cardona en 1964.<\/p>\n\n\n\n<p>Fruto de este rodaje, la Academia de Cine Europeo reconoci\u00f3 a Cardona en 2016 como Tesoro de la Cultura Cinematogr\u00e1fica Europea convirti\u00e9ndose en el primer espacio de estas caracter\u00edsticas en el Espa\u00f1a y el octavo de Europa.<\/p>\n\n\n\n<p>En el castillo y en la bas\u00edlica se rodaron, tambi\u00e9n,&nbsp;<em>El arquero de Sherwood<\/em>&nbsp;(1971), de Ferroni, y&nbsp;<em>La catedral del mar<\/em>&nbsp;(2016), de Jordi Frades; y en la Monta\u00f1a de Sal,&nbsp;<em>XP3D<\/em>&nbsp;(2011), de Sergi Vizca\u00edno, con el surienco Jordi Bransuela, y&nbsp;<em>Malnazidos<\/em>&nbsp;(2020), de Ruiz Caldera y Del Toro, con Miki Esparb\u00e9. En ese mismo espacio, tambi\u00e9n se rod\u00f3&nbsp;<em>Teresa<\/em>&nbsp;(2023) de Paula Ortiz.<\/p>\n\n\n\n<p>El centro hist\u00f3rico de Cardona tambi\u00e9n ha sido el protagonista de anuncios como el protagonizado por el actor Daniel Craig (James Bond) por la marca de cervezas Heineken.<\/p>\n","protected":false},"excerpt":{"rendered":"<p>La Academia del Cine Catal\u00e1n ha designado a la Colegiata de San Vicente de Cardona como \u2018Lugar de Inter\u00e9s Cinematogr\u00e1fico\u2019 por su importancia hist\u00f3rica en la producci\u00f3n audiovisual. En 2016 ya recibi\u00f3 la distinci\u00f3n de Tesoro de la Cultura Cinematogr\u00e1fica Europea otorgada por la Academia de Cine Europeo, como escenario del cl\u00e1sico film&nbsp;Campanadas a medianoche&nbsp;de [&hellip;]<\/p>\n","protected":false},"author":1,"featured_media":16728,"comment_status":"closed","ping_status":"closed","sticky":false,"template":"","format":"standard","meta":{"_acf_changed":false,"footnotes":""},"categories":[56],"tags":[],"class_list":["post-16730","post","type-post","status-publish","format-standard","has-post-thumbnail","hentry","category-sin-categorizar"],"acf":[],"yoast_head":"<!-- This site is optimized with the Yoast SEO plugin v27.4 - https:\/\/yoast.com\/product\/yoast-seo-wordpress\/ -->\n<title>La colegiata de San Vicente de Cardona distinguida como \u2018Lugar de Inter\u00e9s Cinematogr\u00e1fico\u2019 - Cardona Turisme<\/title>\n<meta name=\"robots\" content=\"index, follow, max-snippet:-1, max-image-preview:large, max-video-preview:-1\" \/>\n<link rel=\"canonical\" href=\"https:\/\/cardonaturisme.cat\/es\/la-colegiata-de-san-vicente-de-cardona-distinguida-como-lugar-de-interes-cinematografico\/\" \/>\n<meta property=\"og:locale\" content=\"es_ES\" \/>\n<meta property=\"og:type\" content=\"article\" \/>\n<meta property=\"og:title\" content=\"La colegiata de San Vicente de Cardona distinguida como \u2018Lugar de Inter\u00e9s Cinematogr\u00e1fico\u2019 - Cardona Turisme\" \/>\n<meta property=\"og:description\" content=\"La Academia del Cine Catal\u00e1n ha designado a la Colegiata de San Vicente de Cardona como \u2018Lugar de Inter\u00e9s Cinematogr\u00e1fico\u2019 por su importancia hist\u00f3rica en la producci\u00f3n audiovisual. En 2016 ya recibi\u00f3 la distinci\u00f3n de Tesoro de la Cultura Cinematogr\u00e1fica Europea otorgada por la Academia de Cine Europeo, como escenario del cl\u00e1sico film&nbsp;Campanadas a medianoche&nbsp;de [&hellip;]\" \/>\n<meta property=\"og:url\" content=\"https:\/\/cardonaturisme.cat\/es\/la-colegiata-de-san-vicente-de-cardona-distinguida-como-lugar-de-interes-cinematografico\/\" \/>\n<meta property=\"og:site_name\" content=\"Cardona Turisme\" \/>\n<meta property=\"article:publisher\" content=\"https:\/\/www.facebook.com\/p\/Fundaci-Cardona-Histrica-100063704192069\/\" \/>\n<meta property=\"article:published_time\" content=\"2023-10-04T08:28:06+00:00\" \/>\n<meta property=\"article:modified_time\" content=\"2024-10-02T16:11:54+00:00\" \/>\n<meta property=\"og:image\" content=\"https:\/\/cardonaturisme.cat\/wp-content\/uploads\/2023\/10\/Collegiata-2048x1360-1.jpg\" \/>\n\t<meta property=\"og:image:width\" content=\"2048\" \/>\n\t<meta property=\"og:image:height\" content=\"1360\" \/>\n\t<meta property=\"og:image:type\" content=\"image\/jpeg\" \/>\n<meta name=\"author\" content=\"66b29c1e90\" \/>\n<meta name=\"twitter:card\" content=\"summary_large_image\" \/>\n<meta name=\"twitter:creator\" content=\"@cardonaturisme\" \/>\n<meta name=\"twitter:site\" content=\"@cardonaturisme\" \/>\n<meta name=\"twitter:label1\" content=\"Escrito por\" \/>\n\t<meta name=\"twitter:data1\" content=\"66b29c1e90\" \/>\n\t<meta name=\"twitter:label2\" content=\"Tiempo de lectura\" \/>\n\t<meta name=\"twitter:data2\" content=\"3 minutos\" \/>\n<script type=\"application\/ld+json\" class=\"yoast-schema-graph\">{\"@context\":\"https:\\\/\\\/schema.org\",\"@graph\":[{\"@type\":\"Article\",\"@id\":\"https:\\\/\\\/cardonaturisme.cat\\\/es\\\/la-colegiata-de-san-vicente-de-cardona-distinguida-como-lugar-de-interes-cinematografico\\\/#article\",\"isPartOf\":{\"@id\":\"https:\\\/\\\/cardonaturisme.cat\\\/es\\\/la-colegiata-de-san-vicente-de-cardona-distinguida-como-lugar-de-interes-cinematografico\\\/\"},\"author\":{\"name\":\"66b29c1e90\",\"@id\":\"https:\\\/\\\/cardonaturisme.cat\\\/es\\\/#\\\/schema\\\/person\\\/cccbdde5ead58d9c50af1a3e0c8634b3\"},\"headline\":\"La colegiata de San Vicente de Cardona distinguida como \u2018Lugar de Inter\u00e9s Cinematogr\u00e1fico\u2019\",\"datePublished\":\"2023-10-04T08:28:06+00:00\",\"dateModified\":\"2024-10-02T16:11:54+00:00\",\"mainEntityOfPage\":{\"@id\":\"https:\\\/\\\/cardonaturisme.cat\\\/es\\\/la-colegiata-de-san-vicente-de-cardona-distinguida-como-lugar-de-interes-cinematografico\\\/\"},\"wordCount\":472,\"publisher\":{\"@id\":\"https:\\\/\\\/cardonaturisme.cat\\\/es\\\/#organization\"},\"image\":{\"@id\":\"https:\\\/\\\/cardonaturisme.cat\\\/es\\\/la-colegiata-de-san-vicente-de-cardona-distinguida-como-lugar-de-interes-cinematografico\\\/#primaryimage\"},\"thumbnailUrl\":\"https:\\\/\\\/cardonaturisme.cat\\\/wp-content\\\/uploads\\\/2023\\\/10\\\/Collegiata-2048x1360-1.jpg\",\"articleSection\":[\"Sin categorizar\"],\"inLanguage\":\"es\"},{\"@type\":\"WebPage\",\"@id\":\"https:\\\/\\\/cardonaturisme.cat\\\/es\\\/la-colegiata-de-san-vicente-de-cardona-distinguida-como-lugar-de-interes-cinematografico\\\/\",\"url\":\"https:\\\/\\\/cardonaturisme.cat\\\/es\\\/la-colegiata-de-san-vicente-de-cardona-distinguida-como-lugar-de-interes-cinematografico\\\/\",\"name\":\"La colegiata de San Vicente de Cardona distinguida como \u2018Lugar de Inter\u00e9s Cinematogr\u00e1fico\u2019 - Cardona Turisme\",\"isPartOf\":{\"@id\":\"https:\\\/\\\/cardonaturisme.cat\\\/es\\\/#website\"},\"primaryImageOfPage\":{\"@id\":\"https:\\\/\\\/cardonaturisme.cat\\\/es\\\/la-colegiata-de-san-vicente-de-cardona-distinguida-como-lugar-de-interes-cinematografico\\\/#primaryimage\"},\"image\":{\"@id\":\"https:\\\/\\\/cardonaturisme.cat\\\/es\\\/la-colegiata-de-san-vicente-de-cardona-distinguida-como-lugar-de-interes-cinematografico\\\/#primaryimage\"},\"thumbnailUrl\":\"https:\\\/\\\/cardonaturisme.cat\\\/wp-content\\\/uploads\\\/2023\\\/10\\\/Collegiata-2048x1360-1.jpg\",\"datePublished\":\"2023-10-04T08:28:06+00:00\",\"dateModified\":\"2024-10-02T16:11:54+00:00\",\"breadcrumb\":{\"@id\":\"https:\\\/\\\/cardonaturisme.cat\\\/es\\\/la-colegiata-de-san-vicente-de-cardona-distinguida-como-lugar-de-interes-cinematografico\\\/#breadcrumb\"},\"inLanguage\":\"es\",\"potentialAction\":[{\"@type\":\"ReadAction\",\"target\":[\"https:\\\/\\\/cardonaturisme.cat\\\/es\\\/la-colegiata-de-san-vicente-de-cardona-distinguida-como-lugar-de-interes-cinematografico\\\/\"]}]},{\"@type\":\"ImageObject\",\"inLanguage\":\"es\",\"@id\":\"https:\\\/\\\/cardonaturisme.cat\\\/es\\\/la-colegiata-de-san-vicente-de-cardona-distinguida-como-lugar-de-interes-cinematografico\\\/#primaryimage\",\"url\":\"https:\\\/\\\/cardonaturisme.cat\\\/wp-content\\\/uploads\\\/2023\\\/10\\\/Collegiata-2048x1360-1.jpg\",\"contentUrl\":\"https:\\\/\\\/cardonaturisme.cat\\\/wp-content\\\/uploads\\\/2023\\\/10\\\/Collegiata-2048x1360-1.jpg\",\"width\":2048,\"height\":1360},{\"@type\":\"BreadcrumbList\",\"@id\":\"https:\\\/\\\/cardonaturisme.cat\\\/es\\\/la-colegiata-de-san-vicente-de-cardona-distinguida-como-lugar-de-interes-cinematografico\\\/#breadcrumb\",\"itemListElement\":[{\"@type\":\"ListItem\",\"position\":1,\"name\":\"Inici\",\"item\":\"https:\\\/\\\/cardonaturisme.cat\\\/es\\\/\"},{\"@type\":\"ListItem\",\"position\":2,\"name\":\"La colegiata de San Vicente de Cardona distinguida como \u2018Lugar de Inter\u00e9s Cinematogr\u00e1fico\u2019\"}]},{\"@type\":\"WebSite\",\"@id\":\"https:\\\/\\\/cardonaturisme.cat\\\/es\\\/#website\",\"url\":\"https:\\\/\\\/cardonaturisme.cat\\\/es\\\/\",\"name\":\"Cardona Turisme\",\"description\":\"La teva hist\u00f2ria\",\"publisher\":{\"@id\":\"https:\\\/\\\/cardonaturisme.cat\\\/es\\\/#organization\"},\"potentialAction\":[{\"@type\":\"SearchAction\",\"target\":{\"@type\":\"EntryPoint\",\"urlTemplate\":\"https:\\\/\\\/cardonaturisme.cat\\\/es\\\/?s={search_term_string}\"},\"query-input\":{\"@type\":\"PropertyValueSpecification\",\"valueRequired\":true,\"valueName\":\"search_term_string\"}}],\"inLanguage\":\"es\"},{\"@type\":\"Organization\",\"@id\":\"https:\\\/\\\/cardonaturisme.cat\\\/es\\\/#organization\",\"name\":\"Cardona Turisme\",\"url\":\"https:\\\/\\\/cardonaturisme.cat\\\/es\\\/\",\"logo\":{\"@type\":\"ImageObject\",\"inLanguage\":\"es\",\"@id\":\"https:\\\/\\\/cardonaturisme.cat\\\/es\\\/#\\\/schema\\\/logo\\\/image\\\/\",\"url\":\"https:\\\/\\\/cardonaturisme.cat\\\/wp-content\\\/uploads\\\/2023\\\/10\\\/logo-vermell-cardonaturisme.svg\",\"contentUrl\":\"https:\\\/\\\/cardonaturisme.cat\\\/wp-content\\\/uploads\\\/2023\\\/10\\\/logo-vermell-cardonaturisme.svg\",\"caption\":\"Cardona Turisme\"},\"image\":{\"@id\":\"https:\\\/\\\/cardonaturisme.cat\\\/es\\\/#\\\/schema\\\/logo\\\/image\\\/\"},\"sameAs\":[\"https:\\\/\\\/www.facebook.com\\\/p\\\/Fundaci-Cardona-Histrica-100063704192069\\\/\",\"https:\\\/\\\/x.com\\\/cardonaturisme\"]},{\"@type\":\"Person\",\"@id\":\"https:\\\/\\\/cardonaturisme.cat\\\/es\\\/#\\\/schema\\\/person\\\/cccbdde5ead58d9c50af1a3e0c8634b3\",\"name\":\"66b29c1e90\",\"image\":{\"@type\":\"ImageObject\",\"inLanguage\":\"es\",\"@id\":\"https:\\\/\\\/secure.gravatar.com\\\/avatar\\\/490c3f62b8705f2f6aa5373dae5c4613410536eb1a5fde4117b67d013cd4db49?s=96&d=mm&r=g\",\"url\":\"https:\\\/\\\/secure.gravatar.com\\\/avatar\\\/490c3f62b8705f2f6aa5373dae5c4613410536eb1a5fde4117b67d013cd4db49?s=96&d=mm&r=g\",\"contentUrl\":\"https:\\\/\\\/secure.gravatar.com\\\/avatar\\\/490c3f62b8705f2f6aa5373dae5c4613410536eb1a5fde4117b67d013cd4db49?s=96&d=mm&r=g\",\"caption\":\"66b29c1e90\"},\"sameAs\":[\"https:\\\/\\\/cardonaturisme.cat\"],\"url\":\"https:\\\/\\\/cardonaturisme.cat\\\/es\\\/author\\\/66b29c1e90\\\/\"}]}<\/script>\n<!-- \/ Yoast SEO plugin. -->","yoast_head_json":{"title":"La colegiata de San Vicente de Cardona distinguida como \u2018Lugar de Inter\u00e9s Cinematogr\u00e1fico\u2019 - Cardona Turisme","robots":{"index":"index","follow":"follow","max-snippet":"max-snippet:-1","max-image-preview":"max-image-preview:large","max-video-preview":"max-video-preview:-1"},"canonical":"https:\/\/cardonaturisme.cat\/es\/la-colegiata-de-san-vicente-de-cardona-distinguida-como-lugar-de-interes-cinematografico\/","og_locale":"es_ES","og_type":"article","og_title":"La colegiata de San Vicente de Cardona distinguida como \u2018Lugar de Inter\u00e9s Cinematogr\u00e1fico\u2019 - Cardona Turisme","og_description":"La Academia del Cine Catal\u00e1n ha designado a la Colegiata de San Vicente de Cardona como \u2018Lugar de Inter\u00e9s Cinematogr\u00e1fico\u2019 por su importancia hist\u00f3rica en la producci\u00f3n audiovisual. En 2016 ya recibi\u00f3 la distinci\u00f3n de Tesoro de la Cultura Cinematogr\u00e1fica Europea otorgada por la Academia de Cine Europeo, como escenario del cl\u00e1sico film&nbsp;Campanadas a medianoche&nbsp;de [&hellip;]","og_url":"https:\/\/cardonaturisme.cat\/es\/la-colegiata-de-san-vicente-de-cardona-distinguida-como-lugar-de-interes-cinematografico\/","og_site_name":"Cardona Turisme","article_publisher":"https:\/\/www.facebook.com\/p\/Fundaci-Cardona-Histrica-100063704192069\/","article_published_time":"2023-10-04T08:28:06+00:00","article_modified_time":"2024-10-02T16:11:54+00:00","og_image":[{"width":2048,"height":1360,"url":"https:\/\/cardonaturisme.cat\/wp-content\/uploads\/2023\/10\/Collegiata-2048x1360-1.jpg","type":"image\/jpeg"}],"author":"66b29c1e90","twitter_card":"summary_large_image","twitter_creator":"@cardonaturisme","twitter_site":"@cardonaturisme","twitter_misc":{"Escrito por":"66b29c1e90","Tiempo de lectura":"3 minutos"},"schema":{"@context":"https:\/\/schema.org","@graph":[{"@type":"Article","@id":"https:\/\/cardonaturisme.cat\/es\/la-colegiata-de-san-vicente-de-cardona-distinguida-como-lugar-de-interes-cinematografico\/#article","isPartOf":{"@id":"https:\/\/cardonaturisme.cat\/es\/la-colegiata-de-san-vicente-de-cardona-distinguida-como-lugar-de-interes-cinematografico\/"},"author":{"name":"66b29c1e90","@id":"https:\/\/cardonaturisme.cat\/es\/#\/schema\/person\/cccbdde5ead58d9c50af1a3e0c8634b3"},"headline":"La colegiata de San Vicente de Cardona distinguida como \u2018Lugar de Inter\u00e9s Cinematogr\u00e1fico\u2019","datePublished":"2023-10-04T08:28:06+00:00","dateModified":"2024-10-02T16:11:54+00:00","mainEntityOfPage":{"@id":"https:\/\/cardonaturisme.cat\/es\/la-colegiata-de-san-vicente-de-cardona-distinguida-como-lugar-de-interes-cinematografico\/"},"wordCount":472,"publisher":{"@id":"https:\/\/cardonaturisme.cat\/es\/#organization"},"image":{"@id":"https:\/\/cardonaturisme.cat\/es\/la-colegiata-de-san-vicente-de-cardona-distinguida-como-lugar-de-interes-cinematografico\/#primaryimage"},"thumbnailUrl":"https:\/\/cardonaturisme.cat\/wp-content\/uploads\/2023\/10\/Collegiata-2048x1360-1.jpg","articleSection":["Sin categorizar"],"inLanguage":"es"},{"@type":"WebPage","@id":"https:\/\/cardonaturisme.cat\/es\/la-colegiata-de-san-vicente-de-cardona-distinguida-como-lugar-de-interes-cinematografico\/","url":"https:\/\/cardonaturisme.cat\/es\/la-colegiata-de-san-vicente-de-cardona-distinguida-como-lugar-de-interes-cinematografico\/","name":"La colegiata de San Vicente de Cardona distinguida como \u2018Lugar de Inter\u00e9s Cinematogr\u00e1fico\u2019 - Cardona Turisme","isPartOf":{"@id":"https:\/\/cardonaturisme.cat\/es\/#website"},"primaryImageOfPage":{"@id":"https:\/\/cardonaturisme.cat\/es\/la-colegiata-de-san-vicente-de-cardona-distinguida-como-lugar-de-interes-cinematografico\/#primaryimage"},"image":{"@id":"https:\/\/cardonaturisme.cat\/es\/la-colegiata-de-san-vicente-de-cardona-distinguida-como-lugar-de-interes-cinematografico\/#primaryimage"},"thumbnailUrl":"https:\/\/cardonaturisme.cat\/wp-content\/uploads\/2023\/10\/Collegiata-2048x1360-1.jpg","datePublished":"2023-10-04T08:28:06+00:00","dateModified":"2024-10-02T16:11:54+00:00","breadcrumb":{"@id":"https:\/\/cardonaturisme.cat\/es\/la-colegiata-de-san-vicente-de-cardona-distinguida-como-lugar-de-interes-cinematografico\/#breadcrumb"},"inLanguage":"es","potentialAction":[{"@type":"ReadAction","target":["https:\/\/cardonaturisme.cat\/es\/la-colegiata-de-san-vicente-de-cardona-distinguida-como-lugar-de-interes-cinematografico\/"]}]},{"@type":"ImageObject","inLanguage":"es","@id":"https:\/\/cardonaturisme.cat\/es\/la-colegiata-de-san-vicente-de-cardona-distinguida-como-lugar-de-interes-cinematografico\/#primaryimage","url":"https:\/\/cardonaturisme.cat\/wp-content\/uploads\/2023\/10\/Collegiata-2048x1360-1.jpg","contentUrl":"https:\/\/cardonaturisme.cat\/wp-content\/uploads\/2023\/10\/Collegiata-2048x1360-1.jpg","width":2048,"height":1360},{"@type":"BreadcrumbList","@id":"https:\/\/cardonaturisme.cat\/es\/la-colegiata-de-san-vicente-de-cardona-distinguida-como-lugar-de-interes-cinematografico\/#breadcrumb","itemListElement":[{"@type":"ListItem","position":1,"name":"Inici","item":"https:\/\/cardonaturisme.cat\/es\/"},{"@type":"ListItem","position":2,"name":"La colegiata de San Vicente de Cardona distinguida como \u2018Lugar de Inter\u00e9s Cinematogr\u00e1fico\u2019"}]},{"@type":"WebSite","@id":"https:\/\/cardonaturisme.cat\/es\/#website","url":"https:\/\/cardonaturisme.cat\/es\/","name":"Cardona Turisme","description":"La teva hist\u00f2ria","publisher":{"@id":"https:\/\/cardonaturisme.cat\/es\/#organization"},"potentialAction":[{"@type":"SearchAction","target":{"@type":"EntryPoint","urlTemplate":"https:\/\/cardonaturisme.cat\/es\/?s={search_term_string}"},"query-input":{"@type":"PropertyValueSpecification","valueRequired":true,"valueName":"search_term_string"}}],"inLanguage":"es"},{"@type":"Organization","@id":"https:\/\/cardonaturisme.cat\/es\/#organization","name":"Cardona Turisme","url":"https:\/\/cardonaturisme.cat\/es\/","logo":{"@type":"ImageObject","inLanguage":"es","@id":"https:\/\/cardonaturisme.cat\/es\/#\/schema\/logo\/image\/","url":"https:\/\/cardonaturisme.cat\/wp-content\/uploads\/2023\/10\/logo-vermell-cardonaturisme.svg","contentUrl":"https:\/\/cardonaturisme.cat\/wp-content\/uploads\/2023\/10\/logo-vermell-cardonaturisme.svg","caption":"Cardona Turisme"},"image":{"@id":"https:\/\/cardonaturisme.cat\/es\/#\/schema\/logo\/image\/"},"sameAs":["https:\/\/www.facebook.com\/p\/Fundaci-Cardona-Histrica-100063704192069\/","https:\/\/x.com\/cardonaturisme"]},{"@type":"Person","@id":"https:\/\/cardonaturisme.cat\/es\/#\/schema\/person\/cccbdde5ead58d9c50af1a3e0c8634b3","name":"66b29c1e90","image":{"@type":"ImageObject","inLanguage":"es","@id":"https:\/\/secure.gravatar.com\/avatar\/490c3f62b8705f2f6aa5373dae5c4613410536eb1a5fde4117b67d013cd4db49?s=96&d=mm&r=g","url":"https:\/\/secure.gravatar.com\/avatar\/490c3f62b8705f2f6aa5373dae5c4613410536eb1a5fde4117b67d013cd4db49?s=96&d=mm&r=g","contentUrl":"https:\/\/secure.gravatar.com\/avatar\/490c3f62b8705f2f6aa5373dae5c4613410536eb1a5fde4117b67d013cd4db49?s=96&d=mm&r=g","caption":"66b29c1e90"},"sameAs":["https:\/\/cardonaturisme.cat"],"url":"https:\/\/cardonaturisme.cat\/es\/author\/66b29c1e90\/"}]}},"_links":{"self":[{"href":"https:\/\/cardonaturisme.cat\/es\/wp-json\/wp\/v2\/posts\/16730","targetHints":{"allow":["GET"]}}],"collection":[{"href":"https:\/\/cardonaturisme.cat\/es\/wp-json\/wp\/v2\/posts"}],"about":[{"href":"https:\/\/cardonaturisme.cat\/es\/wp-json\/wp\/v2\/types\/post"}],"author":[{"embeddable":true,"href":"https:\/\/cardonaturisme.cat\/es\/wp-json\/wp\/v2\/users\/1"}],"replies":[{"embeddable":true,"href":"https:\/\/cardonaturisme.cat\/es\/wp-json\/wp\/v2\/comments?post=16730"}],"version-history":[{"count":1,"href":"https:\/\/cardonaturisme.cat\/es\/wp-json\/wp\/v2\/posts\/16730\/revisions"}],"predecessor-version":[{"id":16731,"href":"https:\/\/cardonaturisme.cat\/es\/wp-json\/wp\/v2\/posts\/16730\/revisions\/16731"}],"wp:featuredmedia":[{"embeddable":true,"href":"https:\/\/cardonaturisme.cat\/es\/wp-json\/wp\/v2\/media\/16728"}],"wp:attachment":[{"href":"https:\/\/cardonaturisme.cat\/es\/wp-json\/wp\/v2\/media?parent=16730"}],"wp:term":[{"taxonomy":"category","embeddable":true,"href":"https:\/\/cardonaturisme.cat\/es\/wp-json\/wp\/v2\/categories?post=16730"},{"taxonomy":"post_tag","embeddable":true,"href":"https:\/\/cardonaturisme.cat\/es\/wp-json\/wp\/v2\/tags?post=16730"}],"curies":[{"name":"wp","href":"https:\/\/api.w.org\/{rel}","templated":true}]}}