{"id":16723,"date":"2023-09-28T11:49:12","date_gmt":"2023-09-28T09:49:12","guid":{"rendered":"https:\/\/cardonaturisme.cat\/?p=16723"},"modified":"2024-10-02T18:09:38","modified_gmt":"2024-10-02T16:09:38","slug":"cardona-descubre-los-secretos-de-la-villa-medieval-en-el-marco-de-las-jornadas-europeas-del-patrimonio","status":"publish","type":"post","link":"https:\/\/cardonaturisme.cat\/es\/cardona-descubre-los-secretos-de-la-villa-medieval-en-el-marco-de-las-jornadas-europeas-del-patrimonio\/","title":{"rendered":"Cardona descubre los \u2018secretos\u2019 de la villa medieval en el marco de las Jornadas Europeas del Patrimonio"},"content":{"rendered":"\n<p><strong>\u00bfSabes qu\u00e9 relaci\u00f3n ten\u00eda el oficio de verdugo con la carnicer\u00eda de Cardona? \u00bfSabes d\u00f3nde estaba ubicado el Call Jueu de Cardona? \u00bfY a qu\u00e9 se dedicaba la comunidad jud\u00eda y por qu\u00e9 desapareci\u00f3? \u00bfSabes c\u00f3mo vest\u00edan los mercaderes medievales? Si quieres conocer todas las respuestas no te pierdas la nueva visita por las calles de Cardona.<\/strong><\/p>\n\n\n\n<p>La Fundaci\u00f3n Cardona Hist\u00f3rica (FCH), con la colaboraci\u00f3n del Ayuntamiento de Cardona y del Archivo Hist\u00f3rico de Cardona, organiza una visita por las calles del casco antiguo para conocer los secretos y las curiosidades de la Cardona Medieval en el contexto de las&nbsp;<a href=\"https:\/\/patrimoni.gencat.cat\/es\/node\/23778\">Jornadas Europeas del Patrimonio<\/a>&nbsp;(JEP).<\/p>\n\n\n\n<p>La visita lleva por t\u00edtulo \u00ab<strong>Secretos y curiosidades de la Cardona Medieval<\/strong>\u00bb y se celebrar\u00e1 el mi\u00e9rcoles 11 de octubre a las 19:30h. El objetivo es redescubrir el pasado medieval del centro hist\u00f3rico de Cardona con una perspectiva muy distinta.<\/p>\n\n\n\n<p>El itinerario empezar\u00e1 en el Centro Cardona Medieval y, entre otros lugares, pasar\u00e1 por la iglesia de Sant Miquel, la Plaza del Mercado, la Capilla de Santa Eulalia, la Casa del Verdugo o el Casal de Graells. Al final del paseo se ofrecer\u00e1 una peque\u00f1a cata.<\/p>\n\n\n\n<p>La actividad es gratuita previa inscripci\u00f3n en la Oficina de Turismo y en este&nbsp;<a href=\"https:\/\/docs.google.com\/forms\/d\/e\/1FAIpQLSfA44N4ylSZ1-5Ziad0g3QiWai2FIdVrBVxV-xwghHjglxHig\/viewform?usp=sf_link\">enlace<\/a>.<\/p>\n\n\n\n<p><strong>Patrimonio vivo<\/strong><\/p>\n\n\n\n<p>Un a\u00f1o m\u00e1s, la Agencia Catalana del Patrimonio Cultural impulsa las JEP, una iniciativa del Consejo de Europa y la Comisi\u00f3n Europea que se celebra ininterrumpidamente en Catalu\u00f1a desde 1991 y est\u00e1 considerada la actividad participativa m\u00e1s importante de Europa en relaci\u00f3n con el patrimonio cultural.<\/p>\n\n\n\n<p>A lo largo de todos estos a\u00f1os las Jornadas han permitido conocer la riqueza y diversidad del patrimonio cultural gracias a la colaboraci\u00f3n de cientos de municipios, museos, monumentos, asociaciones y entidades culturales de todo el territorio que a\u00f1o tras a\u00f1o han abierto las puertas de su casa para acercar su patrimonio cultural a la ciudadan\u00eda.<\/p>\n\n\n\n<p>El lema de la edici\u00f3n de este a\u00f1o, propuesto por el Consejo de Europa, es \u201cPatrimonio vivo\u201d, haciendo referencia a las pr\u00e1cticas, los conocimientos y las habilidades que se transmiten de generaci\u00f3n en generaci\u00f3n, y que actualmente se siguen manteniendo.<\/p>\n","protected":false},"excerpt":{"rendered":"<p>\u00bfSabes qu\u00e9 relaci\u00f3n ten\u00eda el oficio de verdugo con la carnicer\u00eda de Cardona? \u00bfSabes d\u00f3nde estaba ubicado el Call Jueu de Cardona? \u00bfY a qu\u00e9 se dedicaba la comunidad jud\u00eda y por qu\u00e9 desapareci\u00f3? \u00bfSabes c\u00f3mo vest\u00edan los mercaderes medievales? Si quieres conocer todas las respuestas no te pierdas la nueva visita por las calles [&hellip;]<\/p>\n","protected":false},"author":1,"featured_media":16721,"comment_status":"closed","ping_status":"closed","sticky":false,"template":"","format":"standard","meta":{"_acf_changed":false,"footnotes":""},"categories":[56],"tags":[],"class_list":["post-16723","post","type-post","status-publish","format-standard","has-post-thumbnail","hentry","category-sin-categorizar"],"acf":[],"yoast_head":"<!-- This site is optimized with the Yoast SEO plugin v27.4 - https:\/\/yoast.com\/product\/yoast-seo-wordpress\/ -->\n<title>Cardona descubre los \u2018secretos\u2019 de la villa medieval en el marco de las Jornadas Europeas del Patrimonio - Cardona Turisme<\/title>\n<meta name=\"robots\" content=\"index, follow, max-snippet:-1, max-image-preview:large, max-video-preview:-1\" \/>\n<link rel=\"canonical\" href=\"https:\/\/cardonaturisme.cat\/es\/cardona-descubre-los-secretos-de-la-villa-medieval-en-el-marco-de-las-jornadas-europeas-del-patrimonio\/\" \/>\n<meta property=\"og:locale\" content=\"es_ES\" \/>\n<meta property=\"og:type\" content=\"article\" \/>\n<meta property=\"og:title\" content=\"Cardona descubre los \u2018secretos\u2019 de la villa medieval en el marco de las Jornadas Europeas del Patrimonio - Cardona Turisme\" \/>\n<meta property=\"og:description\" content=\"\u00bfSabes qu\u00e9 relaci\u00f3n ten\u00eda el oficio de verdugo con la carnicer\u00eda de Cardona? \u00bfSabes d\u00f3nde estaba ubicado el Call Jueu de Cardona? \u00bfY a qu\u00e9 se dedicaba la comunidad jud\u00eda y por qu\u00e9 desapareci\u00f3? \u00bfSabes c\u00f3mo vest\u00edan los mercaderes medievales? Si quieres conocer todas las respuestas no te pierdas la nueva visita por las calles [&hellip;]\" \/>\n<meta property=\"og:url\" content=\"https:\/\/cardonaturisme.cat\/es\/cardona-descubre-los-secretos-de-la-villa-medieval-en-el-marco-de-las-jornadas-europeas-del-patrimonio\/\" \/>\n<meta property=\"og:site_name\" content=\"Cardona Turisme\" \/>\n<meta property=\"article:publisher\" content=\"https:\/\/www.facebook.com\/p\/Fundaci-Cardona-Histrica-100063704192069\/\" \/>\n<meta property=\"article:published_time\" content=\"2023-09-28T09:49:12+00:00\" \/>\n<meta property=\"article:modified_time\" content=\"2024-10-02T16:09:38+00:00\" \/>\n<meta property=\"og:image\" content=\"https:\/\/cardonaturisme.cat\/wp-content\/uploads\/2023\/09\/DSC7695_BA-2048x1366-1.jpg\" \/>\n\t<meta property=\"og:image:width\" content=\"2048\" \/>\n\t<meta property=\"og:image:height\" content=\"1366\" \/>\n\t<meta property=\"og:image:type\" content=\"image\/jpeg\" \/>\n<meta name=\"author\" content=\"66b29c1e90\" \/>\n<meta name=\"twitter:card\" content=\"summary_large_image\" \/>\n<meta name=\"twitter:creator\" content=\"@cardonaturisme\" \/>\n<meta name=\"twitter:site\" content=\"@cardonaturisme\" \/>\n<meta name=\"twitter:label1\" content=\"Escrito por\" \/>\n\t<meta name=\"twitter:data1\" content=\"66b29c1e90\" \/>\n\t<meta name=\"twitter:label2\" content=\"Tiempo de lectura\" \/>\n\t<meta name=\"twitter:data2\" content=\"3 minutos\" \/>\n<script type=\"application\/ld+json\" class=\"yoast-schema-graph\">{\"@context\":\"https:\\\/\\\/schema.org\",\"@graph\":[{\"@type\":\"Article\",\"@id\":\"https:\\\/\\\/cardonaturisme.cat\\\/es\\\/cardona-descubre-los-secretos-de-la-villa-medieval-en-el-marco-de-las-jornadas-europeas-del-patrimonio\\\/#article\",\"isPartOf\":{\"@id\":\"https:\\\/\\\/cardonaturisme.cat\\\/es\\\/cardona-descubre-los-secretos-de-la-villa-medieval-en-el-marco-de-las-jornadas-europeas-del-patrimonio\\\/\"},\"author\":{\"name\":\"66b29c1e90\",\"@id\":\"https:\\\/\\\/cardonaturisme.cat\\\/es\\\/#\\\/schema\\\/person\\\/cccbdde5ead58d9c50af1a3e0c8634b3\"},\"headline\":\"Cardona descubre los \u2018secretos\u2019 de la villa medieval en el marco de las Jornadas Europeas del Patrimonio\",\"datePublished\":\"2023-09-28T09:49:12+00:00\",\"dateModified\":\"2024-10-02T16:09:38+00:00\",\"mainEntityOfPage\":{\"@id\":\"https:\\\/\\\/cardonaturisme.cat\\\/es\\\/cardona-descubre-los-secretos-de-la-villa-medieval-en-el-marco-de-las-jornadas-europeas-del-patrimonio\\\/\"},\"wordCount\":400,\"publisher\":{\"@id\":\"https:\\\/\\\/cardonaturisme.cat\\\/es\\\/#organization\"},\"image\":{\"@id\":\"https:\\\/\\\/cardonaturisme.cat\\\/es\\\/cardona-descubre-los-secretos-de-la-villa-medieval-en-el-marco-de-las-jornadas-europeas-del-patrimonio\\\/#primaryimage\"},\"thumbnailUrl\":\"https:\\\/\\\/cardonaturisme.cat\\\/wp-content\\\/uploads\\\/2023\\\/09\\\/DSC7695_BA-2048x1366-1.jpg\",\"articleSection\":[\"Sin categorizar\"],\"inLanguage\":\"es\"},{\"@type\":\"WebPage\",\"@id\":\"https:\\\/\\\/cardonaturisme.cat\\\/es\\\/cardona-descubre-los-secretos-de-la-villa-medieval-en-el-marco-de-las-jornadas-europeas-del-patrimonio\\\/\",\"url\":\"https:\\\/\\\/cardonaturisme.cat\\\/es\\\/cardona-descubre-los-secretos-de-la-villa-medieval-en-el-marco-de-las-jornadas-europeas-del-patrimonio\\\/\",\"name\":\"Cardona descubre los \u2018secretos\u2019 de la villa medieval en el marco de las Jornadas Europeas del Patrimonio - Cardona Turisme\",\"isPartOf\":{\"@id\":\"https:\\\/\\\/cardonaturisme.cat\\\/es\\\/#website\"},\"primaryImageOfPage\":{\"@id\":\"https:\\\/\\\/cardonaturisme.cat\\\/es\\\/cardona-descubre-los-secretos-de-la-villa-medieval-en-el-marco-de-las-jornadas-europeas-del-patrimonio\\\/#primaryimage\"},\"image\":{\"@id\":\"https:\\\/\\\/cardonaturisme.cat\\\/es\\\/cardona-descubre-los-secretos-de-la-villa-medieval-en-el-marco-de-las-jornadas-europeas-del-patrimonio\\\/#primaryimage\"},\"thumbnailUrl\":\"https:\\\/\\\/cardonaturisme.cat\\\/wp-content\\\/uploads\\\/2023\\\/09\\\/DSC7695_BA-2048x1366-1.jpg\",\"datePublished\":\"2023-09-28T09:49:12+00:00\",\"dateModified\":\"2024-10-02T16:09:38+00:00\",\"breadcrumb\":{\"@id\":\"https:\\\/\\\/cardonaturisme.cat\\\/es\\\/cardona-descubre-los-secretos-de-la-villa-medieval-en-el-marco-de-las-jornadas-europeas-del-patrimonio\\\/#breadcrumb\"},\"inLanguage\":\"es\",\"potentialAction\":[{\"@type\":\"ReadAction\",\"target\":[\"https:\\\/\\\/cardonaturisme.cat\\\/es\\\/cardona-descubre-los-secretos-de-la-villa-medieval-en-el-marco-de-las-jornadas-europeas-del-patrimonio\\\/\"]}]},{\"@type\":\"ImageObject\",\"inLanguage\":\"es\",\"@id\":\"https:\\\/\\\/cardonaturisme.cat\\\/es\\\/cardona-descubre-los-secretos-de-la-villa-medieval-en-el-marco-de-las-jornadas-europeas-del-patrimonio\\\/#primaryimage\",\"url\":\"https:\\\/\\\/cardonaturisme.cat\\\/wp-content\\\/uploads\\\/2023\\\/09\\\/DSC7695_BA-2048x1366-1.jpg\",\"contentUrl\":\"https:\\\/\\\/cardonaturisme.cat\\\/wp-content\\\/uploads\\\/2023\\\/09\\\/DSC7695_BA-2048x1366-1.jpg\",\"width\":2048,\"height\":1366},{\"@type\":\"BreadcrumbList\",\"@id\":\"https:\\\/\\\/cardonaturisme.cat\\\/es\\\/cardona-descubre-los-secretos-de-la-villa-medieval-en-el-marco-de-las-jornadas-europeas-del-patrimonio\\\/#breadcrumb\",\"itemListElement\":[{\"@type\":\"ListItem\",\"position\":1,\"name\":\"Inici\",\"item\":\"https:\\\/\\\/cardonaturisme.cat\\\/es\\\/\"},{\"@type\":\"ListItem\",\"position\":2,\"name\":\"Cardona descubre los \u2018secretos\u2019 de la villa medieval en el marco de las Jornadas Europeas del Patrimonio\"}]},{\"@type\":\"WebSite\",\"@id\":\"https:\\\/\\\/cardonaturisme.cat\\\/es\\\/#website\",\"url\":\"https:\\\/\\\/cardonaturisme.cat\\\/es\\\/\",\"name\":\"Cardona Turisme\",\"description\":\"La teva hist\u00f2ria\",\"publisher\":{\"@id\":\"https:\\\/\\\/cardonaturisme.cat\\\/es\\\/#organization\"},\"potentialAction\":[{\"@type\":\"SearchAction\",\"target\":{\"@type\":\"EntryPoint\",\"urlTemplate\":\"https:\\\/\\\/cardonaturisme.cat\\\/es\\\/?s={search_term_string}\"},\"query-input\":{\"@type\":\"PropertyValueSpecification\",\"valueRequired\":true,\"valueName\":\"search_term_string\"}}],\"inLanguage\":\"es\"},{\"@type\":\"Organization\",\"@id\":\"https:\\\/\\\/cardonaturisme.cat\\\/es\\\/#organization\",\"name\":\"Cardona Turisme\",\"url\":\"https:\\\/\\\/cardonaturisme.cat\\\/es\\\/\",\"logo\":{\"@type\":\"ImageObject\",\"inLanguage\":\"es\",\"@id\":\"https:\\\/\\\/cardonaturisme.cat\\\/es\\\/#\\\/schema\\\/logo\\\/image\\\/\",\"url\":\"https:\\\/\\\/cardonaturisme.cat\\\/wp-content\\\/uploads\\\/2023\\\/10\\\/logo-vermell-cardonaturisme.svg\",\"contentUrl\":\"https:\\\/\\\/cardonaturisme.cat\\\/wp-content\\\/uploads\\\/2023\\\/10\\\/logo-vermell-cardonaturisme.svg\",\"caption\":\"Cardona Turisme\"},\"image\":{\"@id\":\"https:\\\/\\\/cardonaturisme.cat\\\/es\\\/#\\\/schema\\\/logo\\\/image\\\/\"},\"sameAs\":[\"https:\\\/\\\/www.facebook.com\\\/p\\\/Fundaci-Cardona-Histrica-100063704192069\\\/\",\"https:\\\/\\\/x.com\\\/cardonaturisme\"]},{\"@type\":\"Person\",\"@id\":\"https:\\\/\\\/cardonaturisme.cat\\\/es\\\/#\\\/schema\\\/person\\\/cccbdde5ead58d9c50af1a3e0c8634b3\",\"name\":\"66b29c1e90\",\"image\":{\"@type\":\"ImageObject\",\"inLanguage\":\"es\",\"@id\":\"https:\\\/\\\/secure.gravatar.com\\\/avatar\\\/490c3f62b8705f2f6aa5373dae5c4613410536eb1a5fde4117b67d013cd4db49?s=96&d=mm&r=g\",\"url\":\"https:\\\/\\\/secure.gravatar.com\\\/avatar\\\/490c3f62b8705f2f6aa5373dae5c4613410536eb1a5fde4117b67d013cd4db49?s=96&d=mm&r=g\",\"contentUrl\":\"https:\\\/\\\/secure.gravatar.com\\\/avatar\\\/490c3f62b8705f2f6aa5373dae5c4613410536eb1a5fde4117b67d013cd4db49?s=96&d=mm&r=g\",\"caption\":\"66b29c1e90\"},\"sameAs\":[\"https:\\\/\\\/cardonaturisme.cat\"],\"url\":\"https:\\\/\\\/cardonaturisme.cat\\\/es\\\/author\\\/66b29c1e90\\\/\"}]}<\/script>\n<!-- \/ Yoast SEO plugin. -->","yoast_head_json":{"title":"Cardona descubre los \u2018secretos\u2019 de la villa medieval en el marco de las Jornadas Europeas del Patrimonio - Cardona Turisme","robots":{"index":"index","follow":"follow","max-snippet":"max-snippet:-1","max-image-preview":"max-image-preview:large","max-video-preview":"max-video-preview:-1"},"canonical":"https:\/\/cardonaturisme.cat\/es\/cardona-descubre-los-secretos-de-la-villa-medieval-en-el-marco-de-las-jornadas-europeas-del-patrimonio\/","og_locale":"es_ES","og_type":"article","og_title":"Cardona descubre los \u2018secretos\u2019 de la villa medieval en el marco de las Jornadas Europeas del Patrimonio - Cardona Turisme","og_description":"\u00bfSabes qu\u00e9 relaci\u00f3n ten\u00eda el oficio de verdugo con la carnicer\u00eda de Cardona? \u00bfSabes d\u00f3nde estaba ubicado el Call Jueu de Cardona? \u00bfY a qu\u00e9 se dedicaba la comunidad jud\u00eda y por qu\u00e9 desapareci\u00f3? \u00bfSabes c\u00f3mo vest\u00edan los mercaderes medievales? Si quieres conocer todas las respuestas no te pierdas la nueva visita por las calles [&hellip;]","og_url":"https:\/\/cardonaturisme.cat\/es\/cardona-descubre-los-secretos-de-la-villa-medieval-en-el-marco-de-las-jornadas-europeas-del-patrimonio\/","og_site_name":"Cardona Turisme","article_publisher":"https:\/\/www.facebook.com\/p\/Fundaci-Cardona-Histrica-100063704192069\/","article_published_time":"2023-09-28T09:49:12+00:00","article_modified_time":"2024-10-02T16:09:38+00:00","og_image":[{"width":2048,"height":1366,"url":"https:\/\/cardonaturisme.cat\/wp-content\/uploads\/2023\/09\/DSC7695_BA-2048x1366-1.jpg","type":"image\/jpeg"}],"author":"66b29c1e90","twitter_card":"summary_large_image","twitter_creator":"@cardonaturisme","twitter_site":"@cardonaturisme","twitter_misc":{"Escrito por":"66b29c1e90","Tiempo de lectura":"3 minutos"},"schema":{"@context":"https:\/\/schema.org","@graph":[{"@type":"Article","@id":"https:\/\/cardonaturisme.cat\/es\/cardona-descubre-los-secretos-de-la-villa-medieval-en-el-marco-de-las-jornadas-europeas-del-patrimonio\/#article","isPartOf":{"@id":"https:\/\/cardonaturisme.cat\/es\/cardona-descubre-los-secretos-de-la-villa-medieval-en-el-marco-de-las-jornadas-europeas-del-patrimonio\/"},"author":{"name":"66b29c1e90","@id":"https:\/\/cardonaturisme.cat\/es\/#\/schema\/person\/cccbdde5ead58d9c50af1a3e0c8634b3"},"headline":"Cardona descubre los \u2018secretos\u2019 de la villa medieval en el marco de las Jornadas Europeas del Patrimonio","datePublished":"2023-09-28T09:49:12+00:00","dateModified":"2024-10-02T16:09:38+00:00","mainEntityOfPage":{"@id":"https:\/\/cardonaturisme.cat\/es\/cardona-descubre-los-secretos-de-la-villa-medieval-en-el-marco-de-las-jornadas-europeas-del-patrimonio\/"},"wordCount":400,"publisher":{"@id":"https:\/\/cardonaturisme.cat\/es\/#organization"},"image":{"@id":"https:\/\/cardonaturisme.cat\/es\/cardona-descubre-los-secretos-de-la-villa-medieval-en-el-marco-de-las-jornadas-europeas-del-patrimonio\/#primaryimage"},"thumbnailUrl":"https:\/\/cardonaturisme.cat\/wp-content\/uploads\/2023\/09\/DSC7695_BA-2048x1366-1.jpg","articleSection":["Sin categorizar"],"inLanguage":"es"},{"@type":"WebPage","@id":"https:\/\/cardonaturisme.cat\/es\/cardona-descubre-los-secretos-de-la-villa-medieval-en-el-marco-de-las-jornadas-europeas-del-patrimonio\/","url":"https:\/\/cardonaturisme.cat\/es\/cardona-descubre-los-secretos-de-la-villa-medieval-en-el-marco-de-las-jornadas-europeas-del-patrimonio\/","name":"Cardona descubre los \u2018secretos\u2019 de la villa medieval en el marco de las Jornadas Europeas del Patrimonio - Cardona Turisme","isPartOf":{"@id":"https:\/\/cardonaturisme.cat\/es\/#website"},"primaryImageOfPage":{"@id":"https:\/\/cardonaturisme.cat\/es\/cardona-descubre-los-secretos-de-la-villa-medieval-en-el-marco-de-las-jornadas-europeas-del-patrimonio\/#primaryimage"},"image":{"@id":"https:\/\/cardonaturisme.cat\/es\/cardona-descubre-los-secretos-de-la-villa-medieval-en-el-marco-de-las-jornadas-europeas-del-patrimonio\/#primaryimage"},"thumbnailUrl":"https:\/\/cardonaturisme.cat\/wp-content\/uploads\/2023\/09\/DSC7695_BA-2048x1366-1.jpg","datePublished":"2023-09-28T09:49:12+00:00","dateModified":"2024-10-02T16:09:38+00:00","breadcrumb":{"@id":"https:\/\/cardonaturisme.cat\/es\/cardona-descubre-los-secretos-de-la-villa-medieval-en-el-marco-de-las-jornadas-europeas-del-patrimonio\/#breadcrumb"},"inLanguage":"es","potentialAction":[{"@type":"ReadAction","target":["https:\/\/cardonaturisme.cat\/es\/cardona-descubre-los-secretos-de-la-villa-medieval-en-el-marco-de-las-jornadas-europeas-del-patrimonio\/"]}]},{"@type":"ImageObject","inLanguage":"es","@id":"https:\/\/cardonaturisme.cat\/es\/cardona-descubre-los-secretos-de-la-villa-medieval-en-el-marco-de-las-jornadas-europeas-del-patrimonio\/#primaryimage","url":"https:\/\/cardonaturisme.cat\/wp-content\/uploads\/2023\/09\/DSC7695_BA-2048x1366-1.jpg","contentUrl":"https:\/\/cardonaturisme.cat\/wp-content\/uploads\/2023\/09\/DSC7695_BA-2048x1366-1.jpg","width":2048,"height":1366},{"@type":"BreadcrumbList","@id":"https:\/\/cardonaturisme.cat\/es\/cardona-descubre-los-secretos-de-la-villa-medieval-en-el-marco-de-las-jornadas-europeas-del-patrimonio\/#breadcrumb","itemListElement":[{"@type":"ListItem","position":1,"name":"Inici","item":"https:\/\/cardonaturisme.cat\/es\/"},{"@type":"ListItem","position":2,"name":"Cardona descubre los \u2018secretos\u2019 de la villa medieval en el marco de las Jornadas Europeas del Patrimonio"}]},{"@type":"WebSite","@id":"https:\/\/cardonaturisme.cat\/es\/#website","url":"https:\/\/cardonaturisme.cat\/es\/","name":"Cardona Turisme","description":"La teva hist\u00f2ria","publisher":{"@id":"https:\/\/cardonaturisme.cat\/es\/#organization"},"potentialAction":[{"@type":"SearchAction","target":{"@type":"EntryPoint","urlTemplate":"https:\/\/cardonaturisme.cat\/es\/?s={search_term_string}"},"query-input":{"@type":"PropertyValueSpecification","valueRequired":true,"valueName":"search_term_string"}}],"inLanguage":"es"},{"@type":"Organization","@id":"https:\/\/cardonaturisme.cat\/es\/#organization","name":"Cardona Turisme","url":"https:\/\/cardonaturisme.cat\/es\/","logo":{"@type":"ImageObject","inLanguage":"es","@id":"https:\/\/cardonaturisme.cat\/es\/#\/schema\/logo\/image\/","url":"https:\/\/cardonaturisme.cat\/wp-content\/uploads\/2023\/10\/logo-vermell-cardonaturisme.svg","contentUrl":"https:\/\/cardonaturisme.cat\/wp-content\/uploads\/2023\/10\/logo-vermell-cardonaturisme.svg","caption":"Cardona Turisme"},"image":{"@id":"https:\/\/cardonaturisme.cat\/es\/#\/schema\/logo\/image\/"},"sameAs":["https:\/\/www.facebook.com\/p\/Fundaci-Cardona-Histrica-100063704192069\/","https:\/\/x.com\/cardonaturisme"]},{"@type":"Person","@id":"https:\/\/cardonaturisme.cat\/es\/#\/schema\/person\/cccbdde5ead58d9c50af1a3e0c8634b3","name":"66b29c1e90","image":{"@type":"ImageObject","inLanguage":"es","@id":"https:\/\/secure.gravatar.com\/avatar\/490c3f62b8705f2f6aa5373dae5c4613410536eb1a5fde4117b67d013cd4db49?s=96&d=mm&r=g","url":"https:\/\/secure.gravatar.com\/avatar\/490c3f62b8705f2f6aa5373dae5c4613410536eb1a5fde4117b67d013cd4db49?s=96&d=mm&r=g","contentUrl":"https:\/\/secure.gravatar.com\/avatar\/490c3f62b8705f2f6aa5373dae5c4613410536eb1a5fde4117b67d013cd4db49?s=96&d=mm&r=g","caption":"66b29c1e90"},"sameAs":["https:\/\/cardonaturisme.cat"],"url":"https:\/\/cardonaturisme.cat\/es\/author\/66b29c1e90\/"}]}},"_links":{"self":[{"href":"https:\/\/cardonaturisme.cat\/es\/wp-json\/wp\/v2\/posts\/16723","targetHints":{"allow":["GET"]}}],"collection":[{"href":"https:\/\/cardonaturisme.cat\/es\/wp-json\/wp\/v2\/posts"}],"about":[{"href":"https:\/\/cardonaturisme.cat\/es\/wp-json\/wp\/v2\/types\/post"}],"author":[{"embeddable":true,"href":"https:\/\/cardonaturisme.cat\/es\/wp-json\/wp\/v2\/users\/1"}],"replies":[{"embeddable":true,"href":"https:\/\/cardonaturisme.cat\/es\/wp-json\/wp\/v2\/comments?post=16723"}],"version-history":[{"count":1,"href":"https:\/\/cardonaturisme.cat\/es\/wp-json\/wp\/v2\/posts\/16723\/revisions"}],"predecessor-version":[{"id":16724,"href":"https:\/\/cardonaturisme.cat\/es\/wp-json\/wp\/v2\/posts\/16723\/revisions\/16724"}],"wp:featuredmedia":[{"embeddable":true,"href":"https:\/\/cardonaturisme.cat\/es\/wp-json\/wp\/v2\/media\/16721"}],"wp:attachment":[{"href":"https:\/\/cardonaturisme.cat\/es\/wp-json\/wp\/v2\/media?parent=16723"}],"wp:term":[{"taxonomy":"category","embeddable":true,"href":"https:\/\/cardonaturisme.cat\/es\/wp-json\/wp\/v2\/categories?post=16723"},{"taxonomy":"post_tag","embeddable":true,"href":"https:\/\/cardonaturisme.cat\/es\/wp-json\/wp\/v2\/tags?post=16723"}],"curies":[{"name":"wp","href":"https:\/\/api.w.org\/{rel}","templated":true}]}}