{"id":16716,"date":"2023-09-20T09:19:31","date_gmt":"2023-09-20T07:19:31","guid":{"rendered":"https:\/\/cardonaturisme.cat\/?p=16716"},"modified":"2024-10-02T18:07:49","modified_gmt":"2024-10-02T16:07:49","slug":"un-equipo-de-la-bbc-graba-en-la-montana-de-sal-de-cardona","status":"publish","type":"post","link":"https:\/\/cardonaturisme.cat\/es\/un-equipo-de-la-bbc-graba-en-la-montana-de-sal-de-cardona\/","title":{"rendered":"Un equipo de la BBC graba en la Monta\u00f1a de Sal de Cardona"},"content":{"rendered":"\n<p><strong>La BBC Studios se ha desplazado a Cardona para grabar un episodio de la nueva serie de divulgaci\u00f3n cient\u00edfica que se emitir\u00e1 el pr\u00f3ximo a\u00f1o. El equipo de reporteros brit\u00e1nicos ha grabado en el Parque Cultural de la Monta\u00f1a de Sal y en otras localizaciones del valle salino.<\/strong><\/p>\n\n\n\n<p>El programa lo presenta Brian Cox, un conocido f\u00edsico de la televisi\u00f3n brit\u00e1nica famoso por sus programas de divulgaci\u00f3n cient\u00edfica, y se emitir\u00e1 en Reino Unido y Estados Unidos a principios de 2024.<\/p>\n\n\n\n<p>Las creaciones cient\u00edficas de la BBC destacan por su rigor y la calidad de su realizaci\u00f3n que combina im\u00e1genes de diversas ubicaciones del mundo y otras generadas por ordenador.<\/p>\n\n\n\n<p><strong>El diapiro de Cardona, un lugar \u00fanico en el mundo<\/strong><\/p>\n\n\n\n<p>La Monta\u00f1a de Sal es un fen\u00f3meno natural \u00fanico en el mundo y todav\u00eda hoy crece a medida que la lluvia la erosiona. Sus 120 metros son s\u00f3lo la punta de un enorme diapiro de cerca de dos kil\u00f3metros de profundidad. Su excepcionalidad y espectacularidad es lo que ha atra\u00eddo a la BBC.<\/p>\n\n\n\n<p>Durante a\u00f1os, el macizo salino se convirti\u00f3 en una de las minas de sal pot\u00e1sica m\u00e1s importantes del mundo, Mina Nieves de Cardona (1929-1990). El viejo recinto minero es hoy el Parque Cultural de la Monta\u00f1a de Sal, un gran equipamiento que divulga la importancia de la sal, la excepcionalidad geol\u00f3gica del yacimiento y el aprovechamiento que el ser humano ha hecho de este recurso natural durante siglos.<\/p>\n","protected":false},"excerpt":{"rendered":"<p>La BBC Studios se ha desplazado a Cardona para grabar un episodio de la nueva serie de divulgaci\u00f3n cient\u00edfica que se emitir\u00e1 el pr\u00f3ximo a\u00f1o. El equipo de reporteros brit\u00e1nicos ha grabado en el Parque Cultural de la Monta\u00f1a de Sal y en otras localizaciones del valle salino. El programa lo presenta Brian Cox, un [&hellip;]<\/p>\n","protected":false},"author":1,"featured_media":16714,"comment_status":"closed","ping_status":"closed","sticky":false,"template":"","format":"standard","meta":{"_acf_changed":false,"footnotes":""},"categories":[56],"tags":[],"class_list":["post-16716","post","type-post","status-publish","format-standard","has-post-thumbnail","hentry","category-sin-categorizar"],"acf":[],"yoast_head":"<!-- This site is optimized with the Yoast SEO plugin v27.4 - https:\/\/yoast.com\/product\/yoast-seo-wordpress\/ -->\n<title>Un equipo de la BBC graba en la Monta\u00f1a de Sal de Cardona - Cardona Turisme<\/title>\n<meta name=\"robots\" content=\"index, follow, max-snippet:-1, max-image-preview:large, max-video-preview:-1\" \/>\n<link rel=\"canonical\" href=\"https:\/\/cardonaturisme.cat\/es\/un-equipo-de-la-bbc-graba-en-la-montana-de-sal-de-cardona\/\" \/>\n<meta property=\"og:locale\" content=\"es_ES\" \/>\n<meta property=\"og:type\" content=\"article\" \/>\n<meta property=\"og:title\" content=\"Un equipo de la BBC graba en la Monta\u00f1a de Sal de Cardona - Cardona Turisme\" \/>\n<meta property=\"og:description\" content=\"La BBC Studios se ha desplazado a Cardona para grabar un episodio de la nueva serie de divulgaci\u00f3n cient\u00edfica que se emitir\u00e1 el pr\u00f3ximo a\u00f1o. El equipo de reporteros brit\u00e1nicos ha grabado en el Parque Cultural de la Monta\u00f1a de Sal y en otras localizaciones del valle salino. El programa lo presenta Brian Cox, un [&hellip;]\" \/>\n<meta property=\"og:url\" content=\"https:\/\/cardonaturisme.cat\/es\/un-equipo-de-la-bbc-graba-en-la-montana-de-sal-de-cardona\/\" \/>\n<meta property=\"og:site_name\" content=\"Cardona Turisme\" \/>\n<meta property=\"article:publisher\" content=\"https:\/\/www.facebook.com\/p\/Fundaci-Cardona-Histrica-100063704192069\/\" \/>\n<meta property=\"article:published_time\" content=\"2023-09-20T07:19:31+00:00\" \/>\n<meta property=\"article:modified_time\" content=\"2024-10-02T16:07:49+00:00\" \/>\n<meta property=\"og:image\" content=\"https:\/\/cardonaturisme.cat\/wp-content\/uploads\/2023\/09\/IMG_8629-002-rotated-1.jpg\" \/>\n\t<meta property=\"og:image:width\" content=\"480\" \/>\n\t<meta property=\"og:image:height\" content=\"640\" \/>\n\t<meta property=\"og:image:type\" content=\"image\/jpeg\" \/>\n<meta name=\"author\" content=\"66b29c1e90\" \/>\n<meta name=\"twitter:card\" content=\"summary_large_image\" \/>\n<meta name=\"twitter:creator\" content=\"@cardonaturisme\" \/>\n<meta name=\"twitter:site\" content=\"@cardonaturisme\" \/>\n<meta name=\"twitter:label1\" content=\"Escrito por\" \/>\n\t<meta name=\"twitter:data1\" content=\"66b29c1e90\" \/>\n\t<meta name=\"twitter:label2\" content=\"Tiempo de lectura\" \/>\n\t<meta name=\"twitter:data2\" content=\"2 minutos\" \/>\n<script type=\"application\/ld+json\" class=\"yoast-schema-graph\">{\"@context\":\"https:\\\/\\\/schema.org\",\"@graph\":[{\"@type\":\"Article\",\"@id\":\"https:\\\/\\\/cardonaturisme.cat\\\/es\\\/un-equipo-de-la-bbc-graba-en-la-montana-de-sal-de-cardona\\\/#article\",\"isPartOf\":{\"@id\":\"https:\\\/\\\/cardonaturisme.cat\\\/es\\\/un-equipo-de-la-bbc-graba-en-la-montana-de-sal-de-cardona\\\/\"},\"author\":{\"name\":\"66b29c1e90\",\"@id\":\"https:\\\/\\\/cardonaturisme.cat\\\/es\\\/#\\\/schema\\\/person\\\/cccbdde5ead58d9c50af1a3e0c8634b3\"},\"headline\":\"Un equipo de la BBC graba en la Monta\u00f1a de Sal de Cardona\",\"datePublished\":\"2023-09-20T07:19:31+00:00\",\"dateModified\":\"2024-10-02T16:07:49+00:00\",\"mainEntityOfPage\":{\"@id\":\"https:\\\/\\\/cardonaturisme.cat\\\/es\\\/un-equipo-de-la-bbc-graba-en-la-montana-de-sal-de-cardona\\\/\"},\"wordCount\":278,\"publisher\":{\"@id\":\"https:\\\/\\\/cardonaturisme.cat\\\/es\\\/#organization\"},\"image\":{\"@id\":\"https:\\\/\\\/cardonaturisme.cat\\\/es\\\/un-equipo-de-la-bbc-graba-en-la-montana-de-sal-de-cardona\\\/#primaryimage\"},\"thumbnailUrl\":\"https:\\\/\\\/cardonaturisme.cat\\\/wp-content\\\/uploads\\\/2023\\\/09\\\/IMG_8629-002-rotated-1.jpg\",\"articleSection\":[\"Sin categorizar\"],\"inLanguage\":\"es\"},{\"@type\":\"WebPage\",\"@id\":\"https:\\\/\\\/cardonaturisme.cat\\\/es\\\/un-equipo-de-la-bbc-graba-en-la-montana-de-sal-de-cardona\\\/\",\"url\":\"https:\\\/\\\/cardonaturisme.cat\\\/es\\\/un-equipo-de-la-bbc-graba-en-la-montana-de-sal-de-cardona\\\/\",\"name\":\"Un equipo de la BBC graba en la Monta\u00f1a de Sal de Cardona - Cardona Turisme\",\"isPartOf\":{\"@id\":\"https:\\\/\\\/cardonaturisme.cat\\\/es\\\/#website\"},\"primaryImageOfPage\":{\"@id\":\"https:\\\/\\\/cardonaturisme.cat\\\/es\\\/un-equipo-de-la-bbc-graba-en-la-montana-de-sal-de-cardona\\\/#primaryimage\"},\"image\":{\"@id\":\"https:\\\/\\\/cardonaturisme.cat\\\/es\\\/un-equipo-de-la-bbc-graba-en-la-montana-de-sal-de-cardona\\\/#primaryimage\"},\"thumbnailUrl\":\"https:\\\/\\\/cardonaturisme.cat\\\/wp-content\\\/uploads\\\/2023\\\/09\\\/IMG_8629-002-rotated-1.jpg\",\"datePublished\":\"2023-09-20T07:19:31+00:00\",\"dateModified\":\"2024-10-02T16:07:49+00:00\",\"breadcrumb\":{\"@id\":\"https:\\\/\\\/cardonaturisme.cat\\\/es\\\/un-equipo-de-la-bbc-graba-en-la-montana-de-sal-de-cardona\\\/#breadcrumb\"},\"inLanguage\":\"es\",\"potentialAction\":[{\"@type\":\"ReadAction\",\"target\":[\"https:\\\/\\\/cardonaturisme.cat\\\/es\\\/un-equipo-de-la-bbc-graba-en-la-montana-de-sal-de-cardona\\\/\"]}]},{\"@type\":\"ImageObject\",\"inLanguage\":\"es\",\"@id\":\"https:\\\/\\\/cardonaturisme.cat\\\/es\\\/un-equipo-de-la-bbc-graba-en-la-montana-de-sal-de-cardona\\\/#primaryimage\",\"url\":\"https:\\\/\\\/cardonaturisme.cat\\\/wp-content\\\/uploads\\\/2023\\\/09\\\/IMG_8629-002-rotated-1.jpg\",\"contentUrl\":\"https:\\\/\\\/cardonaturisme.cat\\\/wp-content\\\/uploads\\\/2023\\\/09\\\/IMG_8629-002-rotated-1.jpg\",\"width\":480,\"height\":640},{\"@type\":\"BreadcrumbList\",\"@id\":\"https:\\\/\\\/cardonaturisme.cat\\\/es\\\/un-equipo-de-la-bbc-graba-en-la-montana-de-sal-de-cardona\\\/#breadcrumb\",\"itemListElement\":[{\"@type\":\"ListItem\",\"position\":1,\"name\":\"Inici\",\"item\":\"https:\\\/\\\/cardonaturisme.cat\\\/es\\\/\"},{\"@type\":\"ListItem\",\"position\":2,\"name\":\"Un equipo de la BBC graba en la Monta\u00f1a de Sal de Cardona\"}]},{\"@type\":\"WebSite\",\"@id\":\"https:\\\/\\\/cardonaturisme.cat\\\/es\\\/#website\",\"url\":\"https:\\\/\\\/cardonaturisme.cat\\\/es\\\/\",\"name\":\"Cardona Turisme\",\"description\":\"La teva hist\u00f2ria\",\"publisher\":{\"@id\":\"https:\\\/\\\/cardonaturisme.cat\\\/es\\\/#organization\"},\"potentialAction\":[{\"@type\":\"SearchAction\",\"target\":{\"@type\":\"EntryPoint\",\"urlTemplate\":\"https:\\\/\\\/cardonaturisme.cat\\\/es\\\/?s={search_term_string}\"},\"query-input\":{\"@type\":\"PropertyValueSpecification\",\"valueRequired\":true,\"valueName\":\"search_term_string\"}}],\"inLanguage\":\"es\"},{\"@type\":\"Organization\",\"@id\":\"https:\\\/\\\/cardonaturisme.cat\\\/es\\\/#organization\",\"name\":\"Cardona Turisme\",\"url\":\"https:\\\/\\\/cardonaturisme.cat\\\/es\\\/\",\"logo\":{\"@type\":\"ImageObject\",\"inLanguage\":\"es\",\"@id\":\"https:\\\/\\\/cardonaturisme.cat\\\/es\\\/#\\\/schema\\\/logo\\\/image\\\/\",\"url\":\"https:\\\/\\\/cardonaturisme.cat\\\/wp-content\\\/uploads\\\/2023\\\/10\\\/logo-vermell-cardonaturisme.svg\",\"contentUrl\":\"https:\\\/\\\/cardonaturisme.cat\\\/wp-content\\\/uploads\\\/2023\\\/10\\\/logo-vermell-cardonaturisme.svg\",\"caption\":\"Cardona Turisme\"},\"image\":{\"@id\":\"https:\\\/\\\/cardonaturisme.cat\\\/es\\\/#\\\/schema\\\/logo\\\/image\\\/\"},\"sameAs\":[\"https:\\\/\\\/www.facebook.com\\\/p\\\/Fundaci-Cardona-Histrica-100063704192069\\\/\",\"https:\\\/\\\/x.com\\\/cardonaturisme\"]},{\"@type\":\"Person\",\"@id\":\"https:\\\/\\\/cardonaturisme.cat\\\/es\\\/#\\\/schema\\\/person\\\/cccbdde5ead58d9c50af1a3e0c8634b3\",\"name\":\"66b29c1e90\",\"image\":{\"@type\":\"ImageObject\",\"inLanguage\":\"es\",\"@id\":\"https:\\\/\\\/secure.gravatar.com\\\/avatar\\\/490c3f62b8705f2f6aa5373dae5c4613410536eb1a5fde4117b67d013cd4db49?s=96&d=mm&r=g\",\"url\":\"https:\\\/\\\/secure.gravatar.com\\\/avatar\\\/490c3f62b8705f2f6aa5373dae5c4613410536eb1a5fde4117b67d013cd4db49?s=96&d=mm&r=g\",\"contentUrl\":\"https:\\\/\\\/secure.gravatar.com\\\/avatar\\\/490c3f62b8705f2f6aa5373dae5c4613410536eb1a5fde4117b67d013cd4db49?s=96&d=mm&r=g\",\"caption\":\"66b29c1e90\"},\"sameAs\":[\"https:\\\/\\\/cardonaturisme.cat\"],\"url\":\"https:\\\/\\\/cardonaturisme.cat\\\/es\\\/author\\\/66b29c1e90\\\/\"}]}<\/script>\n<!-- \/ Yoast SEO plugin. -->","yoast_head_json":{"title":"Un equipo de la BBC graba en la Monta\u00f1a de Sal de Cardona - Cardona Turisme","robots":{"index":"index","follow":"follow","max-snippet":"max-snippet:-1","max-image-preview":"max-image-preview:large","max-video-preview":"max-video-preview:-1"},"canonical":"https:\/\/cardonaturisme.cat\/es\/un-equipo-de-la-bbc-graba-en-la-montana-de-sal-de-cardona\/","og_locale":"es_ES","og_type":"article","og_title":"Un equipo de la BBC graba en la Monta\u00f1a de Sal de Cardona - Cardona Turisme","og_description":"La BBC Studios se ha desplazado a Cardona para grabar un episodio de la nueva serie de divulgaci\u00f3n cient\u00edfica que se emitir\u00e1 el pr\u00f3ximo a\u00f1o. El equipo de reporteros brit\u00e1nicos ha grabado en el Parque Cultural de la Monta\u00f1a de Sal y en otras localizaciones del valle salino. El programa lo presenta Brian Cox, un [&hellip;]","og_url":"https:\/\/cardonaturisme.cat\/es\/un-equipo-de-la-bbc-graba-en-la-montana-de-sal-de-cardona\/","og_site_name":"Cardona Turisme","article_publisher":"https:\/\/www.facebook.com\/p\/Fundaci-Cardona-Histrica-100063704192069\/","article_published_time":"2023-09-20T07:19:31+00:00","article_modified_time":"2024-10-02T16:07:49+00:00","og_image":[{"width":480,"height":640,"url":"https:\/\/cardonaturisme.cat\/wp-content\/uploads\/2023\/09\/IMG_8629-002-rotated-1.jpg","type":"image\/jpeg"}],"author":"66b29c1e90","twitter_card":"summary_large_image","twitter_creator":"@cardonaturisme","twitter_site":"@cardonaturisme","twitter_misc":{"Escrito por":"66b29c1e90","Tiempo de lectura":"2 minutos"},"schema":{"@context":"https:\/\/schema.org","@graph":[{"@type":"Article","@id":"https:\/\/cardonaturisme.cat\/es\/un-equipo-de-la-bbc-graba-en-la-montana-de-sal-de-cardona\/#article","isPartOf":{"@id":"https:\/\/cardonaturisme.cat\/es\/un-equipo-de-la-bbc-graba-en-la-montana-de-sal-de-cardona\/"},"author":{"name":"66b29c1e90","@id":"https:\/\/cardonaturisme.cat\/es\/#\/schema\/person\/cccbdde5ead58d9c50af1a3e0c8634b3"},"headline":"Un equipo de la BBC graba en la Monta\u00f1a de Sal de Cardona","datePublished":"2023-09-20T07:19:31+00:00","dateModified":"2024-10-02T16:07:49+00:00","mainEntityOfPage":{"@id":"https:\/\/cardonaturisme.cat\/es\/un-equipo-de-la-bbc-graba-en-la-montana-de-sal-de-cardona\/"},"wordCount":278,"publisher":{"@id":"https:\/\/cardonaturisme.cat\/es\/#organization"},"image":{"@id":"https:\/\/cardonaturisme.cat\/es\/un-equipo-de-la-bbc-graba-en-la-montana-de-sal-de-cardona\/#primaryimage"},"thumbnailUrl":"https:\/\/cardonaturisme.cat\/wp-content\/uploads\/2023\/09\/IMG_8629-002-rotated-1.jpg","articleSection":["Sin categorizar"],"inLanguage":"es"},{"@type":"WebPage","@id":"https:\/\/cardonaturisme.cat\/es\/un-equipo-de-la-bbc-graba-en-la-montana-de-sal-de-cardona\/","url":"https:\/\/cardonaturisme.cat\/es\/un-equipo-de-la-bbc-graba-en-la-montana-de-sal-de-cardona\/","name":"Un equipo de la BBC graba en la Monta\u00f1a de Sal de Cardona - Cardona Turisme","isPartOf":{"@id":"https:\/\/cardonaturisme.cat\/es\/#website"},"primaryImageOfPage":{"@id":"https:\/\/cardonaturisme.cat\/es\/un-equipo-de-la-bbc-graba-en-la-montana-de-sal-de-cardona\/#primaryimage"},"image":{"@id":"https:\/\/cardonaturisme.cat\/es\/un-equipo-de-la-bbc-graba-en-la-montana-de-sal-de-cardona\/#primaryimage"},"thumbnailUrl":"https:\/\/cardonaturisme.cat\/wp-content\/uploads\/2023\/09\/IMG_8629-002-rotated-1.jpg","datePublished":"2023-09-20T07:19:31+00:00","dateModified":"2024-10-02T16:07:49+00:00","breadcrumb":{"@id":"https:\/\/cardonaturisme.cat\/es\/un-equipo-de-la-bbc-graba-en-la-montana-de-sal-de-cardona\/#breadcrumb"},"inLanguage":"es","potentialAction":[{"@type":"ReadAction","target":["https:\/\/cardonaturisme.cat\/es\/un-equipo-de-la-bbc-graba-en-la-montana-de-sal-de-cardona\/"]}]},{"@type":"ImageObject","inLanguage":"es","@id":"https:\/\/cardonaturisme.cat\/es\/un-equipo-de-la-bbc-graba-en-la-montana-de-sal-de-cardona\/#primaryimage","url":"https:\/\/cardonaturisme.cat\/wp-content\/uploads\/2023\/09\/IMG_8629-002-rotated-1.jpg","contentUrl":"https:\/\/cardonaturisme.cat\/wp-content\/uploads\/2023\/09\/IMG_8629-002-rotated-1.jpg","width":480,"height":640},{"@type":"BreadcrumbList","@id":"https:\/\/cardonaturisme.cat\/es\/un-equipo-de-la-bbc-graba-en-la-montana-de-sal-de-cardona\/#breadcrumb","itemListElement":[{"@type":"ListItem","position":1,"name":"Inici","item":"https:\/\/cardonaturisme.cat\/es\/"},{"@type":"ListItem","position":2,"name":"Un equipo de la BBC graba en la Monta\u00f1a de Sal de Cardona"}]},{"@type":"WebSite","@id":"https:\/\/cardonaturisme.cat\/es\/#website","url":"https:\/\/cardonaturisme.cat\/es\/","name":"Cardona Turisme","description":"La teva hist\u00f2ria","publisher":{"@id":"https:\/\/cardonaturisme.cat\/es\/#organization"},"potentialAction":[{"@type":"SearchAction","target":{"@type":"EntryPoint","urlTemplate":"https:\/\/cardonaturisme.cat\/es\/?s={search_term_string}"},"query-input":{"@type":"PropertyValueSpecification","valueRequired":true,"valueName":"search_term_string"}}],"inLanguage":"es"},{"@type":"Organization","@id":"https:\/\/cardonaturisme.cat\/es\/#organization","name":"Cardona Turisme","url":"https:\/\/cardonaturisme.cat\/es\/","logo":{"@type":"ImageObject","inLanguage":"es","@id":"https:\/\/cardonaturisme.cat\/es\/#\/schema\/logo\/image\/","url":"https:\/\/cardonaturisme.cat\/wp-content\/uploads\/2023\/10\/logo-vermell-cardonaturisme.svg","contentUrl":"https:\/\/cardonaturisme.cat\/wp-content\/uploads\/2023\/10\/logo-vermell-cardonaturisme.svg","caption":"Cardona Turisme"},"image":{"@id":"https:\/\/cardonaturisme.cat\/es\/#\/schema\/logo\/image\/"},"sameAs":["https:\/\/www.facebook.com\/p\/Fundaci-Cardona-Histrica-100063704192069\/","https:\/\/x.com\/cardonaturisme"]},{"@type":"Person","@id":"https:\/\/cardonaturisme.cat\/es\/#\/schema\/person\/cccbdde5ead58d9c50af1a3e0c8634b3","name":"66b29c1e90","image":{"@type":"ImageObject","inLanguage":"es","@id":"https:\/\/secure.gravatar.com\/avatar\/490c3f62b8705f2f6aa5373dae5c4613410536eb1a5fde4117b67d013cd4db49?s=96&d=mm&r=g","url":"https:\/\/secure.gravatar.com\/avatar\/490c3f62b8705f2f6aa5373dae5c4613410536eb1a5fde4117b67d013cd4db49?s=96&d=mm&r=g","contentUrl":"https:\/\/secure.gravatar.com\/avatar\/490c3f62b8705f2f6aa5373dae5c4613410536eb1a5fde4117b67d013cd4db49?s=96&d=mm&r=g","caption":"66b29c1e90"},"sameAs":["https:\/\/cardonaturisme.cat"],"url":"https:\/\/cardonaturisme.cat\/es\/author\/66b29c1e90\/"}]}},"_links":{"self":[{"href":"https:\/\/cardonaturisme.cat\/es\/wp-json\/wp\/v2\/posts\/16716","targetHints":{"allow":["GET"]}}],"collection":[{"href":"https:\/\/cardonaturisme.cat\/es\/wp-json\/wp\/v2\/posts"}],"about":[{"href":"https:\/\/cardonaturisme.cat\/es\/wp-json\/wp\/v2\/types\/post"}],"author":[{"embeddable":true,"href":"https:\/\/cardonaturisme.cat\/es\/wp-json\/wp\/v2\/users\/1"}],"replies":[{"embeddable":true,"href":"https:\/\/cardonaturisme.cat\/es\/wp-json\/wp\/v2\/comments?post=16716"}],"version-history":[{"count":1,"href":"https:\/\/cardonaturisme.cat\/es\/wp-json\/wp\/v2\/posts\/16716\/revisions"}],"predecessor-version":[{"id":16717,"href":"https:\/\/cardonaturisme.cat\/es\/wp-json\/wp\/v2\/posts\/16716\/revisions\/16717"}],"wp:featuredmedia":[{"embeddable":true,"href":"https:\/\/cardonaturisme.cat\/es\/wp-json\/wp\/v2\/media\/16714"}],"wp:attachment":[{"href":"https:\/\/cardonaturisme.cat\/es\/wp-json\/wp\/v2\/media?parent=16716"}],"wp:term":[{"taxonomy":"category","embeddable":true,"href":"https:\/\/cardonaturisme.cat\/es\/wp-json\/wp\/v2\/categories?post=16716"},{"taxonomy":"post_tag","embeddable":true,"href":"https:\/\/cardonaturisme.cat\/es\/wp-json\/wp\/v2\/tags?post=16716"}],"curies":[{"name":"wp","href":"https:\/\/api.w.org\/{rel}","templated":true}]}}