{"id":16707,"date":"2023-09-14T09:46:39","date_gmt":"2023-09-14T07:46:39","guid":{"rendered":"https:\/\/cardonaturisme.cat\/?p=16707"},"modified":"2024-10-02T18:06:21","modified_gmt":"2024-10-02T16:06:21","slug":"cardona-apuesta-por-el-turismo-deportivo-y-de-naturaleza","status":"publish","type":"post","link":"https:\/\/cardonaturisme.cat\/es\/cardona-apuesta-por-el-turismo-deportivo-y-de-naturaleza\/","title":{"rendered":"Cardona apuesta por el turismo deportivo y de naturaleza"},"content":{"rendered":"\n<p><\/p>\n\n\n\n<p><strong>Durante las pr\u00f3ximas semanas, Cardona acoger\u00e1 dos pruebas deportivas que complementar\u00e1n la oferta tur\u00edstica de la villa ducal: la final de la Gravel Earth Series y la Survivor Race Barcelona. En oto\u00f1o tambi\u00e9n est\u00e1 prevista una cronoescalada al castillo y en diciembre se recupera la cursa de San Silvestre por las calles de la villa ducal.<\/strong><\/p>\n\n\n\n<p>A estas citas deportivas hay que a\u00f1adir cert\u00e1menes o eventos ya consolidados como el Trofeo de la Sal de Patinaje Art\u00edstico, el Torneo de la Sal de F\u00fatbol o la Marcha del Sitio. Adem\u00e1s, vuelve a pasar por Cardona despu\u00e9s de 30 a\u00f1os la marcha S\u00e9lenika en BTT (24 de septiembre); y el pasado 10 de septiembre pas\u00f3 la Escairada Gravel Race.<\/p>\n\n\n\n<p>Entre participantes y acompa\u00f1antes&nbsp;<strong>se espera la afluencia de unas 5.000 personas que vendr\u00e1n a Cardona atra\u00eddas por los eventos deportivos<\/strong>. \u00ab<strong>Estos flujos de visitantes generan ocupaci\u00f3n de calidad, tienen un impacto econ\u00f3mico en el territorio, permiten la desestacionalizaci\u00f3n y aportan valor a\u00f1adido a nuestra marca tur\u00edstica<\/strong>\u00ab, apunta&nbsp;<strong>Salvador Campos<\/strong>, concejal de turismo del Ayuntamiento de Cardona.<\/p>\n\n\n\n<p><strong>Final de la Gravel Earth Series<\/strong><\/p>\n\n\n\n<p>La primera novedad deportiva que acoger\u00e1 Cardona es la final de la&nbsp;<a href=\"https:\/\/gravelearthseries.com\/earth-final\/\">Gravel Earth Series<\/a>, que se celebrar\u00e1 el fin de semana del 16 y 17 de septiembre en las renovadas instalaciones del Vilar de la Duquesa. Esta prueba ser\u00e1 la m\u00e1s importante del calendario, ya que reunir\u00e1 a todos los aspirantes al t\u00edtulo de la Gravel Earth Series.<\/p>\n\n\n\n<p>Algunos de los mejores especialistas de gravel del planeta ya han confirmado su participaci\u00f3n como el neerland\u00e9s Ivar Slik, el checo Petr Vako\u010d, el alem\u00e1n Paul Voss o los australianos Nathan Haas y Freddy Ovett, entre otros. En total, participar\u00e1n unos 500 ciclistas.<\/p>\n\n\n\n<p>La final consta de un recorrido total de 180 km por caminos entre naturaleza. La organizaci\u00f3n marcar\u00e1 dos rutas para que previamente los amantes del ciclismo puedan descubrir el territorio y los entornos de Cardona.<\/p>\n\n\n\n<figure class=\"wp-block-embed is-type-video is-provider-youtube wp-block-embed-youtube wp-embed-aspect-16-9 wp-has-aspect-ratio\"><div class=\"wp-block-embed__wrapper\">\n<iframe title=\"Earth Finale September 16, 2023 ! This is a gravel paradise! #gravelearthseries #gravel #gravelbike\" width=\"800\" height=\"450\" src=\"https:\/\/www.youtube.com\/embed\/b8mfZnaZZ1M?start=4&#038;feature=oembed\" frameborder=\"0\" allow=\"accelerometer; autoplay; clipboard-write; encrypted-media; gyroscope; picture-in-picture; web-share\" referrerpolicy=\"strict-origin-when-cross-origin\" allowfullscreen><\/iframe>\n<\/div><\/figure>\n\n\n\n<p><strong>Cardona, territorio survivor<\/strong><\/p>\n\n\n\n<p>El segundo evento es la&nbsp;<a href=\"https:\/\/survivor-race.com\/producto\/inscripciones-survivor-barcelona\/\">Survivor Race Barcelona<\/a>, una carrera de obst\u00e1culos basada en los valores de la superaci\u00f3n, compa\u00f1erismo y diversi\u00f3n, que tendr\u00e1 lugar el s\u00e1bado 21 de octubre en La Coromina.<\/p>\n\n\n\n<p>La carrera constar\u00e1 de dos circuitos (uno de 6 km, y el otro, de 10) que permitir\u00e1n descubrir el entorno natural de Cardona. Se espera una participaci\u00f3n de cerca de 1.500 personas.<\/p>\n\n\n\n<p>Este tipo de eventos permite que los participantes puedan descubrir nuevos lugares, disfrutar del alojamiento, gastronom\u00eda y comercio local, compartir im\u00e1genes y experiencias con su entorno y repetir visitas o rutas.<\/p>\n\n\n\n<figure class=\"wp-block-embed is-type-video is-provider-youtube wp-block-embed-youtube wp-embed-aspect-16-9 wp-has-aspect-ratio\"><div class=\"wp-block-embed__wrapper\">\n<iframe title=\"Survivor Race\" width=\"800\" height=\"450\" src=\"https:\/\/www.youtube.com\/embed\/ofd-tCZmjhQ?feature=oembed\" frameborder=\"0\" allow=\"accelerometer; autoplay; clipboard-write; encrypted-media; gyroscope; picture-in-picture; web-share\" referrerpolicy=\"strict-origin-when-cross-origin\" allowfullscreen><\/iframe>\n<\/div><\/figure>\n\n\n\n<p><strong>Salud y naturaleza<\/strong><\/p>\n\n\n\n<p>Seg\u00fan&nbsp;<strong>Helena Arnaste<\/strong>, concejal de Deportes del Ayuntamiento de Cardona, \u201cla pr\u00e1ctica deportiva implica beneficios f\u00edsicos, pero tambi\u00e9n es una gran herramienta para la&nbsp;<strong>mejora de la calidad de vida de las personas<\/strong>; y por eso es una prioridad de las pol\u00edticas p\u00fablicas de Cardona\u201d.<\/p>\n\n\n\n<p>Esta apuesta representa un gran complemento a la&nbsp;<strong>estrategia de la salud como eje vertebrador del municipio<\/strong>&nbsp;articulada a trav\u00e9s del Proyecto Cardona Integral, impulsado por el Ayuntamiento de Cardona con la colaboraci\u00f3n de la Fundaci\u00f3n SHE (Foundation for Science, Health and Education), presidida por el cardi\u00f3logo Valent\u00ed Fuster.<\/p>\n\n\n\n<p>Uno de los \u00e1mbitos de actuaci\u00f3n es el fomento de la actividad f\u00edsica. En este sentido, Cardona dispone de una red de rutas saludables y parques urbanos de salud, con diferentes alternativas de recorrido y dificultad, a fin de promover la pr\u00e1ctica del deporte, tanto por parte de los ciudadanos como de los visitantes de Cardona.<\/p>\n","protected":false},"excerpt":{"rendered":"<p>Durante las pr\u00f3ximas semanas, Cardona acoger\u00e1 dos pruebas deportivas que complementar\u00e1n la oferta tur\u00edstica de la villa ducal: la final de la Gravel Earth Series y la Survivor Race Barcelona. En oto\u00f1o tambi\u00e9n est\u00e1 prevista una cronoescalada al castillo y en diciembre se recupera la cursa de San Silvestre por las calles de la villa [&hellip;]<\/p>\n","protected":false},"author":1,"featured_media":16705,"comment_status":"closed","ping_status":"closed","sticky":false,"template":"","format":"standard","meta":{"_acf_changed":false,"footnotes":""},"categories":[56],"tags":[],"class_list":["post-16707","post","type-post","status-publish","format-standard","has-post-thumbnail","hentry","category-sin-categorizar"],"acf":[],"yoast_head":"<!-- This site is optimized with the Yoast SEO plugin v27.4 - https:\/\/yoast.com\/product\/yoast-seo-wordpress\/ -->\n<title>Cardona apuesta por el turismo deportivo y de naturaleza - Cardona Turisme<\/title>\n<meta name=\"robots\" content=\"index, follow, max-snippet:-1, max-image-preview:large, max-video-preview:-1\" \/>\n<link rel=\"canonical\" href=\"https:\/\/cardonaturisme.cat\/es\/cardona-apuesta-por-el-turismo-deportivo-y-de-naturaleza\/\" \/>\n<meta property=\"og:locale\" content=\"es_ES\" \/>\n<meta property=\"og:type\" content=\"article\" \/>\n<meta property=\"og:title\" content=\"Cardona apuesta por el turismo deportivo y de naturaleza - Cardona Turisme\" \/>\n<meta property=\"og:description\" content=\"Durante las pr\u00f3ximas semanas, Cardona acoger\u00e1 dos pruebas deportivas que complementar\u00e1n la oferta tur\u00edstica de la villa ducal: la final de la Gravel Earth Series y la Survivor Race Barcelona. En oto\u00f1o tambi\u00e9n est\u00e1 prevista una cronoescalada al castillo y en diciembre se recupera la cursa de San Silvestre por las calles de la villa [&hellip;]\" \/>\n<meta property=\"og:url\" content=\"https:\/\/cardonaturisme.cat\/es\/cardona-apuesta-por-el-turismo-deportivo-y-de-naturaleza\/\" \/>\n<meta property=\"og:site_name\" content=\"Cardona Turisme\" \/>\n<meta property=\"article:publisher\" content=\"https:\/\/www.facebook.com\/p\/Fundaci-Cardona-Histrica-100063704192069\/\" \/>\n<meta property=\"article:published_time\" content=\"2023-09-14T07:46:39+00:00\" \/>\n<meta property=\"article:modified_time\" content=\"2024-10-02T16:06:21+00:00\" \/>\n<meta property=\"og:image\" content=\"https:\/\/cardonaturisme.cat\/wp-content\/uploads\/2023\/09\/Gravel-earth.jpg\" \/>\n\t<meta property=\"og:image:width\" content=\"1365\" \/>\n\t<meta property=\"og:image:height\" content=\"2048\" \/>\n\t<meta property=\"og:image:type\" content=\"image\/jpeg\" \/>\n<meta name=\"author\" content=\"66b29c1e90\" \/>\n<meta name=\"twitter:card\" content=\"summary_large_image\" \/>\n<meta name=\"twitter:creator\" content=\"@cardonaturisme\" \/>\n<meta name=\"twitter:site\" content=\"@cardonaturisme\" \/>\n<meta name=\"twitter:label1\" content=\"Escrito por\" \/>\n\t<meta name=\"twitter:data1\" content=\"66b29c1e90\" \/>\n\t<meta name=\"twitter:label2\" content=\"Tiempo de lectura\" \/>\n\t<meta name=\"twitter:data2\" content=\"4 minutos\" \/>\n<script type=\"application\/ld+json\" class=\"yoast-schema-graph\">{\"@context\":\"https:\\\/\\\/schema.org\",\"@graph\":[{\"@type\":\"Article\",\"@id\":\"https:\\\/\\\/cardonaturisme.cat\\\/es\\\/cardona-apuesta-por-el-turismo-deportivo-y-de-naturaleza\\\/#article\",\"isPartOf\":{\"@id\":\"https:\\\/\\\/cardonaturisme.cat\\\/es\\\/cardona-apuesta-por-el-turismo-deportivo-y-de-naturaleza\\\/\"},\"author\":{\"name\":\"66b29c1e90\",\"@id\":\"https:\\\/\\\/cardonaturisme.cat\\\/es\\\/#\\\/schema\\\/person\\\/cccbdde5ead58d9c50af1a3e0c8634b3\"},\"headline\":\"Cardona apuesta por el turismo deportivo y de naturaleza\",\"datePublished\":\"2023-09-14T07:46:39+00:00\",\"dateModified\":\"2024-10-02T16:06:21+00:00\",\"mainEntityOfPage\":{\"@id\":\"https:\\\/\\\/cardonaturisme.cat\\\/es\\\/cardona-apuesta-por-el-turismo-deportivo-y-de-naturaleza\\\/\"},\"wordCount\":644,\"publisher\":{\"@id\":\"https:\\\/\\\/cardonaturisme.cat\\\/es\\\/#organization\"},\"image\":{\"@id\":\"https:\\\/\\\/cardonaturisme.cat\\\/es\\\/cardona-apuesta-por-el-turismo-deportivo-y-de-naturaleza\\\/#primaryimage\"},\"thumbnailUrl\":\"https:\\\/\\\/cardonaturisme.cat\\\/wp-content\\\/uploads\\\/2023\\\/09\\\/Gravel-earth.jpg\",\"articleSection\":[\"Sin categorizar\"],\"inLanguage\":\"es\"},{\"@type\":\"WebPage\",\"@id\":\"https:\\\/\\\/cardonaturisme.cat\\\/es\\\/cardona-apuesta-por-el-turismo-deportivo-y-de-naturaleza\\\/\",\"url\":\"https:\\\/\\\/cardonaturisme.cat\\\/es\\\/cardona-apuesta-por-el-turismo-deportivo-y-de-naturaleza\\\/\",\"name\":\"Cardona apuesta por el turismo deportivo y de naturaleza - Cardona Turisme\",\"isPartOf\":{\"@id\":\"https:\\\/\\\/cardonaturisme.cat\\\/es\\\/#website\"},\"primaryImageOfPage\":{\"@id\":\"https:\\\/\\\/cardonaturisme.cat\\\/es\\\/cardona-apuesta-por-el-turismo-deportivo-y-de-naturaleza\\\/#primaryimage\"},\"image\":{\"@id\":\"https:\\\/\\\/cardonaturisme.cat\\\/es\\\/cardona-apuesta-por-el-turismo-deportivo-y-de-naturaleza\\\/#primaryimage\"},\"thumbnailUrl\":\"https:\\\/\\\/cardonaturisme.cat\\\/wp-content\\\/uploads\\\/2023\\\/09\\\/Gravel-earth.jpg\",\"datePublished\":\"2023-09-14T07:46:39+00:00\",\"dateModified\":\"2024-10-02T16:06:21+00:00\",\"breadcrumb\":{\"@id\":\"https:\\\/\\\/cardonaturisme.cat\\\/es\\\/cardona-apuesta-por-el-turismo-deportivo-y-de-naturaleza\\\/#breadcrumb\"},\"inLanguage\":\"es\",\"potentialAction\":[{\"@type\":\"ReadAction\",\"target\":[\"https:\\\/\\\/cardonaturisme.cat\\\/es\\\/cardona-apuesta-por-el-turismo-deportivo-y-de-naturaleza\\\/\"]}]},{\"@type\":\"ImageObject\",\"inLanguage\":\"es\",\"@id\":\"https:\\\/\\\/cardonaturisme.cat\\\/es\\\/cardona-apuesta-por-el-turismo-deportivo-y-de-naturaleza\\\/#primaryimage\",\"url\":\"https:\\\/\\\/cardonaturisme.cat\\\/wp-content\\\/uploads\\\/2023\\\/09\\\/Gravel-earth.jpg\",\"contentUrl\":\"https:\\\/\\\/cardonaturisme.cat\\\/wp-content\\\/uploads\\\/2023\\\/09\\\/Gravel-earth.jpg\",\"width\":1365,\"height\":2048},{\"@type\":\"BreadcrumbList\",\"@id\":\"https:\\\/\\\/cardonaturisme.cat\\\/es\\\/cardona-apuesta-por-el-turismo-deportivo-y-de-naturaleza\\\/#breadcrumb\",\"itemListElement\":[{\"@type\":\"ListItem\",\"position\":1,\"name\":\"Inici\",\"item\":\"https:\\\/\\\/cardonaturisme.cat\\\/es\\\/\"},{\"@type\":\"ListItem\",\"position\":2,\"name\":\"Cardona apuesta por el turismo deportivo y de naturaleza\"}]},{\"@type\":\"WebSite\",\"@id\":\"https:\\\/\\\/cardonaturisme.cat\\\/es\\\/#website\",\"url\":\"https:\\\/\\\/cardonaturisme.cat\\\/es\\\/\",\"name\":\"Cardona Turisme\",\"description\":\"La teva hist\u00f2ria\",\"publisher\":{\"@id\":\"https:\\\/\\\/cardonaturisme.cat\\\/es\\\/#organization\"},\"potentialAction\":[{\"@type\":\"SearchAction\",\"target\":{\"@type\":\"EntryPoint\",\"urlTemplate\":\"https:\\\/\\\/cardonaturisme.cat\\\/es\\\/?s={search_term_string}\"},\"query-input\":{\"@type\":\"PropertyValueSpecification\",\"valueRequired\":true,\"valueName\":\"search_term_string\"}}],\"inLanguage\":\"es\"},{\"@type\":\"Organization\",\"@id\":\"https:\\\/\\\/cardonaturisme.cat\\\/es\\\/#organization\",\"name\":\"Cardona Turisme\",\"url\":\"https:\\\/\\\/cardonaturisme.cat\\\/es\\\/\",\"logo\":{\"@type\":\"ImageObject\",\"inLanguage\":\"es\",\"@id\":\"https:\\\/\\\/cardonaturisme.cat\\\/es\\\/#\\\/schema\\\/logo\\\/image\\\/\",\"url\":\"https:\\\/\\\/cardonaturisme.cat\\\/wp-content\\\/uploads\\\/2023\\\/10\\\/logo-vermell-cardonaturisme.svg\",\"contentUrl\":\"https:\\\/\\\/cardonaturisme.cat\\\/wp-content\\\/uploads\\\/2023\\\/10\\\/logo-vermell-cardonaturisme.svg\",\"caption\":\"Cardona Turisme\"},\"image\":{\"@id\":\"https:\\\/\\\/cardonaturisme.cat\\\/es\\\/#\\\/schema\\\/logo\\\/image\\\/\"},\"sameAs\":[\"https:\\\/\\\/www.facebook.com\\\/p\\\/Fundaci-Cardona-Histrica-100063704192069\\\/\",\"https:\\\/\\\/x.com\\\/cardonaturisme\"]},{\"@type\":\"Person\",\"@id\":\"https:\\\/\\\/cardonaturisme.cat\\\/es\\\/#\\\/schema\\\/person\\\/cccbdde5ead58d9c50af1a3e0c8634b3\",\"name\":\"66b29c1e90\",\"image\":{\"@type\":\"ImageObject\",\"inLanguage\":\"es\",\"@id\":\"https:\\\/\\\/secure.gravatar.com\\\/avatar\\\/490c3f62b8705f2f6aa5373dae5c4613410536eb1a5fde4117b67d013cd4db49?s=96&d=mm&r=g\",\"url\":\"https:\\\/\\\/secure.gravatar.com\\\/avatar\\\/490c3f62b8705f2f6aa5373dae5c4613410536eb1a5fde4117b67d013cd4db49?s=96&d=mm&r=g\",\"contentUrl\":\"https:\\\/\\\/secure.gravatar.com\\\/avatar\\\/490c3f62b8705f2f6aa5373dae5c4613410536eb1a5fde4117b67d013cd4db49?s=96&d=mm&r=g\",\"caption\":\"66b29c1e90\"},\"sameAs\":[\"https:\\\/\\\/cardonaturisme.cat\"],\"url\":\"https:\\\/\\\/cardonaturisme.cat\\\/es\\\/author\\\/66b29c1e90\\\/\"}]}<\/script>\n<!-- \/ Yoast SEO plugin. -->","yoast_head_json":{"title":"Cardona apuesta por el turismo deportivo y de naturaleza - Cardona Turisme","robots":{"index":"index","follow":"follow","max-snippet":"max-snippet:-1","max-image-preview":"max-image-preview:large","max-video-preview":"max-video-preview:-1"},"canonical":"https:\/\/cardonaturisme.cat\/es\/cardona-apuesta-por-el-turismo-deportivo-y-de-naturaleza\/","og_locale":"es_ES","og_type":"article","og_title":"Cardona apuesta por el turismo deportivo y de naturaleza - Cardona Turisme","og_description":"Durante las pr\u00f3ximas semanas, Cardona acoger\u00e1 dos pruebas deportivas que complementar\u00e1n la oferta tur\u00edstica de la villa ducal: la final de la Gravel Earth Series y la Survivor Race Barcelona. En oto\u00f1o tambi\u00e9n est\u00e1 prevista una cronoescalada al castillo y en diciembre se recupera la cursa de San Silvestre por las calles de la villa [&hellip;]","og_url":"https:\/\/cardonaturisme.cat\/es\/cardona-apuesta-por-el-turismo-deportivo-y-de-naturaleza\/","og_site_name":"Cardona Turisme","article_publisher":"https:\/\/www.facebook.com\/p\/Fundaci-Cardona-Histrica-100063704192069\/","article_published_time":"2023-09-14T07:46:39+00:00","article_modified_time":"2024-10-02T16:06:21+00:00","og_image":[{"width":1365,"height":2048,"url":"https:\/\/cardonaturisme.cat\/wp-content\/uploads\/2023\/09\/Gravel-earth.jpg","type":"image\/jpeg"}],"author":"66b29c1e90","twitter_card":"summary_large_image","twitter_creator":"@cardonaturisme","twitter_site":"@cardonaturisme","twitter_misc":{"Escrito por":"66b29c1e90","Tiempo de lectura":"4 minutos"},"schema":{"@context":"https:\/\/schema.org","@graph":[{"@type":"Article","@id":"https:\/\/cardonaturisme.cat\/es\/cardona-apuesta-por-el-turismo-deportivo-y-de-naturaleza\/#article","isPartOf":{"@id":"https:\/\/cardonaturisme.cat\/es\/cardona-apuesta-por-el-turismo-deportivo-y-de-naturaleza\/"},"author":{"name":"66b29c1e90","@id":"https:\/\/cardonaturisme.cat\/es\/#\/schema\/person\/cccbdde5ead58d9c50af1a3e0c8634b3"},"headline":"Cardona apuesta por el turismo deportivo y de naturaleza","datePublished":"2023-09-14T07:46:39+00:00","dateModified":"2024-10-02T16:06:21+00:00","mainEntityOfPage":{"@id":"https:\/\/cardonaturisme.cat\/es\/cardona-apuesta-por-el-turismo-deportivo-y-de-naturaleza\/"},"wordCount":644,"publisher":{"@id":"https:\/\/cardonaturisme.cat\/es\/#organization"},"image":{"@id":"https:\/\/cardonaturisme.cat\/es\/cardona-apuesta-por-el-turismo-deportivo-y-de-naturaleza\/#primaryimage"},"thumbnailUrl":"https:\/\/cardonaturisme.cat\/wp-content\/uploads\/2023\/09\/Gravel-earth.jpg","articleSection":["Sin categorizar"],"inLanguage":"es"},{"@type":"WebPage","@id":"https:\/\/cardonaturisme.cat\/es\/cardona-apuesta-por-el-turismo-deportivo-y-de-naturaleza\/","url":"https:\/\/cardonaturisme.cat\/es\/cardona-apuesta-por-el-turismo-deportivo-y-de-naturaleza\/","name":"Cardona apuesta por el turismo deportivo y de naturaleza - Cardona Turisme","isPartOf":{"@id":"https:\/\/cardonaturisme.cat\/es\/#website"},"primaryImageOfPage":{"@id":"https:\/\/cardonaturisme.cat\/es\/cardona-apuesta-por-el-turismo-deportivo-y-de-naturaleza\/#primaryimage"},"image":{"@id":"https:\/\/cardonaturisme.cat\/es\/cardona-apuesta-por-el-turismo-deportivo-y-de-naturaleza\/#primaryimage"},"thumbnailUrl":"https:\/\/cardonaturisme.cat\/wp-content\/uploads\/2023\/09\/Gravel-earth.jpg","datePublished":"2023-09-14T07:46:39+00:00","dateModified":"2024-10-02T16:06:21+00:00","breadcrumb":{"@id":"https:\/\/cardonaturisme.cat\/es\/cardona-apuesta-por-el-turismo-deportivo-y-de-naturaleza\/#breadcrumb"},"inLanguage":"es","potentialAction":[{"@type":"ReadAction","target":["https:\/\/cardonaturisme.cat\/es\/cardona-apuesta-por-el-turismo-deportivo-y-de-naturaleza\/"]}]},{"@type":"ImageObject","inLanguage":"es","@id":"https:\/\/cardonaturisme.cat\/es\/cardona-apuesta-por-el-turismo-deportivo-y-de-naturaleza\/#primaryimage","url":"https:\/\/cardonaturisme.cat\/wp-content\/uploads\/2023\/09\/Gravel-earth.jpg","contentUrl":"https:\/\/cardonaturisme.cat\/wp-content\/uploads\/2023\/09\/Gravel-earth.jpg","width":1365,"height":2048},{"@type":"BreadcrumbList","@id":"https:\/\/cardonaturisme.cat\/es\/cardona-apuesta-por-el-turismo-deportivo-y-de-naturaleza\/#breadcrumb","itemListElement":[{"@type":"ListItem","position":1,"name":"Inici","item":"https:\/\/cardonaturisme.cat\/es\/"},{"@type":"ListItem","position":2,"name":"Cardona apuesta por el turismo deportivo y de naturaleza"}]},{"@type":"WebSite","@id":"https:\/\/cardonaturisme.cat\/es\/#website","url":"https:\/\/cardonaturisme.cat\/es\/","name":"Cardona Turisme","description":"La teva hist\u00f2ria","publisher":{"@id":"https:\/\/cardonaturisme.cat\/es\/#organization"},"potentialAction":[{"@type":"SearchAction","target":{"@type":"EntryPoint","urlTemplate":"https:\/\/cardonaturisme.cat\/es\/?s={search_term_string}"},"query-input":{"@type":"PropertyValueSpecification","valueRequired":true,"valueName":"search_term_string"}}],"inLanguage":"es"},{"@type":"Organization","@id":"https:\/\/cardonaturisme.cat\/es\/#organization","name":"Cardona Turisme","url":"https:\/\/cardonaturisme.cat\/es\/","logo":{"@type":"ImageObject","inLanguage":"es","@id":"https:\/\/cardonaturisme.cat\/es\/#\/schema\/logo\/image\/","url":"https:\/\/cardonaturisme.cat\/wp-content\/uploads\/2023\/10\/logo-vermell-cardonaturisme.svg","contentUrl":"https:\/\/cardonaturisme.cat\/wp-content\/uploads\/2023\/10\/logo-vermell-cardonaturisme.svg","caption":"Cardona Turisme"},"image":{"@id":"https:\/\/cardonaturisme.cat\/es\/#\/schema\/logo\/image\/"},"sameAs":["https:\/\/www.facebook.com\/p\/Fundaci-Cardona-Histrica-100063704192069\/","https:\/\/x.com\/cardonaturisme"]},{"@type":"Person","@id":"https:\/\/cardonaturisme.cat\/es\/#\/schema\/person\/cccbdde5ead58d9c50af1a3e0c8634b3","name":"66b29c1e90","image":{"@type":"ImageObject","inLanguage":"es","@id":"https:\/\/secure.gravatar.com\/avatar\/490c3f62b8705f2f6aa5373dae5c4613410536eb1a5fde4117b67d013cd4db49?s=96&d=mm&r=g","url":"https:\/\/secure.gravatar.com\/avatar\/490c3f62b8705f2f6aa5373dae5c4613410536eb1a5fde4117b67d013cd4db49?s=96&d=mm&r=g","contentUrl":"https:\/\/secure.gravatar.com\/avatar\/490c3f62b8705f2f6aa5373dae5c4613410536eb1a5fde4117b67d013cd4db49?s=96&d=mm&r=g","caption":"66b29c1e90"},"sameAs":["https:\/\/cardonaturisme.cat"],"url":"https:\/\/cardonaturisme.cat\/es\/author\/66b29c1e90\/"}]}},"_links":{"self":[{"href":"https:\/\/cardonaturisme.cat\/es\/wp-json\/wp\/v2\/posts\/16707","targetHints":{"allow":["GET"]}}],"collection":[{"href":"https:\/\/cardonaturisme.cat\/es\/wp-json\/wp\/v2\/posts"}],"about":[{"href":"https:\/\/cardonaturisme.cat\/es\/wp-json\/wp\/v2\/types\/post"}],"author":[{"embeddable":true,"href":"https:\/\/cardonaturisme.cat\/es\/wp-json\/wp\/v2\/users\/1"}],"replies":[{"embeddable":true,"href":"https:\/\/cardonaturisme.cat\/es\/wp-json\/wp\/v2\/comments?post=16707"}],"version-history":[{"count":1,"href":"https:\/\/cardonaturisme.cat\/es\/wp-json\/wp\/v2\/posts\/16707\/revisions"}],"predecessor-version":[{"id":16710,"href":"https:\/\/cardonaturisme.cat\/es\/wp-json\/wp\/v2\/posts\/16707\/revisions\/16710"}],"wp:featuredmedia":[{"embeddable":true,"href":"https:\/\/cardonaturisme.cat\/es\/wp-json\/wp\/v2\/media\/16705"}],"wp:attachment":[{"href":"https:\/\/cardonaturisme.cat\/es\/wp-json\/wp\/v2\/media?parent=16707"}],"wp:term":[{"taxonomy":"category","embeddable":true,"href":"https:\/\/cardonaturisme.cat\/es\/wp-json\/wp\/v2\/categories?post=16707"},{"taxonomy":"post_tag","embeddable":true,"href":"https:\/\/cardonaturisme.cat\/es\/wp-json\/wp\/v2\/tags?post=16707"}],"curies":[{"name":"wp","href":"https:\/\/api.w.org\/{rel}","templated":true}]}}