{"id":16691,"date":"2023-07-05T14:18:25","date_gmt":"2023-07-05T12:18:25","guid":{"rendered":"https:\/\/cardonaturisme.cat\/?p=16691"},"modified":"2024-10-02T18:02:19","modified_gmt":"2024-10-02T16:02:19","slug":"cardona-habilita-puntos-selfies-en-los-miradores-mas-emblematicos","status":"publish","type":"post","link":"https:\/\/cardonaturisme.cat\/es\/cardona-habilita-puntos-selfies-en-los-miradores-mas-emblematicos\/","title":{"rendered":"Cardona habilita puntos selfies en los miradores m\u00e1s emblem\u00e1ticos"},"content":{"rendered":"\n<p>Cardona ha a\u00f1adido un nuevo elemento de promoci\u00f3n tur\u00edstica: la instalaci\u00f3n de tres puntos selfies en las vistas m\u00e1s ic\u00f3nicas de la villa. Estos soportes garantizan el mejor encuadre para las fotograf\u00edas de los paisajes de Cardona e invitan a compartir las im\u00e1genes en las redes sociales a trav\u00e9s de los hashtags #ViuCardona y #CardonaExperience y del usuario @cardonaturisme.<\/p>\n\n\n\n<p>Adem\u00e1s, los puntos selfies incorporan una webapp accesible mediante un c\u00f3digo QR que permite al visitante obtener informaci\u00f3n tur\u00edstica, patrimonial y natural del lugar en el que se encuentra.<\/p>\n\n\n\n<p>Los tres puntos coinciden con pasos o intersecciones de las rutas saludables de Cardona.<\/p>\n\n\n\n<p>Esta iniciativa est\u00e1 patentada por la empresa&nbsp;<a href=\"http:\/\/www.turs.photo\/\">TURS take your selfie<\/a>&nbsp;&nbsp;(@tursphotoexperience #tursphoto) y permite a los visitantes encontrar, conocer y fotografiarse correctamente en los lugares m\u00e1s emblem\u00e1ticos del municipio.<\/p>\n\n\n\n<p><strong>Hazte la mejor selfie en Cardona<\/strong><\/p>\n\n\n\n<p>Por el momento, Cardona dispone de tres puntos selfies. El primero se encuentra en la plaza de la Fira, junto a la escultura que Josep Mar\u00eda Subirachs dedic\u00f3 a Borrell II. La fotograf\u00eda propuesta encuadra el conjunto monumental del castillo de Cardona.<\/p>\n\n\n\n<p>El segundo punto ofrece otra visi\u00f3n del castillo desde el balc\u00f3n situado junto al antiguo Hospital de Sant Jaume. Este encuadre ofrece tambi\u00e9n una vista sobre el portal de Graells, la Torre del Botx\u00ed y una hermosa panor\u00e1mica del centro hist\u00f3rico.<\/p>\n\n\n\n<p>Finalmente, la tercera fotograf\u00eda propuesta se sit\u00faa en la B\u00f2fia de la Sal Roja y tiene como protagonista al valle salino de Cardona, un lugar \u00fanico en el mundo coronado por el diapiro de la Monta\u00f1a de Sal.<\/p>\n","protected":false},"excerpt":{"rendered":"<p>Cardona ha a\u00f1adido un nuevo elemento de promoci\u00f3n tur\u00edstica: la instalaci\u00f3n de tres puntos selfies en las vistas m\u00e1s ic\u00f3nicas de la villa. Estos soportes garantizan el mejor encuadre para las fotograf\u00edas de los paisajes de Cardona e invitan a compartir las im\u00e1genes en las redes sociales a trav\u00e9s de los hashtags #ViuCardona y #CardonaExperience [&hellip;]<\/p>\n","protected":false},"author":1,"featured_media":16690,"comment_status":"closed","ping_status":"closed","sticky":false,"template":"","format":"standard","meta":{"_acf_changed":false,"footnotes":""},"categories":[56],"tags":[],"class_list":["post-16691","post","type-post","status-publish","format-standard","has-post-thumbnail","hentry","category-sin-categorizar"],"acf":[],"yoast_head":"<!-- This site is optimized with the Yoast SEO plugin v27.4 - https:\/\/yoast.com\/product\/yoast-seo-wordpress\/ -->\n<title>Cardona habilita puntos selfies en los miradores m\u00e1s emblem\u00e1ticos - Cardona Turisme<\/title>\n<meta name=\"robots\" content=\"index, follow, max-snippet:-1, max-image-preview:large, max-video-preview:-1\" \/>\n<link rel=\"canonical\" href=\"https:\/\/cardonaturisme.cat\/es\/cardona-habilita-puntos-selfies-en-los-miradores-mas-emblematicos\/\" \/>\n<meta property=\"og:locale\" content=\"es_ES\" \/>\n<meta property=\"og:type\" content=\"article\" \/>\n<meta property=\"og:title\" content=\"Cardona habilita puntos selfies en los miradores m\u00e1s emblem\u00e1ticos - Cardona Turisme\" \/>\n<meta property=\"og:description\" content=\"Cardona ha a\u00f1adido un nuevo elemento de promoci\u00f3n tur\u00edstica: la instalaci\u00f3n de tres puntos selfies en las vistas m\u00e1s ic\u00f3nicas de la villa. Estos soportes garantizan el mejor encuadre para las fotograf\u00edas de los paisajes de Cardona e invitan a compartir las im\u00e1genes en las redes sociales a trav\u00e9s de los hashtags #ViuCardona y #CardonaExperience [&hellip;]\" \/>\n<meta property=\"og:url\" content=\"https:\/\/cardonaturisme.cat\/es\/cardona-habilita-puntos-selfies-en-los-miradores-mas-emblematicos\/\" \/>\n<meta property=\"og:site_name\" content=\"Cardona Turisme\" \/>\n<meta property=\"article:publisher\" content=\"https:\/\/www.facebook.com\/p\/Fundaci-Cardona-Histrica-100063704192069\/\" \/>\n<meta property=\"article:published_time\" content=\"2023-07-05T12:18:25+00:00\" \/>\n<meta property=\"article:modified_time\" content=\"2024-10-02T16:02:19+00:00\" \/>\n<meta property=\"og:image\" content=\"https:\/\/cardonaturisme.cat\/wp-content\/uploads\/2023\/07\/Punt-Selfie-Mirador-Castell.jpg\" \/>\n\t<meta property=\"og:image:width\" content=\"1600\" \/>\n\t<meta property=\"og:image:height\" content=\"1066\" \/>\n\t<meta property=\"og:image:type\" content=\"image\/jpeg\" \/>\n<meta name=\"author\" content=\"66b29c1e90\" \/>\n<meta name=\"twitter:card\" content=\"summary_large_image\" \/>\n<meta name=\"twitter:creator\" content=\"@cardonaturisme\" \/>\n<meta name=\"twitter:site\" content=\"@cardonaturisme\" \/>\n<meta name=\"twitter:label1\" content=\"Escrito por\" \/>\n\t<meta name=\"twitter:data1\" content=\"66b29c1e90\" \/>\n\t<meta name=\"twitter:label2\" content=\"Tiempo de lectura\" \/>\n\t<meta name=\"twitter:data2\" content=\"2 minutos\" \/>\n<script type=\"application\/ld+json\" class=\"yoast-schema-graph\">{\"@context\":\"https:\\\/\\\/schema.org\",\"@graph\":[{\"@type\":\"Article\",\"@id\":\"https:\\\/\\\/cardonaturisme.cat\\\/es\\\/cardona-habilita-puntos-selfies-en-los-miradores-mas-emblematicos\\\/#article\",\"isPartOf\":{\"@id\":\"https:\\\/\\\/cardonaturisme.cat\\\/es\\\/cardona-habilita-puntos-selfies-en-los-miradores-mas-emblematicos\\\/\"},\"author\":{\"name\":\"66b29c1e90\",\"@id\":\"https:\\\/\\\/cardonaturisme.cat\\\/es\\\/#\\\/schema\\\/person\\\/cccbdde5ead58d9c50af1a3e0c8634b3\"},\"headline\":\"Cardona habilita puntos selfies en los miradores m\u00e1s emblem\u00e1ticos\",\"datePublished\":\"2023-07-05T12:18:25+00:00\",\"dateModified\":\"2024-10-02T16:02:19+00:00\",\"mainEntityOfPage\":{\"@id\":\"https:\\\/\\\/cardonaturisme.cat\\\/es\\\/cardona-habilita-puntos-selfies-en-los-miradores-mas-emblematicos\\\/\"},\"wordCount\":299,\"publisher\":{\"@id\":\"https:\\\/\\\/cardonaturisme.cat\\\/es\\\/#organization\"},\"image\":{\"@id\":\"https:\\\/\\\/cardonaturisme.cat\\\/es\\\/cardona-habilita-puntos-selfies-en-los-miradores-mas-emblematicos\\\/#primaryimage\"},\"thumbnailUrl\":\"https:\\\/\\\/cardonaturisme.cat\\\/wp-content\\\/uploads\\\/2023\\\/07\\\/Punt-Selfie-Mirador-Castell.jpg\",\"articleSection\":[\"Sin categorizar\"],\"inLanguage\":\"es\"},{\"@type\":\"WebPage\",\"@id\":\"https:\\\/\\\/cardonaturisme.cat\\\/es\\\/cardona-habilita-puntos-selfies-en-los-miradores-mas-emblematicos\\\/\",\"url\":\"https:\\\/\\\/cardonaturisme.cat\\\/es\\\/cardona-habilita-puntos-selfies-en-los-miradores-mas-emblematicos\\\/\",\"name\":\"Cardona habilita puntos selfies en los miradores m\u00e1s emblem\u00e1ticos - Cardona Turisme\",\"isPartOf\":{\"@id\":\"https:\\\/\\\/cardonaturisme.cat\\\/es\\\/#website\"},\"primaryImageOfPage\":{\"@id\":\"https:\\\/\\\/cardonaturisme.cat\\\/es\\\/cardona-habilita-puntos-selfies-en-los-miradores-mas-emblematicos\\\/#primaryimage\"},\"image\":{\"@id\":\"https:\\\/\\\/cardonaturisme.cat\\\/es\\\/cardona-habilita-puntos-selfies-en-los-miradores-mas-emblematicos\\\/#primaryimage\"},\"thumbnailUrl\":\"https:\\\/\\\/cardonaturisme.cat\\\/wp-content\\\/uploads\\\/2023\\\/07\\\/Punt-Selfie-Mirador-Castell.jpg\",\"datePublished\":\"2023-07-05T12:18:25+00:00\",\"dateModified\":\"2024-10-02T16:02:19+00:00\",\"breadcrumb\":{\"@id\":\"https:\\\/\\\/cardonaturisme.cat\\\/es\\\/cardona-habilita-puntos-selfies-en-los-miradores-mas-emblematicos\\\/#breadcrumb\"},\"inLanguage\":\"es\",\"potentialAction\":[{\"@type\":\"ReadAction\",\"target\":[\"https:\\\/\\\/cardonaturisme.cat\\\/es\\\/cardona-habilita-puntos-selfies-en-los-miradores-mas-emblematicos\\\/\"]}]},{\"@type\":\"ImageObject\",\"inLanguage\":\"es\",\"@id\":\"https:\\\/\\\/cardonaturisme.cat\\\/es\\\/cardona-habilita-puntos-selfies-en-los-miradores-mas-emblematicos\\\/#primaryimage\",\"url\":\"https:\\\/\\\/cardonaturisme.cat\\\/wp-content\\\/uploads\\\/2023\\\/07\\\/Punt-Selfie-Mirador-Castell.jpg\",\"contentUrl\":\"https:\\\/\\\/cardonaturisme.cat\\\/wp-content\\\/uploads\\\/2023\\\/07\\\/Punt-Selfie-Mirador-Castell.jpg\",\"width\":1600,\"height\":1066},{\"@type\":\"BreadcrumbList\",\"@id\":\"https:\\\/\\\/cardonaturisme.cat\\\/es\\\/cardona-habilita-puntos-selfies-en-los-miradores-mas-emblematicos\\\/#breadcrumb\",\"itemListElement\":[{\"@type\":\"ListItem\",\"position\":1,\"name\":\"Inici\",\"item\":\"https:\\\/\\\/cardonaturisme.cat\\\/es\\\/\"},{\"@type\":\"ListItem\",\"position\":2,\"name\":\"Cardona habilita puntos selfies en los miradores m\u00e1s emblem\u00e1ticos\"}]},{\"@type\":\"WebSite\",\"@id\":\"https:\\\/\\\/cardonaturisme.cat\\\/es\\\/#website\",\"url\":\"https:\\\/\\\/cardonaturisme.cat\\\/es\\\/\",\"name\":\"Cardona Turisme\",\"description\":\"La teva hist\u00f2ria\",\"publisher\":{\"@id\":\"https:\\\/\\\/cardonaturisme.cat\\\/es\\\/#organization\"},\"potentialAction\":[{\"@type\":\"SearchAction\",\"target\":{\"@type\":\"EntryPoint\",\"urlTemplate\":\"https:\\\/\\\/cardonaturisme.cat\\\/es\\\/?s={search_term_string}\"},\"query-input\":{\"@type\":\"PropertyValueSpecification\",\"valueRequired\":true,\"valueName\":\"search_term_string\"}}],\"inLanguage\":\"es\"},{\"@type\":\"Organization\",\"@id\":\"https:\\\/\\\/cardonaturisme.cat\\\/es\\\/#organization\",\"name\":\"Cardona Turisme\",\"url\":\"https:\\\/\\\/cardonaturisme.cat\\\/es\\\/\",\"logo\":{\"@type\":\"ImageObject\",\"inLanguage\":\"es\",\"@id\":\"https:\\\/\\\/cardonaturisme.cat\\\/es\\\/#\\\/schema\\\/logo\\\/image\\\/\",\"url\":\"https:\\\/\\\/cardonaturisme.cat\\\/wp-content\\\/uploads\\\/2023\\\/10\\\/logo-vermell-cardonaturisme.svg\",\"contentUrl\":\"https:\\\/\\\/cardonaturisme.cat\\\/wp-content\\\/uploads\\\/2023\\\/10\\\/logo-vermell-cardonaturisme.svg\",\"caption\":\"Cardona Turisme\"},\"image\":{\"@id\":\"https:\\\/\\\/cardonaturisme.cat\\\/es\\\/#\\\/schema\\\/logo\\\/image\\\/\"},\"sameAs\":[\"https:\\\/\\\/www.facebook.com\\\/p\\\/Fundaci-Cardona-Histrica-100063704192069\\\/\",\"https:\\\/\\\/x.com\\\/cardonaturisme\"]},{\"@type\":\"Person\",\"@id\":\"https:\\\/\\\/cardonaturisme.cat\\\/es\\\/#\\\/schema\\\/person\\\/cccbdde5ead58d9c50af1a3e0c8634b3\",\"name\":\"66b29c1e90\",\"image\":{\"@type\":\"ImageObject\",\"inLanguage\":\"es\",\"@id\":\"https:\\\/\\\/secure.gravatar.com\\\/avatar\\\/490c3f62b8705f2f6aa5373dae5c4613410536eb1a5fde4117b67d013cd4db49?s=96&d=mm&r=g\",\"url\":\"https:\\\/\\\/secure.gravatar.com\\\/avatar\\\/490c3f62b8705f2f6aa5373dae5c4613410536eb1a5fde4117b67d013cd4db49?s=96&d=mm&r=g\",\"contentUrl\":\"https:\\\/\\\/secure.gravatar.com\\\/avatar\\\/490c3f62b8705f2f6aa5373dae5c4613410536eb1a5fde4117b67d013cd4db49?s=96&d=mm&r=g\",\"caption\":\"66b29c1e90\"},\"sameAs\":[\"https:\\\/\\\/cardonaturisme.cat\"],\"url\":\"https:\\\/\\\/cardonaturisme.cat\\\/es\\\/author\\\/66b29c1e90\\\/\"}]}<\/script>\n<!-- \/ Yoast SEO plugin. -->","yoast_head_json":{"title":"Cardona habilita puntos selfies en los miradores m\u00e1s emblem\u00e1ticos - Cardona Turisme","robots":{"index":"index","follow":"follow","max-snippet":"max-snippet:-1","max-image-preview":"max-image-preview:large","max-video-preview":"max-video-preview:-1"},"canonical":"https:\/\/cardonaturisme.cat\/es\/cardona-habilita-puntos-selfies-en-los-miradores-mas-emblematicos\/","og_locale":"es_ES","og_type":"article","og_title":"Cardona habilita puntos selfies en los miradores m\u00e1s emblem\u00e1ticos - Cardona Turisme","og_description":"Cardona ha a\u00f1adido un nuevo elemento de promoci\u00f3n tur\u00edstica: la instalaci\u00f3n de tres puntos selfies en las vistas m\u00e1s ic\u00f3nicas de la villa. Estos soportes garantizan el mejor encuadre para las fotograf\u00edas de los paisajes de Cardona e invitan a compartir las im\u00e1genes en las redes sociales a trav\u00e9s de los hashtags #ViuCardona y #CardonaExperience [&hellip;]","og_url":"https:\/\/cardonaturisme.cat\/es\/cardona-habilita-puntos-selfies-en-los-miradores-mas-emblematicos\/","og_site_name":"Cardona Turisme","article_publisher":"https:\/\/www.facebook.com\/p\/Fundaci-Cardona-Histrica-100063704192069\/","article_published_time":"2023-07-05T12:18:25+00:00","article_modified_time":"2024-10-02T16:02:19+00:00","og_image":[{"width":1600,"height":1066,"url":"https:\/\/cardonaturisme.cat\/wp-content\/uploads\/2023\/07\/Punt-Selfie-Mirador-Castell.jpg","type":"image\/jpeg"}],"author":"66b29c1e90","twitter_card":"summary_large_image","twitter_creator":"@cardonaturisme","twitter_site":"@cardonaturisme","twitter_misc":{"Escrito por":"66b29c1e90","Tiempo de lectura":"2 minutos"},"schema":{"@context":"https:\/\/schema.org","@graph":[{"@type":"Article","@id":"https:\/\/cardonaturisme.cat\/es\/cardona-habilita-puntos-selfies-en-los-miradores-mas-emblematicos\/#article","isPartOf":{"@id":"https:\/\/cardonaturisme.cat\/es\/cardona-habilita-puntos-selfies-en-los-miradores-mas-emblematicos\/"},"author":{"name":"66b29c1e90","@id":"https:\/\/cardonaturisme.cat\/es\/#\/schema\/person\/cccbdde5ead58d9c50af1a3e0c8634b3"},"headline":"Cardona habilita puntos selfies en los miradores m\u00e1s emblem\u00e1ticos","datePublished":"2023-07-05T12:18:25+00:00","dateModified":"2024-10-02T16:02:19+00:00","mainEntityOfPage":{"@id":"https:\/\/cardonaturisme.cat\/es\/cardona-habilita-puntos-selfies-en-los-miradores-mas-emblematicos\/"},"wordCount":299,"publisher":{"@id":"https:\/\/cardonaturisme.cat\/es\/#organization"},"image":{"@id":"https:\/\/cardonaturisme.cat\/es\/cardona-habilita-puntos-selfies-en-los-miradores-mas-emblematicos\/#primaryimage"},"thumbnailUrl":"https:\/\/cardonaturisme.cat\/wp-content\/uploads\/2023\/07\/Punt-Selfie-Mirador-Castell.jpg","articleSection":["Sin categorizar"],"inLanguage":"es"},{"@type":"WebPage","@id":"https:\/\/cardonaturisme.cat\/es\/cardona-habilita-puntos-selfies-en-los-miradores-mas-emblematicos\/","url":"https:\/\/cardonaturisme.cat\/es\/cardona-habilita-puntos-selfies-en-los-miradores-mas-emblematicos\/","name":"Cardona habilita puntos selfies en los miradores m\u00e1s emblem\u00e1ticos - Cardona Turisme","isPartOf":{"@id":"https:\/\/cardonaturisme.cat\/es\/#website"},"primaryImageOfPage":{"@id":"https:\/\/cardonaturisme.cat\/es\/cardona-habilita-puntos-selfies-en-los-miradores-mas-emblematicos\/#primaryimage"},"image":{"@id":"https:\/\/cardonaturisme.cat\/es\/cardona-habilita-puntos-selfies-en-los-miradores-mas-emblematicos\/#primaryimage"},"thumbnailUrl":"https:\/\/cardonaturisme.cat\/wp-content\/uploads\/2023\/07\/Punt-Selfie-Mirador-Castell.jpg","datePublished":"2023-07-05T12:18:25+00:00","dateModified":"2024-10-02T16:02:19+00:00","breadcrumb":{"@id":"https:\/\/cardonaturisme.cat\/es\/cardona-habilita-puntos-selfies-en-los-miradores-mas-emblematicos\/#breadcrumb"},"inLanguage":"es","potentialAction":[{"@type":"ReadAction","target":["https:\/\/cardonaturisme.cat\/es\/cardona-habilita-puntos-selfies-en-los-miradores-mas-emblematicos\/"]}]},{"@type":"ImageObject","inLanguage":"es","@id":"https:\/\/cardonaturisme.cat\/es\/cardona-habilita-puntos-selfies-en-los-miradores-mas-emblematicos\/#primaryimage","url":"https:\/\/cardonaturisme.cat\/wp-content\/uploads\/2023\/07\/Punt-Selfie-Mirador-Castell.jpg","contentUrl":"https:\/\/cardonaturisme.cat\/wp-content\/uploads\/2023\/07\/Punt-Selfie-Mirador-Castell.jpg","width":1600,"height":1066},{"@type":"BreadcrumbList","@id":"https:\/\/cardonaturisme.cat\/es\/cardona-habilita-puntos-selfies-en-los-miradores-mas-emblematicos\/#breadcrumb","itemListElement":[{"@type":"ListItem","position":1,"name":"Inici","item":"https:\/\/cardonaturisme.cat\/es\/"},{"@type":"ListItem","position":2,"name":"Cardona habilita puntos selfies en los miradores m\u00e1s emblem\u00e1ticos"}]},{"@type":"WebSite","@id":"https:\/\/cardonaturisme.cat\/es\/#website","url":"https:\/\/cardonaturisme.cat\/es\/","name":"Cardona Turisme","description":"La teva hist\u00f2ria","publisher":{"@id":"https:\/\/cardonaturisme.cat\/es\/#organization"},"potentialAction":[{"@type":"SearchAction","target":{"@type":"EntryPoint","urlTemplate":"https:\/\/cardonaturisme.cat\/es\/?s={search_term_string}"},"query-input":{"@type":"PropertyValueSpecification","valueRequired":true,"valueName":"search_term_string"}}],"inLanguage":"es"},{"@type":"Organization","@id":"https:\/\/cardonaturisme.cat\/es\/#organization","name":"Cardona Turisme","url":"https:\/\/cardonaturisme.cat\/es\/","logo":{"@type":"ImageObject","inLanguage":"es","@id":"https:\/\/cardonaturisme.cat\/es\/#\/schema\/logo\/image\/","url":"https:\/\/cardonaturisme.cat\/wp-content\/uploads\/2023\/10\/logo-vermell-cardonaturisme.svg","contentUrl":"https:\/\/cardonaturisme.cat\/wp-content\/uploads\/2023\/10\/logo-vermell-cardonaturisme.svg","caption":"Cardona Turisme"},"image":{"@id":"https:\/\/cardonaturisme.cat\/es\/#\/schema\/logo\/image\/"},"sameAs":["https:\/\/www.facebook.com\/p\/Fundaci-Cardona-Histrica-100063704192069\/","https:\/\/x.com\/cardonaturisme"]},{"@type":"Person","@id":"https:\/\/cardonaturisme.cat\/es\/#\/schema\/person\/cccbdde5ead58d9c50af1a3e0c8634b3","name":"66b29c1e90","image":{"@type":"ImageObject","inLanguage":"es","@id":"https:\/\/secure.gravatar.com\/avatar\/490c3f62b8705f2f6aa5373dae5c4613410536eb1a5fde4117b67d013cd4db49?s=96&d=mm&r=g","url":"https:\/\/secure.gravatar.com\/avatar\/490c3f62b8705f2f6aa5373dae5c4613410536eb1a5fde4117b67d013cd4db49?s=96&d=mm&r=g","contentUrl":"https:\/\/secure.gravatar.com\/avatar\/490c3f62b8705f2f6aa5373dae5c4613410536eb1a5fde4117b67d013cd4db49?s=96&d=mm&r=g","caption":"66b29c1e90"},"sameAs":["https:\/\/cardonaturisme.cat"],"url":"https:\/\/cardonaturisme.cat\/es\/author\/66b29c1e90\/"}]}},"_links":{"self":[{"href":"https:\/\/cardonaturisme.cat\/es\/wp-json\/wp\/v2\/posts\/16691","targetHints":{"allow":["GET"]}}],"collection":[{"href":"https:\/\/cardonaturisme.cat\/es\/wp-json\/wp\/v2\/posts"}],"about":[{"href":"https:\/\/cardonaturisme.cat\/es\/wp-json\/wp\/v2\/types\/post"}],"author":[{"embeddable":true,"href":"https:\/\/cardonaturisme.cat\/es\/wp-json\/wp\/v2\/users\/1"}],"replies":[{"embeddable":true,"href":"https:\/\/cardonaturisme.cat\/es\/wp-json\/wp\/v2\/comments?post=16691"}],"version-history":[{"count":1,"href":"https:\/\/cardonaturisme.cat\/es\/wp-json\/wp\/v2\/posts\/16691\/revisions"}],"predecessor-version":[{"id":16693,"href":"https:\/\/cardonaturisme.cat\/es\/wp-json\/wp\/v2\/posts\/16691\/revisions\/16693"}],"wp:featuredmedia":[{"embeddable":true,"href":"https:\/\/cardonaturisme.cat\/es\/wp-json\/wp\/v2\/media\/16690"}],"wp:attachment":[{"href":"https:\/\/cardonaturisme.cat\/es\/wp-json\/wp\/v2\/media?parent=16691"}],"wp:term":[{"taxonomy":"category","embeddable":true,"href":"https:\/\/cardonaturisme.cat\/es\/wp-json\/wp\/v2\/categories?post=16691"},{"taxonomy":"post_tag","embeddable":true,"href":"https:\/\/cardonaturisme.cat\/es\/wp-json\/wp\/v2\/tags?post=16691"}],"curies":[{"name":"wp","href":"https:\/\/api.w.org\/{rel}","templated":true}]}}