{"id":16679,"date":"2023-04-11T13:19:16","date_gmt":"2023-04-11T11:19:16","guid":{"rendered":"https:\/\/cardonaturisme.cat\/?p=16679"},"modified":"2024-10-02T17:58:10","modified_gmt":"2024-10-02T15:58:10","slug":"mas-de-6300-personas-realizan-las-visitas-guiadas-esta-semana-santa-en-cardona","status":"publish","type":"post","link":"https:\/\/cardonaturisme.cat\/es\/mas-de-6300-personas-realizan-las-visitas-guiadas-esta-semana-santa-en-cardona\/","title":{"rendered":"M\u00e1s de 6300 personas realizan las visitas guiadas esta Semana Santa en Cardona"},"content":{"rendered":"\n<p><strong>Las visitas han incrementado un 3,4% respecto al a\u00f1o pasado<\/strong><\/p>\n\n\n\n<p>La Fundaci\u00f3n Cardona Hist\u00f2rica, entidad responsable de la promoci\u00f3n y la conservaci\u00f3n del patrimonio de Cardona, ha realizado 6.373 servicios tur\u00edsticos durante esta Semana Santa, cifra que representa un incremento del 3,4% respecto al a\u00f1o pasado.<\/p>\n\n\n\n<p>Los servicios tur\u00edsticos corresponden a las visitas guiadas que la fundaci\u00f3n realiza en el Parque Cultural de la Monta\u00f1a de Sal, el Castillo de Cardona y el Centro Hist\u00f3rico de la villa ducal.<\/p>\n\n\n\n<p><strong>1.413 servicios tur\u00edsticos en Viernes Santo<\/strong><\/p>\n\n\n\n<p>El dia de m\u00e1s afluencia fue Viernes Santo, con m\u00e1s de 1.400 servicios tur\u00edsticos. 4568 personas realizaron la visita guiada al Parque Cultural de la Monta\u00f1a de Sal y 1805 la del Castillo, la del Centro Hist\u00f3rico o la visita teatralizada.<\/p>\n\n\n\n<p>Al margen de los servicios tur\u00edsticos realitzados cabe destacar las miles de persones que visitaron Cardona y disfrutaron del comercio y la gastronom\u00eda y de tradiciones com las \u00abcaramelles\u00bb.<\/p>\n","protected":false},"excerpt":{"rendered":"<p>Las visitas han incrementado un 3,4% respecto al a\u00f1o pasado La Fundaci\u00f3n Cardona Hist\u00f2rica, entidad responsable de la promoci\u00f3n y la conservaci\u00f3n del patrimonio de Cardona, ha realizado 6.373 servicios tur\u00edsticos durante esta Semana Santa, cifra que representa un incremento del 3,4% respecto al a\u00f1o pasado. Los servicios tur\u00edsticos corresponden a las visitas guiadas que [&hellip;]<\/p>\n","protected":false},"author":1,"featured_media":16677,"comment_status":"closed","ping_status":"closed","sticky":false,"template":"","format":"standard","meta":{"_acf_changed":false,"footnotes":""},"categories":[56],"tags":[],"class_list":["post-16679","post","type-post","status-publish","format-standard","has-post-thumbnail","hentry","category-sin-categorizar"],"acf":[],"yoast_head":"<!-- This site is optimized with the Yoast SEO plugin v27.4 - https:\/\/yoast.com\/product\/yoast-seo-wordpress\/ -->\n<title>M\u00e1s de 6300 personas realizan las visitas guiadas esta Semana Santa en Cardona - Cardona Turisme<\/title>\n<meta name=\"robots\" content=\"index, follow, max-snippet:-1, max-image-preview:large, max-video-preview:-1\" \/>\n<link rel=\"canonical\" href=\"https:\/\/cardonaturisme.cat\/es\/mas-de-6300-personas-realizan-las-visitas-guiadas-esta-semana-santa-en-cardona\/\" \/>\n<meta property=\"og:locale\" content=\"es_ES\" \/>\n<meta property=\"og:type\" content=\"article\" \/>\n<meta property=\"og:title\" content=\"M\u00e1s de 6300 personas realizan las visitas guiadas esta Semana Santa en Cardona - Cardona Turisme\" \/>\n<meta property=\"og:description\" content=\"Las visitas han incrementado un 3,4% respecto al a\u00f1o pasado La Fundaci\u00f3n Cardona Hist\u00f2rica, entidad responsable de la promoci\u00f3n y la conservaci\u00f3n del patrimonio de Cardona, ha realizado 6.373 servicios tur\u00edsticos durante esta Semana Santa, cifra que representa un incremento del 3,4% respecto al a\u00f1o pasado. Los servicios tur\u00edsticos corresponden a las visitas guiadas que [&hellip;]\" \/>\n<meta property=\"og:url\" content=\"https:\/\/cardonaturisme.cat\/es\/mas-de-6300-personas-realizan-las-visitas-guiadas-esta-semana-santa-en-cardona\/\" \/>\n<meta property=\"og:site_name\" content=\"Cardona Turisme\" \/>\n<meta property=\"article:publisher\" content=\"https:\/\/www.facebook.com\/p\/Fundaci-Cardona-Histrica-100063704192069\/\" \/>\n<meta property=\"article:published_time\" content=\"2023-04-11T11:19:16+00:00\" \/>\n<meta property=\"article:modified_time\" content=\"2024-10-02T15:58:10+00:00\" \/>\n<meta property=\"og:image\" content=\"https:\/\/cardonaturisme.cat\/wp-content\/uploads\/2023\/04\/DSC7870_BA-2048x1366-1.jpg\" \/>\n\t<meta property=\"og:image:width\" content=\"2048\" \/>\n\t<meta property=\"og:image:height\" content=\"1366\" \/>\n\t<meta property=\"og:image:type\" content=\"image\/jpeg\" \/>\n<meta name=\"author\" content=\"66b29c1e90\" \/>\n<meta name=\"twitter:card\" content=\"summary_large_image\" \/>\n<meta name=\"twitter:creator\" content=\"@cardonaturisme\" \/>\n<meta name=\"twitter:site\" content=\"@cardonaturisme\" \/>\n<meta name=\"twitter:label1\" content=\"Escrito por\" \/>\n\t<meta name=\"twitter:data1\" content=\"66b29c1e90\" \/>\n\t<meta name=\"twitter:label2\" content=\"Tiempo de lectura\" \/>\n\t<meta name=\"twitter:data2\" content=\"2 minutos\" \/>\n<script type=\"application\/ld+json\" class=\"yoast-schema-graph\">{\"@context\":\"https:\\\/\\\/schema.org\",\"@graph\":[{\"@type\":\"Article\",\"@id\":\"https:\\\/\\\/cardonaturisme.cat\\\/es\\\/mas-de-6300-personas-realizan-las-visitas-guiadas-esta-semana-santa-en-cardona\\\/#article\",\"isPartOf\":{\"@id\":\"https:\\\/\\\/cardonaturisme.cat\\\/es\\\/mas-de-6300-personas-realizan-las-visitas-guiadas-esta-semana-santa-en-cardona\\\/\"},\"author\":{\"name\":\"66b29c1e90\",\"@id\":\"https:\\\/\\\/cardonaturisme.cat\\\/es\\\/#\\\/schema\\\/person\\\/cccbdde5ead58d9c50af1a3e0c8634b3\"},\"headline\":\"M\u00e1s de 6300 personas realizan las visitas guiadas esta Semana Santa en Cardona\",\"datePublished\":\"2023-04-11T11:19:16+00:00\",\"dateModified\":\"2024-10-02T15:58:10+00:00\",\"mainEntityOfPage\":{\"@id\":\"https:\\\/\\\/cardonaturisme.cat\\\/es\\\/mas-de-6300-personas-realizan-las-visitas-guiadas-esta-semana-santa-en-cardona\\\/\"},\"wordCount\":180,\"publisher\":{\"@id\":\"https:\\\/\\\/cardonaturisme.cat\\\/es\\\/#organization\"},\"image\":{\"@id\":\"https:\\\/\\\/cardonaturisme.cat\\\/es\\\/mas-de-6300-personas-realizan-las-visitas-guiadas-esta-semana-santa-en-cardona\\\/#primaryimage\"},\"thumbnailUrl\":\"https:\\\/\\\/cardonaturisme.cat\\\/wp-content\\\/uploads\\\/2023\\\/04\\\/DSC7870_BA-2048x1366-1.jpg\",\"articleSection\":[\"Sin categorizar\"],\"inLanguage\":\"es\"},{\"@type\":\"WebPage\",\"@id\":\"https:\\\/\\\/cardonaturisme.cat\\\/es\\\/mas-de-6300-personas-realizan-las-visitas-guiadas-esta-semana-santa-en-cardona\\\/\",\"url\":\"https:\\\/\\\/cardonaturisme.cat\\\/es\\\/mas-de-6300-personas-realizan-las-visitas-guiadas-esta-semana-santa-en-cardona\\\/\",\"name\":\"M\u00e1s de 6300 personas realizan las visitas guiadas esta Semana Santa en Cardona - Cardona Turisme\",\"isPartOf\":{\"@id\":\"https:\\\/\\\/cardonaturisme.cat\\\/es\\\/#website\"},\"primaryImageOfPage\":{\"@id\":\"https:\\\/\\\/cardonaturisme.cat\\\/es\\\/mas-de-6300-personas-realizan-las-visitas-guiadas-esta-semana-santa-en-cardona\\\/#primaryimage\"},\"image\":{\"@id\":\"https:\\\/\\\/cardonaturisme.cat\\\/es\\\/mas-de-6300-personas-realizan-las-visitas-guiadas-esta-semana-santa-en-cardona\\\/#primaryimage\"},\"thumbnailUrl\":\"https:\\\/\\\/cardonaturisme.cat\\\/wp-content\\\/uploads\\\/2023\\\/04\\\/DSC7870_BA-2048x1366-1.jpg\",\"datePublished\":\"2023-04-11T11:19:16+00:00\",\"dateModified\":\"2024-10-02T15:58:10+00:00\",\"breadcrumb\":{\"@id\":\"https:\\\/\\\/cardonaturisme.cat\\\/es\\\/mas-de-6300-personas-realizan-las-visitas-guiadas-esta-semana-santa-en-cardona\\\/#breadcrumb\"},\"inLanguage\":\"es\",\"potentialAction\":[{\"@type\":\"ReadAction\",\"target\":[\"https:\\\/\\\/cardonaturisme.cat\\\/es\\\/mas-de-6300-personas-realizan-las-visitas-guiadas-esta-semana-santa-en-cardona\\\/\"]}]},{\"@type\":\"ImageObject\",\"inLanguage\":\"es\",\"@id\":\"https:\\\/\\\/cardonaturisme.cat\\\/es\\\/mas-de-6300-personas-realizan-las-visitas-guiadas-esta-semana-santa-en-cardona\\\/#primaryimage\",\"url\":\"https:\\\/\\\/cardonaturisme.cat\\\/wp-content\\\/uploads\\\/2023\\\/04\\\/DSC7870_BA-2048x1366-1.jpg\",\"contentUrl\":\"https:\\\/\\\/cardonaturisme.cat\\\/wp-content\\\/uploads\\\/2023\\\/04\\\/DSC7870_BA-2048x1366-1.jpg\",\"width\":2048,\"height\":1366},{\"@type\":\"BreadcrumbList\",\"@id\":\"https:\\\/\\\/cardonaturisme.cat\\\/es\\\/mas-de-6300-personas-realizan-las-visitas-guiadas-esta-semana-santa-en-cardona\\\/#breadcrumb\",\"itemListElement\":[{\"@type\":\"ListItem\",\"position\":1,\"name\":\"Inici\",\"item\":\"https:\\\/\\\/cardonaturisme.cat\\\/es\\\/\"},{\"@type\":\"ListItem\",\"position\":2,\"name\":\"M\u00e1s de 6300 personas realizan las visitas guiadas esta Semana Santa en Cardona\"}]},{\"@type\":\"WebSite\",\"@id\":\"https:\\\/\\\/cardonaturisme.cat\\\/es\\\/#website\",\"url\":\"https:\\\/\\\/cardonaturisme.cat\\\/es\\\/\",\"name\":\"Cardona Turisme\",\"description\":\"La teva hist\u00f2ria\",\"publisher\":{\"@id\":\"https:\\\/\\\/cardonaturisme.cat\\\/es\\\/#organization\"},\"potentialAction\":[{\"@type\":\"SearchAction\",\"target\":{\"@type\":\"EntryPoint\",\"urlTemplate\":\"https:\\\/\\\/cardonaturisme.cat\\\/es\\\/?s={search_term_string}\"},\"query-input\":{\"@type\":\"PropertyValueSpecification\",\"valueRequired\":true,\"valueName\":\"search_term_string\"}}],\"inLanguage\":\"es\"},{\"@type\":\"Organization\",\"@id\":\"https:\\\/\\\/cardonaturisme.cat\\\/es\\\/#organization\",\"name\":\"Cardona Turisme\",\"url\":\"https:\\\/\\\/cardonaturisme.cat\\\/es\\\/\",\"logo\":{\"@type\":\"ImageObject\",\"inLanguage\":\"es\",\"@id\":\"https:\\\/\\\/cardonaturisme.cat\\\/es\\\/#\\\/schema\\\/logo\\\/image\\\/\",\"url\":\"https:\\\/\\\/cardonaturisme.cat\\\/wp-content\\\/uploads\\\/2023\\\/10\\\/logo-vermell-cardonaturisme.svg\",\"contentUrl\":\"https:\\\/\\\/cardonaturisme.cat\\\/wp-content\\\/uploads\\\/2023\\\/10\\\/logo-vermell-cardonaturisme.svg\",\"caption\":\"Cardona Turisme\"},\"image\":{\"@id\":\"https:\\\/\\\/cardonaturisme.cat\\\/es\\\/#\\\/schema\\\/logo\\\/image\\\/\"},\"sameAs\":[\"https:\\\/\\\/www.facebook.com\\\/p\\\/Fundaci-Cardona-Histrica-100063704192069\\\/\",\"https:\\\/\\\/x.com\\\/cardonaturisme\"]},{\"@type\":\"Person\",\"@id\":\"https:\\\/\\\/cardonaturisme.cat\\\/es\\\/#\\\/schema\\\/person\\\/cccbdde5ead58d9c50af1a3e0c8634b3\",\"name\":\"66b29c1e90\",\"image\":{\"@type\":\"ImageObject\",\"inLanguage\":\"es\",\"@id\":\"https:\\\/\\\/secure.gravatar.com\\\/avatar\\\/490c3f62b8705f2f6aa5373dae5c4613410536eb1a5fde4117b67d013cd4db49?s=96&d=mm&r=g\",\"url\":\"https:\\\/\\\/secure.gravatar.com\\\/avatar\\\/490c3f62b8705f2f6aa5373dae5c4613410536eb1a5fde4117b67d013cd4db49?s=96&d=mm&r=g\",\"contentUrl\":\"https:\\\/\\\/secure.gravatar.com\\\/avatar\\\/490c3f62b8705f2f6aa5373dae5c4613410536eb1a5fde4117b67d013cd4db49?s=96&d=mm&r=g\",\"caption\":\"66b29c1e90\"},\"sameAs\":[\"https:\\\/\\\/cardonaturisme.cat\"],\"url\":\"https:\\\/\\\/cardonaturisme.cat\\\/es\\\/author\\\/66b29c1e90\\\/\"}]}<\/script>\n<!-- \/ Yoast SEO plugin. -->","yoast_head_json":{"title":"M\u00e1s de 6300 personas realizan las visitas guiadas esta Semana Santa en Cardona - Cardona Turisme","robots":{"index":"index","follow":"follow","max-snippet":"max-snippet:-1","max-image-preview":"max-image-preview:large","max-video-preview":"max-video-preview:-1"},"canonical":"https:\/\/cardonaturisme.cat\/es\/mas-de-6300-personas-realizan-las-visitas-guiadas-esta-semana-santa-en-cardona\/","og_locale":"es_ES","og_type":"article","og_title":"M\u00e1s de 6300 personas realizan las visitas guiadas esta Semana Santa en Cardona - Cardona Turisme","og_description":"Las visitas han incrementado un 3,4% respecto al a\u00f1o pasado La Fundaci\u00f3n Cardona Hist\u00f2rica, entidad responsable de la promoci\u00f3n y la conservaci\u00f3n del patrimonio de Cardona, ha realizado 6.373 servicios tur\u00edsticos durante esta Semana Santa, cifra que representa un incremento del 3,4% respecto al a\u00f1o pasado. Los servicios tur\u00edsticos corresponden a las visitas guiadas que [&hellip;]","og_url":"https:\/\/cardonaturisme.cat\/es\/mas-de-6300-personas-realizan-las-visitas-guiadas-esta-semana-santa-en-cardona\/","og_site_name":"Cardona Turisme","article_publisher":"https:\/\/www.facebook.com\/p\/Fundaci-Cardona-Histrica-100063704192069\/","article_published_time":"2023-04-11T11:19:16+00:00","article_modified_time":"2024-10-02T15:58:10+00:00","og_image":[{"width":2048,"height":1366,"url":"https:\/\/cardonaturisme.cat\/wp-content\/uploads\/2023\/04\/DSC7870_BA-2048x1366-1.jpg","type":"image\/jpeg"}],"author":"66b29c1e90","twitter_card":"summary_large_image","twitter_creator":"@cardonaturisme","twitter_site":"@cardonaturisme","twitter_misc":{"Escrito por":"66b29c1e90","Tiempo de lectura":"2 minutos"},"schema":{"@context":"https:\/\/schema.org","@graph":[{"@type":"Article","@id":"https:\/\/cardonaturisme.cat\/es\/mas-de-6300-personas-realizan-las-visitas-guiadas-esta-semana-santa-en-cardona\/#article","isPartOf":{"@id":"https:\/\/cardonaturisme.cat\/es\/mas-de-6300-personas-realizan-las-visitas-guiadas-esta-semana-santa-en-cardona\/"},"author":{"name":"66b29c1e90","@id":"https:\/\/cardonaturisme.cat\/es\/#\/schema\/person\/cccbdde5ead58d9c50af1a3e0c8634b3"},"headline":"M\u00e1s de 6300 personas realizan las visitas guiadas esta Semana Santa en Cardona","datePublished":"2023-04-11T11:19:16+00:00","dateModified":"2024-10-02T15:58:10+00:00","mainEntityOfPage":{"@id":"https:\/\/cardonaturisme.cat\/es\/mas-de-6300-personas-realizan-las-visitas-guiadas-esta-semana-santa-en-cardona\/"},"wordCount":180,"publisher":{"@id":"https:\/\/cardonaturisme.cat\/es\/#organization"},"image":{"@id":"https:\/\/cardonaturisme.cat\/es\/mas-de-6300-personas-realizan-las-visitas-guiadas-esta-semana-santa-en-cardona\/#primaryimage"},"thumbnailUrl":"https:\/\/cardonaturisme.cat\/wp-content\/uploads\/2023\/04\/DSC7870_BA-2048x1366-1.jpg","articleSection":["Sin categorizar"],"inLanguage":"es"},{"@type":"WebPage","@id":"https:\/\/cardonaturisme.cat\/es\/mas-de-6300-personas-realizan-las-visitas-guiadas-esta-semana-santa-en-cardona\/","url":"https:\/\/cardonaturisme.cat\/es\/mas-de-6300-personas-realizan-las-visitas-guiadas-esta-semana-santa-en-cardona\/","name":"M\u00e1s de 6300 personas realizan las visitas guiadas esta Semana Santa en Cardona - Cardona Turisme","isPartOf":{"@id":"https:\/\/cardonaturisme.cat\/es\/#website"},"primaryImageOfPage":{"@id":"https:\/\/cardonaturisme.cat\/es\/mas-de-6300-personas-realizan-las-visitas-guiadas-esta-semana-santa-en-cardona\/#primaryimage"},"image":{"@id":"https:\/\/cardonaturisme.cat\/es\/mas-de-6300-personas-realizan-las-visitas-guiadas-esta-semana-santa-en-cardona\/#primaryimage"},"thumbnailUrl":"https:\/\/cardonaturisme.cat\/wp-content\/uploads\/2023\/04\/DSC7870_BA-2048x1366-1.jpg","datePublished":"2023-04-11T11:19:16+00:00","dateModified":"2024-10-02T15:58:10+00:00","breadcrumb":{"@id":"https:\/\/cardonaturisme.cat\/es\/mas-de-6300-personas-realizan-las-visitas-guiadas-esta-semana-santa-en-cardona\/#breadcrumb"},"inLanguage":"es","potentialAction":[{"@type":"ReadAction","target":["https:\/\/cardonaturisme.cat\/es\/mas-de-6300-personas-realizan-las-visitas-guiadas-esta-semana-santa-en-cardona\/"]}]},{"@type":"ImageObject","inLanguage":"es","@id":"https:\/\/cardonaturisme.cat\/es\/mas-de-6300-personas-realizan-las-visitas-guiadas-esta-semana-santa-en-cardona\/#primaryimage","url":"https:\/\/cardonaturisme.cat\/wp-content\/uploads\/2023\/04\/DSC7870_BA-2048x1366-1.jpg","contentUrl":"https:\/\/cardonaturisme.cat\/wp-content\/uploads\/2023\/04\/DSC7870_BA-2048x1366-1.jpg","width":2048,"height":1366},{"@type":"BreadcrumbList","@id":"https:\/\/cardonaturisme.cat\/es\/mas-de-6300-personas-realizan-las-visitas-guiadas-esta-semana-santa-en-cardona\/#breadcrumb","itemListElement":[{"@type":"ListItem","position":1,"name":"Inici","item":"https:\/\/cardonaturisme.cat\/es\/"},{"@type":"ListItem","position":2,"name":"M\u00e1s de 6300 personas realizan las visitas guiadas esta Semana Santa en Cardona"}]},{"@type":"WebSite","@id":"https:\/\/cardonaturisme.cat\/es\/#website","url":"https:\/\/cardonaturisme.cat\/es\/","name":"Cardona Turisme","description":"La teva hist\u00f2ria","publisher":{"@id":"https:\/\/cardonaturisme.cat\/es\/#organization"},"potentialAction":[{"@type":"SearchAction","target":{"@type":"EntryPoint","urlTemplate":"https:\/\/cardonaturisme.cat\/es\/?s={search_term_string}"},"query-input":{"@type":"PropertyValueSpecification","valueRequired":true,"valueName":"search_term_string"}}],"inLanguage":"es"},{"@type":"Organization","@id":"https:\/\/cardonaturisme.cat\/es\/#organization","name":"Cardona Turisme","url":"https:\/\/cardonaturisme.cat\/es\/","logo":{"@type":"ImageObject","inLanguage":"es","@id":"https:\/\/cardonaturisme.cat\/es\/#\/schema\/logo\/image\/","url":"https:\/\/cardonaturisme.cat\/wp-content\/uploads\/2023\/10\/logo-vermell-cardonaturisme.svg","contentUrl":"https:\/\/cardonaturisme.cat\/wp-content\/uploads\/2023\/10\/logo-vermell-cardonaturisme.svg","caption":"Cardona Turisme"},"image":{"@id":"https:\/\/cardonaturisme.cat\/es\/#\/schema\/logo\/image\/"},"sameAs":["https:\/\/www.facebook.com\/p\/Fundaci-Cardona-Histrica-100063704192069\/","https:\/\/x.com\/cardonaturisme"]},{"@type":"Person","@id":"https:\/\/cardonaturisme.cat\/es\/#\/schema\/person\/cccbdde5ead58d9c50af1a3e0c8634b3","name":"66b29c1e90","image":{"@type":"ImageObject","inLanguage":"es","@id":"https:\/\/secure.gravatar.com\/avatar\/490c3f62b8705f2f6aa5373dae5c4613410536eb1a5fde4117b67d013cd4db49?s=96&d=mm&r=g","url":"https:\/\/secure.gravatar.com\/avatar\/490c3f62b8705f2f6aa5373dae5c4613410536eb1a5fde4117b67d013cd4db49?s=96&d=mm&r=g","contentUrl":"https:\/\/secure.gravatar.com\/avatar\/490c3f62b8705f2f6aa5373dae5c4613410536eb1a5fde4117b67d013cd4db49?s=96&d=mm&r=g","caption":"66b29c1e90"},"sameAs":["https:\/\/cardonaturisme.cat"],"url":"https:\/\/cardonaturisme.cat\/es\/author\/66b29c1e90\/"}]}},"_links":{"self":[{"href":"https:\/\/cardonaturisme.cat\/es\/wp-json\/wp\/v2\/posts\/16679","targetHints":{"allow":["GET"]}}],"collection":[{"href":"https:\/\/cardonaturisme.cat\/es\/wp-json\/wp\/v2\/posts"}],"about":[{"href":"https:\/\/cardonaturisme.cat\/es\/wp-json\/wp\/v2\/types\/post"}],"author":[{"embeddable":true,"href":"https:\/\/cardonaturisme.cat\/es\/wp-json\/wp\/v2\/users\/1"}],"replies":[{"embeddable":true,"href":"https:\/\/cardonaturisme.cat\/es\/wp-json\/wp\/v2\/comments?post=16679"}],"version-history":[{"count":1,"href":"https:\/\/cardonaturisme.cat\/es\/wp-json\/wp\/v2\/posts\/16679\/revisions"}],"predecessor-version":[{"id":16680,"href":"https:\/\/cardonaturisme.cat\/es\/wp-json\/wp\/v2\/posts\/16679\/revisions\/16680"}],"wp:featuredmedia":[{"embeddable":true,"href":"https:\/\/cardonaturisme.cat\/es\/wp-json\/wp\/v2\/media\/16677"}],"wp:attachment":[{"href":"https:\/\/cardonaturisme.cat\/es\/wp-json\/wp\/v2\/media?parent=16679"}],"wp:term":[{"taxonomy":"category","embeddable":true,"href":"https:\/\/cardonaturisme.cat\/es\/wp-json\/wp\/v2\/categories?post=16679"},{"taxonomy":"post_tag","embeddable":true,"href":"https:\/\/cardonaturisme.cat\/es\/wp-json\/wp\/v2\/tags?post=16679"}],"curies":[{"name":"wp","href":"https:\/\/api.w.org\/{rel}","templated":true}]}}