{"id":16672,"date":"2023-03-24T07:11:26","date_gmt":"2023-03-24T06:11:26","guid":{"rendered":"https:\/\/cardonaturisme.cat\/?p=16672"},"modified":"2024-10-02T17:56:37","modified_gmt":"2024-10-02T15:56:37","slug":"cardona-uno-de-los-10-pueblos-aspirantes-a-ser-capital-del-turismo-rural-2023","status":"publish","type":"post","link":"https:\/\/cardonaturisme.cat\/es\/cardona-uno-de-los-10-pueblos-aspirantes-a-ser-capital-del-turismo-rural-2023\/","title":{"rendered":"Cardona, uno de los 10 pueblos aspirantes a ser Capital del Turismo Rural 2023"},"content":{"rendered":"\n<p>Escapada Rural, la plataforma digital especializada en turismo rural con m\u00e1s de 18.000 alojamientos rurales en Espa\u00f1a y 2.000 en Portugal ha anunciado el nombre de los 10 finalistas de la VII edici\u00f3n de la Capital del Turismo Rural entre los que se encuentra Cardona.<\/p>\n\n\n\n<p>La lista de finalistas se completa con los municipios de Bocairent (Valencia), Campo Lameiro (Pontevedra), Candeleda (\u00c1vila), Colmenar de Oreja (Madrid), Elche de la Sierra (Albacete), Nalda (La Rioja), Ricote (Murcia), Segura de Le\u00f3n (Badajoz) y Zerain (Guip\u00fazcoa).<\/p>\n\n\n\n<p>\u201cPor s\u00e9ptimo a\u00f1o consecutivo nos hace mucha ilusi\u00f3n comunicar el nombre de los finalistas, elegidos entre las m\u00e1s de 200 candidaturas recibidas que cumpl\u00edan con los requisitos solicitados: tener menos de 10.000 habitantes, disponer de alojamientos rurales, no haber sido finalistas o ganadores en ediciones anteriores y tener mucho encanto por enamorar al viajero rural\u201d, explica&nbsp;<strong>Olivia Fontela<\/strong>, directora de Marketing de Escapada Rural.<\/p>\n\n\n\n<p>Con este anuncio se abre el per\u00edodo de votaciones en el que son los propios viajeros los encargados de votar su destino rural favorito entre los 10 finalistas. Las votaciones estar\u00e1n abiertas hasta el 24 de abril y saldr\u00e1 el municipio ganador de la Capital del Turismo Rural 2023 que ser\u00e1 anunciado el 27 de abril.<\/p>\n\n\n\n<p>\u00abEsta iniciativa nos ayudar\u00e1 a incrementar nuestra visibilidad y, por extensi\u00f3n, la del territorio, y a posicionarnos como un destino rural de relevancia\u00bb, apunta&nbsp;<strong>Francesc Ponsa<\/strong>, director general de la Fundaci\u00f3n Cardona Hist\u00f3rica.<\/p>\n\n\n\n<p>Cada municipio cuenta con la colaboraci\u00f3n de un bloguero que ejercer\u00e1 de embajador del destino y promocionar\u00e1 la candidatura. La embajadora de Cardona es Patricia Rojas, autora del blog de viajes La Cosmopolilla.<\/p>\n\n\n\n<p>Despu\u00e9s de seis a\u00f1os de certamen se ha puesto de manifiesto que la iniciativa est\u00e1 cumpliendo con su objetivo de ayudar a muchos municipios a incrementar su visibilidad y posicionarse como un destino rural de relevancia contribuyendo as\u00ed al desarrollo local, seg\u00fan trasladan los alcaldes respectivos.<\/p>\n\n\n\n<p>Actualmente, el municipio de Cazorla ostenta el t\u00edtulo de Capital del Turismo Rural despu\u00e9s de proclamarse ganador el pasado a\u00f1o. Su nombre se suma al de los galardonados en a\u00f1os anteriores: Olvera (C\u00e1diz), Potes (Cantabria), Santillana del Mar (Cantabria); A\u00ednsa-Sobrarbe (Huesca) y Sig\u00fcenza (Guadalajara).<\/p>\n\n\n\n<p>La Capital de Turismo Rural ha dado ya visibilidad a 60 pueblos con encanto que forman parte de una red de finalistas que los posiciona como los destinos preferidos de los espa\u00f1oles.<\/p>\n","protected":false},"excerpt":{"rendered":"<p>Escapada Rural, la plataforma digital especializada en turismo rural con m\u00e1s de 18.000 alojamientos rurales en Espa\u00f1a y 2.000 en Portugal ha anunciado el nombre de los 10 finalistas de la VII edici\u00f3n de la Capital del Turismo Rural entre los que se encuentra Cardona. La lista de finalistas se completa con los municipios de [&hellip;]<\/p>\n","protected":false},"author":1,"featured_media":16670,"comment_status":"closed","ping_status":"closed","sticky":false,"template":"","format":"standard","meta":{"_acf_changed":false,"footnotes":""},"categories":[56],"tags":[],"class_list":["post-16672","post","type-post","status-publish","format-standard","has-post-thumbnail","hentry","category-sin-categorizar"],"acf":[],"yoast_head":"<!-- This site is optimized with the Yoast SEO plugin v27.4 - https:\/\/yoast.com\/product\/yoast-seo-wordpress\/ -->\n<title>Cardona, uno de los 10 pueblos aspirantes a ser Capital del Turismo Rural 2023 - Cardona Turisme<\/title>\n<meta name=\"robots\" content=\"index, follow, max-snippet:-1, max-image-preview:large, max-video-preview:-1\" \/>\n<link rel=\"canonical\" href=\"https:\/\/cardonaturisme.cat\/es\/cardona-uno-de-los-10-pueblos-aspirantes-a-ser-capital-del-turismo-rural-2023\/\" \/>\n<meta property=\"og:locale\" content=\"es_ES\" \/>\n<meta property=\"og:type\" content=\"article\" \/>\n<meta property=\"og:title\" content=\"Cardona, uno de los 10 pueblos aspirantes a ser Capital del Turismo Rural 2023 - Cardona Turisme\" \/>\n<meta property=\"og:description\" content=\"Escapada Rural, la plataforma digital especializada en turismo rural con m\u00e1s de 18.000 alojamientos rurales en Espa\u00f1a y 2.000 en Portugal ha anunciado el nombre de los 10 finalistas de la VII edici\u00f3n de la Capital del Turismo Rural entre los que se encuentra Cardona. La lista de finalistas se completa con los municipios de [&hellip;]\" \/>\n<meta property=\"og:url\" content=\"https:\/\/cardonaturisme.cat\/es\/cardona-uno-de-los-10-pueblos-aspirantes-a-ser-capital-del-turismo-rural-2023\/\" \/>\n<meta property=\"og:site_name\" content=\"Cardona Turisme\" \/>\n<meta property=\"article:publisher\" content=\"https:\/\/www.facebook.com\/p\/Fundaci-Cardona-Histrica-100063704192069\/\" \/>\n<meta property=\"article:published_time\" content=\"2023-03-24T06:11:26+00:00\" \/>\n<meta property=\"article:modified_time\" content=\"2024-10-02T15:56:37+00:00\" \/>\n<meta property=\"og:image\" content=\"https:\/\/cardonaturisme.cat\/wp-content\/uploads\/2023\/03\/DSC9041_BA-2048x1366-1.jpg\" \/>\n\t<meta property=\"og:image:width\" content=\"2048\" \/>\n\t<meta property=\"og:image:height\" content=\"1366\" \/>\n\t<meta property=\"og:image:type\" content=\"image\/jpeg\" \/>\n<meta name=\"author\" content=\"66b29c1e90\" \/>\n<meta name=\"twitter:card\" content=\"summary_large_image\" \/>\n<meta name=\"twitter:creator\" content=\"@cardonaturisme\" \/>\n<meta name=\"twitter:site\" content=\"@cardonaturisme\" \/>\n<meta name=\"twitter:label1\" content=\"Escrito por\" \/>\n\t<meta name=\"twitter:data1\" content=\"66b29c1e90\" \/>\n\t<meta name=\"twitter:label2\" content=\"Tiempo de lectura\" \/>\n\t<meta name=\"twitter:data2\" content=\"3 minutos\" \/>\n<script type=\"application\/ld+json\" class=\"yoast-schema-graph\">{\"@context\":\"https:\\\/\\\/schema.org\",\"@graph\":[{\"@type\":\"Article\",\"@id\":\"https:\\\/\\\/cardonaturisme.cat\\\/es\\\/cardona-uno-de-los-10-pueblos-aspirantes-a-ser-capital-del-turismo-rural-2023\\\/#article\",\"isPartOf\":{\"@id\":\"https:\\\/\\\/cardonaturisme.cat\\\/es\\\/cardona-uno-de-los-10-pueblos-aspirantes-a-ser-capital-del-turismo-rural-2023\\\/\"},\"author\":{\"name\":\"66b29c1e90\",\"@id\":\"https:\\\/\\\/cardonaturisme.cat\\\/es\\\/#\\\/schema\\\/person\\\/cccbdde5ead58d9c50af1a3e0c8634b3\"},\"headline\":\"Cardona, uno de los 10 pueblos aspirantes a ser Capital del Turismo Rural 2023\",\"datePublished\":\"2023-03-24T06:11:26+00:00\",\"dateModified\":\"2024-10-02T15:56:37+00:00\",\"mainEntityOfPage\":{\"@id\":\"https:\\\/\\\/cardonaturisme.cat\\\/es\\\/cardona-uno-de-los-10-pueblos-aspirantes-a-ser-capital-del-turismo-rural-2023\\\/\"},\"wordCount\":422,\"publisher\":{\"@id\":\"https:\\\/\\\/cardonaturisme.cat\\\/es\\\/#organization\"},\"image\":{\"@id\":\"https:\\\/\\\/cardonaturisme.cat\\\/es\\\/cardona-uno-de-los-10-pueblos-aspirantes-a-ser-capital-del-turismo-rural-2023\\\/#primaryimage\"},\"thumbnailUrl\":\"https:\\\/\\\/cardonaturisme.cat\\\/wp-content\\\/uploads\\\/2023\\\/03\\\/DSC9041_BA-2048x1366-1.jpg\",\"articleSection\":[\"Sin categorizar\"],\"inLanguage\":\"es\"},{\"@type\":\"WebPage\",\"@id\":\"https:\\\/\\\/cardonaturisme.cat\\\/es\\\/cardona-uno-de-los-10-pueblos-aspirantes-a-ser-capital-del-turismo-rural-2023\\\/\",\"url\":\"https:\\\/\\\/cardonaturisme.cat\\\/es\\\/cardona-uno-de-los-10-pueblos-aspirantes-a-ser-capital-del-turismo-rural-2023\\\/\",\"name\":\"Cardona, uno de los 10 pueblos aspirantes a ser Capital del Turismo Rural 2023 - Cardona Turisme\",\"isPartOf\":{\"@id\":\"https:\\\/\\\/cardonaturisme.cat\\\/es\\\/#website\"},\"primaryImageOfPage\":{\"@id\":\"https:\\\/\\\/cardonaturisme.cat\\\/es\\\/cardona-uno-de-los-10-pueblos-aspirantes-a-ser-capital-del-turismo-rural-2023\\\/#primaryimage\"},\"image\":{\"@id\":\"https:\\\/\\\/cardonaturisme.cat\\\/es\\\/cardona-uno-de-los-10-pueblos-aspirantes-a-ser-capital-del-turismo-rural-2023\\\/#primaryimage\"},\"thumbnailUrl\":\"https:\\\/\\\/cardonaturisme.cat\\\/wp-content\\\/uploads\\\/2023\\\/03\\\/DSC9041_BA-2048x1366-1.jpg\",\"datePublished\":\"2023-03-24T06:11:26+00:00\",\"dateModified\":\"2024-10-02T15:56:37+00:00\",\"breadcrumb\":{\"@id\":\"https:\\\/\\\/cardonaturisme.cat\\\/es\\\/cardona-uno-de-los-10-pueblos-aspirantes-a-ser-capital-del-turismo-rural-2023\\\/#breadcrumb\"},\"inLanguage\":\"es\",\"potentialAction\":[{\"@type\":\"ReadAction\",\"target\":[\"https:\\\/\\\/cardonaturisme.cat\\\/es\\\/cardona-uno-de-los-10-pueblos-aspirantes-a-ser-capital-del-turismo-rural-2023\\\/\"]}]},{\"@type\":\"ImageObject\",\"inLanguage\":\"es\",\"@id\":\"https:\\\/\\\/cardonaturisme.cat\\\/es\\\/cardona-uno-de-los-10-pueblos-aspirantes-a-ser-capital-del-turismo-rural-2023\\\/#primaryimage\",\"url\":\"https:\\\/\\\/cardonaturisme.cat\\\/wp-content\\\/uploads\\\/2023\\\/03\\\/DSC9041_BA-2048x1366-1.jpg\",\"contentUrl\":\"https:\\\/\\\/cardonaturisme.cat\\\/wp-content\\\/uploads\\\/2023\\\/03\\\/DSC9041_BA-2048x1366-1.jpg\",\"width\":2048,\"height\":1366},{\"@type\":\"BreadcrumbList\",\"@id\":\"https:\\\/\\\/cardonaturisme.cat\\\/es\\\/cardona-uno-de-los-10-pueblos-aspirantes-a-ser-capital-del-turismo-rural-2023\\\/#breadcrumb\",\"itemListElement\":[{\"@type\":\"ListItem\",\"position\":1,\"name\":\"Inici\",\"item\":\"https:\\\/\\\/cardonaturisme.cat\\\/es\\\/\"},{\"@type\":\"ListItem\",\"position\":2,\"name\":\"Cardona, uno de los 10 pueblos aspirantes a ser Capital del Turismo Rural 2023\"}]},{\"@type\":\"WebSite\",\"@id\":\"https:\\\/\\\/cardonaturisme.cat\\\/es\\\/#website\",\"url\":\"https:\\\/\\\/cardonaturisme.cat\\\/es\\\/\",\"name\":\"Cardona Turisme\",\"description\":\"La teva hist\u00f2ria\",\"publisher\":{\"@id\":\"https:\\\/\\\/cardonaturisme.cat\\\/es\\\/#organization\"},\"potentialAction\":[{\"@type\":\"SearchAction\",\"target\":{\"@type\":\"EntryPoint\",\"urlTemplate\":\"https:\\\/\\\/cardonaturisme.cat\\\/es\\\/?s={search_term_string}\"},\"query-input\":{\"@type\":\"PropertyValueSpecification\",\"valueRequired\":true,\"valueName\":\"search_term_string\"}}],\"inLanguage\":\"es\"},{\"@type\":\"Organization\",\"@id\":\"https:\\\/\\\/cardonaturisme.cat\\\/es\\\/#organization\",\"name\":\"Cardona Turisme\",\"url\":\"https:\\\/\\\/cardonaturisme.cat\\\/es\\\/\",\"logo\":{\"@type\":\"ImageObject\",\"inLanguage\":\"es\",\"@id\":\"https:\\\/\\\/cardonaturisme.cat\\\/es\\\/#\\\/schema\\\/logo\\\/image\\\/\",\"url\":\"https:\\\/\\\/cardonaturisme.cat\\\/wp-content\\\/uploads\\\/2023\\\/10\\\/logo-vermell-cardonaturisme.svg\",\"contentUrl\":\"https:\\\/\\\/cardonaturisme.cat\\\/wp-content\\\/uploads\\\/2023\\\/10\\\/logo-vermell-cardonaturisme.svg\",\"caption\":\"Cardona Turisme\"},\"image\":{\"@id\":\"https:\\\/\\\/cardonaturisme.cat\\\/es\\\/#\\\/schema\\\/logo\\\/image\\\/\"},\"sameAs\":[\"https:\\\/\\\/www.facebook.com\\\/p\\\/Fundaci-Cardona-Histrica-100063704192069\\\/\",\"https:\\\/\\\/x.com\\\/cardonaturisme\"]},{\"@type\":\"Person\",\"@id\":\"https:\\\/\\\/cardonaturisme.cat\\\/es\\\/#\\\/schema\\\/person\\\/cccbdde5ead58d9c50af1a3e0c8634b3\",\"name\":\"66b29c1e90\",\"image\":{\"@type\":\"ImageObject\",\"inLanguage\":\"es\",\"@id\":\"https:\\\/\\\/secure.gravatar.com\\\/avatar\\\/490c3f62b8705f2f6aa5373dae5c4613410536eb1a5fde4117b67d013cd4db49?s=96&d=mm&r=g\",\"url\":\"https:\\\/\\\/secure.gravatar.com\\\/avatar\\\/490c3f62b8705f2f6aa5373dae5c4613410536eb1a5fde4117b67d013cd4db49?s=96&d=mm&r=g\",\"contentUrl\":\"https:\\\/\\\/secure.gravatar.com\\\/avatar\\\/490c3f62b8705f2f6aa5373dae5c4613410536eb1a5fde4117b67d013cd4db49?s=96&d=mm&r=g\",\"caption\":\"66b29c1e90\"},\"sameAs\":[\"https:\\\/\\\/cardonaturisme.cat\"],\"url\":\"https:\\\/\\\/cardonaturisme.cat\\\/es\\\/author\\\/66b29c1e90\\\/\"}]}<\/script>\n<!-- \/ Yoast SEO plugin. -->","yoast_head_json":{"title":"Cardona, uno de los 10 pueblos aspirantes a ser Capital del Turismo Rural 2023 - Cardona Turisme","robots":{"index":"index","follow":"follow","max-snippet":"max-snippet:-1","max-image-preview":"max-image-preview:large","max-video-preview":"max-video-preview:-1"},"canonical":"https:\/\/cardonaturisme.cat\/es\/cardona-uno-de-los-10-pueblos-aspirantes-a-ser-capital-del-turismo-rural-2023\/","og_locale":"es_ES","og_type":"article","og_title":"Cardona, uno de los 10 pueblos aspirantes a ser Capital del Turismo Rural 2023 - Cardona Turisme","og_description":"Escapada Rural, la plataforma digital especializada en turismo rural con m\u00e1s de 18.000 alojamientos rurales en Espa\u00f1a y 2.000 en Portugal ha anunciado el nombre de los 10 finalistas de la VII edici\u00f3n de la Capital del Turismo Rural entre los que se encuentra Cardona. La lista de finalistas se completa con los municipios de [&hellip;]","og_url":"https:\/\/cardonaturisme.cat\/es\/cardona-uno-de-los-10-pueblos-aspirantes-a-ser-capital-del-turismo-rural-2023\/","og_site_name":"Cardona Turisme","article_publisher":"https:\/\/www.facebook.com\/p\/Fundaci-Cardona-Histrica-100063704192069\/","article_published_time":"2023-03-24T06:11:26+00:00","article_modified_time":"2024-10-02T15:56:37+00:00","og_image":[{"width":2048,"height":1366,"url":"https:\/\/cardonaturisme.cat\/wp-content\/uploads\/2023\/03\/DSC9041_BA-2048x1366-1.jpg","type":"image\/jpeg"}],"author":"66b29c1e90","twitter_card":"summary_large_image","twitter_creator":"@cardonaturisme","twitter_site":"@cardonaturisme","twitter_misc":{"Escrito por":"66b29c1e90","Tiempo de lectura":"3 minutos"},"schema":{"@context":"https:\/\/schema.org","@graph":[{"@type":"Article","@id":"https:\/\/cardonaturisme.cat\/es\/cardona-uno-de-los-10-pueblos-aspirantes-a-ser-capital-del-turismo-rural-2023\/#article","isPartOf":{"@id":"https:\/\/cardonaturisme.cat\/es\/cardona-uno-de-los-10-pueblos-aspirantes-a-ser-capital-del-turismo-rural-2023\/"},"author":{"name":"66b29c1e90","@id":"https:\/\/cardonaturisme.cat\/es\/#\/schema\/person\/cccbdde5ead58d9c50af1a3e0c8634b3"},"headline":"Cardona, uno de los 10 pueblos aspirantes a ser Capital del Turismo Rural 2023","datePublished":"2023-03-24T06:11:26+00:00","dateModified":"2024-10-02T15:56:37+00:00","mainEntityOfPage":{"@id":"https:\/\/cardonaturisme.cat\/es\/cardona-uno-de-los-10-pueblos-aspirantes-a-ser-capital-del-turismo-rural-2023\/"},"wordCount":422,"publisher":{"@id":"https:\/\/cardonaturisme.cat\/es\/#organization"},"image":{"@id":"https:\/\/cardonaturisme.cat\/es\/cardona-uno-de-los-10-pueblos-aspirantes-a-ser-capital-del-turismo-rural-2023\/#primaryimage"},"thumbnailUrl":"https:\/\/cardonaturisme.cat\/wp-content\/uploads\/2023\/03\/DSC9041_BA-2048x1366-1.jpg","articleSection":["Sin categorizar"],"inLanguage":"es"},{"@type":"WebPage","@id":"https:\/\/cardonaturisme.cat\/es\/cardona-uno-de-los-10-pueblos-aspirantes-a-ser-capital-del-turismo-rural-2023\/","url":"https:\/\/cardonaturisme.cat\/es\/cardona-uno-de-los-10-pueblos-aspirantes-a-ser-capital-del-turismo-rural-2023\/","name":"Cardona, uno de los 10 pueblos aspirantes a ser Capital del Turismo Rural 2023 - Cardona Turisme","isPartOf":{"@id":"https:\/\/cardonaturisme.cat\/es\/#website"},"primaryImageOfPage":{"@id":"https:\/\/cardonaturisme.cat\/es\/cardona-uno-de-los-10-pueblos-aspirantes-a-ser-capital-del-turismo-rural-2023\/#primaryimage"},"image":{"@id":"https:\/\/cardonaturisme.cat\/es\/cardona-uno-de-los-10-pueblos-aspirantes-a-ser-capital-del-turismo-rural-2023\/#primaryimage"},"thumbnailUrl":"https:\/\/cardonaturisme.cat\/wp-content\/uploads\/2023\/03\/DSC9041_BA-2048x1366-1.jpg","datePublished":"2023-03-24T06:11:26+00:00","dateModified":"2024-10-02T15:56:37+00:00","breadcrumb":{"@id":"https:\/\/cardonaturisme.cat\/es\/cardona-uno-de-los-10-pueblos-aspirantes-a-ser-capital-del-turismo-rural-2023\/#breadcrumb"},"inLanguage":"es","potentialAction":[{"@type":"ReadAction","target":["https:\/\/cardonaturisme.cat\/es\/cardona-uno-de-los-10-pueblos-aspirantes-a-ser-capital-del-turismo-rural-2023\/"]}]},{"@type":"ImageObject","inLanguage":"es","@id":"https:\/\/cardonaturisme.cat\/es\/cardona-uno-de-los-10-pueblos-aspirantes-a-ser-capital-del-turismo-rural-2023\/#primaryimage","url":"https:\/\/cardonaturisme.cat\/wp-content\/uploads\/2023\/03\/DSC9041_BA-2048x1366-1.jpg","contentUrl":"https:\/\/cardonaturisme.cat\/wp-content\/uploads\/2023\/03\/DSC9041_BA-2048x1366-1.jpg","width":2048,"height":1366},{"@type":"BreadcrumbList","@id":"https:\/\/cardonaturisme.cat\/es\/cardona-uno-de-los-10-pueblos-aspirantes-a-ser-capital-del-turismo-rural-2023\/#breadcrumb","itemListElement":[{"@type":"ListItem","position":1,"name":"Inici","item":"https:\/\/cardonaturisme.cat\/es\/"},{"@type":"ListItem","position":2,"name":"Cardona, uno de los 10 pueblos aspirantes a ser Capital del Turismo Rural 2023"}]},{"@type":"WebSite","@id":"https:\/\/cardonaturisme.cat\/es\/#website","url":"https:\/\/cardonaturisme.cat\/es\/","name":"Cardona Turisme","description":"La teva hist\u00f2ria","publisher":{"@id":"https:\/\/cardonaturisme.cat\/es\/#organization"},"potentialAction":[{"@type":"SearchAction","target":{"@type":"EntryPoint","urlTemplate":"https:\/\/cardonaturisme.cat\/es\/?s={search_term_string}"},"query-input":{"@type":"PropertyValueSpecification","valueRequired":true,"valueName":"search_term_string"}}],"inLanguage":"es"},{"@type":"Organization","@id":"https:\/\/cardonaturisme.cat\/es\/#organization","name":"Cardona Turisme","url":"https:\/\/cardonaturisme.cat\/es\/","logo":{"@type":"ImageObject","inLanguage":"es","@id":"https:\/\/cardonaturisme.cat\/es\/#\/schema\/logo\/image\/","url":"https:\/\/cardonaturisme.cat\/wp-content\/uploads\/2023\/10\/logo-vermell-cardonaturisme.svg","contentUrl":"https:\/\/cardonaturisme.cat\/wp-content\/uploads\/2023\/10\/logo-vermell-cardonaturisme.svg","caption":"Cardona Turisme"},"image":{"@id":"https:\/\/cardonaturisme.cat\/es\/#\/schema\/logo\/image\/"},"sameAs":["https:\/\/www.facebook.com\/p\/Fundaci-Cardona-Histrica-100063704192069\/","https:\/\/x.com\/cardonaturisme"]},{"@type":"Person","@id":"https:\/\/cardonaturisme.cat\/es\/#\/schema\/person\/cccbdde5ead58d9c50af1a3e0c8634b3","name":"66b29c1e90","image":{"@type":"ImageObject","inLanguage":"es","@id":"https:\/\/secure.gravatar.com\/avatar\/490c3f62b8705f2f6aa5373dae5c4613410536eb1a5fde4117b67d013cd4db49?s=96&d=mm&r=g","url":"https:\/\/secure.gravatar.com\/avatar\/490c3f62b8705f2f6aa5373dae5c4613410536eb1a5fde4117b67d013cd4db49?s=96&d=mm&r=g","contentUrl":"https:\/\/secure.gravatar.com\/avatar\/490c3f62b8705f2f6aa5373dae5c4613410536eb1a5fde4117b67d013cd4db49?s=96&d=mm&r=g","caption":"66b29c1e90"},"sameAs":["https:\/\/cardonaturisme.cat"],"url":"https:\/\/cardonaturisme.cat\/es\/author\/66b29c1e90\/"}]}},"_links":{"self":[{"href":"https:\/\/cardonaturisme.cat\/es\/wp-json\/wp\/v2\/posts\/16672","targetHints":{"allow":["GET"]}}],"collection":[{"href":"https:\/\/cardonaturisme.cat\/es\/wp-json\/wp\/v2\/posts"}],"about":[{"href":"https:\/\/cardonaturisme.cat\/es\/wp-json\/wp\/v2\/types\/post"}],"author":[{"embeddable":true,"href":"https:\/\/cardonaturisme.cat\/es\/wp-json\/wp\/v2\/users\/1"}],"replies":[{"embeddable":true,"href":"https:\/\/cardonaturisme.cat\/es\/wp-json\/wp\/v2\/comments?post=16672"}],"version-history":[{"count":1,"href":"https:\/\/cardonaturisme.cat\/es\/wp-json\/wp\/v2\/posts\/16672\/revisions"}],"predecessor-version":[{"id":16673,"href":"https:\/\/cardonaturisme.cat\/es\/wp-json\/wp\/v2\/posts\/16672\/revisions\/16673"}],"wp:featuredmedia":[{"embeddable":true,"href":"https:\/\/cardonaturisme.cat\/es\/wp-json\/wp\/v2\/media\/16670"}],"wp:attachment":[{"href":"https:\/\/cardonaturisme.cat\/es\/wp-json\/wp\/v2\/media?parent=16672"}],"wp:term":[{"taxonomy":"category","embeddable":true,"href":"https:\/\/cardonaturisme.cat\/es\/wp-json\/wp\/v2\/categories?post=16672"},{"taxonomy":"post_tag","embeddable":true,"href":"https:\/\/cardonaturisme.cat\/es\/wp-json\/wp\/v2\/tags?post=16672"}],"curies":[{"name":"wp","href":"https:\/\/api.w.org\/{rel}","templated":true}]}}