{"id":16665,"date":"2023-03-20T11:46:27","date_gmt":"2023-03-20T10:46:27","guid":{"rendered":"https:\/\/cardonaturisme.cat\/?p=16665"},"modified":"2024-10-02T17:54:34","modified_gmt":"2024-10-02T15:54:34","slug":"geotok-la-nueva-visita-teatralizada-de-la-montana-de-sal-de-cardona","status":"publish","type":"post","link":"https:\/\/cardonaturisme.cat\/es\/geotok-la-nueva-visita-teatralizada-de-la-montana-de-sal-de-cardona\/","title":{"rendered":"GeoTok, la nueva visita teatralizada de la Monta\u00f1a de Sal de Cardona"},"content":{"rendered":"\n<p>\u201cGeoTok, la octava maravilla\u201d es una visita teatralizada enfocada al p\u00fablico familiar para descubrir la formaci\u00f3n y la historia de la Monta\u00f1a de Sal de Cardona de forma l\u00fadica e innovadora.<\/p>\n\n\n\n<p>La nueva visita teatralizada sustituye a la del \u201cProyecto Alquimia\u201d, que se cre\u00f3 en 2014 y que ha sido realizada por 70.000 visitantes.<\/p>\n\n\n\n<p>Este tipo de actividades destacan por su formato ameno y divertido, pero sin olvidar los contenidos. Por eso resultan ideales para toda la familia.<\/p>\n\n\n\n<p><strong>En busca de la octava maravilla<\/strong><\/p>\n\n\n\n<p>Los GeoTeam son un grupo de ge\u00f3logos TikTokers que se han propuesto participar en el reto mundial #EightWonder, para buscar la octava maravilla del mundo, y su apuesta es la Monta\u00f1a de Sal de Cardona.<\/p>\n\n\n\n<p>Un miembro del equipo, \u00c1gata, Morgan, \u00d3nix o Jasper (nicknames basados en nombres de minerales), se colar\u00e1 en la visita para entrar dentro del diapiro con el objetivo de llevar a cabo el&nbsp;<em>Final Event<\/em>&nbsp;del reto, pero las cosas se torcer\u00e1n nada m\u00e1s entrar. Nuestro tiktoker viene acompa\u00f1ado de un asistente virtual de \u00faltima generaci\u00f3n, el 1000iU (M\u00edliu), que participar\u00e1 activamente en la misi\u00f3n, pero que no siempre lo har\u00e1 de la forma esperada.<\/p>\n\n\n\n<p>Compra de entradas en:&nbsp;<a href=\"https:\/\/entrades.cardonaturisme.cat\/es\">https:\/\/entrades.cardonaturisme.cat\/es<\/a><\/p>\n","protected":false},"excerpt":{"rendered":"<p>\u201cGeoTok, la octava maravilla\u201d es una visita teatralizada enfocada al p\u00fablico familiar para descubrir la formaci\u00f3n y la historia de la Monta\u00f1a de Sal de Cardona de forma l\u00fadica e innovadora. La nueva visita teatralizada sustituye a la del \u201cProyecto Alquimia\u201d, que se cre\u00f3 en 2014 y que ha sido realizada por 70.000 visitantes. Este [&hellip;]<\/p>\n","protected":false},"author":1,"featured_media":16662,"comment_status":"closed","ping_status":"closed","sticky":false,"template":"","format":"standard","meta":{"_acf_changed":false,"footnotes":""},"categories":[56],"tags":[],"class_list":["post-16665","post","type-post","status-publish","format-standard","has-post-thumbnail","hentry","category-sin-categorizar"],"acf":[],"yoast_head":"<!-- This site is optimized with the Yoast SEO plugin v27.4 - https:\/\/yoast.com\/product\/yoast-seo-wordpress\/ -->\n<title>GeoTok, la nueva visita teatralizada de la Monta\u00f1a de Sal de Cardona - Cardona Turisme<\/title>\n<meta name=\"robots\" content=\"index, follow, max-snippet:-1, max-image-preview:large, max-video-preview:-1\" \/>\n<link rel=\"canonical\" href=\"https:\/\/cardonaturisme.cat\/es\/geotok-la-nueva-visita-teatralizada-de-la-montana-de-sal-de-cardona\/\" \/>\n<meta property=\"og:locale\" content=\"es_ES\" \/>\n<meta property=\"og:type\" content=\"article\" \/>\n<meta property=\"og:title\" content=\"GeoTok, la nueva visita teatralizada de la Monta\u00f1a de Sal de Cardona - Cardona Turisme\" \/>\n<meta property=\"og:description\" content=\"\u201cGeoTok, la octava maravilla\u201d es una visita teatralizada enfocada al p\u00fablico familiar para descubrir la formaci\u00f3n y la historia de la Monta\u00f1a de Sal de Cardona de forma l\u00fadica e innovadora. La nueva visita teatralizada sustituye a la del \u201cProyecto Alquimia\u201d, que se cre\u00f3 en 2014 y que ha sido realizada por 70.000 visitantes. Este [&hellip;]\" \/>\n<meta property=\"og:url\" content=\"https:\/\/cardonaturisme.cat\/es\/geotok-la-nueva-visita-teatralizada-de-la-montana-de-sal-de-cardona\/\" \/>\n<meta property=\"og:site_name\" content=\"Cardona Turisme\" \/>\n<meta property=\"article:publisher\" content=\"https:\/\/www.facebook.com\/p\/Fundaci-Cardona-Histrica-100063704192069\/\" \/>\n<meta property=\"article:published_time\" content=\"2023-03-20T10:46:27+00:00\" \/>\n<meta property=\"article:modified_time\" content=\"2024-10-02T15:54:34+00:00\" \/>\n<meta property=\"og:image\" content=\"https:\/\/cardonaturisme.cat\/wp-content\/uploads\/2023\/03\/geotok-def-002.jpeg\" \/>\n\t<meta property=\"og:image:width\" content=\"1080\" \/>\n\t<meta property=\"og:image:height\" content=\"1080\" \/>\n\t<meta property=\"og:image:type\" content=\"image\/jpeg\" \/>\n<meta name=\"author\" content=\"66b29c1e90\" \/>\n<meta name=\"twitter:card\" content=\"summary_large_image\" \/>\n<meta name=\"twitter:creator\" content=\"@cardonaturisme\" \/>\n<meta name=\"twitter:site\" content=\"@cardonaturisme\" \/>\n<meta name=\"twitter:label1\" content=\"Escrito por\" \/>\n\t<meta name=\"twitter:data1\" content=\"66b29c1e90\" \/>\n\t<meta name=\"twitter:label2\" content=\"Tiempo de lectura\" \/>\n\t<meta name=\"twitter:data2\" content=\"2 minutos\" \/>\n<script type=\"application\/ld+json\" class=\"yoast-schema-graph\">{\"@context\":\"https:\\\/\\\/schema.org\",\"@graph\":[{\"@type\":\"Article\",\"@id\":\"https:\\\/\\\/cardonaturisme.cat\\\/es\\\/geotok-la-nueva-visita-teatralizada-de-la-montana-de-sal-de-cardona\\\/#article\",\"isPartOf\":{\"@id\":\"https:\\\/\\\/cardonaturisme.cat\\\/es\\\/geotok-la-nueva-visita-teatralizada-de-la-montana-de-sal-de-cardona\\\/\"},\"author\":{\"name\":\"66b29c1e90\",\"@id\":\"https:\\\/\\\/cardonaturisme.cat\\\/es\\\/#\\\/schema\\\/person\\\/cccbdde5ead58d9c50af1a3e0c8634b3\"},\"headline\":\"GeoTok, la nueva visita teatralizada de la Monta\u00f1a de Sal de Cardona\",\"datePublished\":\"2023-03-20T10:46:27+00:00\",\"dateModified\":\"2024-10-02T15:54:34+00:00\",\"mainEntityOfPage\":{\"@id\":\"https:\\\/\\\/cardonaturisme.cat\\\/es\\\/geotok-la-nueva-visita-teatralizada-de-la-montana-de-sal-de-cardona\\\/\"},\"wordCount\":229,\"publisher\":{\"@id\":\"https:\\\/\\\/cardonaturisme.cat\\\/es\\\/#organization\"},\"image\":{\"@id\":\"https:\\\/\\\/cardonaturisme.cat\\\/es\\\/geotok-la-nueva-visita-teatralizada-de-la-montana-de-sal-de-cardona\\\/#primaryimage\"},\"thumbnailUrl\":\"https:\\\/\\\/cardonaturisme.cat\\\/wp-content\\\/uploads\\\/2023\\\/03\\\/geotok-def-002.jpeg\",\"articleSection\":[\"Sin categorizar\"],\"inLanguage\":\"es\"},{\"@type\":\"WebPage\",\"@id\":\"https:\\\/\\\/cardonaturisme.cat\\\/es\\\/geotok-la-nueva-visita-teatralizada-de-la-montana-de-sal-de-cardona\\\/\",\"url\":\"https:\\\/\\\/cardonaturisme.cat\\\/es\\\/geotok-la-nueva-visita-teatralizada-de-la-montana-de-sal-de-cardona\\\/\",\"name\":\"GeoTok, la nueva visita teatralizada de la Monta\u00f1a de Sal de Cardona - Cardona Turisme\",\"isPartOf\":{\"@id\":\"https:\\\/\\\/cardonaturisme.cat\\\/es\\\/#website\"},\"primaryImageOfPage\":{\"@id\":\"https:\\\/\\\/cardonaturisme.cat\\\/es\\\/geotok-la-nueva-visita-teatralizada-de-la-montana-de-sal-de-cardona\\\/#primaryimage\"},\"image\":{\"@id\":\"https:\\\/\\\/cardonaturisme.cat\\\/es\\\/geotok-la-nueva-visita-teatralizada-de-la-montana-de-sal-de-cardona\\\/#primaryimage\"},\"thumbnailUrl\":\"https:\\\/\\\/cardonaturisme.cat\\\/wp-content\\\/uploads\\\/2023\\\/03\\\/geotok-def-002.jpeg\",\"datePublished\":\"2023-03-20T10:46:27+00:00\",\"dateModified\":\"2024-10-02T15:54:34+00:00\",\"breadcrumb\":{\"@id\":\"https:\\\/\\\/cardonaturisme.cat\\\/es\\\/geotok-la-nueva-visita-teatralizada-de-la-montana-de-sal-de-cardona\\\/#breadcrumb\"},\"inLanguage\":\"es\",\"potentialAction\":[{\"@type\":\"ReadAction\",\"target\":[\"https:\\\/\\\/cardonaturisme.cat\\\/es\\\/geotok-la-nueva-visita-teatralizada-de-la-montana-de-sal-de-cardona\\\/\"]}]},{\"@type\":\"ImageObject\",\"inLanguage\":\"es\",\"@id\":\"https:\\\/\\\/cardonaturisme.cat\\\/es\\\/geotok-la-nueva-visita-teatralizada-de-la-montana-de-sal-de-cardona\\\/#primaryimage\",\"url\":\"https:\\\/\\\/cardonaturisme.cat\\\/wp-content\\\/uploads\\\/2023\\\/03\\\/geotok-def-002.jpeg\",\"contentUrl\":\"https:\\\/\\\/cardonaturisme.cat\\\/wp-content\\\/uploads\\\/2023\\\/03\\\/geotok-def-002.jpeg\",\"width\":1080,\"height\":1080},{\"@type\":\"BreadcrumbList\",\"@id\":\"https:\\\/\\\/cardonaturisme.cat\\\/es\\\/geotok-la-nueva-visita-teatralizada-de-la-montana-de-sal-de-cardona\\\/#breadcrumb\",\"itemListElement\":[{\"@type\":\"ListItem\",\"position\":1,\"name\":\"Inici\",\"item\":\"https:\\\/\\\/cardonaturisme.cat\\\/es\\\/\"},{\"@type\":\"ListItem\",\"position\":2,\"name\":\"GeoTok, la nueva visita teatralizada de la Monta\u00f1a de Sal de Cardona\"}]},{\"@type\":\"WebSite\",\"@id\":\"https:\\\/\\\/cardonaturisme.cat\\\/es\\\/#website\",\"url\":\"https:\\\/\\\/cardonaturisme.cat\\\/es\\\/\",\"name\":\"Cardona Turisme\",\"description\":\"La teva hist\u00f2ria\",\"publisher\":{\"@id\":\"https:\\\/\\\/cardonaturisme.cat\\\/es\\\/#organization\"},\"potentialAction\":[{\"@type\":\"SearchAction\",\"target\":{\"@type\":\"EntryPoint\",\"urlTemplate\":\"https:\\\/\\\/cardonaturisme.cat\\\/es\\\/?s={search_term_string}\"},\"query-input\":{\"@type\":\"PropertyValueSpecification\",\"valueRequired\":true,\"valueName\":\"search_term_string\"}}],\"inLanguage\":\"es\"},{\"@type\":\"Organization\",\"@id\":\"https:\\\/\\\/cardonaturisme.cat\\\/es\\\/#organization\",\"name\":\"Cardona Turisme\",\"url\":\"https:\\\/\\\/cardonaturisme.cat\\\/es\\\/\",\"logo\":{\"@type\":\"ImageObject\",\"inLanguage\":\"es\",\"@id\":\"https:\\\/\\\/cardonaturisme.cat\\\/es\\\/#\\\/schema\\\/logo\\\/image\\\/\",\"url\":\"https:\\\/\\\/cardonaturisme.cat\\\/wp-content\\\/uploads\\\/2023\\\/10\\\/logo-vermell-cardonaturisme.svg\",\"contentUrl\":\"https:\\\/\\\/cardonaturisme.cat\\\/wp-content\\\/uploads\\\/2023\\\/10\\\/logo-vermell-cardonaturisme.svg\",\"caption\":\"Cardona Turisme\"},\"image\":{\"@id\":\"https:\\\/\\\/cardonaturisme.cat\\\/es\\\/#\\\/schema\\\/logo\\\/image\\\/\"},\"sameAs\":[\"https:\\\/\\\/www.facebook.com\\\/p\\\/Fundaci-Cardona-Histrica-100063704192069\\\/\",\"https:\\\/\\\/x.com\\\/cardonaturisme\"]},{\"@type\":\"Person\",\"@id\":\"https:\\\/\\\/cardonaturisme.cat\\\/es\\\/#\\\/schema\\\/person\\\/cccbdde5ead58d9c50af1a3e0c8634b3\",\"name\":\"66b29c1e90\",\"image\":{\"@type\":\"ImageObject\",\"inLanguage\":\"es\",\"@id\":\"https:\\\/\\\/secure.gravatar.com\\\/avatar\\\/490c3f62b8705f2f6aa5373dae5c4613410536eb1a5fde4117b67d013cd4db49?s=96&d=mm&r=g\",\"url\":\"https:\\\/\\\/secure.gravatar.com\\\/avatar\\\/490c3f62b8705f2f6aa5373dae5c4613410536eb1a5fde4117b67d013cd4db49?s=96&d=mm&r=g\",\"contentUrl\":\"https:\\\/\\\/secure.gravatar.com\\\/avatar\\\/490c3f62b8705f2f6aa5373dae5c4613410536eb1a5fde4117b67d013cd4db49?s=96&d=mm&r=g\",\"caption\":\"66b29c1e90\"},\"sameAs\":[\"https:\\\/\\\/cardonaturisme.cat\"],\"url\":\"https:\\\/\\\/cardonaturisme.cat\\\/es\\\/author\\\/66b29c1e90\\\/\"}]}<\/script>\n<!-- \/ Yoast SEO plugin. -->","yoast_head_json":{"title":"GeoTok, la nueva visita teatralizada de la Monta\u00f1a de Sal de Cardona - Cardona Turisme","robots":{"index":"index","follow":"follow","max-snippet":"max-snippet:-1","max-image-preview":"max-image-preview:large","max-video-preview":"max-video-preview:-1"},"canonical":"https:\/\/cardonaturisme.cat\/es\/geotok-la-nueva-visita-teatralizada-de-la-montana-de-sal-de-cardona\/","og_locale":"es_ES","og_type":"article","og_title":"GeoTok, la nueva visita teatralizada de la Monta\u00f1a de Sal de Cardona - Cardona Turisme","og_description":"\u201cGeoTok, la octava maravilla\u201d es una visita teatralizada enfocada al p\u00fablico familiar para descubrir la formaci\u00f3n y la historia de la Monta\u00f1a de Sal de Cardona de forma l\u00fadica e innovadora. La nueva visita teatralizada sustituye a la del \u201cProyecto Alquimia\u201d, que se cre\u00f3 en 2014 y que ha sido realizada por 70.000 visitantes. Este [&hellip;]","og_url":"https:\/\/cardonaturisme.cat\/es\/geotok-la-nueva-visita-teatralizada-de-la-montana-de-sal-de-cardona\/","og_site_name":"Cardona Turisme","article_publisher":"https:\/\/www.facebook.com\/p\/Fundaci-Cardona-Histrica-100063704192069\/","article_published_time":"2023-03-20T10:46:27+00:00","article_modified_time":"2024-10-02T15:54:34+00:00","og_image":[{"width":1080,"height":1080,"url":"https:\/\/cardonaturisme.cat\/wp-content\/uploads\/2023\/03\/geotok-def-002.jpeg","type":"image\/jpeg"}],"author":"66b29c1e90","twitter_card":"summary_large_image","twitter_creator":"@cardonaturisme","twitter_site":"@cardonaturisme","twitter_misc":{"Escrito por":"66b29c1e90","Tiempo de lectura":"2 minutos"},"schema":{"@context":"https:\/\/schema.org","@graph":[{"@type":"Article","@id":"https:\/\/cardonaturisme.cat\/es\/geotok-la-nueva-visita-teatralizada-de-la-montana-de-sal-de-cardona\/#article","isPartOf":{"@id":"https:\/\/cardonaturisme.cat\/es\/geotok-la-nueva-visita-teatralizada-de-la-montana-de-sal-de-cardona\/"},"author":{"name":"66b29c1e90","@id":"https:\/\/cardonaturisme.cat\/es\/#\/schema\/person\/cccbdde5ead58d9c50af1a3e0c8634b3"},"headline":"GeoTok, la nueva visita teatralizada de la Monta\u00f1a de Sal de Cardona","datePublished":"2023-03-20T10:46:27+00:00","dateModified":"2024-10-02T15:54:34+00:00","mainEntityOfPage":{"@id":"https:\/\/cardonaturisme.cat\/es\/geotok-la-nueva-visita-teatralizada-de-la-montana-de-sal-de-cardona\/"},"wordCount":229,"publisher":{"@id":"https:\/\/cardonaturisme.cat\/es\/#organization"},"image":{"@id":"https:\/\/cardonaturisme.cat\/es\/geotok-la-nueva-visita-teatralizada-de-la-montana-de-sal-de-cardona\/#primaryimage"},"thumbnailUrl":"https:\/\/cardonaturisme.cat\/wp-content\/uploads\/2023\/03\/geotok-def-002.jpeg","articleSection":["Sin categorizar"],"inLanguage":"es"},{"@type":"WebPage","@id":"https:\/\/cardonaturisme.cat\/es\/geotok-la-nueva-visita-teatralizada-de-la-montana-de-sal-de-cardona\/","url":"https:\/\/cardonaturisme.cat\/es\/geotok-la-nueva-visita-teatralizada-de-la-montana-de-sal-de-cardona\/","name":"GeoTok, la nueva visita teatralizada de la Monta\u00f1a de Sal de Cardona - Cardona Turisme","isPartOf":{"@id":"https:\/\/cardonaturisme.cat\/es\/#website"},"primaryImageOfPage":{"@id":"https:\/\/cardonaturisme.cat\/es\/geotok-la-nueva-visita-teatralizada-de-la-montana-de-sal-de-cardona\/#primaryimage"},"image":{"@id":"https:\/\/cardonaturisme.cat\/es\/geotok-la-nueva-visita-teatralizada-de-la-montana-de-sal-de-cardona\/#primaryimage"},"thumbnailUrl":"https:\/\/cardonaturisme.cat\/wp-content\/uploads\/2023\/03\/geotok-def-002.jpeg","datePublished":"2023-03-20T10:46:27+00:00","dateModified":"2024-10-02T15:54:34+00:00","breadcrumb":{"@id":"https:\/\/cardonaturisme.cat\/es\/geotok-la-nueva-visita-teatralizada-de-la-montana-de-sal-de-cardona\/#breadcrumb"},"inLanguage":"es","potentialAction":[{"@type":"ReadAction","target":["https:\/\/cardonaturisme.cat\/es\/geotok-la-nueva-visita-teatralizada-de-la-montana-de-sal-de-cardona\/"]}]},{"@type":"ImageObject","inLanguage":"es","@id":"https:\/\/cardonaturisme.cat\/es\/geotok-la-nueva-visita-teatralizada-de-la-montana-de-sal-de-cardona\/#primaryimage","url":"https:\/\/cardonaturisme.cat\/wp-content\/uploads\/2023\/03\/geotok-def-002.jpeg","contentUrl":"https:\/\/cardonaturisme.cat\/wp-content\/uploads\/2023\/03\/geotok-def-002.jpeg","width":1080,"height":1080},{"@type":"BreadcrumbList","@id":"https:\/\/cardonaturisme.cat\/es\/geotok-la-nueva-visita-teatralizada-de-la-montana-de-sal-de-cardona\/#breadcrumb","itemListElement":[{"@type":"ListItem","position":1,"name":"Inici","item":"https:\/\/cardonaturisme.cat\/es\/"},{"@type":"ListItem","position":2,"name":"GeoTok, la nueva visita teatralizada de la Monta\u00f1a de Sal de Cardona"}]},{"@type":"WebSite","@id":"https:\/\/cardonaturisme.cat\/es\/#website","url":"https:\/\/cardonaturisme.cat\/es\/","name":"Cardona Turisme","description":"La teva hist\u00f2ria","publisher":{"@id":"https:\/\/cardonaturisme.cat\/es\/#organization"},"potentialAction":[{"@type":"SearchAction","target":{"@type":"EntryPoint","urlTemplate":"https:\/\/cardonaturisme.cat\/es\/?s={search_term_string}"},"query-input":{"@type":"PropertyValueSpecification","valueRequired":true,"valueName":"search_term_string"}}],"inLanguage":"es"},{"@type":"Organization","@id":"https:\/\/cardonaturisme.cat\/es\/#organization","name":"Cardona Turisme","url":"https:\/\/cardonaturisme.cat\/es\/","logo":{"@type":"ImageObject","inLanguage":"es","@id":"https:\/\/cardonaturisme.cat\/es\/#\/schema\/logo\/image\/","url":"https:\/\/cardonaturisme.cat\/wp-content\/uploads\/2023\/10\/logo-vermell-cardonaturisme.svg","contentUrl":"https:\/\/cardonaturisme.cat\/wp-content\/uploads\/2023\/10\/logo-vermell-cardonaturisme.svg","caption":"Cardona Turisme"},"image":{"@id":"https:\/\/cardonaturisme.cat\/es\/#\/schema\/logo\/image\/"},"sameAs":["https:\/\/www.facebook.com\/p\/Fundaci-Cardona-Histrica-100063704192069\/","https:\/\/x.com\/cardonaturisme"]},{"@type":"Person","@id":"https:\/\/cardonaturisme.cat\/es\/#\/schema\/person\/cccbdde5ead58d9c50af1a3e0c8634b3","name":"66b29c1e90","image":{"@type":"ImageObject","inLanguage":"es","@id":"https:\/\/secure.gravatar.com\/avatar\/490c3f62b8705f2f6aa5373dae5c4613410536eb1a5fde4117b67d013cd4db49?s=96&d=mm&r=g","url":"https:\/\/secure.gravatar.com\/avatar\/490c3f62b8705f2f6aa5373dae5c4613410536eb1a5fde4117b67d013cd4db49?s=96&d=mm&r=g","contentUrl":"https:\/\/secure.gravatar.com\/avatar\/490c3f62b8705f2f6aa5373dae5c4613410536eb1a5fde4117b67d013cd4db49?s=96&d=mm&r=g","caption":"66b29c1e90"},"sameAs":["https:\/\/cardonaturisme.cat"],"url":"https:\/\/cardonaturisme.cat\/es\/author\/66b29c1e90\/"}]}},"_links":{"self":[{"href":"https:\/\/cardonaturisme.cat\/es\/wp-json\/wp\/v2\/posts\/16665","targetHints":{"allow":["GET"]}}],"collection":[{"href":"https:\/\/cardonaturisme.cat\/es\/wp-json\/wp\/v2\/posts"}],"about":[{"href":"https:\/\/cardonaturisme.cat\/es\/wp-json\/wp\/v2\/types\/post"}],"author":[{"embeddable":true,"href":"https:\/\/cardonaturisme.cat\/es\/wp-json\/wp\/v2\/users\/1"}],"replies":[{"embeddable":true,"href":"https:\/\/cardonaturisme.cat\/es\/wp-json\/wp\/v2\/comments?post=16665"}],"version-history":[{"count":1,"href":"https:\/\/cardonaturisme.cat\/es\/wp-json\/wp\/v2\/posts\/16665\/revisions"}],"predecessor-version":[{"id":16666,"href":"https:\/\/cardonaturisme.cat\/es\/wp-json\/wp\/v2\/posts\/16665\/revisions\/16666"}],"wp:featuredmedia":[{"embeddable":true,"href":"https:\/\/cardonaturisme.cat\/es\/wp-json\/wp\/v2\/media\/16662"}],"wp:attachment":[{"href":"https:\/\/cardonaturisme.cat\/es\/wp-json\/wp\/v2\/media?parent=16665"}],"wp:term":[{"taxonomy":"category","embeddable":true,"href":"https:\/\/cardonaturisme.cat\/es\/wp-json\/wp\/v2\/categories?post=16665"},{"taxonomy":"post_tag","embeddable":true,"href":"https:\/\/cardonaturisme.cat\/es\/wp-json\/wp\/v2\/tags?post=16665"}],"curies":[{"name":"wp","href":"https:\/\/api.w.org\/{rel}","templated":true}]}}