{"id":16657,"date":"2023-03-13T11:55:56","date_gmt":"2023-03-13T10:55:56","guid":{"rendered":"https:\/\/cardonaturisme.cat\/?p=16657"},"modified":"2024-10-02T17:52:27","modified_gmt":"2024-10-02T15:52:27","slug":"nuevo-horario-cardona-ofrece-visitas-guiadas-al-castillo-las-tardes-entre-semana","status":"publish","type":"post","link":"https:\/\/cardonaturisme.cat\/es\/nuevo-horario-cardona-ofrece-visitas-guiadas-al-castillo-las-tardes-entre-semana\/","title":{"rendered":"Nuevo horario: Cardona ofrece visitas guiadas al Castillo las tardes entre semana"},"content":{"rendered":"\n<p>Desde esta semana, la Fundaci\u00f3n Cardona Hist\u00f3rica ofrece visitas guiadas al Castillo entre semana en horario de tarde (16:30h) en catal\u00e1n o castellano. De esta forma, se ampl\u00eda la oferta tur\u00edstica de la villa ducal en d\u00edas laborables: por la ma\u00f1ana, visitas guiadas a la Monta\u00f1a de la Sal; y por la tarde, visitas guiadas al Castillo.<\/p>\n\n\n\n<p>El objetivo es retener a los visitantes de entre semana ampliando la oferta tur\u00edstica de visitas guiadas: \u201cQueremos contribuir a dinamizar Cardona entre semana\u201d, apunta Francesc Ponsa, director general de la Fundaci\u00f3n Cardona Hist\u00f3rica.<\/p>\n\n\n\n<p><strong>La fortaleza inexpugnable<\/strong><\/p>\n\n\n\n<p>Con este nuevo horario, el visitante podr\u00e1 disfrutar de una visita guiada a un conjunto monumental \u00fanico de forma tranquila y privilegiada.<\/p>\n\n\n\n<p>La visita al Castillo de Cardona ofrece la posibilidad de recorrer la fortaleza moderna y las partes del viejo castillo condal, como la Torre de la Minyona y la excepcional colegiata de Sant Vicen\u00e7, joya del rom\u00e1nico lombardo catal\u00e1n. La duraci\u00f3n aproximada de la visita ser\u00e1 de 1 hora 30 min.<\/p>\n\n\n\n<p>Es importante consultar la disponibilidad horaria a trav\u00e9s de la p\u00e1gina web.<\/p>\n\n\n\n<p>M\u00e1s informaci\u00f3n y reserva de entradas&nbsp;<a href=\"https:\/\/entrades.cardonaturisme.cat\/es\/producte\/visita-castell\">aqu\u00ed<\/a>.<\/p>\n","protected":false},"excerpt":{"rendered":"<p>Desde esta semana, la Fundaci\u00f3n Cardona Hist\u00f3rica ofrece visitas guiadas al Castillo entre semana en horario de tarde (16:30h) en catal\u00e1n o castellano. De esta forma, se ampl\u00eda la oferta tur\u00edstica de la villa ducal en d\u00edas laborables: por la ma\u00f1ana, visitas guiadas a la Monta\u00f1a de la Sal; y por la tarde, visitas guiadas [&hellip;]<\/p>\n","protected":false},"author":1,"featured_media":16110,"comment_status":"closed","ping_status":"closed","sticky":false,"template":"","format":"standard","meta":{"_acf_changed":false,"footnotes":""},"categories":[56],"tags":[],"class_list":["post-16657","post","type-post","status-publish","format-standard","has-post-thumbnail","hentry","category-sin-categorizar"],"acf":[],"yoast_head":"<!-- This site is optimized with the Yoast SEO plugin v27.4 - https:\/\/yoast.com\/product\/yoast-seo-wordpress\/ -->\n<title>Nuevo horario: Cardona ofrece visitas guiadas al Castillo las tardes entre semana - Cardona Turisme<\/title>\n<meta name=\"robots\" content=\"index, follow, max-snippet:-1, max-image-preview:large, max-video-preview:-1\" \/>\n<link rel=\"canonical\" href=\"https:\/\/cardonaturisme.cat\/es\/nuevo-horario-cardona-ofrece-visitas-guiadas-al-castillo-las-tardes-entre-semana\/\" \/>\n<meta property=\"og:locale\" content=\"es_ES\" \/>\n<meta property=\"og:type\" content=\"article\" \/>\n<meta property=\"og:title\" content=\"Nuevo horario: Cardona ofrece visitas guiadas al Castillo las tardes entre semana - Cardona Turisme\" \/>\n<meta property=\"og:description\" content=\"Desde esta semana, la Fundaci\u00f3n Cardona Hist\u00f3rica ofrece visitas guiadas al Castillo entre semana en horario de tarde (16:30h) en catal\u00e1n o castellano. De esta forma, se ampl\u00eda la oferta tur\u00edstica de la villa ducal en d\u00edas laborables: por la ma\u00f1ana, visitas guiadas a la Monta\u00f1a de la Sal; y por la tarde, visitas guiadas [&hellip;]\" \/>\n<meta property=\"og:url\" content=\"https:\/\/cardonaturisme.cat\/es\/nuevo-horario-cardona-ofrece-visitas-guiadas-al-castillo-las-tardes-entre-semana\/\" \/>\n<meta property=\"og:site_name\" content=\"Cardona Turisme\" \/>\n<meta property=\"article:publisher\" content=\"https:\/\/www.facebook.com\/p\/Fundaci-Cardona-Histrica-100063704192069\/\" \/>\n<meta property=\"article:published_time\" content=\"2023-03-13T10:55:56+00:00\" \/>\n<meta property=\"article:modified_time\" content=\"2024-10-02T15:52:27+00:00\" \/>\n<meta property=\"og:image\" content=\"https:\/\/cardonaturisme.cat\/wp-content\/uploads\/2024\/10\/castell-cardona-5-1024x602.jpg\" \/>\n\t<meta property=\"og:image:width\" content=\"1024\" \/>\n\t<meta property=\"og:image:height\" content=\"602\" \/>\n\t<meta property=\"og:image:type\" content=\"image\/jpeg\" \/>\n<meta name=\"author\" content=\"66b29c1e90\" \/>\n<meta name=\"twitter:card\" content=\"summary_large_image\" \/>\n<meta name=\"twitter:creator\" content=\"@cardonaturisme\" \/>\n<meta name=\"twitter:site\" content=\"@cardonaturisme\" \/>\n<meta name=\"twitter:label1\" content=\"Escrito por\" \/>\n\t<meta name=\"twitter:data1\" content=\"66b29c1e90\" \/>\n\t<meta name=\"twitter:label2\" content=\"Tiempo de lectura\" \/>\n\t<meta name=\"twitter:data2\" content=\"2 minutos\" \/>\n<script type=\"application\/ld+json\" class=\"yoast-schema-graph\">{\"@context\":\"https:\\\/\\\/schema.org\",\"@graph\":[{\"@type\":\"Article\",\"@id\":\"https:\\\/\\\/cardonaturisme.cat\\\/es\\\/nuevo-horario-cardona-ofrece-visitas-guiadas-al-castillo-las-tardes-entre-semana\\\/#article\",\"isPartOf\":{\"@id\":\"https:\\\/\\\/cardonaturisme.cat\\\/es\\\/nuevo-horario-cardona-ofrece-visitas-guiadas-al-castillo-las-tardes-entre-semana\\\/\"},\"author\":{\"name\":\"66b29c1e90\",\"@id\":\"https:\\\/\\\/cardonaturisme.cat\\\/es\\\/#\\\/schema\\\/person\\\/cccbdde5ead58d9c50af1a3e0c8634b3\"},\"headline\":\"Nuevo horario: Cardona ofrece visitas guiadas al Castillo las tardes entre semana\",\"datePublished\":\"2023-03-13T10:55:56+00:00\",\"dateModified\":\"2024-10-02T15:52:27+00:00\",\"mainEntityOfPage\":{\"@id\":\"https:\\\/\\\/cardonaturisme.cat\\\/es\\\/nuevo-horario-cardona-ofrece-visitas-guiadas-al-castillo-las-tardes-entre-semana\\\/\"},\"wordCount\":215,\"publisher\":{\"@id\":\"https:\\\/\\\/cardonaturisme.cat\\\/es\\\/#organization\"},\"image\":{\"@id\":\"https:\\\/\\\/cardonaturisme.cat\\\/es\\\/nuevo-horario-cardona-ofrece-visitas-guiadas-al-castillo-las-tardes-entre-semana\\\/#primaryimage\"},\"thumbnailUrl\":\"https:\\\/\\\/cardonaturisme.cat\\\/wp-content\\\/uploads\\\/2024\\\/10\\\/castell-cardona-5.jpg\",\"articleSection\":[\"Sin categorizar\"],\"inLanguage\":\"es\"},{\"@type\":\"WebPage\",\"@id\":\"https:\\\/\\\/cardonaturisme.cat\\\/es\\\/nuevo-horario-cardona-ofrece-visitas-guiadas-al-castillo-las-tardes-entre-semana\\\/\",\"url\":\"https:\\\/\\\/cardonaturisme.cat\\\/es\\\/nuevo-horario-cardona-ofrece-visitas-guiadas-al-castillo-las-tardes-entre-semana\\\/\",\"name\":\"Nuevo horario: Cardona ofrece visitas guiadas al Castillo las tardes entre semana - Cardona Turisme\",\"isPartOf\":{\"@id\":\"https:\\\/\\\/cardonaturisme.cat\\\/es\\\/#website\"},\"primaryImageOfPage\":{\"@id\":\"https:\\\/\\\/cardonaturisme.cat\\\/es\\\/nuevo-horario-cardona-ofrece-visitas-guiadas-al-castillo-las-tardes-entre-semana\\\/#primaryimage\"},\"image\":{\"@id\":\"https:\\\/\\\/cardonaturisme.cat\\\/es\\\/nuevo-horario-cardona-ofrece-visitas-guiadas-al-castillo-las-tardes-entre-semana\\\/#primaryimage\"},\"thumbnailUrl\":\"https:\\\/\\\/cardonaturisme.cat\\\/wp-content\\\/uploads\\\/2024\\\/10\\\/castell-cardona-5.jpg\",\"datePublished\":\"2023-03-13T10:55:56+00:00\",\"dateModified\":\"2024-10-02T15:52:27+00:00\",\"breadcrumb\":{\"@id\":\"https:\\\/\\\/cardonaturisme.cat\\\/es\\\/nuevo-horario-cardona-ofrece-visitas-guiadas-al-castillo-las-tardes-entre-semana\\\/#breadcrumb\"},\"inLanguage\":\"es\",\"potentialAction\":[{\"@type\":\"ReadAction\",\"target\":[\"https:\\\/\\\/cardonaturisme.cat\\\/es\\\/nuevo-horario-cardona-ofrece-visitas-guiadas-al-castillo-las-tardes-entre-semana\\\/\"]}]},{\"@type\":\"ImageObject\",\"inLanguage\":\"es\",\"@id\":\"https:\\\/\\\/cardonaturisme.cat\\\/es\\\/nuevo-horario-cardona-ofrece-visitas-guiadas-al-castillo-las-tardes-entre-semana\\\/#primaryimage\",\"url\":\"https:\\\/\\\/cardonaturisme.cat\\\/wp-content\\\/uploads\\\/2024\\\/10\\\/castell-cardona-5.jpg\",\"contentUrl\":\"https:\\\/\\\/cardonaturisme.cat\\\/wp-content\\\/uploads\\\/2024\\\/10\\\/castell-cardona-5.jpg\",\"width\":2500,\"height\":1470},{\"@type\":\"BreadcrumbList\",\"@id\":\"https:\\\/\\\/cardonaturisme.cat\\\/es\\\/nuevo-horario-cardona-ofrece-visitas-guiadas-al-castillo-las-tardes-entre-semana\\\/#breadcrumb\",\"itemListElement\":[{\"@type\":\"ListItem\",\"position\":1,\"name\":\"Inici\",\"item\":\"https:\\\/\\\/cardonaturisme.cat\\\/es\\\/\"},{\"@type\":\"ListItem\",\"position\":2,\"name\":\"Nuevo horario: Cardona ofrece visitas guiadas al Castillo las tardes entre semana\"}]},{\"@type\":\"WebSite\",\"@id\":\"https:\\\/\\\/cardonaturisme.cat\\\/es\\\/#website\",\"url\":\"https:\\\/\\\/cardonaturisme.cat\\\/es\\\/\",\"name\":\"Cardona Turisme\",\"description\":\"La teva hist\u00f2ria\",\"publisher\":{\"@id\":\"https:\\\/\\\/cardonaturisme.cat\\\/es\\\/#organization\"},\"potentialAction\":[{\"@type\":\"SearchAction\",\"target\":{\"@type\":\"EntryPoint\",\"urlTemplate\":\"https:\\\/\\\/cardonaturisme.cat\\\/es\\\/?s={search_term_string}\"},\"query-input\":{\"@type\":\"PropertyValueSpecification\",\"valueRequired\":true,\"valueName\":\"search_term_string\"}}],\"inLanguage\":\"es\"},{\"@type\":\"Organization\",\"@id\":\"https:\\\/\\\/cardonaturisme.cat\\\/es\\\/#organization\",\"name\":\"Cardona Turisme\",\"url\":\"https:\\\/\\\/cardonaturisme.cat\\\/es\\\/\",\"logo\":{\"@type\":\"ImageObject\",\"inLanguage\":\"es\",\"@id\":\"https:\\\/\\\/cardonaturisme.cat\\\/es\\\/#\\\/schema\\\/logo\\\/image\\\/\",\"url\":\"https:\\\/\\\/cardonaturisme.cat\\\/wp-content\\\/uploads\\\/2023\\\/10\\\/logo-vermell-cardonaturisme.svg\",\"contentUrl\":\"https:\\\/\\\/cardonaturisme.cat\\\/wp-content\\\/uploads\\\/2023\\\/10\\\/logo-vermell-cardonaturisme.svg\",\"caption\":\"Cardona Turisme\"},\"image\":{\"@id\":\"https:\\\/\\\/cardonaturisme.cat\\\/es\\\/#\\\/schema\\\/logo\\\/image\\\/\"},\"sameAs\":[\"https:\\\/\\\/www.facebook.com\\\/p\\\/Fundaci-Cardona-Histrica-100063704192069\\\/\",\"https:\\\/\\\/x.com\\\/cardonaturisme\"]},{\"@type\":\"Person\",\"@id\":\"https:\\\/\\\/cardonaturisme.cat\\\/es\\\/#\\\/schema\\\/person\\\/cccbdde5ead58d9c50af1a3e0c8634b3\",\"name\":\"66b29c1e90\",\"image\":{\"@type\":\"ImageObject\",\"inLanguage\":\"es\",\"@id\":\"https:\\\/\\\/secure.gravatar.com\\\/avatar\\\/490c3f62b8705f2f6aa5373dae5c4613410536eb1a5fde4117b67d013cd4db49?s=96&d=mm&r=g\",\"url\":\"https:\\\/\\\/secure.gravatar.com\\\/avatar\\\/490c3f62b8705f2f6aa5373dae5c4613410536eb1a5fde4117b67d013cd4db49?s=96&d=mm&r=g\",\"contentUrl\":\"https:\\\/\\\/secure.gravatar.com\\\/avatar\\\/490c3f62b8705f2f6aa5373dae5c4613410536eb1a5fde4117b67d013cd4db49?s=96&d=mm&r=g\",\"caption\":\"66b29c1e90\"},\"sameAs\":[\"https:\\\/\\\/cardonaturisme.cat\"],\"url\":\"https:\\\/\\\/cardonaturisme.cat\\\/es\\\/author\\\/66b29c1e90\\\/\"}]}<\/script>\n<!-- \/ Yoast SEO plugin. -->","yoast_head_json":{"title":"Nuevo horario: Cardona ofrece visitas guiadas al Castillo las tardes entre semana - Cardona Turisme","robots":{"index":"index","follow":"follow","max-snippet":"max-snippet:-1","max-image-preview":"max-image-preview:large","max-video-preview":"max-video-preview:-1"},"canonical":"https:\/\/cardonaturisme.cat\/es\/nuevo-horario-cardona-ofrece-visitas-guiadas-al-castillo-las-tardes-entre-semana\/","og_locale":"es_ES","og_type":"article","og_title":"Nuevo horario: Cardona ofrece visitas guiadas al Castillo las tardes entre semana - Cardona Turisme","og_description":"Desde esta semana, la Fundaci\u00f3n Cardona Hist\u00f3rica ofrece visitas guiadas al Castillo entre semana en horario de tarde (16:30h) en catal\u00e1n o castellano. De esta forma, se ampl\u00eda la oferta tur\u00edstica de la villa ducal en d\u00edas laborables: por la ma\u00f1ana, visitas guiadas a la Monta\u00f1a de la Sal; y por la tarde, visitas guiadas [&hellip;]","og_url":"https:\/\/cardonaturisme.cat\/es\/nuevo-horario-cardona-ofrece-visitas-guiadas-al-castillo-las-tardes-entre-semana\/","og_site_name":"Cardona Turisme","article_publisher":"https:\/\/www.facebook.com\/p\/Fundaci-Cardona-Histrica-100063704192069\/","article_published_time":"2023-03-13T10:55:56+00:00","article_modified_time":"2024-10-02T15:52:27+00:00","og_image":[{"width":1024,"height":602,"url":"https:\/\/cardonaturisme.cat\/wp-content\/uploads\/2024\/10\/castell-cardona-5-1024x602.jpg","type":"image\/jpeg"}],"author":"66b29c1e90","twitter_card":"summary_large_image","twitter_creator":"@cardonaturisme","twitter_site":"@cardonaturisme","twitter_misc":{"Escrito por":"66b29c1e90","Tiempo de lectura":"2 minutos"},"schema":{"@context":"https:\/\/schema.org","@graph":[{"@type":"Article","@id":"https:\/\/cardonaturisme.cat\/es\/nuevo-horario-cardona-ofrece-visitas-guiadas-al-castillo-las-tardes-entre-semana\/#article","isPartOf":{"@id":"https:\/\/cardonaturisme.cat\/es\/nuevo-horario-cardona-ofrece-visitas-guiadas-al-castillo-las-tardes-entre-semana\/"},"author":{"name":"66b29c1e90","@id":"https:\/\/cardonaturisme.cat\/es\/#\/schema\/person\/cccbdde5ead58d9c50af1a3e0c8634b3"},"headline":"Nuevo horario: Cardona ofrece visitas guiadas al Castillo las tardes entre semana","datePublished":"2023-03-13T10:55:56+00:00","dateModified":"2024-10-02T15:52:27+00:00","mainEntityOfPage":{"@id":"https:\/\/cardonaturisme.cat\/es\/nuevo-horario-cardona-ofrece-visitas-guiadas-al-castillo-las-tardes-entre-semana\/"},"wordCount":215,"publisher":{"@id":"https:\/\/cardonaturisme.cat\/es\/#organization"},"image":{"@id":"https:\/\/cardonaturisme.cat\/es\/nuevo-horario-cardona-ofrece-visitas-guiadas-al-castillo-las-tardes-entre-semana\/#primaryimage"},"thumbnailUrl":"https:\/\/cardonaturisme.cat\/wp-content\/uploads\/2024\/10\/castell-cardona-5.jpg","articleSection":["Sin categorizar"],"inLanguage":"es"},{"@type":"WebPage","@id":"https:\/\/cardonaturisme.cat\/es\/nuevo-horario-cardona-ofrece-visitas-guiadas-al-castillo-las-tardes-entre-semana\/","url":"https:\/\/cardonaturisme.cat\/es\/nuevo-horario-cardona-ofrece-visitas-guiadas-al-castillo-las-tardes-entre-semana\/","name":"Nuevo horario: Cardona ofrece visitas guiadas al Castillo las tardes entre semana - Cardona Turisme","isPartOf":{"@id":"https:\/\/cardonaturisme.cat\/es\/#website"},"primaryImageOfPage":{"@id":"https:\/\/cardonaturisme.cat\/es\/nuevo-horario-cardona-ofrece-visitas-guiadas-al-castillo-las-tardes-entre-semana\/#primaryimage"},"image":{"@id":"https:\/\/cardonaturisme.cat\/es\/nuevo-horario-cardona-ofrece-visitas-guiadas-al-castillo-las-tardes-entre-semana\/#primaryimage"},"thumbnailUrl":"https:\/\/cardonaturisme.cat\/wp-content\/uploads\/2024\/10\/castell-cardona-5.jpg","datePublished":"2023-03-13T10:55:56+00:00","dateModified":"2024-10-02T15:52:27+00:00","breadcrumb":{"@id":"https:\/\/cardonaturisme.cat\/es\/nuevo-horario-cardona-ofrece-visitas-guiadas-al-castillo-las-tardes-entre-semana\/#breadcrumb"},"inLanguage":"es","potentialAction":[{"@type":"ReadAction","target":["https:\/\/cardonaturisme.cat\/es\/nuevo-horario-cardona-ofrece-visitas-guiadas-al-castillo-las-tardes-entre-semana\/"]}]},{"@type":"ImageObject","inLanguage":"es","@id":"https:\/\/cardonaturisme.cat\/es\/nuevo-horario-cardona-ofrece-visitas-guiadas-al-castillo-las-tardes-entre-semana\/#primaryimage","url":"https:\/\/cardonaturisme.cat\/wp-content\/uploads\/2024\/10\/castell-cardona-5.jpg","contentUrl":"https:\/\/cardonaturisme.cat\/wp-content\/uploads\/2024\/10\/castell-cardona-5.jpg","width":2500,"height":1470},{"@type":"BreadcrumbList","@id":"https:\/\/cardonaturisme.cat\/es\/nuevo-horario-cardona-ofrece-visitas-guiadas-al-castillo-las-tardes-entre-semana\/#breadcrumb","itemListElement":[{"@type":"ListItem","position":1,"name":"Inici","item":"https:\/\/cardonaturisme.cat\/es\/"},{"@type":"ListItem","position":2,"name":"Nuevo horario: Cardona ofrece visitas guiadas al Castillo las tardes entre semana"}]},{"@type":"WebSite","@id":"https:\/\/cardonaturisme.cat\/es\/#website","url":"https:\/\/cardonaturisme.cat\/es\/","name":"Cardona Turisme","description":"La teva hist\u00f2ria","publisher":{"@id":"https:\/\/cardonaturisme.cat\/es\/#organization"},"potentialAction":[{"@type":"SearchAction","target":{"@type":"EntryPoint","urlTemplate":"https:\/\/cardonaturisme.cat\/es\/?s={search_term_string}"},"query-input":{"@type":"PropertyValueSpecification","valueRequired":true,"valueName":"search_term_string"}}],"inLanguage":"es"},{"@type":"Organization","@id":"https:\/\/cardonaturisme.cat\/es\/#organization","name":"Cardona Turisme","url":"https:\/\/cardonaturisme.cat\/es\/","logo":{"@type":"ImageObject","inLanguage":"es","@id":"https:\/\/cardonaturisme.cat\/es\/#\/schema\/logo\/image\/","url":"https:\/\/cardonaturisme.cat\/wp-content\/uploads\/2023\/10\/logo-vermell-cardonaturisme.svg","contentUrl":"https:\/\/cardonaturisme.cat\/wp-content\/uploads\/2023\/10\/logo-vermell-cardonaturisme.svg","caption":"Cardona Turisme"},"image":{"@id":"https:\/\/cardonaturisme.cat\/es\/#\/schema\/logo\/image\/"},"sameAs":["https:\/\/www.facebook.com\/p\/Fundaci-Cardona-Histrica-100063704192069\/","https:\/\/x.com\/cardonaturisme"]},{"@type":"Person","@id":"https:\/\/cardonaturisme.cat\/es\/#\/schema\/person\/cccbdde5ead58d9c50af1a3e0c8634b3","name":"66b29c1e90","image":{"@type":"ImageObject","inLanguage":"es","@id":"https:\/\/secure.gravatar.com\/avatar\/490c3f62b8705f2f6aa5373dae5c4613410536eb1a5fde4117b67d013cd4db49?s=96&d=mm&r=g","url":"https:\/\/secure.gravatar.com\/avatar\/490c3f62b8705f2f6aa5373dae5c4613410536eb1a5fde4117b67d013cd4db49?s=96&d=mm&r=g","contentUrl":"https:\/\/secure.gravatar.com\/avatar\/490c3f62b8705f2f6aa5373dae5c4613410536eb1a5fde4117b67d013cd4db49?s=96&d=mm&r=g","caption":"66b29c1e90"},"sameAs":["https:\/\/cardonaturisme.cat"],"url":"https:\/\/cardonaturisme.cat\/es\/author\/66b29c1e90\/"}]}},"_links":{"self":[{"href":"https:\/\/cardonaturisme.cat\/es\/wp-json\/wp\/v2\/posts\/16657","targetHints":{"allow":["GET"]}}],"collection":[{"href":"https:\/\/cardonaturisme.cat\/es\/wp-json\/wp\/v2\/posts"}],"about":[{"href":"https:\/\/cardonaturisme.cat\/es\/wp-json\/wp\/v2\/types\/post"}],"author":[{"embeddable":true,"href":"https:\/\/cardonaturisme.cat\/es\/wp-json\/wp\/v2\/users\/1"}],"replies":[{"embeddable":true,"href":"https:\/\/cardonaturisme.cat\/es\/wp-json\/wp\/v2\/comments?post=16657"}],"version-history":[{"count":1,"href":"https:\/\/cardonaturisme.cat\/es\/wp-json\/wp\/v2\/posts\/16657\/revisions"}],"predecessor-version":[{"id":16658,"href":"https:\/\/cardonaturisme.cat\/es\/wp-json\/wp\/v2\/posts\/16657\/revisions\/16658"}],"wp:featuredmedia":[{"embeddable":true,"href":"https:\/\/cardonaturisme.cat\/es\/wp-json\/wp\/v2\/media\/16110"}],"wp:attachment":[{"href":"https:\/\/cardonaturisme.cat\/es\/wp-json\/wp\/v2\/media?parent=16657"}],"wp:term":[{"taxonomy":"category","embeddable":true,"href":"https:\/\/cardonaturisme.cat\/es\/wp-json\/wp\/v2\/categories?post=16657"},{"taxonomy":"post_tag","embeddable":true,"href":"https:\/\/cardonaturisme.cat\/es\/wp-json\/wp\/v2\/tags?post=16657"}],"curies":[{"name":"wp","href":"https:\/\/api.w.org\/{rel}","templated":true}]}}